{"id":2393,"date":"2023-10-12T11:55:04","date_gmt":"2023-10-12T11:55:04","guid":{"rendered":"https:\/\/www.muensterschule-hof.de\/wordpress\/?p=2393"},"modified":"2023-11-09T13:08:53","modified_gmt":"2023-11-09T13:08:53","slug":"wir-haben-den-buergerenergiepreis-29-09-2023","status":"publish","type":"post","link":"https:\/\/www.muensterschule-hof.de\/wordpress\/wir-haben-den-buergerenergiepreis-29-09-2023\/","title":{"rendered":"Wir haben den B\u00fcrgerenergiepreis 29.09.2023"},"content":{"rendered":"\n<figure class=\"wp-block-image size-full\"><img loading=\"lazy\" decoding=\"async\" width=\"1024\" height=\"682\" src=\"https:\/\/www.muensterschule-hof.de\/wordpress\/wp-content\/uploads\/2023\/10\/MicrosoftTeams-image.jpg\" alt=\"\" class=\"wp-image-2394\" srcset=\"https:\/\/www.muensterschule-hof.de\/wordpress\/wp-content\/uploads\/2023\/10\/MicrosoftTeams-image.jpg 1024w, https:\/\/www.muensterschule-hof.de\/wordpress\/wp-content\/uploads\/2023\/10\/MicrosoftTeams-image-300x200.jpg 300w, https:\/\/www.muensterschule-hof.de\/wordpress\/wp-content\/uploads\/2023\/10\/MicrosoftTeams-image-930x620.jpg 930w\" sizes=\"auto, (max-width: 1024px) 100vw, 1024px\" \/><\/figure>\n\n\n\n<p><strong>B\u00fcrgerenergiepreis 2023 an oberfr\u00e4nkische Energiehelden verliehen&nbsp;<\/strong>&nbsp;<\/p>\n\n\n\n<p><strong>Rund 10.000 Euro Preisgeld f\u00fcr drei unterschiedliche Projekte f\u00fcr besonderes Engagement im Bereich Energieeffizienz, Klimaschutz und Nachhaltigkeit&nbsp;<\/strong>&nbsp;<\/p>\n\n\n\n<p><strong>Regensburg\/Bayreuth.Die Bayernwerk Netz GmbH (Bayernwerk) hat in Kooperation mit der Regierung von Oberfranken am Donnerstag (28. September) den diesj\u00e4hrigen B\u00fcrgerenergiepreis verliehen. Die Preisverleihung fand in den R\u00e4umen der Regierung von Oberfranken in Bayreuth statt. Die Preistr\u00e4ger sind die M\u00fcnster-Mittelschule aus Hof, Familie F\u00f6rst aus Buttenheim (Landkreis Bamberg) und der Verein Hamsterbacke e.V. aus Bayreuth. Die Auszeichnung haben Oberfrankens Regierungsvizepr\u00e4sident Thomas Engel und Markus Leczycki, Leiter Kommunalmanagement der Bayernwerk Netz GmbH, vorgenommen.&nbsp;<\/strong>&nbsp;<\/p>\n\n\n\n<p><strong>Schulprojekt \u201eUmwelt leben, lieben, lernen\u201c&nbsp;<\/strong>&nbsp;<\/p>\n\n\n\n<p>Die M\u00fcnster-Mittelschule in Hof hat im vergangenen Schuljahr verschiedene Projekte f\u00fcr Artenvielfalt und Energiebewusstsein durchgef\u00fchrt. So hat sie zum Beispiel einen Lebensturm aufgestellt, den Sch\u00fclerinnen und Sch\u00fcler aus unterschiedlichen Jahrgangsstufen mit nat\u00fcrlichen Materialien wie St\u00f6cken, Eicheln und Steinen bef\u00fcllt haben. Darin k\u00f6nnen jetzt Flederm\u00e4use, V\u00f6gel und Insekten nisten. Au\u00dferdem hat die Schule Energie-Fahrr\u00e4der angeschafft, mit denen die Sch\u00fclerinnen und Sch\u00fcler durch \u201estrampeln\u201c ihre Handys aufladen oder einen kleinen Wasserkocher betreiben k\u00f6nnen. Die Fahrr\u00e4der werden k\u00fcnftig in einem Energiepark mit Windrad und Solarpaneelen stehen, den die Schule in den kommenden Jahren weiter ausbauen m\u00f6chte. Die Anlage bringt den jungen Menschen erneuerbare Energien n\u00e4her und sensibilisiert sie f\u00fcr einen sparsamen Umgang mit Energie. Bewegungsmelder auf den G\u00e4ngen, die das Licht automatisch an- und ausschalten sowie das gemeinsame Sammeln von M\u00fcll tragen zu einem Bewusstsein f\u00fcr das Schonen von Ressourcen bei. Auch im Unterricht lernen die Sch\u00fclerinnen und Sch\u00fcler etwas \u00fcber Klimaschutz, den \u00f6kologischen Fu\u00dfabdruck sowie M\u00fcllvermeidung und -trennung. Die M\u00fcnster-Mittelschule erh\u00e4lt f\u00fcr ihre verschiedenen Projekte ein Preisgeld von 3.333 Euro.<\/p>\n\n\n\n<p>&nbsp;&nbsp;https:\/\/www.mynewsdesk.com\/de\/bayernwerk\/videos\/buergerenergiepreis-oberfranken-2023-preistraeger-muenster-mittelschule-in-hof-118615<\/p>\n\n\n\n<div style=\"position:relative;width:100%;padding-bottom:56.25%;\"><iframe allow=\"autoplay; fullscreen\" allowfullscreen referrerpolicy=\"no-referrer-when-downgrade\" src=\"https:\/\/api.screen9.com\/embed\/HaWbj6ZI3km5kz3QO2rQMFYdV6PRNSgWEiIYJIDbkY44CNiA_PiHPax62hiu71e1\" style=\"border:0;width:100%;height:100%;position:absolute\" title=\"Mynewsdesk\"><\/iframe><\/div>\n","protected":false},"excerpt":{"rendered":"<p>B\u00fcrgerenergiepreis 2023 an oberfr\u00e4nkische Energiehelden verliehen&nbsp;&nbsp; Rund 10.000 Euro Preisgeld f\u00fcr drei unterschiedliche Projekte f\u00fcr besonderes Engagement im Bereich Energieeffizienz, Klimaschutz und Nachhaltigkeit&nbsp;&nbsp; Regensburg\/Bayreuth.Die Bayernwerk Netz GmbH (Bayernwerk) hat in Kooperation mit der Regierung von Oberfranken am Donnerstag (28. September) den diesj\u00e4hrigen B\u00fcrgerenergiepreis verliehen. Die Preisverleihung fand in den R\u00e4umen der Regierung von Oberfranken in&hellip;&nbsp;<a href=\"https:\/\/www.muensterschule-hof.de\/wordpress\/wir-haben-den-buergerenergiepreis-29-09-2023\/\" rel=\"bookmark\">Weiterlesen &raquo;<span class=\"screen-reader-text\">Wir haben den B\u00fcrgerenergiepreis 29.09.2023<\/span><\/a><\/p>\n","protected":false},"author":1,"featured_media":2394,"comment_status":"closed","ping_status":"closed","sticky":false,"template":"","format":"standard","meta":{"neve_meta_sidebar":"","neve_meta_container":"","neve_meta_enable_content_width":"","neve_meta_content_width":0,"neve_meta_title_alignment":"","neve_meta_author_avatar":"","neve_post_elements_order":"[\"title\",\"meta\",\"content\",\"tags\",\"comments\"]","neve_meta_disable_header":"","neve_meta_disable_footer":"","neve_meta_disable_title":"","footnotes":""},"categories":[3],"tags":[18,16,17,10],"class_list":["post-2393","post","type-post","status-publish","format-standard","has-post-thumbnail","hentry","category-unsere-schule","tag-bayernwerk","tag-buergerenergiepreis","tag-oberfranken","tag-umweltschule"],"yoast_head":"<!-- This site is optimized with the Yoast SEO plugin v27.5 - https:\/\/yoast.com\/product\/yoast-seo-wordpress\/ -->\n<title>Wir haben den B\u00fcrgerenergiepreis 29.09.2023 - M\u00fcnsterschule<\/title>\n<meta name=\"robots\" content=\"index, follow, max-snippet:-1, max-image-preview:large, max-video-preview:-1\" \/>\n<link rel=\"canonical\" href=\"https:\/\/www.muensterschule-hof.de\/wordpress\/wir-haben-den-buergerenergiepreis-29-09-2023\/\" \/>\n<meta property=\"og:locale\" content=\"de_DE\" \/>\n<meta property=\"og:type\" content=\"article\" \/>\n<meta property=\"og:title\" content=\"Wir haben den B\u00fcrgerenergiepreis 29.09.2023 - M\u00fcnsterschule\" \/>\n<meta property=\"og:description\" content=\"B\u00fcrgerenergiepreis 2023 an oberfr\u00e4nkische Energiehelden verliehen&nbsp;&nbsp; Rund 10.000 Euro Preisgeld f\u00fcr drei unterschiedliche Projekte f\u00fcr besonderes Engagement im Bereich Energieeffizienz, Klimaschutz und Nachhaltigkeit&nbsp;&nbsp; Regensburg\/Bayreuth.Die Bayernwerk Netz GmbH (Bayernwerk) hat in Kooperation mit der Regierung von Oberfranken am Donnerstag (28. September) den diesj\u00e4hrigen B\u00fcrgerenergiepreis verliehen. Die Preisverleihung fand in den R\u00e4umen der Regierung von Oberfranken in&hellip;&nbsp;Weiterlesen &raquo;Wir haben den B\u00fcrgerenergiepreis 29.09.2023\" \/>\n<meta property=\"og:url\" content=\"https:\/\/www.muensterschule-hof.de\/wordpress\/wir-haben-den-buergerenergiepreis-29-09-2023\/\" \/>\n<meta property=\"og:site_name\" content=\"M\u00fcnsterschule\" \/>\n<meta property=\"article:published_time\" content=\"2023-10-12T11:55:04+00:00\" \/>\n<meta property=\"article:modified_time\" content=\"2023-11-09T13:08:53+00:00\" \/>\n<meta property=\"og:image\" content=\"https:\/\/www.muensterschule-hof.de\/wordpress\/wp-content\/uploads\/2023\/10\/MicrosoftTeams-image.jpg\" \/>\n\t<meta property=\"og:image:width\" content=\"1024\" \/>\n\t<meta property=\"og:image:height\" content=\"682\" \/>\n\t<meta property=\"og:image:type\" content=\"image\/jpeg\" \/>\n<meta name=\"author\" content=\"wpadmin\" \/>\n<meta name=\"twitter:card\" content=\"summary_large_image\" \/>\n<meta name=\"twitter:label1\" content=\"Verfasst von\" \/>\n\t<meta name=\"twitter:data1\" content=\"wpadmin\" \/>\n\t<meta name=\"twitter:label2\" content=\"Gesch\u00e4tzte Lesezeit\" \/>\n\t<meta name=\"twitter:data2\" content=\"2\u00a0Minuten\" \/>\n<script type=\"application\/ld+json\" class=\"yoast-schema-graph\">{\"@context\":\"https:\\\/\\\/schema.org\",\"@graph\":[{\"@type\":\"Article\",\"@id\":\"https:\\\/\\\/www.muensterschule-hof.de\\\/wordpress\\\/wir-haben-den-buergerenergiepreis-29-09-2023\\\/#article\",\"isPartOf\":{\"@id\":\"https:\\\/\\\/www.muensterschule-hof.de\\\/wordpress\\\/wir-haben-den-buergerenergiepreis-29-09-2023\\\/\"},\"author\":{\"name\":\"wpadmin\",\"@id\":\"https:\\\/\\\/www.muensterschule-hof.de\\\/wordpress\\\/#\\\/schema\\\/person\\\/de58534e4cef400557500dff7aaa25b0\"},\"headline\":\"Wir haben den B\u00fcrgerenergiepreis 29.09.2023\",\"datePublished\":\"2023-10-12T11:55:04+00:00\",\"dateModified\":\"2023-11-09T13:08:53+00:00\",\"mainEntityOfPage\":{\"@id\":\"https:\\\/\\\/www.muensterschule-hof.de\\\/wordpress\\\/wir-haben-den-buergerenergiepreis-29-09-2023\\\/\"},\"wordCount\":332,\"publisher\":{\"@id\":\"https:\\\/\\\/www.muensterschule-hof.de\\\/wordpress\\\/#organization\"},\"image\":{\"@id\":\"https:\\\/\\\/www.muensterschule-hof.de\\\/wordpress\\\/wir-haben-den-buergerenergiepreis-29-09-2023\\\/#primaryimage\"},\"thumbnailUrl\":\"https:\\\/\\\/www.muensterschule-hof.de\\\/wordpress\\\/wp-content\\\/uploads\\\/2023\\\/10\\\/MicrosoftTeams-image.jpg\",\"keywords\":[\"Bayernwerk\",\"B\u00fcrgerenergiepreis\",\"Oberfranken\",\"Umweltschule\"],\"articleSection\":[\"Unsere Schule\"],\"inLanguage\":\"de\"},{\"@type\":\"WebPage\",\"@id\":\"https:\\\/\\\/www.muensterschule-hof.de\\\/wordpress\\\/wir-haben-den-buergerenergiepreis-29-09-2023\\\/\",\"url\":\"https:\\\/\\\/www.muensterschule-hof.de\\\/wordpress\\\/wir-haben-den-buergerenergiepreis-29-09-2023\\\/\",\"name\":\"Wir haben den B\u00fcrgerenergiepreis 29.09.2023 - M\u00fcnsterschule\",\"isPartOf\":{\"@id\":\"https:\\\/\\\/www.muensterschule-hof.de\\\/wordpress\\\/#website\"},\"primaryImageOfPage\":{\"@id\":\"https:\\\/\\\/www.muensterschule-hof.de\\\/wordpress\\\/wir-haben-den-buergerenergiepreis-29-09-2023\\\/#primaryimage\"},\"image\":{\"@id\":\"https:\\\/\\\/www.muensterschule-hof.de\\\/wordpress\\\/wir-haben-den-buergerenergiepreis-29-09-2023\\\/#primaryimage\"},\"thumbnailUrl\":\"https:\\\/\\\/www.muensterschule-hof.de\\\/wordpress\\\/wp-content\\\/uploads\\\/2023\\\/10\\\/MicrosoftTeams-image.jpg\",\"datePublished\":\"2023-10-12T11:55:04+00:00\",\"dateModified\":\"2023-11-09T13:08:53+00:00\",\"breadcrumb\":{\"@id\":\"https:\\\/\\\/www.muensterschule-hof.de\\\/wordpress\\\/wir-haben-den-buergerenergiepreis-29-09-2023\\\/#breadcrumb\"},\"inLanguage\":\"de\",\"potentialAction\":[{\"@type\":\"ReadAction\",\"target\":[\"https:\\\/\\\/www.muensterschule-hof.de\\\/wordpress\\\/wir-haben-den-buergerenergiepreis-29-09-2023\\\/\"]}]},{\"@type\":\"ImageObject\",\"inLanguage\":\"de\",\"@id\":\"https:\\\/\\\/www.muensterschule-hof.de\\\/wordpress\\\/wir-haben-den-buergerenergiepreis-29-09-2023\\\/#primaryimage\",\"url\":\"https:\\\/\\\/www.muensterschule-hof.de\\\/wordpress\\\/wp-content\\\/uploads\\\/2023\\\/10\\\/MicrosoftTeams-image.jpg\",\"contentUrl\":\"https:\\\/\\\/www.muensterschule-hof.de\\\/wordpress\\\/wp-content\\\/uploads\\\/2023\\\/10\\\/MicrosoftTeams-image.jpg\",\"width\":1024,\"height\":682},{\"@type\":\"BreadcrumbList\",\"@id\":\"https:\\\/\\\/www.muensterschule-hof.de\\\/wordpress\\\/wir-haben-den-buergerenergiepreis-29-09-2023\\\/#breadcrumb\",\"itemListElement\":[{\"@type\":\"ListItem\",\"position\":1,\"name\":\"Startseite\",\"item\":\"https:\\\/\\\/www.muensterschule-hof.de\\\/wordpress\\\/\"},{\"@type\":\"ListItem\",\"position\":2,\"name\":\"Wir haben den B\u00fcrgerenergiepreis 29.09.2023\"}]},{\"@type\":\"WebSite\",\"@id\":\"https:\\\/\\\/www.muensterschule-hof.de\\\/wordpress\\\/#website\",\"url\":\"https:\\\/\\\/www.muensterschule-hof.de\\\/wordpress\\\/\",\"name\":\"M\u00fcnsterschule\",\"description\":\"Deine Mittelschule in Hof\",\"publisher\":{\"@id\":\"https:\\\/\\\/www.muensterschule-hof.de\\\/wordpress\\\/#organization\"},\"alternateName\":\"MMS Hof\",\"potentialAction\":[{\"@type\":\"SearchAction\",\"target\":{\"@type\":\"EntryPoint\",\"urlTemplate\":\"https:\\\/\\\/www.muensterschule-hof.de\\\/wordpress\\\/?s={search_term_string}\"},\"query-input\":{\"@type\":\"PropertyValueSpecification\",\"valueRequired\":true,\"valueName\":\"search_term_string\"}}],\"inLanguage\":\"de\"},{\"@type\":\"Organization\",\"@id\":\"https:\\\/\\\/www.muensterschule-hof.de\\\/wordpress\\\/#organization\",\"name\":\"M\u00fcnster-Mittelschule Hof\",\"alternateName\":\"MMS Hof\",\"url\":\"https:\\\/\\\/www.muensterschule-hof.de\\\/wordpress\\\/\",\"logo\":{\"@type\":\"ImageObject\",\"inLanguage\":\"de\",\"@id\":\"https:\\\/\\\/www.muensterschule-hof.de\\\/wordpress\\\/#\\\/schema\\\/logo\\\/image\\\/\",\"url\":\"https:\\\/\\\/www.muensterschule-hof.de\\\/wordpress\\\/wp-content\\\/uploads\\\/2018\\\/05\\\/cropped-MMS-Hof-final-1.png\",\"contentUrl\":\"https:\\\/\\\/www.muensterschule-hof.de\\\/wordpress\\\/wp-content\\\/uploads\\\/2018\\\/05\\\/cropped-MMS-Hof-final-1.png\",\"width\":512,\"height\":512,\"caption\":\"M\u00fcnster-Mittelschule Hof\"},\"image\":{\"@id\":\"https:\\\/\\\/www.muensterschule-hof.de\\\/wordpress\\\/#\\\/schema\\\/logo\\\/image\\\/\"}},{\"@type\":\"Person\",\"@id\":\"https:\\\/\\\/www.muensterschule-hof.de\\\/wordpress\\\/#\\\/schema\\\/person\\\/de58534e4cef400557500dff7aaa25b0\",\"name\":\"wpadmin\",\"image\":{\"@type\":\"ImageObject\",\"inLanguage\":\"de\",\"@id\":\"https:\\\/\\\/secure.gravatar.com\\\/avatar\\\/d9cd22045d4ad9ac54235e981c866f9317666429d45f49a3dc409314ab7be359?s=96&d=mm&r=g\",\"url\":\"https:\\\/\\\/secure.gravatar.com\\\/avatar\\\/d9cd22045d4ad9ac54235e981c866f9317666429d45f49a3dc409314ab7be359?s=96&d=mm&r=g\",\"contentUrl\":\"https:\\\/\\\/secure.gravatar.com\\\/avatar\\\/d9cd22045d4ad9ac54235e981c866f9317666429d45f49a3dc409314ab7be359?s=96&d=mm&r=g\",\"caption\":\"wpadmin\"},\"url\":\"https:\\\/\\\/www.muensterschule-hof.de\\\/wordpress\\\/author\\\/wpadmin\\\/\"}]}<\/script>\n<!-- \/ Yoast SEO plugin. -->","yoast_head_json":{"title":"Wir haben den B\u00fcrgerenergiepreis 29.09.2023 - M\u00fcnsterschule","robots":{"index":"index","follow":"follow","max-snippet":"max-snippet:-1","max-image-preview":"max-image-preview:large","max-video-preview":"max-video-preview:-1"},"canonical":"https:\/\/www.muensterschule-hof.de\/wordpress\/wir-haben-den-buergerenergiepreis-29-09-2023\/","og_locale":"de_DE","og_type":"article","og_title":"Wir haben den B\u00fcrgerenergiepreis 29.09.2023 - M\u00fcnsterschule","og_description":"B\u00fcrgerenergiepreis 2023 an oberfr\u00e4nkische Energiehelden verliehen&nbsp;&nbsp; Rund 10.000 Euro Preisgeld f\u00fcr drei unterschiedliche Projekte f\u00fcr besonderes Engagement im Bereich Energieeffizienz, Klimaschutz und Nachhaltigkeit&nbsp;&nbsp; Regensburg\/Bayreuth.Die Bayernwerk Netz GmbH (Bayernwerk) hat in Kooperation mit der Regierung von Oberfranken am Donnerstag (28. September) den diesj\u00e4hrigen B\u00fcrgerenergiepreis verliehen. Die Preisverleihung fand in den R\u00e4umen der Regierung von Oberfranken in&hellip;&nbsp;Weiterlesen &raquo;Wir haben den B\u00fcrgerenergiepreis 29.09.2023","og_url":"https:\/\/www.muensterschule-hof.de\/wordpress\/wir-haben-den-buergerenergiepreis-29-09-2023\/","og_site_name":"M\u00fcnsterschule","article_published_time":"2023-10-12T11:55:04+00:00","article_modified_time":"2023-11-09T13:08:53+00:00","og_image":[{"width":1024,"height":682,"url":"https:\/\/www.muensterschule-hof.de\/wordpress\/wp-content\/uploads\/2023\/10\/MicrosoftTeams-image.jpg","type":"image\/jpeg"}],"author":"wpadmin","twitter_card":"summary_large_image","twitter_misc":{"Verfasst von":"wpadmin","Gesch\u00e4tzte Lesezeit":"2\u00a0Minuten"},"schema":{"@context":"https:\/\/schema.org","@graph":[{"@type":"Article","@id":"https:\/\/www.muensterschule-hof.de\/wordpress\/wir-haben-den-buergerenergiepreis-29-09-2023\/#article","isPartOf":{"@id":"https:\/\/www.muensterschule-hof.de\/wordpress\/wir-haben-den-buergerenergiepreis-29-09-2023\/"},"author":{"name":"wpadmin","@id":"https:\/\/www.muensterschule-hof.de\/wordpress\/#\/schema\/person\/de58534e4cef400557500dff7aaa25b0"},"headline":"Wir haben den B\u00fcrgerenergiepreis 29.09.2023","datePublished":"2023-10-12T11:55:04+00:00","dateModified":"2023-11-09T13:08:53+00:00","mainEntityOfPage":{"@id":"https:\/\/www.muensterschule-hof.de\/wordpress\/wir-haben-den-buergerenergiepreis-29-09-2023\/"},"wordCount":332,"publisher":{"@id":"https:\/\/www.muensterschule-hof.de\/wordpress\/#organization"},"image":{"@id":"https:\/\/www.muensterschule-hof.de\/wordpress\/wir-haben-den-buergerenergiepreis-29-09-2023\/#primaryimage"},"thumbnailUrl":"https:\/\/www.muensterschule-hof.de\/wordpress\/wp-content\/uploads\/2023\/10\/MicrosoftTeams-image.jpg","keywords":["Bayernwerk","B\u00fcrgerenergiepreis","Oberfranken","Umweltschule"],"articleSection":["Unsere Schule"],"inLanguage":"de"},{"@type":"WebPage","@id":"https:\/\/www.muensterschule-hof.de\/wordpress\/wir-haben-den-buergerenergiepreis-29-09-2023\/","url":"https:\/\/www.muensterschule-hof.de\/wordpress\/wir-haben-den-buergerenergiepreis-29-09-2023\/","name":"Wir haben den B\u00fcrgerenergiepreis 29.09.2023 - M\u00fcnsterschule","isPartOf":{"@id":"https:\/\/www.muensterschule-hof.de\/wordpress\/#website"},"primaryImageOfPage":{"@id":"https:\/\/www.muensterschule-hof.de\/wordpress\/wir-haben-den-buergerenergiepreis-29-09-2023\/#primaryimage"},"image":{"@id":"https:\/\/www.muensterschule-hof.de\/wordpress\/wir-haben-den-buergerenergiepreis-29-09-2023\/#primaryimage"},"thumbnailUrl":"https:\/\/www.muensterschule-hof.de\/wordpress\/wp-content\/uploads\/2023\/10\/MicrosoftTeams-image.jpg","datePublished":"2023-10-12T11:55:04+00:00","dateModified":"2023-11-09T13:08:53+00:00","breadcrumb":{"@id":"https:\/\/www.muensterschule-hof.de\/wordpress\/wir-haben-den-buergerenergiepreis-29-09-2023\/#breadcrumb"},"inLanguage":"de","potentialAction":[{"@type":"ReadAction","target":["https:\/\/www.muensterschule-hof.de\/wordpress\/wir-haben-den-buergerenergiepreis-29-09-2023\/"]}]},{"@type":"ImageObject","inLanguage":"de","@id":"https:\/\/www.muensterschule-hof.de\/wordpress\/wir-haben-den-buergerenergiepreis-29-09-2023\/#primaryimage","url":"https:\/\/www.muensterschule-hof.de\/wordpress\/wp-content\/uploads\/2023\/10\/MicrosoftTeams-image.jpg","contentUrl":"https:\/\/www.muensterschule-hof.de\/wordpress\/wp-content\/uploads\/2023\/10\/MicrosoftTeams-image.jpg","width":1024,"height":682},{"@type":"BreadcrumbList","@id":"https:\/\/www.muensterschule-hof.de\/wordpress\/wir-haben-den-buergerenergiepreis-29-09-2023\/#breadcrumb","itemListElement":[{"@type":"ListItem","position":1,"name":"Startseite","item":"https:\/\/www.muensterschule-hof.de\/wordpress\/"},{"@type":"ListItem","position":2,"name":"Wir haben den B\u00fcrgerenergiepreis 29.09.2023"}]},{"@type":"WebSite","@id":"https:\/\/www.muensterschule-hof.de\/wordpress\/#website","url":"https:\/\/www.muensterschule-hof.de\/wordpress\/","name":"M\u00fcnsterschule","description":"Deine Mittelschule in Hof","publisher":{"@id":"https:\/\/www.muensterschule-hof.de\/wordpress\/#organization"},"alternateName":"MMS Hof","potentialAction":[{"@type":"SearchAction","target":{"@type":"EntryPoint","urlTemplate":"https:\/\/www.muensterschule-hof.de\/wordpress\/?s={search_term_string}"},"query-input":{"@type":"PropertyValueSpecification","valueRequired":true,"valueName":"search_term_string"}}],"inLanguage":"de"},{"@type":"Organization","@id":"https:\/\/www.muensterschule-hof.de\/wordpress\/#organization","name":"M\u00fcnster-Mittelschule Hof","alternateName":"MMS Hof","url":"https:\/\/www.muensterschule-hof.de\/wordpress\/","logo":{"@type":"ImageObject","inLanguage":"de","@id":"https:\/\/www.muensterschule-hof.de\/wordpress\/#\/schema\/logo\/image\/","url":"https:\/\/www.muensterschule-hof.de\/wordpress\/wp-content\/uploads\/2018\/05\/cropped-MMS-Hof-final-1.png","contentUrl":"https:\/\/www.muensterschule-hof.de\/wordpress\/wp-content\/uploads\/2018\/05\/cropped-MMS-Hof-final-1.png","width":512,"height":512,"caption":"M\u00fcnster-Mittelschule Hof"},"image":{"@id":"https:\/\/www.muensterschule-hof.de\/wordpress\/#\/schema\/logo\/image\/"}},{"@type":"Person","@id":"https:\/\/www.muensterschule-hof.de\/wordpress\/#\/schema\/person\/de58534e4cef400557500dff7aaa25b0","name":"wpadmin","image":{"@type":"ImageObject","inLanguage":"de","@id":"https:\/\/secure.gravatar.com\/avatar\/d9cd22045d4ad9ac54235e981c866f9317666429d45f49a3dc409314ab7be359?s=96&d=mm&r=g","url":"https:\/\/secure.gravatar.com\/avatar\/d9cd22045d4ad9ac54235e981c866f9317666429d45f49a3dc409314ab7be359?s=96&d=mm&r=g","contentUrl":"https:\/\/secure.gravatar.com\/avatar\/d9cd22045d4ad9ac54235e981c866f9317666429d45f49a3dc409314ab7be359?s=96&d=mm&r=g","caption":"wpadmin"},"url":"https:\/\/www.muensterschule-hof.de\/wordpress\/author\/wpadmin\/"}]}},"_links":{"self":[{"href":"https:\/\/www.muensterschule-hof.de\/wordpress\/wp-json\/wp\/v2\/posts\/2393","targetHints":{"allow":["GET"]}}],"collection":[{"href":"https:\/\/www.muensterschule-hof.de\/wordpress\/wp-json\/wp\/v2\/posts"}],"about":[{"href":"https:\/\/www.muensterschule-hof.de\/wordpress\/wp-json\/wp\/v2\/types\/post"}],"author":[{"embeddable":true,"href":"https:\/\/www.muensterschule-hof.de\/wordpress\/wp-json\/wp\/v2\/users\/1"}],"replies":[{"embeddable":true,"href":"https:\/\/www.muensterschule-hof.de\/wordpress\/wp-json\/wp\/v2\/comments?post=2393"}],"version-history":[{"count":5,"href":"https:\/\/www.muensterschule-hof.de\/wordpress\/wp-json\/wp\/v2\/posts\/2393\/revisions"}],"predecessor-version":[{"id":2764,"href":"https:\/\/www.muensterschule-hof.de\/wordpress\/wp-json\/wp\/v2\/posts\/2393\/revisions\/2764"}],"wp:featuredmedia":[{"embeddable":true,"href":"https:\/\/www.muensterschule-hof.de\/wordpress\/wp-json\/wp\/v2\/media\/2394"}],"wp:attachment":[{"href":"https:\/\/www.muensterschule-hof.de\/wordpress\/wp-json\/wp\/v2\/media?parent=2393"}],"wp:term":[{"taxonomy":"category","embeddable":true,"href":"https:\/\/www.muensterschule-hof.de\/wordpress\/wp-json\/wp\/v2\/categories?post=2393"},{"taxonomy":"post_tag","embeddable":true,"href":"https:\/\/www.muensterschule-hof.de\/wordpress\/wp-json\/wp\/v2\/tags?post=2393"}],"curies":[{"name":"wp","href":"https:\/\/api.w.org\/{rel}","templated":true}]}}