{"id":2400,"date":"2023-10-12T12:13:36","date_gmt":"2023-10-12T12:13:36","guid":{"rendered":"https:\/\/www.muensterschule-hof.de\/wordpress\/?p=2400"},"modified":"2025-03-31T22:49:17","modified_gmt":"2025-03-31T22:49:17","slug":"profilschule-inklusion","status":"publish","type":"post","link":"https:\/\/www.muensterschule-hof.de\/wordpress\/profilschule-inklusion\/","title":{"rendered":"Profilschule Inklusion"},"content":{"rendered":"\n<div class=\"wp-block-columns is-layout-flex wp-container-core-columns-is-layout-9d6595d7 wp-block-columns-is-layout-flex\">\n<div class=\"wp-block-column is-layout-flow wp-block-column-is-layout-flow\">\n<figure class=\"wp-block-image size-full\"><img loading=\"lazy\" decoding=\"async\" width=\"540\" height=\"768\" src=\"https:\/\/www.muensterschule-hof.de\/wordpress\/wp-content\/uploads\/2023\/10\/image-2.png\" alt=\"\" class=\"wp-image-2403\" srcset=\"https:\/\/www.muensterschule-hof.de\/wordpress\/wp-content\/uploads\/2023\/10\/image-2.png 540w, https:\/\/www.muensterschule-hof.de\/wordpress\/wp-content\/uploads\/2023\/10\/image-2-211x300.png 211w\" sizes=\"auto, (max-width: 540px) 100vw, 540px\" \/><\/figure>\n<\/div>\n\n\n\n<div class=\"wp-block-column is-layout-flow wp-block-column-is-layout-flow\">\n<figure class=\"wp-block-image size-full\"><img loading=\"lazy\" decoding=\"async\" width=\"441\" height=\"564\" src=\"https:\/\/www.muensterschule-hof.de\/wordpress\/wp-content\/uploads\/2023\/10\/image-3.png\" alt=\"\" class=\"wp-image-2404\" srcset=\"https:\/\/www.muensterschule-hof.de\/wordpress\/wp-content\/uploads\/2023\/10\/image-3.png 441w, https:\/\/www.muensterschule-hof.de\/wordpress\/wp-content\/uploads\/2023\/10\/image-3-235x300.png 235w\" sizes=\"auto, (max-width: 441px) 100vw, 441px\" \/><\/figure>\n<\/div>\n<\/div>\n\n\n\n<div class=\"wp-block-columns is-layout-flex wp-container-core-columns-is-layout-9d6595d7 wp-block-columns-is-layout-flex\">\n<div class=\"wp-block-column is-layout-flow wp-block-column-is-layout-flow\" style=\"flex-basis:100%\">\n<p class=\"has-medium-font-size\">Seit dem Schuljahr 2013\/14 sind wir <strong>\u201eProfilschule Inklusion\u201c<\/strong>. In der Stadt Hof gibt es aktuell 4 derartige Profilschulen: Die Sophien-Grundschule, Christian-Wolfrum-Schule, das Therapeutisch-P\u00e4dagogische Zentrum und uns!<\/p>\n\n\n\n<p class=\"has-medium-font-size\">Wir arbeiten intensiv mit den beiden F\u00f6rderzentren, dem Sachaufwandstr\u00e4ger und anderen externen Partnern zusammen. Au\u00dferdem bieten wir unseren Sch\u00fcler*Innen folgende Zusatzangebote:<\/p>\n\n\n\n<h2 class=\"wp-block-heading\">Zusatzangebote<\/h2>\n\n\n\n<ul class=\"wp-block-list\">\n<li class=\"has-medium-font-size\">BRAVO-Sch\u00fclerbegleitkarte<\/li>\n\n\n\n<li class=\"has-medium-font-size\">Hilfegespr\u00e4che<\/li>\n\n\n\n<li class=\"has-medium-font-size\">Systemische Konfliktl\u00f6sung<\/li>\n\n\n\n<li class=\"has-medium-font-size\">Sozialkompetenztraining \u201eLocker bleiben\u201c<\/li>\n\n\n\n<li class=\"has-medium-font-size\">Profilklassen \u201eKreativit\u00e4t\u201c und \u201eUmwelt\u201c ab Regelklasse 7 zur St\u00e4rkung der Sch\u00fclerpers\u00f6nlichkeit<\/li>\n\n\n\n<li class=\"has-medium-font-size\">individuelles Training zur St\u00e4rkung der Pers\u00f6nlichkeit durch unsere Theater- und Religionsp\u00e4dagogin<\/li>\n\n\n\n<li class=\"has-medium-font-size\">spezielle Begleitung von Sch\u00fcler*Innen mit Defiziten bei der Berufsorientierung<\/li>\n\n\n\n<li class=\"has-medium-font-size\">Inklusionsberatungsstelle im Schulhaus<\/li>\n<\/ul>\n\n\n\n<p class=\"has-medium-font-size\">Seit 2019 sind wir zudem Teil der \u201eInklusiven Region Stadt Hof\u201c.<\/p>\n\n\n\n<h2 class=\"wp-block-heading\">Das Sozialkompetenztraining \u201eLocker bleiben\u201c als Beispiel f\u00fcr ein gelingendes<br>inklusives Miteinander<\/h2>\n\n\n\n<div class=\"wp-block-columns is-layout-flex wp-container-core-columns-is-layout-9d6595d7 wp-block-columns-is-layout-flex\">\n<div class=\"wp-block-column is-layout-flow wp-block-column-is-layout-flow\">\n<figure class=\"wp-block-image size-full\"><img loading=\"lazy\" decoding=\"async\" width=\"544\" height=\"494\" src=\"https:\/\/www.muensterschule-hof.de\/wordpress\/wp-content\/uploads\/2023\/10\/image-12.png\" alt=\"\" class=\"wp-image-2520\" srcset=\"https:\/\/www.muensterschule-hof.de\/wordpress\/wp-content\/uploads\/2023\/10\/image-12.png 544w, https:\/\/www.muensterschule-hof.de\/wordpress\/wp-content\/uploads\/2023\/10\/image-12-300x272.png 300w\" sizes=\"auto, (max-width: 544px) 100vw, 544px\" \/><\/figure>\n\n\n\n<p>\u00dcber das Konzept kann man sich im Internet auf <a href=\"http:\/\/www.locker-bleiben-online.de\">www.locker-bleiben-online.de<\/a> n\u00e4her<br>informieren. <\/p>\n<\/div>\n\n\n\n<div class=\"wp-block-column is-layout-flow wp-block-column-is-layout-flow\">\n<p>In diesem Schuljahr findet erneut das seit mehreren Jahren bew\u00e4hrte Sozialkompetenztraining \u201eLocker bleiben\u201c in der Turnhalle der M\u00fcnsterschule statt.<\/p>\n\n\n\n<p>Dabei handelt es sich um ein spezielles F\u00f6rderangebot f\u00fcr Sch\u00fclerinnen und Sch\u00fcler<br>unserer Schule. Ziel ist es, ein positives Selbstwertgef\u00fchl und Selbstbewusstsein aufzubauen sowie die Handlungskompetenzen in konflikttr\u00e4chtigen Alltagssituationen zu verbessern. Durch spielerische Angebote aus der Psychomotorik, der Erlebnis und der Theaterp\u00e4dagogik lernen unsere Kinder, sich in sozialen Situationen sicherer zu f\u00fchlen und sich angemessen zu verhalten.<\/p>\n\n\n\n<p>Das Training wird von Frau Petra Ziegler und Herr Oliver Str\u00f6hla geleitet. Teilnehmer sind ausgew\u00e4hlte Sch\u00fclerinnen und Sch\u00fcler aus den Jahrgangsstufen 5 bis 7.<\/p>\n<\/div>\n<\/div>\n\n\n\n<p><\/p>\n<\/div>\n<\/div>\n\n\n\n<p class=\"has-medium-font-size\">Haben wir Ihr Interesse geweckt?<\/p>\n\n\n\n<p class=\"has-medium-font-size\">Dann klicken Sie doch einfach auf folgende Links:<\/p>\n\n\n\n<figure class=\"wp-block-embed is-type-wp-embed is-provider-schulamt-hof wp-block-embed-schulamt-hof\"><div class=\"wp-block-embed__wrapper\">\n<blockquote class=\"wp-embedded-content\" data-secret=\"WoUnvVlUtj\"><a href=\"https:\/\/schulamt-hof.de\/\">Startseite<\/a><\/blockquote><iframe loading=\"lazy\" class=\"wp-embedded-content\" sandbox=\"allow-scripts\" security=\"restricted\" style=\"position: absolute; visibility: hidden;\" title=\"&#8222;Startseite&#8220; &#8212; Schulamt Hof\" src=\"https:\/\/schulamt-hof.de\/embed\/#?secret=vWAfbs3VRc#?secret=WoUnvVlUtj\" data-secret=\"WoUnvVlUtj\" width=\"600\" height=\"338\" frameborder=\"0\" marginwidth=\"0\" marginheight=\"0\" scrolling=\"no\"><\/iframe>\n<\/div><\/figure>\n\n\n\n<p><\/p>\n\n\n\n<h2 class=\"wp-block-heading\">Besuch des Behindertenbeauftragten der Bayerischen Staatsregierung! <\/h2>\n\n\n\n<p>Am 18.Juni 2024 freuten wir uns sehr, Herrn Kiesel, den Beauftragten der Bayerischen Staatsregierung f\u00fcr die Belange von Menschen mit Behinderung, an unserer Schule begr\u00fc\u00dfen zu d\u00fcrfen. Anwesend waren auch unser Schulamtsleiter Herr Stadelmann und die Inklusionsschulr\u00e4tin Frau Schenkl.<\/p>\n\n\n\n<p>Nach derSchulbesichtigung informierten wir die Anwesenden \u00fcber verschiedene Bereiche, die zu einem inklusiven Miteinander an unserer Schule beitragen. Als Beispiele wurden die Profilklassen \u201eKreativit\u00e4t\u201c und \u201eUmwelt\u201c sowie das \u201eFiSCH-Projekt\u201c vorgestellt. Der Besuch endete mit einem gemeinsamen Mittagessen, das von unserer ES-Lehrkraft Frau Cornelia Ziegler gemeinsam mit Sch\u00fclerinnen der Klasse 8a zubereitet wurde.&nbsp;<\/p>\n\n\n\n<p><\/p>\n\n\n\n<figure class=\"wp-block-image size-full\"><img loading=\"lazy\" decoding=\"async\" width=\"848\" height=\"572\" src=\"https:\/\/www.muensterschule-hof.de\/wordpress\/wp-content\/uploads\/2025\/03\/Bildschirmfoto-2025-03-25-um-23.15.04.png\" alt=\"\" class=\"wp-image-3869\"\/><\/figure>\n\n\n\n<p>Foto: \u201eGesch\u00e4ftsstelle des Beauftragten der Bayerischen Staatsregierung f\u00fcr die Belange von Menschen mit Behinderung\u201c<\/p>\n","protected":false},"excerpt":{"rendered":"<p>Seit dem Schuljahr 2013\/14 sind wir \u201eProfilschule Inklusion\u201c. In der Stadt Hof gibt es aktuell 3 derartige Profilschulen: Die Sophien-Grundschule, Christian-Wolfrum-Schule und uns!<\/p>\n<p>Wir arbeiten intensiv mit den beiden F\u00f6rderzentren, dem Sachaufwandstr\u00e4ger und anderen externen Partnern zusammen. Au\u00dferdem bieten wir unseren Sch\u00fcler*Innen folgende Zusatzangebote:<\/p>\n","protected":false},"author":1,"featured_media":2171,"comment_status":"closed","ping_status":"closed","sticky":false,"template":"","format":"standard","meta":{"neve_meta_sidebar":"","neve_meta_container":"","neve_meta_enable_content_width":"","neve_meta_content_width":0,"neve_meta_title_alignment":"","neve_meta_author_avatar":"","neve_post_elements_order":"[\"title\",\"meta\",\"content\",\"tags\",\"comments\"]","neve_meta_disable_header":"","neve_meta_disable_footer":"","neve_meta_disable_title":"","footnotes":""},"categories":[3],"tags":[21,19,20],"class_list":["post-2400","post","type-post","status-publish","format-standard","has-post-thumbnail","hentry","category-unsere-schule","tag-offenheit","tag-profil-inklusion","tag-schueler-fuer-alle-kinder"],"yoast_head":"<!-- This site is optimized with the Yoast SEO plugin v27.5 - https:\/\/yoast.com\/product\/yoast-seo-wordpress\/ -->\n<title>Profilschule Inklusion - M\u00fcnsterschule<\/title>\n<meta name=\"robots\" content=\"index, follow, max-snippet:-1, max-image-preview:large, max-video-preview:-1\" \/>\n<link rel=\"canonical\" href=\"https:\/\/www.muensterschule-hof.de\/wordpress\/profilschule-inklusion\/\" \/>\n<meta property=\"og:locale\" content=\"de_DE\" \/>\n<meta property=\"og:type\" content=\"article\" \/>\n<meta property=\"og:title\" content=\"Profilschule Inklusion - M\u00fcnsterschule\" \/>\n<meta property=\"og:description\" content=\"Seit dem Schuljahr 2013\/14 sind wir \u201eProfilschule Inklusion\u201c. In der Stadt Hof gibt es aktuell 3 derartige Profilschulen: Die Sophien-Grundschule, Christian-Wolfrum-Schule und uns! Wir arbeiten intensiv mit den beiden F\u00f6rderzentren, dem Sachaufwandstr\u00e4ger und anderen externen Partnern zusammen. Au\u00dferdem bieten wir unseren Sch\u00fcler*Innen folgende Zusatzangebote:\" \/>\n<meta property=\"og:url\" content=\"https:\/\/www.muensterschule-hof.de\/wordpress\/profilschule-inklusion\/\" \/>\n<meta property=\"og:site_name\" content=\"M\u00fcnsterschule\" \/>\n<meta property=\"article:published_time\" content=\"2023-10-12T12:13:36+00:00\" \/>\n<meta property=\"article:modified_time\" content=\"2025-03-31T22:49:17+00:00\" \/>\n<meta property=\"og:image\" content=\"https:\/\/www.muensterschule-hof.de\/wordpress\/wp-content\/uploads\/2023\/02\/logo1.jpg\" \/>\n\t<meta property=\"og:image:width\" content=\"340\" \/>\n\t<meta property=\"og:image:height\" content=\"148\" \/>\n\t<meta property=\"og:image:type\" content=\"image\/jpeg\" \/>\n<meta name=\"author\" content=\"wpadmin\" \/>\n<meta name=\"twitter:card\" content=\"summary_large_image\" \/>\n<meta name=\"twitter:label1\" content=\"Verfasst von\" \/>\n\t<meta name=\"twitter:data1\" content=\"wpadmin\" \/>\n\t<meta name=\"twitter:label2\" content=\"Gesch\u00e4tzte Lesezeit\" \/>\n\t<meta name=\"twitter:data2\" content=\"3\u00a0Minuten\" \/>\n<script type=\"application\/ld+json\" class=\"yoast-schema-graph\">{\"@context\":\"https:\\\/\\\/schema.org\",\"@graph\":[{\"@type\":\"Article\",\"@id\":\"https:\\\/\\\/www.muensterschule-hof.de\\\/wordpress\\\/profilschule-inklusion\\\/#article\",\"isPartOf\":{\"@id\":\"https:\\\/\\\/www.muensterschule-hof.de\\\/wordpress\\\/profilschule-inklusion\\\/\"},\"author\":{\"name\":\"wpadmin\",\"@id\":\"https:\\\/\\\/www.muensterschule-hof.de\\\/wordpress\\\/#\\\/schema\\\/person\\\/de58534e4cef400557500dff7aaa25b0\"},\"headline\":\"Profilschule Inklusion\",\"datePublished\":\"2023-10-12T12:13:36+00:00\",\"dateModified\":\"2025-03-31T22:49:17+00:00\",\"mainEntityOfPage\":{\"@id\":\"https:\\\/\\\/www.muensterschule-hof.de\\\/wordpress\\\/profilschule-inklusion\\\/\"},\"wordCount\":387,\"publisher\":{\"@id\":\"https:\\\/\\\/www.muensterschule-hof.de\\\/wordpress\\\/#organization\"},\"image\":{\"@id\":\"https:\\\/\\\/www.muensterschule-hof.de\\\/wordpress\\\/profilschule-inklusion\\\/#primaryimage\"},\"thumbnailUrl\":\"https:\\\/\\\/www.muensterschule-hof.de\\\/wordpress\\\/wp-content\\\/uploads\\\/2023\\\/02\\\/logo1.jpg\",\"keywords\":[\"Offenheit\",\"Profil Inklusion\",\"Sch\u00fcler f\u00fcr alle Kinder\"],\"articleSection\":[\"Unsere Schule\"],\"inLanguage\":\"de\"},{\"@type\":\"WebPage\",\"@id\":\"https:\\\/\\\/www.muensterschule-hof.de\\\/wordpress\\\/profilschule-inklusion\\\/\",\"url\":\"https:\\\/\\\/www.muensterschule-hof.de\\\/wordpress\\\/profilschule-inklusion\\\/\",\"name\":\"Profilschule Inklusion - M\u00fcnsterschule\",\"isPartOf\":{\"@id\":\"https:\\\/\\\/www.muensterschule-hof.de\\\/wordpress\\\/#website\"},\"primaryImageOfPage\":{\"@id\":\"https:\\\/\\\/www.muensterschule-hof.de\\\/wordpress\\\/profilschule-inklusion\\\/#primaryimage\"},\"image\":{\"@id\":\"https:\\\/\\\/www.muensterschule-hof.de\\\/wordpress\\\/profilschule-inklusion\\\/#primaryimage\"},\"thumbnailUrl\":\"https:\\\/\\\/www.muensterschule-hof.de\\\/wordpress\\\/wp-content\\\/uploads\\\/2023\\\/02\\\/logo1.jpg\",\"datePublished\":\"2023-10-12T12:13:36+00:00\",\"dateModified\":\"2025-03-31T22:49:17+00:00\",\"breadcrumb\":{\"@id\":\"https:\\\/\\\/www.muensterschule-hof.de\\\/wordpress\\\/profilschule-inklusion\\\/#breadcrumb\"},\"inLanguage\":\"de\",\"potentialAction\":[{\"@type\":\"ReadAction\",\"target\":[\"https:\\\/\\\/www.muensterschule-hof.de\\\/wordpress\\\/profilschule-inklusion\\\/\"]}]},{\"@type\":\"ImageObject\",\"inLanguage\":\"de\",\"@id\":\"https:\\\/\\\/www.muensterschule-hof.de\\\/wordpress\\\/profilschule-inklusion\\\/#primaryimage\",\"url\":\"https:\\\/\\\/www.muensterschule-hof.de\\\/wordpress\\\/wp-content\\\/uploads\\\/2023\\\/02\\\/logo1.jpg\",\"contentUrl\":\"https:\\\/\\\/www.muensterschule-hof.de\\\/wordpress\\\/wp-content\\\/uploads\\\/2023\\\/02\\\/logo1.jpg\",\"width\":340,\"height\":148},{\"@type\":\"BreadcrumbList\",\"@id\":\"https:\\\/\\\/www.muensterschule-hof.de\\\/wordpress\\\/profilschule-inklusion\\\/#breadcrumb\",\"itemListElement\":[{\"@type\":\"ListItem\",\"position\":1,\"name\":\"Startseite\",\"item\":\"https:\\\/\\\/www.muensterschule-hof.de\\\/wordpress\\\/\"},{\"@type\":\"ListItem\",\"position\":2,\"name\":\"Profilschule Inklusion\"}]},{\"@type\":\"WebSite\",\"@id\":\"https:\\\/\\\/www.muensterschule-hof.de\\\/wordpress\\\/#website\",\"url\":\"https:\\\/\\\/www.muensterschule-hof.de\\\/wordpress\\\/\",\"name\":\"M\u00fcnsterschule\",\"description\":\"Deine Mittelschule in Hof\",\"publisher\":{\"@id\":\"https:\\\/\\\/www.muensterschule-hof.de\\\/wordpress\\\/#organization\"},\"alternateName\":\"MMS Hof\",\"potentialAction\":[{\"@type\":\"SearchAction\",\"target\":{\"@type\":\"EntryPoint\",\"urlTemplate\":\"https:\\\/\\\/www.muensterschule-hof.de\\\/wordpress\\\/?s={search_term_string}\"},\"query-input\":{\"@type\":\"PropertyValueSpecification\",\"valueRequired\":true,\"valueName\":\"search_term_string\"}}],\"inLanguage\":\"de\"},{\"@type\":\"Organization\",\"@id\":\"https:\\\/\\\/www.muensterschule-hof.de\\\/wordpress\\\/#organization\",\"name\":\"M\u00fcnster-Mittelschule Hof\",\"alternateName\":\"MMS Hof\",\"url\":\"https:\\\/\\\/www.muensterschule-hof.de\\\/wordpress\\\/\",\"logo\":{\"@type\":\"ImageObject\",\"inLanguage\":\"de\",\"@id\":\"https:\\\/\\\/www.muensterschule-hof.de\\\/wordpress\\\/#\\\/schema\\\/logo\\\/image\\\/\",\"url\":\"https:\\\/\\\/www.muensterschule-hof.de\\\/wordpress\\\/wp-content\\\/uploads\\\/2018\\\/05\\\/cropped-MMS-Hof-final-1.png\",\"contentUrl\":\"https:\\\/\\\/www.muensterschule-hof.de\\\/wordpress\\\/wp-content\\\/uploads\\\/2018\\\/05\\\/cropped-MMS-Hof-final-1.png\",\"width\":512,\"height\":512,\"caption\":\"M\u00fcnster-Mittelschule Hof\"},\"image\":{\"@id\":\"https:\\\/\\\/www.muensterschule-hof.de\\\/wordpress\\\/#\\\/schema\\\/logo\\\/image\\\/\"}},{\"@type\":\"Person\",\"@id\":\"https:\\\/\\\/www.muensterschule-hof.de\\\/wordpress\\\/#\\\/schema\\\/person\\\/de58534e4cef400557500dff7aaa25b0\",\"name\":\"wpadmin\",\"image\":{\"@type\":\"ImageObject\",\"inLanguage\":\"de\",\"@id\":\"https:\\\/\\\/secure.gravatar.com\\\/avatar\\\/d9cd22045d4ad9ac54235e981c866f9317666429d45f49a3dc409314ab7be359?s=96&d=mm&r=g\",\"url\":\"https:\\\/\\\/secure.gravatar.com\\\/avatar\\\/d9cd22045d4ad9ac54235e981c866f9317666429d45f49a3dc409314ab7be359?s=96&d=mm&r=g\",\"contentUrl\":\"https:\\\/\\\/secure.gravatar.com\\\/avatar\\\/d9cd22045d4ad9ac54235e981c866f9317666429d45f49a3dc409314ab7be359?s=96&d=mm&r=g\",\"caption\":\"wpadmin\"},\"url\":\"https:\\\/\\\/www.muensterschule-hof.de\\\/wordpress\\\/author\\\/wpadmin\\\/\"}]}<\/script>\n<!-- \/ Yoast SEO plugin. -->","yoast_head_json":{"title":"Profilschule Inklusion - M\u00fcnsterschule","robots":{"index":"index","follow":"follow","max-snippet":"max-snippet:-1","max-image-preview":"max-image-preview:large","max-video-preview":"max-video-preview:-1"},"canonical":"https:\/\/www.muensterschule-hof.de\/wordpress\/profilschule-inklusion\/","og_locale":"de_DE","og_type":"article","og_title":"Profilschule Inklusion - M\u00fcnsterschule","og_description":"Seit dem Schuljahr 2013\/14 sind wir \u201eProfilschule Inklusion\u201c. In der Stadt Hof gibt es aktuell 3 derartige Profilschulen: Die Sophien-Grundschule, Christian-Wolfrum-Schule und uns! Wir arbeiten intensiv mit den beiden F\u00f6rderzentren, dem Sachaufwandstr\u00e4ger und anderen externen Partnern zusammen. Au\u00dferdem bieten wir unseren Sch\u00fcler*Innen folgende Zusatzangebote:","og_url":"https:\/\/www.muensterschule-hof.de\/wordpress\/profilschule-inklusion\/","og_site_name":"M\u00fcnsterschule","article_published_time":"2023-10-12T12:13:36+00:00","article_modified_time":"2025-03-31T22:49:17+00:00","og_image":[{"width":340,"height":148,"url":"https:\/\/www.muensterschule-hof.de\/wordpress\/wp-content\/uploads\/2023\/02\/logo1.jpg","type":"image\/jpeg"}],"author":"wpadmin","twitter_card":"summary_large_image","twitter_misc":{"Verfasst von":"wpadmin","Gesch\u00e4tzte Lesezeit":"3\u00a0Minuten"},"schema":{"@context":"https:\/\/schema.org","@graph":[{"@type":"Article","@id":"https:\/\/www.muensterschule-hof.de\/wordpress\/profilschule-inklusion\/#article","isPartOf":{"@id":"https:\/\/www.muensterschule-hof.de\/wordpress\/profilschule-inklusion\/"},"author":{"name":"wpadmin","@id":"https:\/\/www.muensterschule-hof.de\/wordpress\/#\/schema\/person\/de58534e4cef400557500dff7aaa25b0"},"headline":"Profilschule Inklusion","datePublished":"2023-10-12T12:13:36+00:00","dateModified":"2025-03-31T22:49:17+00:00","mainEntityOfPage":{"@id":"https:\/\/www.muensterschule-hof.de\/wordpress\/profilschule-inklusion\/"},"wordCount":387,"publisher":{"@id":"https:\/\/www.muensterschule-hof.de\/wordpress\/#organization"},"image":{"@id":"https:\/\/www.muensterschule-hof.de\/wordpress\/profilschule-inklusion\/#primaryimage"},"thumbnailUrl":"https:\/\/www.muensterschule-hof.de\/wordpress\/wp-content\/uploads\/2023\/02\/logo1.jpg","keywords":["Offenheit","Profil Inklusion","Sch\u00fcler f\u00fcr alle Kinder"],"articleSection":["Unsere Schule"],"inLanguage":"de"},{"@type":"WebPage","@id":"https:\/\/www.muensterschule-hof.de\/wordpress\/profilschule-inklusion\/","url":"https:\/\/www.muensterschule-hof.de\/wordpress\/profilschule-inklusion\/","name":"Profilschule Inklusion - M\u00fcnsterschule","isPartOf":{"@id":"https:\/\/www.muensterschule-hof.de\/wordpress\/#website"},"primaryImageOfPage":{"@id":"https:\/\/www.muensterschule-hof.de\/wordpress\/profilschule-inklusion\/#primaryimage"},"image":{"@id":"https:\/\/www.muensterschule-hof.de\/wordpress\/profilschule-inklusion\/#primaryimage"},"thumbnailUrl":"https:\/\/www.muensterschule-hof.de\/wordpress\/wp-content\/uploads\/2023\/02\/logo1.jpg","datePublished":"2023-10-12T12:13:36+00:00","dateModified":"2025-03-31T22:49:17+00:00","breadcrumb":{"@id":"https:\/\/www.muensterschule-hof.de\/wordpress\/profilschule-inklusion\/#breadcrumb"},"inLanguage":"de","potentialAction":[{"@type":"ReadAction","target":["https:\/\/www.muensterschule-hof.de\/wordpress\/profilschule-inklusion\/"]}]},{"@type":"ImageObject","inLanguage":"de","@id":"https:\/\/www.muensterschule-hof.de\/wordpress\/profilschule-inklusion\/#primaryimage","url":"https:\/\/www.muensterschule-hof.de\/wordpress\/wp-content\/uploads\/2023\/02\/logo1.jpg","contentUrl":"https:\/\/www.muensterschule-hof.de\/wordpress\/wp-content\/uploads\/2023\/02\/logo1.jpg","width":340,"height":148},{"@type":"BreadcrumbList","@id":"https:\/\/www.muensterschule-hof.de\/wordpress\/profilschule-inklusion\/#breadcrumb","itemListElement":[{"@type":"ListItem","position":1,"name":"Startseite","item":"https:\/\/www.muensterschule-hof.de\/wordpress\/"},{"@type":"ListItem","position":2,"name":"Profilschule Inklusion"}]},{"@type":"WebSite","@id":"https:\/\/www.muensterschule-hof.de\/wordpress\/#website","url":"https:\/\/www.muensterschule-hof.de\/wordpress\/","name":"M\u00fcnsterschule","description":"Deine Mittelschule in Hof","publisher":{"@id":"https:\/\/www.muensterschule-hof.de\/wordpress\/#organization"},"alternateName":"MMS Hof","potentialAction":[{"@type":"SearchAction","target":{"@type":"EntryPoint","urlTemplate":"https:\/\/www.muensterschule-hof.de\/wordpress\/?s={search_term_string}"},"query-input":{"@type":"PropertyValueSpecification","valueRequired":true,"valueName":"search_term_string"}}],"inLanguage":"de"},{"@type":"Organization","@id":"https:\/\/www.muensterschule-hof.de\/wordpress\/#organization","name":"M\u00fcnster-Mittelschule Hof","alternateName":"MMS Hof","url":"https:\/\/www.muensterschule-hof.de\/wordpress\/","logo":{"@type":"ImageObject","inLanguage":"de","@id":"https:\/\/www.muensterschule-hof.de\/wordpress\/#\/schema\/logo\/image\/","url":"https:\/\/www.muensterschule-hof.de\/wordpress\/wp-content\/uploads\/2018\/05\/cropped-MMS-Hof-final-1.png","contentUrl":"https:\/\/www.muensterschule-hof.de\/wordpress\/wp-content\/uploads\/2018\/05\/cropped-MMS-Hof-final-1.png","width":512,"height":512,"caption":"M\u00fcnster-Mittelschule Hof"},"image":{"@id":"https:\/\/www.muensterschule-hof.de\/wordpress\/#\/schema\/logo\/image\/"}},{"@type":"Person","@id":"https:\/\/www.muensterschule-hof.de\/wordpress\/#\/schema\/person\/de58534e4cef400557500dff7aaa25b0","name":"wpadmin","image":{"@type":"ImageObject","inLanguage":"de","@id":"https:\/\/secure.gravatar.com\/avatar\/d9cd22045d4ad9ac54235e981c866f9317666429d45f49a3dc409314ab7be359?s=96&d=mm&r=g","url":"https:\/\/secure.gravatar.com\/avatar\/d9cd22045d4ad9ac54235e981c866f9317666429d45f49a3dc409314ab7be359?s=96&d=mm&r=g","contentUrl":"https:\/\/secure.gravatar.com\/avatar\/d9cd22045d4ad9ac54235e981c866f9317666429d45f49a3dc409314ab7be359?s=96&d=mm&r=g","caption":"wpadmin"},"url":"https:\/\/www.muensterschule-hof.de\/wordpress\/author\/wpadmin\/"}]}},"_links":{"self":[{"href":"https:\/\/www.muensterschule-hof.de\/wordpress\/wp-json\/wp\/v2\/posts\/2400","targetHints":{"allow":["GET"]}}],"collection":[{"href":"https:\/\/www.muensterschule-hof.de\/wordpress\/wp-json\/wp\/v2\/posts"}],"about":[{"href":"https:\/\/www.muensterschule-hof.de\/wordpress\/wp-json\/wp\/v2\/types\/post"}],"author":[{"embeddable":true,"href":"https:\/\/www.muensterschule-hof.de\/wordpress\/wp-json\/wp\/v2\/users\/1"}],"replies":[{"embeddable":true,"href":"https:\/\/www.muensterschule-hof.de\/wordpress\/wp-json\/wp\/v2\/comments?post=2400"}],"version-history":[{"count":8,"href":"https:\/\/www.muensterschule-hof.de\/wordpress\/wp-json\/wp\/v2\/posts\/2400\/revisions"}],"predecessor-version":[{"id":3873,"href":"https:\/\/www.muensterschule-hof.de\/wordpress\/wp-json\/wp\/v2\/posts\/2400\/revisions\/3873"}],"wp:featuredmedia":[{"embeddable":true,"href":"https:\/\/www.muensterschule-hof.de\/wordpress\/wp-json\/wp\/v2\/media\/2171"}],"wp:attachment":[{"href":"https:\/\/www.muensterschule-hof.de\/wordpress\/wp-json\/wp\/v2\/media?parent=2400"}],"wp:term":[{"taxonomy":"category","embeddable":true,"href":"https:\/\/www.muensterschule-hof.de\/wordpress\/wp-json\/wp\/v2\/categories?post=2400"},{"taxonomy":"post_tag","embeddable":true,"href":"https:\/\/www.muensterschule-hof.de\/wordpress\/wp-json\/wp\/v2\/tags?post=2400"}],"curies":[{"name":"wp","href":"https:\/\/api.w.org\/{rel}","templated":true}]}}