{"id":2564,"date":"2023-10-17T11:23:28","date_gmt":"2023-10-17T11:23:28","guid":{"rendered":"https:\/\/www.muensterschule-hof.de\/wordpress\/?p=2564"},"modified":"2023-11-12T17:17:54","modified_gmt":"2023-11-12T17:17:54","slug":"deutschcoaches","status":"publish","type":"post","link":"https:\/\/www.muensterschule-hof.de\/wordpress\/deutschcoaches\/","title":{"rendered":"Deutschcoaches"},"content":{"rendered":"\n<blockquote class=\"wp-block-quote has-medium-font-size is-layout-flow wp-block-quote-is-layout-flow\">\n<p class=\"has-large-font-size\">&#8222;Noch nicht fit in Deutsch?&#8220;<\/p>\n<\/blockquote>\n\n\n\n<p><\/p>\n\n\n\n<h2 class=\"wp-block-heading\"><strong>Dann kommt zu den \u201eDeutschcoaches\u201c !!!<\/strong><\/h2>\n\n\n\n<p>Seit Ende M\u00e4rz des Schuljahres 22\/23 gibt es an unserer Schule, <strong>die \u201eDeutschcoaches\u201c<\/strong>,<\/p>\n\n\n\n<p>die Sch\u00fcler und auch deren Eltern beim Erlernen der deutschen Sprache unterst\u00fctzen.<\/p>\n\n\n\n<p>Das Projekt besteht aus verschiedenen Aktionen, denen jeweils ein Theorieteil mit Wortschatz\u00fcbungen und Spracheinheiten vorausgeht.<\/p>\n\n\n\n<p>Ziel der Initiative ist es, Sch\u00fclern und auch Eltern au\u00dferhalb des Unterrichts die Grundlagen der deutschen Sprache auf vielf\u00e4ltige und abwechslungsreiche Art und Weise n\u00e4her zu bringen.<\/p>\n\n\n\n<p>Unsere teilnehmenden Kinder und Jugendlichen erhalten ab dem Schuljahr 23\/24 zudem die M\u00f6glichkeit, am \u201eDeutschen Sprachdiplom\u201c teilzunehmen und dort ein Zertifikat \u00fcber Sprachkenntnisse auf B1-Niveau zu erwerben.<\/p>\n\n\n\n<p>Die bereits durchgef\u00fchrte Initiative erstreckte sich von Ende M\u00e4rz bis Juli 2023 und wurde bislang von folgenden Lehrkr\u00e4ften angedacht und begleitet:<\/p>\n\n\n\n<p>Frau Fischer, Frau Wagner, Frau Schr\u00f6der sowie von unserer ehemaligen Lehrerin Frau Heinel-Wester und von Frau Ziegler.<\/p>\n\n\n\n<p>F\u00fcr alle Beteiligten entstanden keinerlei Kosten, da das Projekt finanziell komplett von den Rotariern unterst\u00fctzt wurde.<\/p>\n\n\n\n<p>Zudem f\u00f6rderten die Rotarier finanziell auch die Anschaffung von 4 mobilen Deutsch-Werkst\u00e4tten, die den Sch\u00fclerinnen und Sch\u00fclern als zus\u00e4tzliche Differenzierungsma\u00dfnahme im Laufe des Schuljahres 23\/24 zur Verf\u00fcgung stehen werden.\u00a0<\/p>\n\n\n\n<p>Erfreulicherweise wird die Zusammenarbeit im aktuellen Schuljahr durch eine Kooperation mit der Fachakademie f\u00fcr Sozialp\u00e4dagogik in Hof ausgeweitet, so dass unsere Sch\u00fcler in Zukunft von den dortigen Studentinnen und Studenten betreut werden. Bindeglied unserer Schule ist dabei unsere Religions- und Theaterp\u00e4dagogin Frau Wagner.<\/p>\n\n\n\n<p><strong>Wir bedanken uns ganz herzlich bei den Rotariern, ohne deren Hilfe wir derartige Projekte niemals stemmen k\u00f6nnten und freuen uns auf die weitere Zusammenarbeit und Unterst\u00fctzung!<\/strong><\/p>\n\n\n\n<h2 class=\"wp-block-heading\"><strong><u>Eindr\u00fccke aus dem Schuljahr 22\/23<\/u><\/strong>&nbsp;<\/h2>\n\n\n\n<figure class=\"wp-block-gallery has-nested-images columns-default is-cropped wp-block-gallery-1 is-layout-flex wp-block-gallery-is-layout-flex\">\n<figure class=\"wp-block-image size-large\"><img loading=\"lazy\" decoding=\"async\" width=\"436\" height=\"267\" data-id=\"2571\" src=\"https:\/\/www.muensterschule-hof.de\/wordpress\/wp-content\/uploads\/2023\/10\/image-27.png\" alt=\"\" class=\"wp-image-2571\" srcset=\"https:\/\/www.muensterschule-hof.de\/wordpress\/wp-content\/uploads\/2023\/10\/image-27.png 436w, https:\/\/www.muensterschule-hof.de\/wordpress\/wp-content\/uploads\/2023\/10\/image-27-300x184.png 300w\" sizes=\"auto, (max-width: 436px) 100vw, 436px\" \/><\/figure>\n\n\n\n<figure class=\"wp-block-image size-large\"><img loading=\"lazy\" decoding=\"async\" width=\"404\" height=\"261\" data-id=\"2570\" src=\"https:\/\/www.muensterschule-hof.de\/wordpress\/wp-content\/uploads\/2023\/10\/image-26.png\" alt=\"\" class=\"wp-image-2570\" srcset=\"https:\/\/www.muensterschule-hof.de\/wordpress\/wp-content\/uploads\/2023\/10\/image-26.png 404w, https:\/\/www.muensterschule-hof.de\/wordpress\/wp-content\/uploads\/2023\/10\/image-26-300x194.png 300w\" sizes=\"auto, (max-width: 404px) 100vw, 404px\" \/><figcaption class=\"wp-element-caption\">Erste Hilfe ist f\u00fcr jeden wichtig!<\/figcaption><\/figure>\n\n\n\n<figure class=\"wp-block-image size-large\"><img loading=\"lazy\" decoding=\"async\" width=\"306\" height=\"230\" data-id=\"2569\" src=\"https:\/\/www.muensterschule-hof.de\/wordpress\/wp-content\/uploads\/2023\/10\/image-25.png\" alt=\"\" class=\"wp-image-2569\" srcset=\"https:\/\/www.muensterschule-hof.de\/wordpress\/wp-content\/uploads\/2023\/10\/image-25.png 306w, https:\/\/www.muensterschule-hof.de\/wordpress\/wp-content\/uploads\/2023\/10\/image-25-300x225.png 300w\" sizes=\"auto, (max-width: 306px) 100vw, 306px\" \/><\/figure>\n\n\n\n<figure class=\"wp-block-image size-large\"><img loading=\"lazy\" decoding=\"async\" width=\"167\" height=\"220\" data-id=\"2568\" src=\"https:\/\/www.muensterschule-hof.de\/wordpress\/wp-content\/uploads\/2023\/10\/image-24.png\" alt=\"\" class=\"wp-image-2568\"\/><figcaption class=\"wp-element-caption\">mit Frau Fischer und einer Sch\u00fclermama<\/figcaption><\/figure>\n\n\n\n<figure class=\"wp-block-image size-large\"><img loading=\"lazy\" decoding=\"async\" width=\"247\" height=\"214\" data-id=\"2567\" src=\"https:\/\/www.muensterschule-hof.de\/wordpress\/wp-content\/uploads\/2023\/10\/image-23.png\" alt=\"\" class=\"wp-image-2567\"\/><figcaption class=\"wp-element-caption\">Stadtf\u00fchrung und Eisessen<\/figcaption><\/figure>\n\n\n\n<figure class=\"wp-block-image size-large\"><img loading=\"lazy\" decoding=\"async\" width=\"379\" height=\"219\" data-id=\"2566\" src=\"https:\/\/www.muensterschule-hof.de\/wordpress\/wp-content\/uploads\/2023\/10\/image-22.png\" alt=\"\" class=\"wp-image-2566\" srcset=\"https:\/\/www.muensterschule-hof.de\/wordpress\/wp-content\/uploads\/2023\/10\/image-22.png 379w, https:\/\/www.muensterschule-hof.de\/wordpress\/wp-content\/uploads\/2023\/10\/image-22-300x173.png 300w\" sizes=\"auto, (max-width: 379px) 100vw, 379px\" \/><\/figure>\n\n\n\n<figure class=\"wp-block-image size-large\"><img loading=\"lazy\" decoding=\"async\" width=\"442\" height=\"250\" data-id=\"2565\" src=\"https:\/\/www.muensterschule-hof.de\/wordpress\/wp-content\/uploads\/2023\/10\/image-21.png\" alt=\"\" class=\"wp-image-2565\" srcset=\"https:\/\/www.muensterschule-hof.de\/wordpress\/wp-content\/uploads\/2023\/10\/image-21.png 442w, https:\/\/www.muensterschule-hof.de\/wordpress\/wp-content\/uploads\/2023\/10\/image-21-300x170.png 300w\" sizes=\"auto, (max-width: 442px) 100vw, 442px\" \/><figcaption class=\"wp-element-caption\">Auftaktveranstaltung Alltagsetikette: Frau Wagner kl\u00e4rt \u00fcber die europ\u00e4isch gebr\u00e4uchlichen und angemessenen Begr\u00fc\u00dfungsrituale auf.<\/figcaption><\/figure>\n<\/figure>\n","protected":false},"excerpt":{"rendered":"<p>Seit Ende M\u00e4rz des Schuljahres 22\/23 gibt es an unserer Schule, die \u201eDeutschcoaches\u201c, die Sch\u00fcler und auch deren Eltern beim Erlernen der deutschen Sprache unter-st\u00fctzen.<\/p>\n<p>Das Projekt besteht aus verschiedenen Aktionen, denen jeweils ein Theorieteil mit Wortschatz\u00fcbungen und Spracheinheiten vorausgeht. Ziel der Initiative ist es, Sch\u00fclern und auch Eltern au\u00dferhalb des Unterrichts die Grundlagen der deutschen Sprache auf vielf\u00e4ltige und abwechslungsreiche Art und Weise n\u00e4her zu bringen. Unsere teilnehmenden Kinder und Jugendlichen erhalten ab dem Schuljahr 23\/24 zudem die M\u00f6glichkeit, am \u201eDeutschen Sprachdiplom\u201c teilzunehmen und dort ein Zertifikat \u00fcber Sprachkenntnisse auf B1-Niveau zu erwerben.<\/p>\n","protected":false},"author":1,"featured_media":2567,"comment_status":"closed","ping_status":"closed","sticky":false,"template":"","format":"standard","meta":{"neve_meta_sidebar":"","neve_meta_container":"","neve_meta_enable_content_width":"","neve_meta_content_width":0,"neve_meta_title_alignment":"","neve_meta_author_avatar":"","neve_post_elements_order":"[\"content\",\"tags\"]","neve_meta_disable_header":"","neve_meta_disable_footer":"","neve_meta_disable_title":"","footnotes":""},"categories":[3],"tags":[43,42,44],"class_list":["post-2564","post","type-post","status-publish","format-standard","has-post-thumbnail","hentry","category-unsere-schule","tag-daz","tag-deutsch","tag-deutschcoaches"],"yoast_head":"<!-- This site is optimized with the Yoast SEO plugin v27.5 - https:\/\/yoast.com\/product\/yoast-seo-wordpress\/ -->\n<title>Deutschcoaches - M\u00fcnsterschule<\/title>\n<meta name=\"robots\" content=\"index, follow, max-snippet:-1, max-image-preview:large, max-video-preview:-1\" \/>\n<link rel=\"canonical\" href=\"https:\/\/www.muensterschule-hof.de\/wordpress\/deutschcoaches\/\" \/>\n<meta property=\"og:locale\" content=\"de_DE\" \/>\n<meta property=\"og:type\" content=\"article\" \/>\n<meta property=\"og:title\" content=\"Deutschcoaches - M\u00fcnsterschule\" \/>\n<meta property=\"og:description\" content=\"Seit Ende M\u00e4rz des Schuljahres 22\/23 gibt es an unserer Schule, die \u201eDeutschcoaches\u201c, die Sch\u00fcler und auch deren Eltern beim Erlernen der deutschen Sprache unter-st\u00fctzen. Das Projekt besteht aus verschiedenen Aktionen, denen jeweils ein Theorieteil mit Wortschatz\u00fcbungen und Spracheinheiten vorausgeht. Ziel der Initiative ist es, Sch\u00fclern und auch Eltern au\u00dferhalb des Unterrichts die Grundlagen der deutschen Sprache auf vielf\u00e4ltige und abwechslungsreiche Art und Weise n\u00e4her zu bringen. Unsere teilnehmenden Kinder und Jugendlichen erhalten ab dem Schuljahr 23\/24 zudem die M\u00f6glichkeit, am \u201eDeutschen Sprachdiplom\u201c teilzunehmen und dort ein Zertifikat \u00fcber Sprachkenntnisse auf B1-Niveau zu erwerben.\" \/>\n<meta property=\"og:url\" content=\"https:\/\/www.muensterschule-hof.de\/wordpress\/deutschcoaches\/\" \/>\n<meta property=\"og:site_name\" content=\"M\u00fcnsterschule\" \/>\n<meta property=\"article:published_time\" content=\"2023-10-17T11:23:28+00:00\" \/>\n<meta property=\"article:modified_time\" content=\"2023-11-12T17:17:54+00:00\" \/>\n<meta property=\"og:image\" content=\"https:\/\/www.muensterschule-hof.de\/wordpress\/wp-content\/uploads\/2023\/10\/image-23.png\" \/>\n\t<meta property=\"og:image:width\" content=\"247\" \/>\n\t<meta property=\"og:image:height\" content=\"214\" \/>\n\t<meta property=\"og:image:type\" content=\"image\/png\" \/>\n<meta name=\"author\" content=\"wpadmin\" \/>\n<meta name=\"twitter:card\" content=\"summary_large_image\" \/>\n<meta name=\"twitter:label1\" content=\"Verfasst von\" \/>\n\t<meta name=\"twitter:data1\" content=\"wpadmin\" \/>\n\t<meta name=\"twitter:label2\" content=\"Gesch\u00e4tzte Lesezeit\" \/>\n\t<meta name=\"twitter:data2\" content=\"2\u00a0Minuten\" \/>\n<script type=\"application\/ld+json\" class=\"yoast-schema-graph\">{\"@context\":\"https:\\\/\\\/schema.org\",\"@graph\":[{\"@type\":\"Article\",\"@id\":\"https:\\\/\\\/www.muensterschule-hof.de\\\/wordpress\\\/deutschcoaches\\\/#article\",\"isPartOf\":{\"@id\":\"https:\\\/\\\/www.muensterschule-hof.de\\\/wordpress\\\/deutschcoaches\\\/\"},\"author\":{\"name\":\"wpadmin\",\"@id\":\"https:\\\/\\\/www.muensterschule-hof.de\\\/wordpress\\\/#\\\/schema\\\/person\\\/de58534e4cef400557500dff7aaa25b0\"},\"headline\":\"Deutschcoaches\",\"datePublished\":\"2023-10-17T11:23:28+00:00\",\"dateModified\":\"2023-11-12T17:17:54+00:00\",\"mainEntityOfPage\":{\"@id\":\"https:\\\/\\\/www.muensterschule-hof.de\\\/wordpress\\\/deutschcoaches\\\/\"},\"wordCount\":322,\"publisher\":{\"@id\":\"https:\\\/\\\/www.muensterschule-hof.de\\\/wordpress\\\/#organization\"},\"image\":{\"@id\":\"https:\\\/\\\/www.muensterschule-hof.de\\\/wordpress\\\/deutschcoaches\\\/#primaryimage\"},\"thumbnailUrl\":\"https:\\\/\\\/www.muensterschule-hof.de\\\/wordpress\\\/wp-content\\\/uploads\\\/2023\\\/10\\\/image-23.png\",\"keywords\":[\"DaZ\",\"Deutsch\",\"Deutschcoaches\"],\"articleSection\":[\"Unsere Schule\"],\"inLanguage\":\"de\"},{\"@type\":\"WebPage\",\"@id\":\"https:\\\/\\\/www.muensterschule-hof.de\\\/wordpress\\\/deutschcoaches\\\/\",\"url\":\"https:\\\/\\\/www.muensterschule-hof.de\\\/wordpress\\\/deutschcoaches\\\/\",\"name\":\"Deutschcoaches - M\u00fcnsterschule\",\"isPartOf\":{\"@id\":\"https:\\\/\\\/www.muensterschule-hof.de\\\/wordpress\\\/#website\"},\"primaryImageOfPage\":{\"@id\":\"https:\\\/\\\/www.muensterschule-hof.de\\\/wordpress\\\/deutschcoaches\\\/#primaryimage\"},\"image\":{\"@id\":\"https:\\\/\\\/www.muensterschule-hof.de\\\/wordpress\\\/deutschcoaches\\\/#primaryimage\"},\"thumbnailUrl\":\"https:\\\/\\\/www.muensterschule-hof.de\\\/wordpress\\\/wp-content\\\/uploads\\\/2023\\\/10\\\/image-23.png\",\"datePublished\":\"2023-10-17T11:23:28+00:00\",\"dateModified\":\"2023-11-12T17:17:54+00:00\",\"breadcrumb\":{\"@id\":\"https:\\\/\\\/www.muensterschule-hof.de\\\/wordpress\\\/deutschcoaches\\\/#breadcrumb\"},\"inLanguage\":\"de\",\"potentialAction\":[{\"@type\":\"ReadAction\",\"target\":[\"https:\\\/\\\/www.muensterschule-hof.de\\\/wordpress\\\/deutschcoaches\\\/\"]}]},{\"@type\":\"ImageObject\",\"inLanguage\":\"de\",\"@id\":\"https:\\\/\\\/www.muensterschule-hof.de\\\/wordpress\\\/deutschcoaches\\\/#primaryimage\",\"url\":\"https:\\\/\\\/www.muensterschule-hof.de\\\/wordpress\\\/wp-content\\\/uploads\\\/2023\\\/10\\\/image-23.png\",\"contentUrl\":\"https:\\\/\\\/www.muensterschule-hof.de\\\/wordpress\\\/wp-content\\\/uploads\\\/2023\\\/10\\\/image-23.png\",\"width\":247,\"height\":214,\"caption\":\"Stadtf\u00fchrung und Eisessen\"},{\"@type\":\"BreadcrumbList\",\"@id\":\"https:\\\/\\\/www.muensterschule-hof.de\\\/wordpress\\\/deutschcoaches\\\/#breadcrumb\",\"itemListElement\":[{\"@type\":\"ListItem\",\"position\":1,\"name\":\"Startseite\",\"item\":\"https:\\\/\\\/www.muensterschule-hof.de\\\/wordpress\\\/\"},{\"@type\":\"ListItem\",\"position\":2,\"name\":\"Deutschcoaches\"}]},{\"@type\":\"WebSite\",\"@id\":\"https:\\\/\\\/www.muensterschule-hof.de\\\/wordpress\\\/#website\",\"url\":\"https:\\\/\\\/www.muensterschule-hof.de\\\/wordpress\\\/\",\"name\":\"M\u00fcnsterschule\",\"description\":\"Deine Mittelschule in Hof\",\"publisher\":{\"@id\":\"https:\\\/\\\/www.muensterschule-hof.de\\\/wordpress\\\/#organization\"},\"alternateName\":\"MMS Hof\",\"potentialAction\":[{\"@type\":\"SearchAction\",\"target\":{\"@type\":\"EntryPoint\",\"urlTemplate\":\"https:\\\/\\\/www.muensterschule-hof.de\\\/wordpress\\\/?s={search_term_string}\"},\"query-input\":{\"@type\":\"PropertyValueSpecification\",\"valueRequired\":true,\"valueName\":\"search_term_string\"}}],\"inLanguage\":\"de\"},{\"@type\":\"Organization\",\"@id\":\"https:\\\/\\\/www.muensterschule-hof.de\\\/wordpress\\\/#organization\",\"name\":\"M\u00fcnster-Mittelschule Hof\",\"alternateName\":\"MMS Hof\",\"url\":\"https:\\\/\\\/www.muensterschule-hof.de\\\/wordpress\\\/\",\"logo\":{\"@type\":\"ImageObject\",\"inLanguage\":\"de\",\"@id\":\"https:\\\/\\\/www.muensterschule-hof.de\\\/wordpress\\\/#\\\/schema\\\/logo\\\/image\\\/\",\"url\":\"https:\\\/\\\/www.muensterschule-hof.de\\\/wordpress\\\/wp-content\\\/uploads\\\/2018\\\/05\\\/cropped-MMS-Hof-final-1.png\",\"contentUrl\":\"https:\\\/\\\/www.muensterschule-hof.de\\\/wordpress\\\/wp-content\\\/uploads\\\/2018\\\/05\\\/cropped-MMS-Hof-final-1.png\",\"width\":512,\"height\":512,\"caption\":\"M\u00fcnster-Mittelschule Hof\"},\"image\":{\"@id\":\"https:\\\/\\\/www.muensterschule-hof.de\\\/wordpress\\\/#\\\/schema\\\/logo\\\/image\\\/\"}},{\"@type\":\"Person\",\"@id\":\"https:\\\/\\\/www.muensterschule-hof.de\\\/wordpress\\\/#\\\/schema\\\/person\\\/de58534e4cef400557500dff7aaa25b0\",\"name\":\"wpadmin\",\"image\":{\"@type\":\"ImageObject\",\"inLanguage\":\"de\",\"@id\":\"https:\\\/\\\/secure.gravatar.com\\\/avatar\\\/d9cd22045d4ad9ac54235e981c866f9317666429d45f49a3dc409314ab7be359?s=96&d=mm&r=g\",\"url\":\"https:\\\/\\\/secure.gravatar.com\\\/avatar\\\/d9cd22045d4ad9ac54235e981c866f9317666429d45f49a3dc409314ab7be359?s=96&d=mm&r=g\",\"contentUrl\":\"https:\\\/\\\/secure.gravatar.com\\\/avatar\\\/d9cd22045d4ad9ac54235e981c866f9317666429d45f49a3dc409314ab7be359?s=96&d=mm&r=g\",\"caption\":\"wpadmin\"},\"url\":\"https:\\\/\\\/www.muensterschule-hof.de\\\/wordpress\\\/author\\\/wpadmin\\\/\"}]}<\/script>\n<!-- \/ Yoast SEO plugin. -->","yoast_head_json":{"title":"Deutschcoaches - M\u00fcnsterschule","robots":{"index":"index","follow":"follow","max-snippet":"max-snippet:-1","max-image-preview":"max-image-preview:large","max-video-preview":"max-video-preview:-1"},"canonical":"https:\/\/www.muensterschule-hof.de\/wordpress\/deutschcoaches\/","og_locale":"de_DE","og_type":"article","og_title":"Deutschcoaches - M\u00fcnsterschule","og_description":"Seit Ende M\u00e4rz des Schuljahres 22\/23 gibt es an unserer Schule, die \u201eDeutschcoaches\u201c, die Sch\u00fcler und auch deren Eltern beim Erlernen der deutschen Sprache unter-st\u00fctzen. Das Projekt besteht aus verschiedenen Aktionen, denen jeweils ein Theorieteil mit Wortschatz\u00fcbungen und Spracheinheiten vorausgeht. Ziel der Initiative ist es, Sch\u00fclern und auch Eltern au\u00dferhalb des Unterrichts die Grundlagen der deutschen Sprache auf vielf\u00e4ltige und abwechslungsreiche Art und Weise n\u00e4her zu bringen. Unsere teilnehmenden Kinder und Jugendlichen erhalten ab dem Schuljahr 23\/24 zudem die M\u00f6glichkeit, am \u201eDeutschen Sprachdiplom\u201c teilzunehmen und dort ein Zertifikat \u00fcber Sprachkenntnisse auf B1-Niveau zu erwerben.","og_url":"https:\/\/www.muensterschule-hof.de\/wordpress\/deutschcoaches\/","og_site_name":"M\u00fcnsterschule","article_published_time":"2023-10-17T11:23:28+00:00","article_modified_time":"2023-11-12T17:17:54+00:00","og_image":[{"width":247,"height":214,"url":"https:\/\/www.muensterschule-hof.de\/wordpress\/wp-content\/uploads\/2023\/10\/image-23.png","type":"image\/png"}],"author":"wpadmin","twitter_card":"summary_large_image","twitter_misc":{"Verfasst von":"wpadmin","Gesch\u00e4tzte Lesezeit":"2\u00a0Minuten"},"schema":{"@context":"https:\/\/schema.org","@graph":[{"@type":"Article","@id":"https:\/\/www.muensterschule-hof.de\/wordpress\/deutschcoaches\/#article","isPartOf":{"@id":"https:\/\/www.muensterschule-hof.de\/wordpress\/deutschcoaches\/"},"author":{"name":"wpadmin","@id":"https:\/\/www.muensterschule-hof.de\/wordpress\/#\/schema\/person\/de58534e4cef400557500dff7aaa25b0"},"headline":"Deutschcoaches","datePublished":"2023-10-17T11:23:28+00:00","dateModified":"2023-11-12T17:17:54+00:00","mainEntityOfPage":{"@id":"https:\/\/www.muensterschule-hof.de\/wordpress\/deutschcoaches\/"},"wordCount":322,"publisher":{"@id":"https:\/\/www.muensterschule-hof.de\/wordpress\/#organization"},"image":{"@id":"https:\/\/www.muensterschule-hof.de\/wordpress\/deutschcoaches\/#primaryimage"},"thumbnailUrl":"https:\/\/www.muensterschule-hof.de\/wordpress\/wp-content\/uploads\/2023\/10\/image-23.png","keywords":["DaZ","Deutsch","Deutschcoaches"],"articleSection":["Unsere Schule"],"inLanguage":"de"},{"@type":"WebPage","@id":"https:\/\/www.muensterschule-hof.de\/wordpress\/deutschcoaches\/","url":"https:\/\/www.muensterschule-hof.de\/wordpress\/deutschcoaches\/","name":"Deutschcoaches - M\u00fcnsterschule","isPartOf":{"@id":"https:\/\/www.muensterschule-hof.de\/wordpress\/#website"},"primaryImageOfPage":{"@id":"https:\/\/www.muensterschule-hof.de\/wordpress\/deutschcoaches\/#primaryimage"},"image":{"@id":"https:\/\/www.muensterschule-hof.de\/wordpress\/deutschcoaches\/#primaryimage"},"thumbnailUrl":"https:\/\/www.muensterschule-hof.de\/wordpress\/wp-content\/uploads\/2023\/10\/image-23.png","datePublished":"2023-10-17T11:23:28+00:00","dateModified":"2023-11-12T17:17:54+00:00","breadcrumb":{"@id":"https:\/\/www.muensterschule-hof.de\/wordpress\/deutschcoaches\/#breadcrumb"},"inLanguage":"de","potentialAction":[{"@type":"ReadAction","target":["https:\/\/www.muensterschule-hof.de\/wordpress\/deutschcoaches\/"]}]},{"@type":"ImageObject","inLanguage":"de","@id":"https:\/\/www.muensterschule-hof.de\/wordpress\/deutschcoaches\/#primaryimage","url":"https:\/\/www.muensterschule-hof.de\/wordpress\/wp-content\/uploads\/2023\/10\/image-23.png","contentUrl":"https:\/\/www.muensterschule-hof.de\/wordpress\/wp-content\/uploads\/2023\/10\/image-23.png","width":247,"height":214,"caption":"Stadtf\u00fchrung und Eisessen"},{"@type":"BreadcrumbList","@id":"https:\/\/www.muensterschule-hof.de\/wordpress\/deutschcoaches\/#breadcrumb","itemListElement":[{"@type":"ListItem","position":1,"name":"Startseite","item":"https:\/\/www.muensterschule-hof.de\/wordpress\/"},{"@type":"ListItem","position":2,"name":"Deutschcoaches"}]},{"@type":"WebSite","@id":"https:\/\/www.muensterschule-hof.de\/wordpress\/#website","url":"https:\/\/www.muensterschule-hof.de\/wordpress\/","name":"M\u00fcnsterschule","description":"Deine Mittelschule in Hof","publisher":{"@id":"https:\/\/www.muensterschule-hof.de\/wordpress\/#organization"},"alternateName":"MMS Hof","potentialAction":[{"@type":"SearchAction","target":{"@type":"EntryPoint","urlTemplate":"https:\/\/www.muensterschule-hof.de\/wordpress\/?s={search_term_string}"},"query-input":{"@type":"PropertyValueSpecification","valueRequired":true,"valueName":"search_term_string"}}],"inLanguage":"de"},{"@type":"Organization","@id":"https:\/\/www.muensterschule-hof.de\/wordpress\/#organization","name":"M\u00fcnster-Mittelschule Hof","alternateName":"MMS Hof","url":"https:\/\/www.muensterschule-hof.de\/wordpress\/","logo":{"@type":"ImageObject","inLanguage":"de","@id":"https:\/\/www.muensterschule-hof.de\/wordpress\/#\/schema\/logo\/image\/","url":"https:\/\/www.muensterschule-hof.de\/wordpress\/wp-content\/uploads\/2018\/05\/cropped-MMS-Hof-final-1.png","contentUrl":"https:\/\/www.muensterschule-hof.de\/wordpress\/wp-content\/uploads\/2018\/05\/cropped-MMS-Hof-final-1.png","width":512,"height":512,"caption":"M\u00fcnster-Mittelschule Hof"},"image":{"@id":"https:\/\/www.muensterschule-hof.de\/wordpress\/#\/schema\/logo\/image\/"}},{"@type":"Person","@id":"https:\/\/www.muensterschule-hof.de\/wordpress\/#\/schema\/person\/de58534e4cef400557500dff7aaa25b0","name":"wpadmin","image":{"@type":"ImageObject","inLanguage":"de","@id":"https:\/\/secure.gravatar.com\/avatar\/d9cd22045d4ad9ac54235e981c866f9317666429d45f49a3dc409314ab7be359?s=96&d=mm&r=g","url":"https:\/\/secure.gravatar.com\/avatar\/d9cd22045d4ad9ac54235e981c866f9317666429d45f49a3dc409314ab7be359?s=96&d=mm&r=g","contentUrl":"https:\/\/secure.gravatar.com\/avatar\/d9cd22045d4ad9ac54235e981c866f9317666429d45f49a3dc409314ab7be359?s=96&d=mm&r=g","caption":"wpadmin"},"url":"https:\/\/www.muensterschule-hof.de\/wordpress\/author\/wpadmin\/"}]}},"_links":{"self":[{"href":"https:\/\/www.muensterschule-hof.de\/wordpress\/wp-json\/wp\/v2\/posts\/2564","targetHints":{"allow":["GET"]}}],"collection":[{"href":"https:\/\/www.muensterschule-hof.de\/wordpress\/wp-json\/wp\/v2\/posts"}],"about":[{"href":"https:\/\/www.muensterschule-hof.de\/wordpress\/wp-json\/wp\/v2\/types\/post"}],"author":[{"embeddable":true,"href":"https:\/\/www.muensterschule-hof.de\/wordpress\/wp-json\/wp\/v2\/users\/1"}],"replies":[{"embeddable":true,"href":"https:\/\/www.muensterschule-hof.de\/wordpress\/wp-json\/wp\/v2\/comments?post=2564"}],"version-history":[{"count":4,"href":"https:\/\/www.muensterschule-hof.de\/wordpress\/wp-json\/wp\/v2\/posts\/2564\/revisions"}],"predecessor-version":[{"id":2769,"href":"https:\/\/www.muensterschule-hof.de\/wordpress\/wp-json\/wp\/v2\/posts\/2564\/revisions\/2769"}],"wp:featuredmedia":[{"embeddable":true,"href":"https:\/\/www.muensterschule-hof.de\/wordpress\/wp-json\/wp\/v2\/media\/2567"}],"wp:attachment":[{"href":"https:\/\/www.muensterschule-hof.de\/wordpress\/wp-json\/wp\/v2\/media?parent=2564"}],"wp:term":[{"taxonomy":"category","embeddable":true,"href":"https:\/\/www.muensterschule-hof.de\/wordpress\/wp-json\/wp\/v2\/categories?post=2564"},{"taxonomy":"post_tag","embeddable":true,"href":"https:\/\/www.muensterschule-hof.de\/wordpress\/wp-json\/wp\/v2\/tags?post=2564"}],"curies":[{"name":"wp","href":"https:\/\/api.w.org\/{rel}","templated":true}]}}