{"id":2811,"date":"2023-11-27T08:49:48","date_gmt":"2023-11-27T08:49:48","guid":{"rendered":"https:\/\/www.muensterschule-hof.de\/wordpress\/?p=2811"},"modified":"2023-11-27T08:50:36","modified_gmt":"2023-11-27T08:50:36","slug":"boss-for-a-day-gewinnt-preis-bei-jufinale","status":"publish","type":"post","link":"https:\/\/www.muensterschule-hof.de\/wordpress\/boss-for-a-day-gewinnt-preis-bei-jufinale\/","title":{"rendered":"\u201eBoss for a day\u201c gewinnt Preis bei JUFiNALE\u00a0\u00a0"},"content":{"rendered":"\n<figure class=\"wp-block-image size-full is-resized\"><img loading=\"lazy\" decoding=\"async\" width=\"934\" height=\"702\" src=\"https:\/\/www.muensterschule-hof.de\/wordpress\/wp-content\/uploads\/2023\/11\/image-2.jpeg\" alt=\"\" class=\"wp-image-2812\" style=\"width:819px;height:auto\" srcset=\"https:\/\/www.muensterschule-hof.de\/wordpress\/wp-content\/uploads\/2023\/11\/image-2.jpeg 934w, https:\/\/www.muensterschule-hof.de\/wordpress\/wp-content\/uploads\/2023\/11\/image-2-300x225.jpeg 300w\" sizes=\"auto, (max-width: 934px) 100vw, 934px\" \/><figcaption class=\"wp-element-caption\"><strong>Das Bild zeigt von links nach rechts:<\/strong>\u00a0<\/figcaption><\/figure>\n\n\n\n<div class=\"wp-block-columns is-layout-flex wp-container-core-columns-is-layout-9d6595d7 wp-block-columns-is-layout-flex\">\n<div class=\"wp-block-column is-layout-flow wp-block-column-is-layout-flow\">\n<p><strong>vordere Reihe:<\/strong>\u00a0<br>Rachel Strobel, Yara Al-Darweesh (beide 6a),\u00a0<br>Ayleen Menor-Pichel (7cM), Esila Ay\u00f6z, Vanessa\u00a0<br>Christl (beide 6a), Oskar Sordon (7a)\u00a0<\/p>\n<\/div>\n\n\n\n<div class=\"wp-block-column is-layout-flow wp-block-column-is-layout-flow\">\n<p><strong>hintere Reihe:<\/strong>\u00a0<br>Muhammed Burak (9cM), Wiko Psso (6a),\u00a0<br>Hr. Dr. Michel Lowak (ehemalige Lehrkraft),\u00a0<br>Enya Willutzki (9cM), Linos Drosidis (6a)\u00a0<\/p>\n<\/div>\n<\/div>\n\n\n\n<p>Den 18. November 2023 wird die Film AG 2022\/23 unserer Schule so schnell nicht vergessen. An diesem Tag fand das 18. JUFiNALE Oberfranken in Hof statt. Bei diesem Jugendfilmfestival des Bezirksjugendrings reichte die Film AG unter der Leitung unserer ehemaligen Lehrkraft Hr. Dr. Michel Lowak den Film \u201eBoss for a day\u201c ein.&nbsp;&nbsp;<\/p>\n\n\n\n<p>Das erste Highlight folgte bereits am fr\u00fchen Nachmittag. Im Hofer Central Kino wurde ihr selbst geschriebener, gedrehter und geschnittener Film \u201eBoss for a day\u201c einem Publikum aus Eltern, Mitsch\u00fclern und Mitbewerbern pr\u00e4sentiert. Anschlie\u00dfend durfte sich die Drehbuchautorin Vanessa Christl (6a) zusammen mit den beiden Hauptdarstellern Enya Willutzki und Muhammed Burak (beide 9cM) den Fragen der Veranstalter stellen und ihre Idee hinter dem Film den Zuschauern erkl\u00e4ren.&nbsp;<\/p>\n\n\n\n<p>Im Anschluss fanden im Jugendzentrum Q der Stadt Hof f\u00fcnf Workshops statt. Unter anderem konnten sich Filminteressierte in Drehbuchentwicklung, Dokumentarfilmproduktion, Bildgestaltung, Filmton und analogen Filmtricks ausprobieren.&nbsp;&nbsp;<\/p>\n\n\n\n<p>Zum Abschluss des Tages trafen sich alle Nominierten zur Preisverteilung im Haus der Jugend. Im Beisein der Oberb\u00fcrgermeisterin der Stadt Hof Fr. Eva D\u00f6hla und dem Landrat Hr. Dr. Oliver B\u00e4r wurden lobende Erw\u00e4hnungen, Sonderpreise, der Publikumspreis und die besten Filme der Altersklasse 13 bis 16, 17 bis 21 und 21 bis 25 ausgezeichnet. Bereits im Vorfeld hatte eine unabh\u00e4ngige Jury aus f\u00fcnf Personen \u00fcber die eingereichten Filme geurteilt.&nbsp;&nbsp;<\/p>\n\n\n\n<p>Zur gro\u00dfen Freude unserer Film AG 2022\/23 wurde ihr Spielfilm \u201eBoss for a day\u201c von der Jury zum besten Film der Altersklasse 13 bis 16 Jahre gew\u00e4hlt. Dadurch ist der Film f\u00fcr das Finale des Bayrischen Kinder- und Jugendfilmfestivals (= BKJFF) qualifiziert und wird dort in der Zeit vom 18. bis 21. Juli 2024 in Passau zu sehen sein.&nbsp;&nbsp;<\/p>\n\n\n\n<h2 class=\"wp-block-heading\"><strong>Daumen dr\u00fccken!<\/strong><\/h2>\n","protected":false},"excerpt":{"rendered":"<p>Den 18. November 2023 wird die Film AG 2022\/23 unserer Schule so schnell nicht vergessen. An diesem Tag fand das 18. JUFiNALE Oberfranken in Hof statt. Bei diesem Jugendfilmfestival des Bezirksjugendrings reichte die Film AG unter der Leitung unserer ehemaligen Lehrkraft Hr. Dr. Michel Lowak den Film \u201eBoss for a day\u201c ein.\u00a0<\/p>\n","protected":false},"author":1,"featured_media":2812,"comment_status":"closed","ping_status":"closed","sticky":false,"template":"","format":"standard","meta":{"neve_meta_sidebar":"full-width","neve_meta_container":"","neve_meta_enable_content_width":"","neve_meta_content_width":0,"neve_meta_title_alignment":"","neve_meta_author_avatar":"","neve_post_elements_order":"[\"title\",\"meta\",\"content\",\"tags\"]","neve_meta_disable_header":"","neve_meta_disable_footer":"","neve_meta_disable_title":"","footnotes":""},"categories":[50,4,3],"tags":[61,62],"class_list":["post-2811","post","type-post","status-publish","format-standard","has-post-thumbnail","hentry","category-aktuelles","category-schueler","category-unsere-schule","tag-film-ag","tag-jugendfilmfestival"],"yoast_head":"<!-- This site is optimized with the Yoast SEO plugin v27.5 - https:\/\/yoast.com\/product\/yoast-seo-wordpress\/ -->\n<title>\u201eBoss for a day\u201c gewinnt Preis bei JUFiNALE\u00a0\u00a0 - M\u00fcnsterschule<\/title>\n<meta name=\"robots\" content=\"index, follow, max-snippet:-1, max-image-preview:large, max-video-preview:-1\" \/>\n<link rel=\"canonical\" href=\"https:\/\/www.muensterschule-hof.de\/wordpress\/boss-for-a-day-gewinnt-preis-bei-jufinale\/\" \/>\n<meta property=\"og:locale\" content=\"de_DE\" \/>\n<meta property=\"og:type\" content=\"article\" \/>\n<meta property=\"og:title\" content=\"\u201eBoss for a day\u201c gewinnt Preis bei JUFiNALE\u00a0\u00a0 - M\u00fcnsterschule\" \/>\n<meta property=\"og:description\" content=\"Den 18. November 2023 wird die Film AG 2022\/23 unserer Schule so schnell nicht vergessen. An diesem Tag fand das 18. JUFiNALE Oberfranken in Hof statt. Bei diesem Jugendfilmfestival des Bezirksjugendrings reichte die Film AG unter der Leitung unserer ehemaligen Lehrkraft Hr. Dr. Michel Lowak den Film \u201eBoss for a day\u201c ein.\u00a0\" \/>\n<meta property=\"og:url\" content=\"https:\/\/www.muensterschule-hof.de\/wordpress\/boss-for-a-day-gewinnt-preis-bei-jufinale\/\" \/>\n<meta property=\"og:site_name\" content=\"M\u00fcnsterschule\" \/>\n<meta property=\"article:published_time\" content=\"2023-11-27T08:49:48+00:00\" \/>\n<meta property=\"article:modified_time\" content=\"2023-11-27T08:50:36+00:00\" \/>\n<meta property=\"og:image\" content=\"https:\/\/www.muensterschule-hof.de\/wordpress\/wp-content\/uploads\/2023\/11\/image-2.jpeg\" \/>\n\t<meta property=\"og:image:width\" content=\"934\" \/>\n\t<meta property=\"og:image:height\" content=\"702\" \/>\n\t<meta property=\"og:image:type\" content=\"image\/jpeg\" \/>\n<meta name=\"author\" content=\"wpadmin\" \/>\n<meta name=\"twitter:card\" content=\"summary_large_image\" \/>\n<meta name=\"twitter:label1\" content=\"Verfasst von\" \/>\n\t<meta name=\"twitter:data1\" content=\"wpadmin\" \/>\n\t<meta name=\"twitter:label2\" content=\"Gesch\u00e4tzte Lesezeit\" \/>\n\t<meta name=\"twitter:data2\" content=\"2\u00a0Minuten\" \/>\n<script type=\"application\/ld+json\" class=\"yoast-schema-graph\">{\"@context\":\"https:\\\/\\\/schema.org\",\"@graph\":[{\"@type\":\"Article\",\"@id\":\"https:\\\/\\\/www.muensterschule-hof.de\\\/wordpress\\\/boss-for-a-day-gewinnt-preis-bei-jufinale\\\/#article\",\"isPartOf\":{\"@id\":\"https:\\\/\\\/www.muensterschule-hof.de\\\/wordpress\\\/boss-for-a-day-gewinnt-preis-bei-jufinale\\\/\"},\"author\":{\"name\":\"wpadmin\",\"@id\":\"https:\\\/\\\/www.muensterschule-hof.de\\\/wordpress\\\/#\\\/schema\\\/person\\\/de58534e4cef400557500dff7aaa25b0\"},\"headline\":\"\u201eBoss for a day\u201c gewinnt Preis bei JUFiNALE\u00a0\u00a0\",\"datePublished\":\"2023-11-27T08:49:48+00:00\",\"dateModified\":\"2023-11-27T08:50:36+00:00\",\"mainEntityOfPage\":{\"@id\":\"https:\\\/\\\/www.muensterschule-hof.de\\\/wordpress\\\/boss-for-a-day-gewinnt-preis-bei-jufinale\\\/\"},\"wordCount\":338,\"publisher\":{\"@id\":\"https:\\\/\\\/www.muensterschule-hof.de\\\/wordpress\\\/#organization\"},\"image\":{\"@id\":\"https:\\\/\\\/www.muensterschule-hof.de\\\/wordpress\\\/boss-for-a-day-gewinnt-preis-bei-jufinale\\\/#primaryimage\"},\"thumbnailUrl\":\"https:\\\/\\\/www.muensterschule-hof.de\\\/wordpress\\\/wp-content\\\/uploads\\\/2023\\\/11\\\/image-2.jpeg\",\"keywords\":[\"Film Ag\",\"Jugendfilmfestival\"],\"articleSection\":[\"Aktuelles\",\"Sch\u00fcler\",\"Unsere Schule\"],\"inLanguage\":\"de\"},{\"@type\":\"WebPage\",\"@id\":\"https:\\\/\\\/www.muensterschule-hof.de\\\/wordpress\\\/boss-for-a-day-gewinnt-preis-bei-jufinale\\\/\",\"url\":\"https:\\\/\\\/www.muensterschule-hof.de\\\/wordpress\\\/boss-for-a-day-gewinnt-preis-bei-jufinale\\\/\",\"name\":\"\u201eBoss for a day\u201c gewinnt Preis bei JUFiNALE\u00a0\u00a0 - M\u00fcnsterschule\",\"isPartOf\":{\"@id\":\"https:\\\/\\\/www.muensterschule-hof.de\\\/wordpress\\\/#website\"},\"primaryImageOfPage\":{\"@id\":\"https:\\\/\\\/www.muensterschule-hof.de\\\/wordpress\\\/boss-for-a-day-gewinnt-preis-bei-jufinale\\\/#primaryimage\"},\"image\":{\"@id\":\"https:\\\/\\\/www.muensterschule-hof.de\\\/wordpress\\\/boss-for-a-day-gewinnt-preis-bei-jufinale\\\/#primaryimage\"},\"thumbnailUrl\":\"https:\\\/\\\/www.muensterschule-hof.de\\\/wordpress\\\/wp-content\\\/uploads\\\/2023\\\/11\\\/image-2.jpeg\",\"datePublished\":\"2023-11-27T08:49:48+00:00\",\"dateModified\":\"2023-11-27T08:50:36+00:00\",\"breadcrumb\":{\"@id\":\"https:\\\/\\\/www.muensterschule-hof.de\\\/wordpress\\\/boss-for-a-day-gewinnt-preis-bei-jufinale\\\/#breadcrumb\"},\"inLanguage\":\"de\",\"potentialAction\":[{\"@type\":\"ReadAction\",\"target\":[\"https:\\\/\\\/www.muensterschule-hof.de\\\/wordpress\\\/boss-for-a-day-gewinnt-preis-bei-jufinale\\\/\"]}]},{\"@type\":\"ImageObject\",\"inLanguage\":\"de\",\"@id\":\"https:\\\/\\\/www.muensterschule-hof.de\\\/wordpress\\\/boss-for-a-day-gewinnt-preis-bei-jufinale\\\/#primaryimage\",\"url\":\"https:\\\/\\\/www.muensterschule-hof.de\\\/wordpress\\\/wp-content\\\/uploads\\\/2023\\\/11\\\/image-2.jpeg\",\"contentUrl\":\"https:\\\/\\\/www.muensterschule-hof.de\\\/wordpress\\\/wp-content\\\/uploads\\\/2023\\\/11\\\/image-2.jpeg\",\"width\":934,\"height\":702},{\"@type\":\"BreadcrumbList\",\"@id\":\"https:\\\/\\\/www.muensterschule-hof.de\\\/wordpress\\\/boss-for-a-day-gewinnt-preis-bei-jufinale\\\/#breadcrumb\",\"itemListElement\":[{\"@type\":\"ListItem\",\"position\":1,\"name\":\"Startseite\",\"item\":\"https:\\\/\\\/www.muensterschule-hof.de\\\/wordpress\\\/\"},{\"@type\":\"ListItem\",\"position\":2,\"name\":\"\u201eBoss for a day\u201c gewinnt Preis bei JUFiNALE\u00a0\u00a0\"}]},{\"@type\":\"WebSite\",\"@id\":\"https:\\\/\\\/www.muensterschule-hof.de\\\/wordpress\\\/#website\",\"url\":\"https:\\\/\\\/www.muensterschule-hof.de\\\/wordpress\\\/\",\"name\":\"M\u00fcnsterschule\",\"description\":\"Deine Mittelschule in Hof\",\"publisher\":{\"@id\":\"https:\\\/\\\/www.muensterschule-hof.de\\\/wordpress\\\/#organization\"},\"alternateName\":\"MMS Hof\",\"potentialAction\":[{\"@type\":\"SearchAction\",\"target\":{\"@type\":\"EntryPoint\",\"urlTemplate\":\"https:\\\/\\\/www.muensterschule-hof.de\\\/wordpress\\\/?s={search_term_string}\"},\"query-input\":{\"@type\":\"PropertyValueSpecification\",\"valueRequired\":true,\"valueName\":\"search_term_string\"}}],\"inLanguage\":\"de\"},{\"@type\":\"Organization\",\"@id\":\"https:\\\/\\\/www.muensterschule-hof.de\\\/wordpress\\\/#organization\",\"name\":\"M\u00fcnster-Mittelschule Hof\",\"alternateName\":\"MMS Hof\",\"url\":\"https:\\\/\\\/www.muensterschule-hof.de\\\/wordpress\\\/\",\"logo\":{\"@type\":\"ImageObject\",\"inLanguage\":\"de\",\"@id\":\"https:\\\/\\\/www.muensterschule-hof.de\\\/wordpress\\\/#\\\/schema\\\/logo\\\/image\\\/\",\"url\":\"https:\\\/\\\/www.muensterschule-hof.de\\\/wordpress\\\/wp-content\\\/uploads\\\/2018\\\/05\\\/cropped-MMS-Hof-final-1.png\",\"contentUrl\":\"https:\\\/\\\/www.muensterschule-hof.de\\\/wordpress\\\/wp-content\\\/uploads\\\/2018\\\/05\\\/cropped-MMS-Hof-final-1.png\",\"width\":512,\"height\":512,\"caption\":\"M\u00fcnster-Mittelschule Hof\"},\"image\":{\"@id\":\"https:\\\/\\\/www.muensterschule-hof.de\\\/wordpress\\\/#\\\/schema\\\/logo\\\/image\\\/\"}},{\"@type\":\"Person\",\"@id\":\"https:\\\/\\\/www.muensterschule-hof.de\\\/wordpress\\\/#\\\/schema\\\/person\\\/de58534e4cef400557500dff7aaa25b0\",\"name\":\"wpadmin\",\"image\":{\"@type\":\"ImageObject\",\"inLanguage\":\"de\",\"@id\":\"https:\\\/\\\/secure.gravatar.com\\\/avatar\\\/d9cd22045d4ad9ac54235e981c866f9317666429d45f49a3dc409314ab7be359?s=96&d=mm&r=g\",\"url\":\"https:\\\/\\\/secure.gravatar.com\\\/avatar\\\/d9cd22045d4ad9ac54235e981c866f9317666429d45f49a3dc409314ab7be359?s=96&d=mm&r=g\",\"contentUrl\":\"https:\\\/\\\/secure.gravatar.com\\\/avatar\\\/d9cd22045d4ad9ac54235e981c866f9317666429d45f49a3dc409314ab7be359?s=96&d=mm&r=g\",\"caption\":\"wpadmin\"},\"url\":\"https:\\\/\\\/www.muensterschule-hof.de\\\/wordpress\\\/author\\\/wpadmin\\\/\"}]}<\/script>\n<!-- \/ Yoast SEO plugin. -->","yoast_head_json":{"title":"\u201eBoss for a day\u201c gewinnt Preis bei JUFiNALE\u00a0\u00a0 - M\u00fcnsterschule","robots":{"index":"index","follow":"follow","max-snippet":"max-snippet:-1","max-image-preview":"max-image-preview:large","max-video-preview":"max-video-preview:-1"},"canonical":"https:\/\/www.muensterschule-hof.de\/wordpress\/boss-for-a-day-gewinnt-preis-bei-jufinale\/","og_locale":"de_DE","og_type":"article","og_title":"\u201eBoss for a day\u201c gewinnt Preis bei JUFiNALE\u00a0\u00a0 - M\u00fcnsterschule","og_description":"Den 18. November 2023 wird die Film AG 2022\/23 unserer Schule so schnell nicht vergessen. An diesem Tag fand das 18. JUFiNALE Oberfranken in Hof statt. Bei diesem Jugendfilmfestival des Bezirksjugendrings reichte die Film AG unter der Leitung unserer ehemaligen Lehrkraft Hr. Dr. Michel Lowak den Film \u201eBoss for a day\u201c ein.\u00a0","og_url":"https:\/\/www.muensterschule-hof.de\/wordpress\/boss-for-a-day-gewinnt-preis-bei-jufinale\/","og_site_name":"M\u00fcnsterschule","article_published_time":"2023-11-27T08:49:48+00:00","article_modified_time":"2023-11-27T08:50:36+00:00","og_image":[{"width":934,"height":702,"url":"https:\/\/www.muensterschule-hof.de\/wordpress\/wp-content\/uploads\/2023\/11\/image-2.jpeg","type":"image\/jpeg"}],"author":"wpadmin","twitter_card":"summary_large_image","twitter_misc":{"Verfasst von":"wpadmin","Gesch\u00e4tzte Lesezeit":"2\u00a0Minuten"},"schema":{"@context":"https:\/\/schema.org","@graph":[{"@type":"Article","@id":"https:\/\/www.muensterschule-hof.de\/wordpress\/boss-for-a-day-gewinnt-preis-bei-jufinale\/#article","isPartOf":{"@id":"https:\/\/www.muensterschule-hof.de\/wordpress\/boss-for-a-day-gewinnt-preis-bei-jufinale\/"},"author":{"name":"wpadmin","@id":"https:\/\/www.muensterschule-hof.de\/wordpress\/#\/schema\/person\/de58534e4cef400557500dff7aaa25b0"},"headline":"\u201eBoss for a day\u201c gewinnt Preis bei JUFiNALE\u00a0\u00a0","datePublished":"2023-11-27T08:49:48+00:00","dateModified":"2023-11-27T08:50:36+00:00","mainEntityOfPage":{"@id":"https:\/\/www.muensterschule-hof.de\/wordpress\/boss-for-a-day-gewinnt-preis-bei-jufinale\/"},"wordCount":338,"publisher":{"@id":"https:\/\/www.muensterschule-hof.de\/wordpress\/#organization"},"image":{"@id":"https:\/\/www.muensterschule-hof.de\/wordpress\/boss-for-a-day-gewinnt-preis-bei-jufinale\/#primaryimage"},"thumbnailUrl":"https:\/\/www.muensterschule-hof.de\/wordpress\/wp-content\/uploads\/2023\/11\/image-2.jpeg","keywords":["Film Ag","Jugendfilmfestival"],"articleSection":["Aktuelles","Sch\u00fcler","Unsere Schule"],"inLanguage":"de"},{"@type":"WebPage","@id":"https:\/\/www.muensterschule-hof.de\/wordpress\/boss-for-a-day-gewinnt-preis-bei-jufinale\/","url":"https:\/\/www.muensterschule-hof.de\/wordpress\/boss-for-a-day-gewinnt-preis-bei-jufinale\/","name":"\u201eBoss for a day\u201c gewinnt Preis bei JUFiNALE\u00a0\u00a0 - M\u00fcnsterschule","isPartOf":{"@id":"https:\/\/www.muensterschule-hof.de\/wordpress\/#website"},"primaryImageOfPage":{"@id":"https:\/\/www.muensterschule-hof.de\/wordpress\/boss-for-a-day-gewinnt-preis-bei-jufinale\/#primaryimage"},"image":{"@id":"https:\/\/www.muensterschule-hof.de\/wordpress\/boss-for-a-day-gewinnt-preis-bei-jufinale\/#primaryimage"},"thumbnailUrl":"https:\/\/www.muensterschule-hof.de\/wordpress\/wp-content\/uploads\/2023\/11\/image-2.jpeg","datePublished":"2023-11-27T08:49:48+00:00","dateModified":"2023-11-27T08:50:36+00:00","breadcrumb":{"@id":"https:\/\/www.muensterschule-hof.de\/wordpress\/boss-for-a-day-gewinnt-preis-bei-jufinale\/#breadcrumb"},"inLanguage":"de","potentialAction":[{"@type":"ReadAction","target":["https:\/\/www.muensterschule-hof.de\/wordpress\/boss-for-a-day-gewinnt-preis-bei-jufinale\/"]}]},{"@type":"ImageObject","inLanguage":"de","@id":"https:\/\/www.muensterschule-hof.de\/wordpress\/boss-for-a-day-gewinnt-preis-bei-jufinale\/#primaryimage","url":"https:\/\/www.muensterschule-hof.de\/wordpress\/wp-content\/uploads\/2023\/11\/image-2.jpeg","contentUrl":"https:\/\/www.muensterschule-hof.de\/wordpress\/wp-content\/uploads\/2023\/11\/image-2.jpeg","width":934,"height":702},{"@type":"BreadcrumbList","@id":"https:\/\/www.muensterschule-hof.de\/wordpress\/boss-for-a-day-gewinnt-preis-bei-jufinale\/#breadcrumb","itemListElement":[{"@type":"ListItem","position":1,"name":"Startseite","item":"https:\/\/www.muensterschule-hof.de\/wordpress\/"},{"@type":"ListItem","position":2,"name":"\u201eBoss for a day\u201c gewinnt Preis bei JUFiNALE\u00a0\u00a0"}]},{"@type":"WebSite","@id":"https:\/\/www.muensterschule-hof.de\/wordpress\/#website","url":"https:\/\/www.muensterschule-hof.de\/wordpress\/","name":"M\u00fcnsterschule","description":"Deine Mittelschule in Hof","publisher":{"@id":"https:\/\/www.muensterschule-hof.de\/wordpress\/#organization"},"alternateName":"MMS Hof","potentialAction":[{"@type":"SearchAction","target":{"@type":"EntryPoint","urlTemplate":"https:\/\/www.muensterschule-hof.de\/wordpress\/?s={search_term_string}"},"query-input":{"@type":"PropertyValueSpecification","valueRequired":true,"valueName":"search_term_string"}}],"inLanguage":"de"},{"@type":"Organization","@id":"https:\/\/www.muensterschule-hof.de\/wordpress\/#organization","name":"M\u00fcnster-Mittelschule Hof","alternateName":"MMS Hof","url":"https:\/\/www.muensterschule-hof.de\/wordpress\/","logo":{"@type":"ImageObject","inLanguage":"de","@id":"https:\/\/www.muensterschule-hof.de\/wordpress\/#\/schema\/logo\/image\/","url":"https:\/\/www.muensterschule-hof.de\/wordpress\/wp-content\/uploads\/2018\/05\/cropped-MMS-Hof-final-1.png","contentUrl":"https:\/\/www.muensterschule-hof.de\/wordpress\/wp-content\/uploads\/2018\/05\/cropped-MMS-Hof-final-1.png","width":512,"height":512,"caption":"M\u00fcnster-Mittelschule Hof"},"image":{"@id":"https:\/\/www.muensterschule-hof.de\/wordpress\/#\/schema\/logo\/image\/"}},{"@type":"Person","@id":"https:\/\/www.muensterschule-hof.de\/wordpress\/#\/schema\/person\/de58534e4cef400557500dff7aaa25b0","name":"wpadmin","image":{"@type":"ImageObject","inLanguage":"de","@id":"https:\/\/secure.gravatar.com\/avatar\/d9cd22045d4ad9ac54235e981c866f9317666429d45f49a3dc409314ab7be359?s=96&d=mm&r=g","url":"https:\/\/secure.gravatar.com\/avatar\/d9cd22045d4ad9ac54235e981c866f9317666429d45f49a3dc409314ab7be359?s=96&d=mm&r=g","contentUrl":"https:\/\/secure.gravatar.com\/avatar\/d9cd22045d4ad9ac54235e981c866f9317666429d45f49a3dc409314ab7be359?s=96&d=mm&r=g","caption":"wpadmin"},"url":"https:\/\/www.muensterschule-hof.de\/wordpress\/author\/wpadmin\/"}]}},"_links":{"self":[{"href":"https:\/\/www.muensterschule-hof.de\/wordpress\/wp-json\/wp\/v2\/posts\/2811","targetHints":{"allow":["GET"]}}],"collection":[{"href":"https:\/\/www.muensterschule-hof.de\/wordpress\/wp-json\/wp\/v2\/posts"}],"about":[{"href":"https:\/\/www.muensterschule-hof.de\/wordpress\/wp-json\/wp\/v2\/types\/post"}],"author":[{"embeddable":true,"href":"https:\/\/www.muensterschule-hof.de\/wordpress\/wp-json\/wp\/v2\/users\/1"}],"replies":[{"embeddable":true,"href":"https:\/\/www.muensterschule-hof.de\/wordpress\/wp-json\/wp\/v2\/comments?post=2811"}],"version-history":[{"count":1,"href":"https:\/\/www.muensterschule-hof.de\/wordpress\/wp-json\/wp\/v2\/posts\/2811\/revisions"}],"predecessor-version":[{"id":2813,"href":"https:\/\/www.muensterschule-hof.de\/wordpress\/wp-json\/wp\/v2\/posts\/2811\/revisions\/2813"}],"wp:featuredmedia":[{"embeddable":true,"href":"https:\/\/www.muensterschule-hof.de\/wordpress\/wp-json\/wp\/v2\/media\/2812"}],"wp:attachment":[{"href":"https:\/\/www.muensterschule-hof.de\/wordpress\/wp-json\/wp\/v2\/media?parent=2811"}],"wp:term":[{"taxonomy":"category","embeddable":true,"href":"https:\/\/www.muensterschule-hof.de\/wordpress\/wp-json\/wp\/v2\/categories?post=2811"},{"taxonomy":"post_tag","embeddable":true,"href":"https:\/\/www.muensterschule-hof.de\/wordpress\/wp-json\/wp\/v2\/tags?post=2811"}],"curies":[{"name":"wp","href":"https:\/\/api.w.org\/{rel}","templated":true}]}}