{"id":2815,"date":"2023-11-27T09:21:39","date_gmt":"2023-11-27T09:21:39","guid":{"rendered":"https:\/\/www.muensterschule-hof.de\/wordpress\/?p=2815"},"modified":"2023-11-28T11:25:47","modified_gmt":"2023-11-28T11:25:47","slug":"mitbestimmung-und-zusammenhalt-muenster-mittelschule-hof-gruendet-schulparlament","status":"publish","type":"post","link":"https:\/\/www.muensterschule-hof.de\/wordpress\/mitbestimmung-und-zusammenhalt-muenster-mittelschule-hof-gruendet-schulparlament\/","title":{"rendered":"Mitbestimmung und Zusammenhalt: M\u00fcnster-Mittelschule Hof gr\u00fcndet Schulparlament"},"content":{"rendered":"\n<h2 class=\"wp-block-heading\">Wir leben Demokratie!<\/h2>\n\n\n\n<p>Vergangenen Samstag (25.11.23) gr\u00fcndete die M\u00fcnster-Mittelschule ein Schulparlament und verabschiedete die Satzung. Dieser Prozess wurde bereits im vergangenen Schuljahr von Herrn Dr. Lowak eingeleitet, der als  ehemaliger Kollege auch bei der Gr\u00fcndungsversammlung federf\u00fchrend mitwirkte. <\/p>\n\n\n\n<p>Ein Schulparlament dient dazu, die demokratischen Prozesse in der Schule zu f\u00f6rdern und allen Mitgliedern der Schulfamilie Mitsprachem\u00f6glichkeiten zu er\u00f6ffnen. Ziel ist es, Schule als Lern- und Lebensraum zu gestalten, das positive Schulklima weiter zu st\u00e4rken und die Identifikation mit der Schule voranzutreiben. <\/p>\n\n\n\n<p>Nach Kl\u00e4rung der Unterschiede zwischen einem Sch\u00fcler- und einem Schulparlament erfolgte die einstimmige Verabschiedung der Satzung und die Wahl des Pr\u00e4sidiums. <\/p>\n\n\n\n<p><strong>Das erste Pr\u00e4sidium<\/strong><\/p>\n\n\n\n<ul class=\"wp-block-list\">\n<li class=\"has-medium-font-size\">Pr\u00e4sident: Efe Ucar, Sch\u00fclersprecher 9a<\/li>\n\n\n\n<li class=\"has-medium-font-size\">Stellvertreter: Herr Ghazaryan, Sch\u00fclervater 5a + 9c<\/li>\n\n\n\n<li class=\"has-medium-font-size\">Stellvertreter und Protokollf\u00fchrer: Herr Wilfer, Fachlehrer<\/li>\n<\/ul>\n\n\n\n<p>Im Anschluss daran wurden in Kleingruppen erste gemeinsame Ideen erarbeitet. Durch die neue Satzung wird das demokratrische Miteinander weiter gest\u00e4rkt und allen Akteur:innen Teilhabe erm\u00f6glicht.<\/p>\n\n\n\n<div style=\"height:100px\" aria-hidden=\"true\" class=\"wp-block-spacer\"><\/div>\n\n\n\n<h2 class=\"wp-block-heading\">Erarbeitete Ideen in Kleingruppen<\/h2>\n\n\n\n<figure class=\"wp-block-gallery has-nested-images columns-default is-cropped wp-block-gallery-1 is-layout-flex wp-block-gallery-is-layout-flex\">\n<figure class=\"wp-block-image size-large\"><img loading=\"lazy\" decoding=\"async\" width=\"710\" height=\"503\" data-id=\"2816\" src=\"https:\/\/www.muensterschule-hof.de\/wordpress\/wp-content\/uploads\/2023\/11\/5.png\" alt=\"\" class=\"wp-image-2816\" srcset=\"https:\/\/www.muensterschule-hof.de\/wordpress\/wp-content\/uploads\/2023\/11\/5.png 710w, https:\/\/www.muensterschule-hof.de\/wordpress\/wp-content\/uploads\/2023\/11\/5-300x213.png 300w\" sizes=\"auto, (max-width: 710px) 100vw, 710px\" \/><\/figure>\n\n\n\n<figure class=\"wp-block-image size-large\"><img loading=\"lazy\" decoding=\"async\" width=\"533\" height=\"536\" data-id=\"2819\" src=\"https:\/\/www.muensterschule-hof.de\/wordpress\/wp-content\/uploads\/2023\/11\/4.png\" alt=\"\" class=\"wp-image-2819\" srcset=\"https:\/\/www.muensterschule-hof.de\/wordpress\/wp-content\/uploads\/2023\/11\/4.png 533w, https:\/\/www.muensterschule-hof.de\/wordpress\/wp-content\/uploads\/2023\/11\/4-298x300.png 298w, https:\/\/www.muensterschule-hof.de\/wordpress\/wp-content\/uploads\/2023\/11\/4-150x150.png 150w\" sizes=\"auto, (max-width: 533px) 100vw, 533px\" \/><\/figure>\n\n\n\n<figure class=\"wp-block-image size-large\"><img loading=\"lazy\" decoding=\"async\" width=\"437\" height=\"443\" data-id=\"2817\" src=\"https:\/\/www.muensterschule-hof.de\/wordpress\/wp-content\/uploads\/2023\/11\/3.png\" alt=\"\" class=\"wp-image-2817\" srcset=\"https:\/\/www.muensterschule-hof.de\/wordpress\/wp-content\/uploads\/2023\/11\/3.png 437w, https:\/\/www.muensterschule-hof.de\/wordpress\/wp-content\/uploads\/2023\/11\/3-296x300.png 296w\" sizes=\"auto, (max-width: 437px) 100vw, 437px\" \/><\/figure>\n\n\n\n<figure class=\"wp-block-image size-large\"><img loading=\"lazy\" decoding=\"async\" width=\"645\" height=\"346\" data-id=\"2818\" src=\"https:\/\/www.muensterschule-hof.de\/wordpress\/wp-content\/uploads\/2023\/11\/2.png\" alt=\"\" class=\"wp-image-2818\" srcset=\"https:\/\/www.muensterschule-hof.de\/wordpress\/wp-content\/uploads\/2023\/11\/2.png 645w, https:\/\/www.muensterschule-hof.de\/wordpress\/wp-content\/uploads\/2023\/11\/2-300x161.png 300w\" sizes=\"auto, (max-width: 645px) 100vw, 645px\" \/><\/figure>\n\n\n\n<figure class=\"wp-block-image size-large\"><img loading=\"lazy\" decoding=\"async\" width=\"606\" height=\"453\" data-id=\"2820\" src=\"https:\/\/www.muensterschule-hof.de\/wordpress\/wp-content\/uploads\/2023\/11\/1.png\" alt=\"\" class=\"wp-image-2820\" srcset=\"https:\/\/www.muensterschule-hof.de\/wordpress\/wp-content\/uploads\/2023\/11\/1.png 606w, https:\/\/www.muensterschule-hof.de\/wordpress\/wp-content\/uploads\/2023\/11\/1-300x224.png 300w\" sizes=\"auto, (max-width: 606px) 100vw, 606px\" \/><\/figure>\n<\/figure>\n\n\n\n<p><\/p>\n","protected":false},"excerpt":{"rendered":"<p>vergangenen Samstag (25.11.) hat die M\u00fcnster Mittelschule das Schulparlament gegr\u00fcndet und eine Satzung festgelegt. In Kleingruppen wurden Ideen von Sch\u00fcler:innen, Lehrer:innen, Eltern und der Schulleitung erarbeitet.<\/p>\n","protected":false},"author":1,"featured_media":2820,"comment_status":"closed","ping_status":"closed","sticky":false,"template":"","format":"standard","meta":{"neve_meta_sidebar":"full-width","neve_meta_container":"","neve_meta_enable_content_width":"","neve_meta_content_width":0,"neve_meta_title_alignment":"","neve_meta_author_avatar":"","neve_post_elements_order":"[\"title\",\"meta\",\"content\",\"tags\",\"comments\"]","neve_meta_disable_header":"","neve_meta_disable_footer":"","neve_meta_disable_title":"","footnotes":""},"categories":[50,3],"tags":[64,63],"class_list":["post-2815","post","type-post","status-publish","format-standard","has-post-thumbnail","hentry","category-aktuelles","category-unsere-schule","tag-demokratie","tag-schulparlament"],"yoast_head":"<!-- This site is optimized with the Yoast SEO plugin v27.5 - https:\/\/yoast.com\/product\/yoast-seo-wordpress\/ -->\n<title>Mitbestimmung und Zusammenhalt: M\u00fcnster-Mittelschule Hof gr\u00fcndet Schulparlament - M\u00fcnsterschule<\/title>\n<meta name=\"robots\" content=\"index, follow, max-snippet:-1, max-image-preview:large, max-video-preview:-1\" \/>\n<link rel=\"canonical\" href=\"https:\/\/www.muensterschule-hof.de\/wordpress\/mitbestimmung-und-zusammenhalt-muenster-mittelschule-hof-gruendet-schulparlament\/\" \/>\n<meta property=\"og:locale\" content=\"de_DE\" \/>\n<meta property=\"og:type\" content=\"article\" \/>\n<meta property=\"og:title\" content=\"Mitbestimmung und Zusammenhalt: M\u00fcnster-Mittelschule Hof gr\u00fcndet Schulparlament - M\u00fcnsterschule\" \/>\n<meta property=\"og:description\" content=\"vergangenen Samstag (25.11.) hat die M\u00fcnster Mittelschule das Schulparlament gegr\u00fcndet und eine Satzung festgelegt. In Kleingruppen wurden Ideen von Sch\u00fcler:innen, Lehrer:innen, Eltern und der Schulleitung erarbeitet.\" \/>\n<meta property=\"og:url\" content=\"https:\/\/www.muensterschule-hof.de\/wordpress\/mitbestimmung-und-zusammenhalt-muenster-mittelschule-hof-gruendet-schulparlament\/\" \/>\n<meta property=\"og:site_name\" content=\"M\u00fcnsterschule\" \/>\n<meta property=\"article:published_time\" content=\"2023-11-27T09:21:39+00:00\" \/>\n<meta property=\"article:modified_time\" content=\"2023-11-28T11:25:47+00:00\" \/>\n<meta property=\"og:image\" content=\"https:\/\/www.muensterschule-hof.de\/wordpress\/wp-content\/uploads\/2023\/11\/1.png\" \/>\n\t<meta property=\"og:image:width\" content=\"606\" \/>\n\t<meta property=\"og:image:height\" content=\"453\" \/>\n\t<meta property=\"og:image:type\" content=\"image\/png\" \/>\n<meta name=\"author\" content=\"wpadmin\" \/>\n<meta name=\"twitter:card\" content=\"summary_large_image\" \/>\n<meta name=\"twitter:label1\" content=\"Verfasst von\" \/>\n\t<meta name=\"twitter:data1\" content=\"wpadmin\" \/>\n\t<meta name=\"twitter:label2\" content=\"Gesch\u00e4tzte Lesezeit\" \/>\n\t<meta name=\"twitter:data2\" content=\"1\u00a0Minute\" \/>\n<script type=\"application\/ld+json\" class=\"yoast-schema-graph\">{\"@context\":\"https:\\\/\\\/schema.org\",\"@graph\":[{\"@type\":\"Article\",\"@id\":\"https:\\\/\\\/www.muensterschule-hof.de\\\/wordpress\\\/mitbestimmung-und-zusammenhalt-muenster-mittelschule-hof-gruendet-schulparlament\\\/#article\",\"isPartOf\":{\"@id\":\"https:\\\/\\\/www.muensterschule-hof.de\\\/wordpress\\\/mitbestimmung-und-zusammenhalt-muenster-mittelschule-hof-gruendet-schulparlament\\\/\"},\"author\":{\"name\":\"wpadmin\",\"@id\":\"https:\\\/\\\/www.muensterschule-hof.de\\\/wordpress\\\/#\\\/schema\\\/person\\\/de58534e4cef400557500dff7aaa25b0\"},\"headline\":\"Mitbestimmung und Zusammenhalt: M\u00fcnster-Mittelschule Hof gr\u00fcndet Schulparlament\",\"datePublished\":\"2023-11-27T09:21:39+00:00\",\"dateModified\":\"2023-11-28T11:25:47+00:00\",\"mainEntityOfPage\":{\"@id\":\"https:\\\/\\\/www.muensterschule-hof.de\\\/wordpress\\\/mitbestimmung-und-zusammenhalt-muenster-mittelschule-hof-gruendet-schulparlament\\\/\"},\"wordCount\":177,\"publisher\":{\"@id\":\"https:\\\/\\\/www.muensterschule-hof.de\\\/wordpress\\\/#organization\"},\"image\":{\"@id\":\"https:\\\/\\\/www.muensterschule-hof.de\\\/wordpress\\\/mitbestimmung-und-zusammenhalt-muenster-mittelschule-hof-gruendet-schulparlament\\\/#primaryimage\"},\"thumbnailUrl\":\"https:\\\/\\\/www.muensterschule-hof.de\\\/wordpress\\\/wp-content\\\/uploads\\\/2023\\\/11\\\/1.png\",\"keywords\":[\"Demokratie\",\"Schulparlament\"],\"articleSection\":[\"Aktuelles\",\"Unsere Schule\"],\"inLanguage\":\"de\"},{\"@type\":\"WebPage\",\"@id\":\"https:\\\/\\\/www.muensterschule-hof.de\\\/wordpress\\\/mitbestimmung-und-zusammenhalt-muenster-mittelschule-hof-gruendet-schulparlament\\\/\",\"url\":\"https:\\\/\\\/www.muensterschule-hof.de\\\/wordpress\\\/mitbestimmung-und-zusammenhalt-muenster-mittelschule-hof-gruendet-schulparlament\\\/\",\"name\":\"Mitbestimmung und Zusammenhalt: M\u00fcnster-Mittelschule Hof gr\u00fcndet Schulparlament - M\u00fcnsterschule\",\"isPartOf\":{\"@id\":\"https:\\\/\\\/www.muensterschule-hof.de\\\/wordpress\\\/#website\"},\"primaryImageOfPage\":{\"@id\":\"https:\\\/\\\/www.muensterschule-hof.de\\\/wordpress\\\/mitbestimmung-und-zusammenhalt-muenster-mittelschule-hof-gruendet-schulparlament\\\/#primaryimage\"},\"image\":{\"@id\":\"https:\\\/\\\/www.muensterschule-hof.de\\\/wordpress\\\/mitbestimmung-und-zusammenhalt-muenster-mittelschule-hof-gruendet-schulparlament\\\/#primaryimage\"},\"thumbnailUrl\":\"https:\\\/\\\/www.muensterschule-hof.de\\\/wordpress\\\/wp-content\\\/uploads\\\/2023\\\/11\\\/1.png\",\"datePublished\":\"2023-11-27T09:21:39+00:00\",\"dateModified\":\"2023-11-28T11:25:47+00:00\",\"breadcrumb\":{\"@id\":\"https:\\\/\\\/www.muensterschule-hof.de\\\/wordpress\\\/mitbestimmung-und-zusammenhalt-muenster-mittelschule-hof-gruendet-schulparlament\\\/#breadcrumb\"},\"inLanguage\":\"de\",\"potentialAction\":[{\"@type\":\"ReadAction\",\"target\":[\"https:\\\/\\\/www.muensterschule-hof.de\\\/wordpress\\\/mitbestimmung-und-zusammenhalt-muenster-mittelschule-hof-gruendet-schulparlament\\\/\"]}]},{\"@type\":\"ImageObject\",\"inLanguage\":\"de\",\"@id\":\"https:\\\/\\\/www.muensterschule-hof.de\\\/wordpress\\\/mitbestimmung-und-zusammenhalt-muenster-mittelschule-hof-gruendet-schulparlament\\\/#primaryimage\",\"url\":\"https:\\\/\\\/www.muensterschule-hof.de\\\/wordpress\\\/wp-content\\\/uploads\\\/2023\\\/11\\\/1.png\",\"contentUrl\":\"https:\\\/\\\/www.muensterschule-hof.de\\\/wordpress\\\/wp-content\\\/uploads\\\/2023\\\/11\\\/1.png\",\"width\":606,\"height\":453},{\"@type\":\"BreadcrumbList\",\"@id\":\"https:\\\/\\\/www.muensterschule-hof.de\\\/wordpress\\\/mitbestimmung-und-zusammenhalt-muenster-mittelschule-hof-gruendet-schulparlament\\\/#breadcrumb\",\"itemListElement\":[{\"@type\":\"ListItem\",\"position\":1,\"name\":\"Startseite\",\"item\":\"https:\\\/\\\/www.muensterschule-hof.de\\\/wordpress\\\/\"},{\"@type\":\"ListItem\",\"position\":2,\"name\":\"Mitbestimmung und Zusammenhalt: M\u00fcnster-Mittelschule Hof gr\u00fcndet Schulparlament\"}]},{\"@type\":\"WebSite\",\"@id\":\"https:\\\/\\\/www.muensterschule-hof.de\\\/wordpress\\\/#website\",\"url\":\"https:\\\/\\\/www.muensterschule-hof.de\\\/wordpress\\\/\",\"name\":\"M\u00fcnsterschule\",\"description\":\"Deine Mittelschule in Hof\",\"publisher\":{\"@id\":\"https:\\\/\\\/www.muensterschule-hof.de\\\/wordpress\\\/#organization\"},\"alternateName\":\"MMS Hof\",\"potentialAction\":[{\"@type\":\"SearchAction\",\"target\":{\"@type\":\"EntryPoint\",\"urlTemplate\":\"https:\\\/\\\/www.muensterschule-hof.de\\\/wordpress\\\/?s={search_term_string}\"},\"query-input\":{\"@type\":\"PropertyValueSpecification\",\"valueRequired\":true,\"valueName\":\"search_term_string\"}}],\"inLanguage\":\"de\"},{\"@type\":\"Organization\",\"@id\":\"https:\\\/\\\/www.muensterschule-hof.de\\\/wordpress\\\/#organization\",\"name\":\"M\u00fcnster-Mittelschule Hof\",\"alternateName\":\"MMS Hof\",\"url\":\"https:\\\/\\\/www.muensterschule-hof.de\\\/wordpress\\\/\",\"logo\":{\"@type\":\"ImageObject\",\"inLanguage\":\"de\",\"@id\":\"https:\\\/\\\/www.muensterschule-hof.de\\\/wordpress\\\/#\\\/schema\\\/logo\\\/image\\\/\",\"url\":\"https:\\\/\\\/www.muensterschule-hof.de\\\/wordpress\\\/wp-content\\\/uploads\\\/2018\\\/05\\\/cropped-MMS-Hof-final-1.png\",\"contentUrl\":\"https:\\\/\\\/www.muensterschule-hof.de\\\/wordpress\\\/wp-content\\\/uploads\\\/2018\\\/05\\\/cropped-MMS-Hof-final-1.png\",\"width\":512,\"height\":512,\"caption\":\"M\u00fcnster-Mittelschule Hof\"},\"image\":{\"@id\":\"https:\\\/\\\/www.muensterschule-hof.de\\\/wordpress\\\/#\\\/schema\\\/logo\\\/image\\\/\"}},{\"@type\":\"Person\",\"@id\":\"https:\\\/\\\/www.muensterschule-hof.de\\\/wordpress\\\/#\\\/schema\\\/person\\\/de58534e4cef400557500dff7aaa25b0\",\"name\":\"wpadmin\",\"image\":{\"@type\":\"ImageObject\",\"inLanguage\":\"de\",\"@id\":\"https:\\\/\\\/secure.gravatar.com\\\/avatar\\\/d9cd22045d4ad9ac54235e981c866f9317666429d45f49a3dc409314ab7be359?s=96&d=mm&r=g\",\"url\":\"https:\\\/\\\/secure.gravatar.com\\\/avatar\\\/d9cd22045d4ad9ac54235e981c866f9317666429d45f49a3dc409314ab7be359?s=96&d=mm&r=g\",\"contentUrl\":\"https:\\\/\\\/secure.gravatar.com\\\/avatar\\\/d9cd22045d4ad9ac54235e981c866f9317666429d45f49a3dc409314ab7be359?s=96&d=mm&r=g\",\"caption\":\"wpadmin\"},\"url\":\"https:\\\/\\\/www.muensterschule-hof.de\\\/wordpress\\\/author\\\/wpadmin\\\/\"}]}<\/script>\n<!-- \/ Yoast SEO plugin. -->","yoast_head_json":{"title":"Mitbestimmung und Zusammenhalt: M\u00fcnster-Mittelschule Hof gr\u00fcndet Schulparlament - M\u00fcnsterschule","robots":{"index":"index","follow":"follow","max-snippet":"max-snippet:-1","max-image-preview":"max-image-preview:large","max-video-preview":"max-video-preview:-1"},"canonical":"https:\/\/www.muensterschule-hof.de\/wordpress\/mitbestimmung-und-zusammenhalt-muenster-mittelschule-hof-gruendet-schulparlament\/","og_locale":"de_DE","og_type":"article","og_title":"Mitbestimmung und Zusammenhalt: M\u00fcnster-Mittelschule Hof gr\u00fcndet Schulparlament - M\u00fcnsterschule","og_description":"vergangenen Samstag (25.11.) hat die M\u00fcnster Mittelschule das Schulparlament gegr\u00fcndet und eine Satzung festgelegt. In Kleingruppen wurden Ideen von Sch\u00fcler:innen, Lehrer:innen, Eltern und der Schulleitung erarbeitet.","og_url":"https:\/\/www.muensterschule-hof.de\/wordpress\/mitbestimmung-und-zusammenhalt-muenster-mittelschule-hof-gruendet-schulparlament\/","og_site_name":"M\u00fcnsterschule","article_published_time":"2023-11-27T09:21:39+00:00","article_modified_time":"2023-11-28T11:25:47+00:00","og_image":[{"width":606,"height":453,"url":"https:\/\/www.muensterschule-hof.de\/wordpress\/wp-content\/uploads\/2023\/11\/1.png","type":"image\/png"}],"author":"wpadmin","twitter_card":"summary_large_image","twitter_misc":{"Verfasst von":"wpadmin","Gesch\u00e4tzte Lesezeit":"1\u00a0Minute"},"schema":{"@context":"https:\/\/schema.org","@graph":[{"@type":"Article","@id":"https:\/\/www.muensterschule-hof.de\/wordpress\/mitbestimmung-und-zusammenhalt-muenster-mittelschule-hof-gruendet-schulparlament\/#article","isPartOf":{"@id":"https:\/\/www.muensterschule-hof.de\/wordpress\/mitbestimmung-und-zusammenhalt-muenster-mittelschule-hof-gruendet-schulparlament\/"},"author":{"name":"wpadmin","@id":"https:\/\/www.muensterschule-hof.de\/wordpress\/#\/schema\/person\/de58534e4cef400557500dff7aaa25b0"},"headline":"Mitbestimmung und Zusammenhalt: M\u00fcnster-Mittelschule Hof gr\u00fcndet Schulparlament","datePublished":"2023-11-27T09:21:39+00:00","dateModified":"2023-11-28T11:25:47+00:00","mainEntityOfPage":{"@id":"https:\/\/www.muensterschule-hof.de\/wordpress\/mitbestimmung-und-zusammenhalt-muenster-mittelschule-hof-gruendet-schulparlament\/"},"wordCount":177,"publisher":{"@id":"https:\/\/www.muensterschule-hof.de\/wordpress\/#organization"},"image":{"@id":"https:\/\/www.muensterschule-hof.de\/wordpress\/mitbestimmung-und-zusammenhalt-muenster-mittelschule-hof-gruendet-schulparlament\/#primaryimage"},"thumbnailUrl":"https:\/\/www.muensterschule-hof.de\/wordpress\/wp-content\/uploads\/2023\/11\/1.png","keywords":["Demokratie","Schulparlament"],"articleSection":["Aktuelles","Unsere Schule"],"inLanguage":"de"},{"@type":"WebPage","@id":"https:\/\/www.muensterschule-hof.de\/wordpress\/mitbestimmung-und-zusammenhalt-muenster-mittelschule-hof-gruendet-schulparlament\/","url":"https:\/\/www.muensterschule-hof.de\/wordpress\/mitbestimmung-und-zusammenhalt-muenster-mittelschule-hof-gruendet-schulparlament\/","name":"Mitbestimmung und Zusammenhalt: M\u00fcnster-Mittelschule Hof gr\u00fcndet Schulparlament - M\u00fcnsterschule","isPartOf":{"@id":"https:\/\/www.muensterschule-hof.de\/wordpress\/#website"},"primaryImageOfPage":{"@id":"https:\/\/www.muensterschule-hof.de\/wordpress\/mitbestimmung-und-zusammenhalt-muenster-mittelschule-hof-gruendet-schulparlament\/#primaryimage"},"image":{"@id":"https:\/\/www.muensterschule-hof.de\/wordpress\/mitbestimmung-und-zusammenhalt-muenster-mittelschule-hof-gruendet-schulparlament\/#primaryimage"},"thumbnailUrl":"https:\/\/www.muensterschule-hof.de\/wordpress\/wp-content\/uploads\/2023\/11\/1.png","datePublished":"2023-11-27T09:21:39+00:00","dateModified":"2023-11-28T11:25:47+00:00","breadcrumb":{"@id":"https:\/\/www.muensterschule-hof.de\/wordpress\/mitbestimmung-und-zusammenhalt-muenster-mittelschule-hof-gruendet-schulparlament\/#breadcrumb"},"inLanguage":"de","potentialAction":[{"@type":"ReadAction","target":["https:\/\/www.muensterschule-hof.de\/wordpress\/mitbestimmung-und-zusammenhalt-muenster-mittelschule-hof-gruendet-schulparlament\/"]}]},{"@type":"ImageObject","inLanguage":"de","@id":"https:\/\/www.muensterschule-hof.de\/wordpress\/mitbestimmung-und-zusammenhalt-muenster-mittelschule-hof-gruendet-schulparlament\/#primaryimage","url":"https:\/\/www.muensterschule-hof.de\/wordpress\/wp-content\/uploads\/2023\/11\/1.png","contentUrl":"https:\/\/www.muensterschule-hof.de\/wordpress\/wp-content\/uploads\/2023\/11\/1.png","width":606,"height":453},{"@type":"BreadcrumbList","@id":"https:\/\/www.muensterschule-hof.de\/wordpress\/mitbestimmung-und-zusammenhalt-muenster-mittelschule-hof-gruendet-schulparlament\/#breadcrumb","itemListElement":[{"@type":"ListItem","position":1,"name":"Startseite","item":"https:\/\/www.muensterschule-hof.de\/wordpress\/"},{"@type":"ListItem","position":2,"name":"Mitbestimmung und Zusammenhalt: M\u00fcnster-Mittelschule Hof gr\u00fcndet Schulparlament"}]},{"@type":"WebSite","@id":"https:\/\/www.muensterschule-hof.de\/wordpress\/#website","url":"https:\/\/www.muensterschule-hof.de\/wordpress\/","name":"M\u00fcnsterschule","description":"Deine Mittelschule in Hof","publisher":{"@id":"https:\/\/www.muensterschule-hof.de\/wordpress\/#organization"},"alternateName":"MMS Hof","potentialAction":[{"@type":"SearchAction","target":{"@type":"EntryPoint","urlTemplate":"https:\/\/www.muensterschule-hof.de\/wordpress\/?s={search_term_string}"},"query-input":{"@type":"PropertyValueSpecification","valueRequired":true,"valueName":"search_term_string"}}],"inLanguage":"de"},{"@type":"Organization","@id":"https:\/\/www.muensterschule-hof.de\/wordpress\/#organization","name":"M\u00fcnster-Mittelschule Hof","alternateName":"MMS Hof","url":"https:\/\/www.muensterschule-hof.de\/wordpress\/","logo":{"@type":"ImageObject","inLanguage":"de","@id":"https:\/\/www.muensterschule-hof.de\/wordpress\/#\/schema\/logo\/image\/","url":"https:\/\/www.muensterschule-hof.de\/wordpress\/wp-content\/uploads\/2018\/05\/cropped-MMS-Hof-final-1.png","contentUrl":"https:\/\/www.muensterschule-hof.de\/wordpress\/wp-content\/uploads\/2018\/05\/cropped-MMS-Hof-final-1.png","width":512,"height":512,"caption":"M\u00fcnster-Mittelschule Hof"},"image":{"@id":"https:\/\/www.muensterschule-hof.de\/wordpress\/#\/schema\/logo\/image\/"}},{"@type":"Person","@id":"https:\/\/www.muensterschule-hof.de\/wordpress\/#\/schema\/person\/de58534e4cef400557500dff7aaa25b0","name":"wpadmin","image":{"@type":"ImageObject","inLanguage":"de","@id":"https:\/\/secure.gravatar.com\/avatar\/d9cd22045d4ad9ac54235e981c866f9317666429d45f49a3dc409314ab7be359?s=96&d=mm&r=g","url":"https:\/\/secure.gravatar.com\/avatar\/d9cd22045d4ad9ac54235e981c866f9317666429d45f49a3dc409314ab7be359?s=96&d=mm&r=g","contentUrl":"https:\/\/secure.gravatar.com\/avatar\/d9cd22045d4ad9ac54235e981c866f9317666429d45f49a3dc409314ab7be359?s=96&d=mm&r=g","caption":"wpadmin"},"url":"https:\/\/www.muensterschule-hof.de\/wordpress\/author\/wpadmin\/"}]}},"_links":{"self":[{"href":"https:\/\/www.muensterschule-hof.de\/wordpress\/wp-json\/wp\/v2\/posts\/2815","targetHints":{"allow":["GET"]}}],"collection":[{"href":"https:\/\/www.muensterschule-hof.de\/wordpress\/wp-json\/wp\/v2\/posts"}],"about":[{"href":"https:\/\/www.muensterschule-hof.de\/wordpress\/wp-json\/wp\/v2\/types\/post"}],"author":[{"embeddable":true,"href":"https:\/\/www.muensterschule-hof.de\/wordpress\/wp-json\/wp\/v2\/users\/1"}],"replies":[{"embeddable":true,"href":"https:\/\/www.muensterschule-hof.de\/wordpress\/wp-json\/wp\/v2\/comments?post=2815"}],"version-history":[{"count":4,"href":"https:\/\/www.muensterschule-hof.de\/wordpress\/wp-json\/wp\/v2\/posts\/2815\/revisions"}],"predecessor-version":[{"id":2826,"href":"https:\/\/www.muensterschule-hof.de\/wordpress\/wp-json\/wp\/v2\/posts\/2815\/revisions\/2826"}],"wp:featuredmedia":[{"embeddable":true,"href":"https:\/\/www.muensterschule-hof.de\/wordpress\/wp-json\/wp\/v2\/media\/2820"}],"wp:attachment":[{"href":"https:\/\/www.muensterschule-hof.de\/wordpress\/wp-json\/wp\/v2\/media?parent=2815"}],"wp:term":[{"taxonomy":"category","embeddable":true,"href":"https:\/\/www.muensterschule-hof.de\/wordpress\/wp-json\/wp\/v2\/categories?post=2815"},{"taxonomy":"post_tag","embeddable":true,"href":"https:\/\/www.muensterschule-hof.de\/wordpress\/wp-json\/wp\/v2\/tags?post=2815"}],"curies":[{"name":"wp","href":"https:\/\/api.w.org\/{rel}","templated":true}]}}