{"id":2948,"date":"2024-02-19T09:29:34","date_gmt":"2024-02-19T09:29:34","guid":{"rendered":"https:\/\/www.muensterschule-hof.de\/wordpress\/?p=2948"},"modified":"2024-02-19T09:29:36","modified_gmt":"2024-02-19T09:29:36","slug":"ja-ist-denn-schon-wieder-weihnachten-bescherung-an-der-muenster-mittelschule","status":"publish","type":"post","link":"https:\/\/www.muensterschule-hof.de\/wordpress\/ja-ist-denn-schon-wieder-weihnachten-bescherung-an-der-muenster-mittelschule\/","title":{"rendered":"Ja ist denn schon wieder Weihnachten? -Bescherung an der M\u00fcnster-Mittelschule"},"content":{"rendered":"\n<p>Das Weihnachtsmarktprojekt der M\u00fcnster-Mittelschule war ein gro\u00dfer Erfolg!<\/p>\n\n\n\n<figure class=\"wp-block-image size-full\"><img loading=\"lazy\" decoding=\"async\" width=\"699\" height=\"524\" src=\"https:\/\/www.muensterschule-hof.de\/wordpress\/wp-content\/uploads\/2024\/02\/Bild1.jpg\" alt=\"\" class=\"wp-image-2949\" srcset=\"https:\/\/www.muensterschule-hof.de\/wordpress\/wp-content\/uploads\/2024\/02\/Bild1.jpg 699w, https:\/\/www.muensterschule-hof.de\/wordpress\/wp-content\/uploads\/2024\/02\/Bild1-300x225.jpg 300w\" sizes=\"auto, (max-width: 699px) 100vw, 699px\" \/><\/figure>\n\n\n\n<p>In diesem Jahr hatten die Kreativklassen 7a und 8a die wunderbare Gelegenheit, am Hofer Weihnachtsmarkt teilzunehmen, indem sie f\u00fcr insgesamt vier Tage die Wechselbude anmieteten. Unter der Leitung der Klassenlehrerinnen, Marie-Madeleine B\u00f6hm und Isabel Schroeder, \u00f6ffnete der Stand am 28.-29.November.2023 und 18.-19.Dezember.2023 von 10:00 bis 20:00 Uhr seine Pforten und die wechselnden Verkaufsteams pr\u00e4sentierten stolz Ihre Produkte.<\/p>\n\n\n\n<p>Was den Stand so besonders machte, waren die einzigartigen handgefertigten Geschenkideen und Dekoartikel, die mit Liebe zum Detail von talentierten Sch\u00fclerinnen und Sch\u00fclern gestaltet wurden. Die Vielfalt der Produkte spiegelte nicht nur die Kreativit\u00e4t der Klassen wider, sondern auch das Engagement der Schulgemeinschaft.<\/p>\n\n\n\n<figure class=\"wp-block-image size-full\"><img loading=\"lazy\" decoding=\"async\" width=\"665\" height=\"665\" src=\"https:\/\/www.muensterschule-hof.de\/wordpress\/wp-content\/uploads\/2024\/02\/Bild2.jpg\" alt=\"\" class=\"wp-image-2950\" srcset=\"https:\/\/www.muensterschule-hof.de\/wordpress\/wp-content\/uploads\/2024\/02\/Bild2.jpg 665w, https:\/\/www.muensterschule-hof.de\/wordpress\/wp-content\/uploads\/2024\/02\/Bild2-300x300.jpg 300w, https:\/\/www.muensterschule-hof.de\/wordpress\/wp-content\/uploads\/2024\/02\/Bild2-150x150.jpg 150w\" sizes=\"auto, (max-width: 665px) 100vw, 665px\" \/><\/figure>\n\n\n\n<p>Am 31.Januar.2024 fand als erfreulicher H\u00f6hepunkt dieses Projektes die \u00dcbergabe des Erl\u00f6ses statt.<\/p>\n\n\n\n<figure class=\"wp-block-image size-full\"><img loading=\"lazy\" decoding=\"async\" width=\"697\" height=\"523\" src=\"https:\/\/www.muensterschule-hof.de\/wordpress\/wp-content\/uploads\/2024\/02\/Bild3.jpg\" alt=\"\" class=\"wp-image-2951\" srcset=\"https:\/\/www.muensterschule-hof.de\/wordpress\/wp-content\/uploads\/2024\/02\/Bild3.jpg 697w, https:\/\/www.muensterschule-hof.de\/wordpress\/wp-content\/uploads\/2024\/02\/Bild3-300x225.jpg 300w\" sizes=\"auto, (max-width: 697px) 100vw, 697px\" \/><\/figure>\n\n\n\n<p>Insgesamt konnten stolze 2.000 Euro durch den Verkauf der Produkte generiert werden. Von diesem Betrag gingen 1.500 Euro an den Schulf\u00f6rderverein der M\u00fcnster-Mittelschule Hof e.V. sowie 500 Euro an das Jugendzentrum &#8222;Q&#8220;. Mit der finanziellen Unterst\u00fctzung k\u00f6nnen zuk\u00fcnftige wichtige Projekte und Aktivit\u00e4ten f\u00fcr die Schulfamilie und das Jugendzentrum realisiert werden.<\/p>\n\n\n\n<p>Wir m\u00f6chten uns aufrichtig bei allen Besucherinnen und Besuchern bedanken, die unseren Stand auf dem Hofer Weihnachtsmarkt besucht haben. Durch ihre Teilnahme haben sie nicht nur die festliche Atmosph\u00e4re genossen, sondern auch einen wertvollen Beitrag f\u00fcr den guten Zweck geleistet.<\/p>\n\n\n\n<p>Ein besonderer Dank gilt Frau Caroline Schilhabel (Jugendmigrationsdienst im Quartier -Bundesministerium f\u00fcr Familie, Senioren, Frauen und Jugend) und all jenen, die zum Gelingen dieses Projektes beigetragen haben.<\/p>\n\n\n\n<p>Die Teilnahme am Weihnachtsmarkt war nicht nur ein Verkaufserfolg, sondern vor allem ein Beweis daf\u00fcr, dass gemeinsames Engagement und Kreativit\u00e4t einen nachhaltigen Einfluss auf die Schulgemeinschaft und dar\u00fcber hinaus haben k\u00f6nnen.<\/p>\n\n\n\n<p>Die Sch\u00fclerinnen und Sch\u00fcler der Klassen 7a und 8a<\/p>\n\n\n\n<p>Marie-Madeleine B\u00f6hm und Isabel Schroeder<\/p>\n\n\n\n<p><\/p>\n","protected":false},"excerpt":{"rendered":"<p>In diesem Jahr hatten die Kreativklassen 7a und 8a die wunderbare Gelegenheit, am Hofer Weihnachtsmarkt teilzunehmen, indem sie f\u00fcr insgesamt vier Tage die Wechselbude anmieteten. Unter der Leitung der Klassenlehrerinnen, Marie-Madeleine B\u00f6hm und Isabel Schroeder, \u00f6ffnete der Stand am 28.-29.November.2023 und 18.-19.Dezember.2023 von 10:00 bis 20:00 Uhr seine Pforten und die wechselnden Verkaufsteams pr\u00e4sentierten stolz Ihre Produkte.<\/p>\n","protected":false},"author":1,"featured_media":2951,"comment_status":"closed","ping_status":"closed","sticky":false,"template":"","format":"standard","meta":{"neve_meta_sidebar":"full-width","neve_meta_container":"","neve_meta_enable_content_width":"","neve_meta_content_width":0,"neve_meta_title_alignment":"","neve_meta_author_avatar":"","neve_post_elements_order":"[\"title\",\"meta\",\"content\",\"tags\",\"comments\"]","neve_meta_disable_header":"","neve_meta_disable_footer":"","neve_meta_disable_title":"","footnotes":""},"categories":[4,3],"tags":[54],"class_list":["post-2948","post","type-post","status-publish","format-standard","has-post-thumbnail","hentry","category-schueler","category-unsere-schule","tag-weihnachtsmarkt"],"yoast_head":"<!-- This site is optimized with the Yoast SEO plugin v27.5 - https:\/\/yoast.com\/product\/yoast-seo-wordpress\/ -->\n<title>Ja ist denn schon wieder Weihnachten? -Bescherung an der M\u00fcnster-Mittelschule - M\u00fcnsterschule<\/title>\n<meta name=\"robots\" content=\"index, follow, max-snippet:-1, max-image-preview:large, max-video-preview:-1\" \/>\n<link rel=\"canonical\" href=\"https:\/\/www.muensterschule-hof.de\/wordpress\/ja-ist-denn-schon-wieder-weihnachten-bescherung-an-der-muenster-mittelschule\/\" \/>\n<meta property=\"og:locale\" content=\"de_DE\" \/>\n<meta property=\"og:type\" content=\"article\" \/>\n<meta property=\"og:title\" content=\"Ja ist denn schon wieder Weihnachten? -Bescherung an der M\u00fcnster-Mittelschule - M\u00fcnsterschule\" \/>\n<meta property=\"og:description\" content=\"In diesem Jahr hatten die Kreativklassen 7a und 8a die wunderbare Gelegenheit, am Hofer Weihnachtsmarkt teilzunehmen, indem sie f\u00fcr insgesamt vier Tage die Wechselbude anmieteten. Unter der Leitung der Klassenlehrerinnen, Marie-Madeleine B\u00f6hm und Isabel Schroeder, \u00f6ffnete der Stand am 28.-29.November.2023 und 18.-19.Dezember.2023 von 10:00 bis 20:00 Uhr seine Pforten und die wechselnden Verkaufsteams pr\u00e4sentierten stolz Ihre Produkte.\" \/>\n<meta property=\"og:url\" content=\"https:\/\/www.muensterschule-hof.de\/wordpress\/ja-ist-denn-schon-wieder-weihnachten-bescherung-an-der-muenster-mittelschule\/\" \/>\n<meta property=\"og:site_name\" content=\"M\u00fcnsterschule\" \/>\n<meta property=\"article:published_time\" content=\"2024-02-19T09:29:34+00:00\" \/>\n<meta property=\"article:modified_time\" content=\"2024-02-19T09:29:36+00:00\" \/>\n<meta property=\"og:image\" content=\"https:\/\/www.muensterschule-hof.de\/wordpress\/wp-content\/uploads\/2024\/02\/Bild3.jpg\" \/>\n\t<meta property=\"og:image:width\" content=\"697\" \/>\n\t<meta property=\"og:image:height\" content=\"523\" \/>\n\t<meta property=\"og:image:type\" content=\"image\/jpeg\" \/>\n<meta name=\"author\" content=\"wpadmin\" \/>\n<meta name=\"twitter:card\" content=\"summary_large_image\" \/>\n<meta name=\"twitter:label1\" content=\"Verfasst von\" \/>\n\t<meta name=\"twitter:data1\" content=\"wpadmin\" \/>\n\t<meta name=\"twitter:label2\" content=\"Gesch\u00e4tzte Lesezeit\" \/>\n\t<meta name=\"twitter:data2\" content=\"3\u00a0Minuten\" \/>\n<script type=\"application\/ld+json\" class=\"yoast-schema-graph\">{\"@context\":\"https:\\\/\\\/schema.org\",\"@graph\":[{\"@type\":\"Article\",\"@id\":\"https:\\\/\\\/www.muensterschule-hof.de\\\/wordpress\\\/ja-ist-denn-schon-wieder-weihnachten-bescherung-an-der-muenster-mittelschule\\\/#article\",\"isPartOf\":{\"@id\":\"https:\\\/\\\/www.muensterschule-hof.de\\\/wordpress\\\/ja-ist-denn-schon-wieder-weihnachten-bescherung-an-der-muenster-mittelschule\\\/\"},\"author\":{\"name\":\"wpadmin\",\"@id\":\"https:\\\/\\\/www.muensterschule-hof.de\\\/wordpress\\\/#\\\/schema\\\/person\\\/de58534e4cef400557500dff7aaa25b0\"},\"headline\":\"Ja ist denn schon wieder Weihnachten? -Bescherung an der M\u00fcnster-Mittelschule\",\"datePublished\":\"2024-02-19T09:29:34+00:00\",\"dateModified\":\"2024-02-19T09:29:36+00:00\",\"mainEntityOfPage\":{\"@id\":\"https:\\\/\\\/www.muensterschule-hof.de\\\/wordpress\\\/ja-ist-denn-schon-wieder-weihnachten-bescherung-an-der-muenster-mittelschule\\\/\"},\"wordCount\":320,\"publisher\":{\"@id\":\"https:\\\/\\\/www.muensterschule-hof.de\\\/wordpress\\\/#organization\"},\"image\":{\"@id\":\"https:\\\/\\\/www.muensterschule-hof.de\\\/wordpress\\\/ja-ist-denn-schon-wieder-weihnachten-bescherung-an-der-muenster-mittelschule\\\/#primaryimage\"},\"thumbnailUrl\":\"https:\\\/\\\/www.muensterschule-hof.de\\\/wordpress\\\/wp-content\\\/uploads\\\/2024\\\/02\\\/Bild3.jpg\",\"keywords\":[\"Weihnachtsmarkt\"],\"articleSection\":[\"Sch\u00fcler\",\"Unsere Schule\"],\"inLanguage\":\"de\"},{\"@type\":\"WebPage\",\"@id\":\"https:\\\/\\\/www.muensterschule-hof.de\\\/wordpress\\\/ja-ist-denn-schon-wieder-weihnachten-bescherung-an-der-muenster-mittelschule\\\/\",\"url\":\"https:\\\/\\\/www.muensterschule-hof.de\\\/wordpress\\\/ja-ist-denn-schon-wieder-weihnachten-bescherung-an-der-muenster-mittelschule\\\/\",\"name\":\"Ja ist denn schon wieder Weihnachten? -Bescherung an der M\u00fcnster-Mittelschule - M\u00fcnsterschule\",\"isPartOf\":{\"@id\":\"https:\\\/\\\/www.muensterschule-hof.de\\\/wordpress\\\/#website\"},\"primaryImageOfPage\":{\"@id\":\"https:\\\/\\\/www.muensterschule-hof.de\\\/wordpress\\\/ja-ist-denn-schon-wieder-weihnachten-bescherung-an-der-muenster-mittelschule\\\/#primaryimage\"},\"image\":{\"@id\":\"https:\\\/\\\/www.muensterschule-hof.de\\\/wordpress\\\/ja-ist-denn-schon-wieder-weihnachten-bescherung-an-der-muenster-mittelschule\\\/#primaryimage\"},\"thumbnailUrl\":\"https:\\\/\\\/www.muensterschule-hof.de\\\/wordpress\\\/wp-content\\\/uploads\\\/2024\\\/02\\\/Bild3.jpg\",\"datePublished\":\"2024-02-19T09:29:34+00:00\",\"dateModified\":\"2024-02-19T09:29:36+00:00\",\"breadcrumb\":{\"@id\":\"https:\\\/\\\/www.muensterschule-hof.de\\\/wordpress\\\/ja-ist-denn-schon-wieder-weihnachten-bescherung-an-der-muenster-mittelschule\\\/#breadcrumb\"},\"inLanguage\":\"de\",\"potentialAction\":[{\"@type\":\"ReadAction\",\"target\":[\"https:\\\/\\\/www.muensterschule-hof.de\\\/wordpress\\\/ja-ist-denn-schon-wieder-weihnachten-bescherung-an-der-muenster-mittelschule\\\/\"]}]},{\"@type\":\"ImageObject\",\"inLanguage\":\"de\",\"@id\":\"https:\\\/\\\/www.muensterschule-hof.de\\\/wordpress\\\/ja-ist-denn-schon-wieder-weihnachten-bescherung-an-der-muenster-mittelschule\\\/#primaryimage\",\"url\":\"https:\\\/\\\/www.muensterschule-hof.de\\\/wordpress\\\/wp-content\\\/uploads\\\/2024\\\/02\\\/Bild3.jpg\",\"contentUrl\":\"https:\\\/\\\/www.muensterschule-hof.de\\\/wordpress\\\/wp-content\\\/uploads\\\/2024\\\/02\\\/Bild3.jpg\",\"width\":697,\"height\":523},{\"@type\":\"BreadcrumbList\",\"@id\":\"https:\\\/\\\/www.muensterschule-hof.de\\\/wordpress\\\/ja-ist-denn-schon-wieder-weihnachten-bescherung-an-der-muenster-mittelschule\\\/#breadcrumb\",\"itemListElement\":[{\"@type\":\"ListItem\",\"position\":1,\"name\":\"Startseite\",\"item\":\"https:\\\/\\\/www.muensterschule-hof.de\\\/wordpress\\\/\"},{\"@type\":\"ListItem\",\"position\":2,\"name\":\"Ja ist denn schon wieder Weihnachten? -Bescherung an der M\u00fcnster-Mittelschule\"}]},{\"@type\":\"WebSite\",\"@id\":\"https:\\\/\\\/www.muensterschule-hof.de\\\/wordpress\\\/#website\",\"url\":\"https:\\\/\\\/www.muensterschule-hof.de\\\/wordpress\\\/\",\"name\":\"M\u00fcnsterschule\",\"description\":\"Deine Mittelschule in Hof\",\"publisher\":{\"@id\":\"https:\\\/\\\/www.muensterschule-hof.de\\\/wordpress\\\/#organization\"},\"alternateName\":\"MMS Hof\",\"potentialAction\":[{\"@type\":\"SearchAction\",\"target\":{\"@type\":\"EntryPoint\",\"urlTemplate\":\"https:\\\/\\\/www.muensterschule-hof.de\\\/wordpress\\\/?s={search_term_string}\"},\"query-input\":{\"@type\":\"PropertyValueSpecification\",\"valueRequired\":true,\"valueName\":\"search_term_string\"}}],\"inLanguage\":\"de\"},{\"@type\":\"Organization\",\"@id\":\"https:\\\/\\\/www.muensterschule-hof.de\\\/wordpress\\\/#organization\",\"name\":\"M\u00fcnster-Mittelschule Hof\",\"alternateName\":\"MMS Hof\",\"url\":\"https:\\\/\\\/www.muensterschule-hof.de\\\/wordpress\\\/\",\"logo\":{\"@type\":\"ImageObject\",\"inLanguage\":\"de\",\"@id\":\"https:\\\/\\\/www.muensterschule-hof.de\\\/wordpress\\\/#\\\/schema\\\/logo\\\/image\\\/\",\"url\":\"https:\\\/\\\/www.muensterschule-hof.de\\\/wordpress\\\/wp-content\\\/uploads\\\/2018\\\/05\\\/cropped-MMS-Hof-final-1.png\",\"contentUrl\":\"https:\\\/\\\/www.muensterschule-hof.de\\\/wordpress\\\/wp-content\\\/uploads\\\/2018\\\/05\\\/cropped-MMS-Hof-final-1.png\",\"width\":512,\"height\":512,\"caption\":\"M\u00fcnster-Mittelschule Hof\"},\"image\":{\"@id\":\"https:\\\/\\\/www.muensterschule-hof.de\\\/wordpress\\\/#\\\/schema\\\/logo\\\/image\\\/\"}},{\"@type\":\"Person\",\"@id\":\"https:\\\/\\\/www.muensterschule-hof.de\\\/wordpress\\\/#\\\/schema\\\/person\\\/de58534e4cef400557500dff7aaa25b0\",\"name\":\"wpadmin\",\"image\":{\"@type\":\"ImageObject\",\"inLanguage\":\"de\",\"@id\":\"https:\\\/\\\/secure.gravatar.com\\\/avatar\\\/d9cd22045d4ad9ac54235e981c866f9317666429d45f49a3dc409314ab7be359?s=96&d=mm&r=g\",\"url\":\"https:\\\/\\\/secure.gravatar.com\\\/avatar\\\/d9cd22045d4ad9ac54235e981c866f9317666429d45f49a3dc409314ab7be359?s=96&d=mm&r=g\",\"contentUrl\":\"https:\\\/\\\/secure.gravatar.com\\\/avatar\\\/d9cd22045d4ad9ac54235e981c866f9317666429d45f49a3dc409314ab7be359?s=96&d=mm&r=g\",\"caption\":\"wpadmin\"},\"url\":\"https:\\\/\\\/www.muensterschule-hof.de\\\/wordpress\\\/author\\\/wpadmin\\\/\"}]}<\/script>\n<!-- \/ Yoast SEO plugin. -->","yoast_head_json":{"title":"Ja ist denn schon wieder Weihnachten? -Bescherung an der M\u00fcnster-Mittelschule - M\u00fcnsterschule","robots":{"index":"index","follow":"follow","max-snippet":"max-snippet:-1","max-image-preview":"max-image-preview:large","max-video-preview":"max-video-preview:-1"},"canonical":"https:\/\/www.muensterschule-hof.de\/wordpress\/ja-ist-denn-schon-wieder-weihnachten-bescherung-an-der-muenster-mittelschule\/","og_locale":"de_DE","og_type":"article","og_title":"Ja ist denn schon wieder Weihnachten? -Bescherung an der M\u00fcnster-Mittelschule - M\u00fcnsterschule","og_description":"In diesem Jahr hatten die Kreativklassen 7a und 8a die wunderbare Gelegenheit, am Hofer Weihnachtsmarkt teilzunehmen, indem sie f\u00fcr insgesamt vier Tage die Wechselbude anmieteten. Unter der Leitung der Klassenlehrerinnen, Marie-Madeleine B\u00f6hm und Isabel Schroeder, \u00f6ffnete der Stand am 28.-29.November.2023 und 18.-19.Dezember.2023 von 10:00 bis 20:00 Uhr seine Pforten und die wechselnden Verkaufsteams pr\u00e4sentierten stolz Ihre Produkte.","og_url":"https:\/\/www.muensterschule-hof.de\/wordpress\/ja-ist-denn-schon-wieder-weihnachten-bescherung-an-der-muenster-mittelschule\/","og_site_name":"M\u00fcnsterschule","article_published_time":"2024-02-19T09:29:34+00:00","article_modified_time":"2024-02-19T09:29:36+00:00","og_image":[{"width":697,"height":523,"url":"https:\/\/www.muensterschule-hof.de\/wordpress\/wp-content\/uploads\/2024\/02\/Bild3.jpg","type":"image\/jpeg"}],"author":"wpadmin","twitter_card":"summary_large_image","twitter_misc":{"Verfasst von":"wpadmin","Gesch\u00e4tzte Lesezeit":"3\u00a0Minuten"},"schema":{"@context":"https:\/\/schema.org","@graph":[{"@type":"Article","@id":"https:\/\/www.muensterschule-hof.de\/wordpress\/ja-ist-denn-schon-wieder-weihnachten-bescherung-an-der-muenster-mittelschule\/#article","isPartOf":{"@id":"https:\/\/www.muensterschule-hof.de\/wordpress\/ja-ist-denn-schon-wieder-weihnachten-bescherung-an-der-muenster-mittelschule\/"},"author":{"name":"wpadmin","@id":"https:\/\/www.muensterschule-hof.de\/wordpress\/#\/schema\/person\/de58534e4cef400557500dff7aaa25b0"},"headline":"Ja ist denn schon wieder Weihnachten? -Bescherung an der M\u00fcnster-Mittelschule","datePublished":"2024-02-19T09:29:34+00:00","dateModified":"2024-02-19T09:29:36+00:00","mainEntityOfPage":{"@id":"https:\/\/www.muensterschule-hof.de\/wordpress\/ja-ist-denn-schon-wieder-weihnachten-bescherung-an-der-muenster-mittelschule\/"},"wordCount":320,"publisher":{"@id":"https:\/\/www.muensterschule-hof.de\/wordpress\/#organization"},"image":{"@id":"https:\/\/www.muensterschule-hof.de\/wordpress\/ja-ist-denn-schon-wieder-weihnachten-bescherung-an-der-muenster-mittelschule\/#primaryimage"},"thumbnailUrl":"https:\/\/www.muensterschule-hof.de\/wordpress\/wp-content\/uploads\/2024\/02\/Bild3.jpg","keywords":["Weihnachtsmarkt"],"articleSection":["Sch\u00fcler","Unsere Schule"],"inLanguage":"de"},{"@type":"WebPage","@id":"https:\/\/www.muensterschule-hof.de\/wordpress\/ja-ist-denn-schon-wieder-weihnachten-bescherung-an-der-muenster-mittelschule\/","url":"https:\/\/www.muensterschule-hof.de\/wordpress\/ja-ist-denn-schon-wieder-weihnachten-bescherung-an-der-muenster-mittelschule\/","name":"Ja ist denn schon wieder Weihnachten? -Bescherung an der M\u00fcnster-Mittelschule - M\u00fcnsterschule","isPartOf":{"@id":"https:\/\/www.muensterschule-hof.de\/wordpress\/#website"},"primaryImageOfPage":{"@id":"https:\/\/www.muensterschule-hof.de\/wordpress\/ja-ist-denn-schon-wieder-weihnachten-bescherung-an-der-muenster-mittelschule\/#primaryimage"},"image":{"@id":"https:\/\/www.muensterschule-hof.de\/wordpress\/ja-ist-denn-schon-wieder-weihnachten-bescherung-an-der-muenster-mittelschule\/#primaryimage"},"thumbnailUrl":"https:\/\/www.muensterschule-hof.de\/wordpress\/wp-content\/uploads\/2024\/02\/Bild3.jpg","datePublished":"2024-02-19T09:29:34+00:00","dateModified":"2024-02-19T09:29:36+00:00","breadcrumb":{"@id":"https:\/\/www.muensterschule-hof.de\/wordpress\/ja-ist-denn-schon-wieder-weihnachten-bescherung-an-der-muenster-mittelschule\/#breadcrumb"},"inLanguage":"de","potentialAction":[{"@type":"ReadAction","target":["https:\/\/www.muensterschule-hof.de\/wordpress\/ja-ist-denn-schon-wieder-weihnachten-bescherung-an-der-muenster-mittelschule\/"]}]},{"@type":"ImageObject","inLanguage":"de","@id":"https:\/\/www.muensterschule-hof.de\/wordpress\/ja-ist-denn-schon-wieder-weihnachten-bescherung-an-der-muenster-mittelschule\/#primaryimage","url":"https:\/\/www.muensterschule-hof.de\/wordpress\/wp-content\/uploads\/2024\/02\/Bild3.jpg","contentUrl":"https:\/\/www.muensterschule-hof.de\/wordpress\/wp-content\/uploads\/2024\/02\/Bild3.jpg","width":697,"height":523},{"@type":"BreadcrumbList","@id":"https:\/\/www.muensterschule-hof.de\/wordpress\/ja-ist-denn-schon-wieder-weihnachten-bescherung-an-der-muenster-mittelschule\/#breadcrumb","itemListElement":[{"@type":"ListItem","position":1,"name":"Startseite","item":"https:\/\/www.muensterschule-hof.de\/wordpress\/"},{"@type":"ListItem","position":2,"name":"Ja ist denn schon wieder Weihnachten? -Bescherung an der M\u00fcnster-Mittelschule"}]},{"@type":"WebSite","@id":"https:\/\/www.muensterschule-hof.de\/wordpress\/#website","url":"https:\/\/www.muensterschule-hof.de\/wordpress\/","name":"M\u00fcnsterschule","description":"Deine Mittelschule in Hof","publisher":{"@id":"https:\/\/www.muensterschule-hof.de\/wordpress\/#organization"},"alternateName":"MMS Hof","potentialAction":[{"@type":"SearchAction","target":{"@type":"EntryPoint","urlTemplate":"https:\/\/www.muensterschule-hof.de\/wordpress\/?s={search_term_string}"},"query-input":{"@type":"PropertyValueSpecification","valueRequired":true,"valueName":"search_term_string"}}],"inLanguage":"de"},{"@type":"Organization","@id":"https:\/\/www.muensterschule-hof.de\/wordpress\/#organization","name":"M\u00fcnster-Mittelschule Hof","alternateName":"MMS Hof","url":"https:\/\/www.muensterschule-hof.de\/wordpress\/","logo":{"@type":"ImageObject","inLanguage":"de","@id":"https:\/\/www.muensterschule-hof.de\/wordpress\/#\/schema\/logo\/image\/","url":"https:\/\/www.muensterschule-hof.de\/wordpress\/wp-content\/uploads\/2018\/05\/cropped-MMS-Hof-final-1.png","contentUrl":"https:\/\/www.muensterschule-hof.de\/wordpress\/wp-content\/uploads\/2018\/05\/cropped-MMS-Hof-final-1.png","width":512,"height":512,"caption":"M\u00fcnster-Mittelschule Hof"},"image":{"@id":"https:\/\/www.muensterschule-hof.de\/wordpress\/#\/schema\/logo\/image\/"}},{"@type":"Person","@id":"https:\/\/www.muensterschule-hof.de\/wordpress\/#\/schema\/person\/de58534e4cef400557500dff7aaa25b0","name":"wpadmin","image":{"@type":"ImageObject","inLanguage":"de","@id":"https:\/\/secure.gravatar.com\/avatar\/d9cd22045d4ad9ac54235e981c866f9317666429d45f49a3dc409314ab7be359?s=96&d=mm&r=g","url":"https:\/\/secure.gravatar.com\/avatar\/d9cd22045d4ad9ac54235e981c866f9317666429d45f49a3dc409314ab7be359?s=96&d=mm&r=g","contentUrl":"https:\/\/secure.gravatar.com\/avatar\/d9cd22045d4ad9ac54235e981c866f9317666429d45f49a3dc409314ab7be359?s=96&d=mm&r=g","caption":"wpadmin"},"url":"https:\/\/www.muensterschule-hof.de\/wordpress\/author\/wpadmin\/"}]}},"_links":{"self":[{"href":"https:\/\/www.muensterschule-hof.de\/wordpress\/wp-json\/wp\/v2\/posts\/2948","targetHints":{"allow":["GET"]}}],"collection":[{"href":"https:\/\/www.muensterschule-hof.de\/wordpress\/wp-json\/wp\/v2\/posts"}],"about":[{"href":"https:\/\/www.muensterschule-hof.de\/wordpress\/wp-json\/wp\/v2\/types\/post"}],"author":[{"embeddable":true,"href":"https:\/\/www.muensterschule-hof.de\/wordpress\/wp-json\/wp\/v2\/users\/1"}],"replies":[{"embeddable":true,"href":"https:\/\/www.muensterschule-hof.de\/wordpress\/wp-json\/wp\/v2\/comments?post=2948"}],"version-history":[{"count":1,"href":"https:\/\/www.muensterschule-hof.de\/wordpress\/wp-json\/wp\/v2\/posts\/2948\/revisions"}],"predecessor-version":[{"id":2952,"href":"https:\/\/www.muensterschule-hof.de\/wordpress\/wp-json\/wp\/v2\/posts\/2948\/revisions\/2952"}],"wp:featuredmedia":[{"embeddable":true,"href":"https:\/\/www.muensterschule-hof.de\/wordpress\/wp-json\/wp\/v2\/media\/2951"}],"wp:attachment":[{"href":"https:\/\/www.muensterschule-hof.de\/wordpress\/wp-json\/wp\/v2\/media?parent=2948"}],"wp:term":[{"taxonomy":"category","embeddable":true,"href":"https:\/\/www.muensterschule-hof.de\/wordpress\/wp-json\/wp\/v2\/categories?post=2948"},{"taxonomy":"post_tag","embeddable":true,"href":"https:\/\/www.muensterschule-hof.de\/wordpress\/wp-json\/wp\/v2\/tags?post=2948"}],"curies":[{"name":"wp","href":"https:\/\/api.w.org\/{rel}","templated":true}]}}