{"id":3226,"date":"2024-06-20T13:57:49","date_gmt":"2024-06-20T13:57:49","guid":{"rendered":"https:\/\/www.muensterschule-hof.de\/wordpress\/?p=3226"},"modified":"2025-03-24T09:19:57","modified_gmt":"2025-03-24T09:19:57","slug":"fruehstuecksbetreuung-gesucht","status":"publish","type":"post","link":"https:\/\/www.muensterschule-hof.de\/wordpress\/fruehstuecksbetreuung-gesucht\/","title":{"rendered":"Fr\u00fchst\u00fccksbetreuung gesucht"},"content":{"rendered":"\n<p>&#8222;denkbar Schulfr\u00fchst\u00fcck&#8220; sucht eine neue Betreuung.<\/p>\n\n\n\n<div class=\"wp-block-columns is-layout-flex wp-container-core-columns-is-layout-9d6595d7 wp-block-columns-is-layout-flex\">\n<div class=\"wp-block-column is-layout-flow wp-block-column-is-layout-flow\" style=\"flex-basis:100%\">\n<div class=\"wp-block-columns is-layout-flex wp-container-core-columns-is-layout-9d6595d7 wp-block-columns-is-layout-flex\">\n<div class=\"wp-block-column is-layout-flow wp-block-column-is-layout-flow\">\n<figure class=\"wp-block-image size-large is-resized\"><img loading=\"lazy\" decoding=\"async\" width=\"1024\" height=\"713\" src=\"https:\/\/www.muensterschule-hof.de\/wordpress\/wp-content\/uploads\/2024\/06\/IMG_0555-1024x713.jpeg\" alt=\"\" class=\"wp-image-3850\" style=\"width:321px;height:auto\" srcset=\"https:\/\/www.muensterschule-hof.de\/wordpress\/wp-content\/uploads\/2024\/06\/IMG_0555-1024x713.jpeg 1024w, https:\/\/www.muensterschule-hof.de\/wordpress\/wp-content\/uploads\/2024\/06\/IMG_0555.jpeg 1193w\" sizes=\"auto, (max-width: 1024px) 100vw, 1024px\" \/><\/figure>\n<\/div>\n\n\n\n<div class=\"wp-block-column is-layout-flow wp-block-column-is-layout-flow\">\n<p>Wir suchen f\u00fcr unsere Schule eine neue Betreuung ab dem <strong>01.07.2024<\/strong> f\u00fcr das &#8222;denkbar Schulfr\u00fchst\u00fcck&#8220;.<\/p>\n\n\n\n<p>Sie arbeiten gerne mit Kindern und wollen garantieren, dass die Kinder immer ein Fr\u00fchst\u00fcck bekommen? Dann sind Sie genau richtig!<\/p>\n\n\n\n<p>Beginn: 07:00 Uhr &#8211; 07:45 Uhr<\/p>\n\n\n\n<p>Melden Sie sich bei uns!<\/p>\n\n\n\n<p>09281- <strong>8391990<\/strong><\/p>\n<\/div>\n<\/div>\n<\/div>\n<\/div>\n\n\n<div class=\"wp-block-image\">\n<figure class=\"alignright size-large is-resized\"><img decoding=\"async\" src=\"https:\/\/www.wecanhelp.de\/images\/organisation\/logo\/480336003.png?1516830721\" alt=\"\" style=\"width:334px;height:auto\"\/><\/figure>\n<\/div>\n\n\n<p>Bild von <a href=\"https:\/\/pixabay.com\/de\/users\/mr-panda-2044000\/?utm_source=link-attribution&amp;utm_medium=referral&amp;utm_campaign=image&amp;utm_content=3254118\">Dirk Wouters<\/a> auf <a href=\"https:\/\/pixabay.com\/de\/\/?utm_source=link-attribution&amp;utm_medium=referral&amp;utm_campaign=image&amp;utm_content=3254118\">Pixabay<\/a>. <\/p>\n","protected":false},"excerpt":{"rendered":"<p>Betreuung f\u00fcr das &#8222;denkbar Schulfr\u00fchst\u00fcck&#8220; gesucht!<\/p>\n","protected":false},"author":1,"featured_media":3851,"comment_status":"closed","ping_status":"closed","sticky":false,"template":"","format":"standard","meta":{"neve_meta_sidebar":"","neve_meta_container":"","neve_meta_enable_content_width":"","neve_meta_content_width":0,"neve_meta_title_alignment":"","neve_meta_author_avatar":"","neve_post_elements_order":"","neve_meta_disable_header":"","neve_meta_disable_footer":"","neve_meta_disable_title":"","footnotes":""},"categories":[50],"tags":[110,109,108],"class_list":["post-3226","post","type-post","status-publish","format-standard","has-post-thumbnail","hentry","category-aktuelles","tag-betreuung","tag-denkbar","tag-schulfruehstueck"],"yoast_head":"<!-- This site is optimized with the Yoast SEO plugin v27.5 - https:\/\/yoast.com\/product\/yoast-seo-wordpress\/ -->\n<title>Fr\u00fchst\u00fccksbetreuung gesucht - M\u00fcnsterschule<\/title>\n<meta name=\"robots\" content=\"index, follow, max-snippet:-1, max-image-preview:large, max-video-preview:-1\" \/>\n<link rel=\"canonical\" href=\"https:\/\/www.muensterschule-hof.de\/wordpress\/fruehstuecksbetreuung-gesucht\/\" \/>\n<meta property=\"og:locale\" content=\"de_DE\" \/>\n<meta property=\"og:type\" content=\"article\" \/>\n<meta property=\"og:title\" content=\"Fr\u00fchst\u00fccksbetreuung gesucht - M\u00fcnsterschule\" \/>\n<meta property=\"og:description\" content=\"Betreuung f\u00fcr das &quot;denkbar Schulfr\u00fchst\u00fcck&quot; gesucht!\" \/>\n<meta property=\"og:url\" content=\"https:\/\/www.muensterschule-hof.de\/wordpress\/fruehstuecksbetreuung-gesucht\/\" \/>\n<meta property=\"og:site_name\" content=\"M\u00fcnsterschule\" \/>\n<meta property=\"article:published_time\" content=\"2024-06-20T13:57:49+00:00\" \/>\n<meta property=\"article:modified_time\" content=\"2025-03-24T09:19:57+00:00\" \/>\n<meta property=\"og:image\" content=\"https:\/\/www.muensterschule-hof.de\/wordpress\/wp-content\/uploads\/2024\/06\/IMG_0555-1.jpeg\" \/>\n\t<meta property=\"og:image:width\" content=\"1193\" \/>\n\t<meta property=\"og:image:height\" content=\"831\" \/>\n\t<meta property=\"og:image:type\" content=\"image\/jpeg\" \/>\n<meta name=\"author\" content=\"wpadmin\" \/>\n<meta name=\"twitter:card\" content=\"summary_large_image\" \/>\n<meta name=\"twitter:label1\" content=\"Verfasst von\" \/>\n\t<meta name=\"twitter:data1\" content=\"wpadmin\" \/>\n\t<meta name=\"twitter:label2\" content=\"Gesch\u00e4tzte Lesezeit\" \/>\n\t<meta name=\"twitter:data2\" content=\"1\u00a0Minute\" \/>\n<script type=\"application\/ld+json\" class=\"yoast-schema-graph\">{\"@context\":\"https:\\\/\\\/schema.org\",\"@graph\":[{\"@type\":\"Article\",\"@id\":\"https:\\\/\\\/www.muensterschule-hof.de\\\/wordpress\\\/fruehstuecksbetreuung-gesucht\\\/#article\",\"isPartOf\":{\"@id\":\"https:\\\/\\\/www.muensterschule-hof.de\\\/wordpress\\\/fruehstuecksbetreuung-gesucht\\\/\"},\"author\":{\"name\":\"wpadmin\",\"@id\":\"https:\\\/\\\/www.muensterschule-hof.de\\\/wordpress\\\/#\\\/schema\\\/person\\\/de58534e4cef400557500dff7aaa25b0\"},\"headline\":\"Fr\u00fchst\u00fccksbetreuung gesucht\",\"datePublished\":\"2024-06-20T13:57:49+00:00\",\"dateModified\":\"2025-03-24T09:19:57+00:00\",\"mainEntityOfPage\":{\"@id\":\"https:\\\/\\\/www.muensterschule-hof.de\\\/wordpress\\\/fruehstuecksbetreuung-gesucht\\\/\"},\"wordCount\":68,\"publisher\":{\"@id\":\"https:\\\/\\\/www.muensterschule-hof.de\\\/wordpress\\\/#organization\"},\"image\":{\"@id\":\"https:\\\/\\\/www.muensterschule-hof.de\\\/wordpress\\\/fruehstuecksbetreuung-gesucht\\\/#primaryimage\"},\"thumbnailUrl\":\"https:\\\/\\\/www.muensterschule-hof.de\\\/wordpress\\\/wp-content\\\/uploads\\\/2024\\\/06\\\/IMG_0555-1.jpeg\",\"keywords\":[\"Betreuung\",\"denkbar\",\"Schulfr\u00fchst\u00fcck\"],\"articleSection\":[\"Aktuelles\"],\"inLanguage\":\"de\"},{\"@type\":\"WebPage\",\"@id\":\"https:\\\/\\\/www.muensterschule-hof.de\\\/wordpress\\\/fruehstuecksbetreuung-gesucht\\\/\",\"url\":\"https:\\\/\\\/www.muensterschule-hof.de\\\/wordpress\\\/fruehstuecksbetreuung-gesucht\\\/\",\"name\":\"Fr\u00fchst\u00fccksbetreuung gesucht - M\u00fcnsterschule\",\"isPartOf\":{\"@id\":\"https:\\\/\\\/www.muensterschule-hof.de\\\/wordpress\\\/#website\"},\"primaryImageOfPage\":{\"@id\":\"https:\\\/\\\/www.muensterschule-hof.de\\\/wordpress\\\/fruehstuecksbetreuung-gesucht\\\/#primaryimage\"},\"image\":{\"@id\":\"https:\\\/\\\/www.muensterschule-hof.de\\\/wordpress\\\/fruehstuecksbetreuung-gesucht\\\/#primaryimage\"},\"thumbnailUrl\":\"https:\\\/\\\/www.muensterschule-hof.de\\\/wordpress\\\/wp-content\\\/uploads\\\/2024\\\/06\\\/IMG_0555-1.jpeg\",\"datePublished\":\"2024-06-20T13:57:49+00:00\",\"dateModified\":\"2025-03-24T09:19:57+00:00\",\"breadcrumb\":{\"@id\":\"https:\\\/\\\/www.muensterschule-hof.de\\\/wordpress\\\/fruehstuecksbetreuung-gesucht\\\/#breadcrumb\"},\"inLanguage\":\"de\",\"potentialAction\":[{\"@type\":\"ReadAction\",\"target\":[\"https:\\\/\\\/www.muensterschule-hof.de\\\/wordpress\\\/fruehstuecksbetreuung-gesucht\\\/\"]}]},{\"@type\":\"ImageObject\",\"inLanguage\":\"de\",\"@id\":\"https:\\\/\\\/www.muensterschule-hof.de\\\/wordpress\\\/fruehstuecksbetreuung-gesucht\\\/#primaryimage\",\"url\":\"https:\\\/\\\/www.muensterschule-hof.de\\\/wordpress\\\/wp-content\\\/uploads\\\/2024\\\/06\\\/IMG_0555-1.jpeg\",\"contentUrl\":\"https:\\\/\\\/www.muensterschule-hof.de\\\/wordpress\\\/wp-content\\\/uploads\\\/2024\\\/06\\\/IMG_0555-1.jpeg\",\"width\":1193,\"height\":831},{\"@type\":\"BreadcrumbList\",\"@id\":\"https:\\\/\\\/www.muensterschule-hof.de\\\/wordpress\\\/fruehstuecksbetreuung-gesucht\\\/#breadcrumb\",\"itemListElement\":[{\"@type\":\"ListItem\",\"position\":1,\"name\":\"Startseite\",\"item\":\"https:\\\/\\\/www.muensterschule-hof.de\\\/wordpress\\\/\"},{\"@type\":\"ListItem\",\"position\":2,\"name\":\"Fr\u00fchst\u00fccksbetreuung gesucht\"}]},{\"@type\":\"WebSite\",\"@id\":\"https:\\\/\\\/www.muensterschule-hof.de\\\/wordpress\\\/#website\",\"url\":\"https:\\\/\\\/www.muensterschule-hof.de\\\/wordpress\\\/\",\"name\":\"M\u00fcnsterschule\",\"description\":\"Deine Mittelschule in Hof\",\"publisher\":{\"@id\":\"https:\\\/\\\/www.muensterschule-hof.de\\\/wordpress\\\/#organization\"},\"alternateName\":\"MMS Hof\",\"potentialAction\":[{\"@type\":\"SearchAction\",\"target\":{\"@type\":\"EntryPoint\",\"urlTemplate\":\"https:\\\/\\\/www.muensterschule-hof.de\\\/wordpress\\\/?s={search_term_string}\"},\"query-input\":{\"@type\":\"PropertyValueSpecification\",\"valueRequired\":true,\"valueName\":\"search_term_string\"}}],\"inLanguage\":\"de\"},{\"@type\":\"Organization\",\"@id\":\"https:\\\/\\\/www.muensterschule-hof.de\\\/wordpress\\\/#organization\",\"name\":\"M\u00fcnster-Mittelschule Hof\",\"alternateName\":\"MMS Hof\",\"url\":\"https:\\\/\\\/www.muensterschule-hof.de\\\/wordpress\\\/\",\"logo\":{\"@type\":\"ImageObject\",\"inLanguage\":\"de\",\"@id\":\"https:\\\/\\\/www.muensterschule-hof.de\\\/wordpress\\\/#\\\/schema\\\/logo\\\/image\\\/\",\"url\":\"https:\\\/\\\/www.muensterschule-hof.de\\\/wordpress\\\/wp-content\\\/uploads\\\/2018\\\/05\\\/cropped-MMS-Hof-final-1.png\",\"contentUrl\":\"https:\\\/\\\/www.muensterschule-hof.de\\\/wordpress\\\/wp-content\\\/uploads\\\/2018\\\/05\\\/cropped-MMS-Hof-final-1.png\",\"width\":512,\"height\":512,\"caption\":\"M\u00fcnster-Mittelschule Hof\"},\"image\":{\"@id\":\"https:\\\/\\\/www.muensterschule-hof.de\\\/wordpress\\\/#\\\/schema\\\/logo\\\/image\\\/\"}},{\"@type\":\"Person\",\"@id\":\"https:\\\/\\\/www.muensterschule-hof.de\\\/wordpress\\\/#\\\/schema\\\/person\\\/de58534e4cef400557500dff7aaa25b0\",\"name\":\"wpadmin\",\"image\":{\"@type\":\"ImageObject\",\"inLanguage\":\"de\",\"@id\":\"https:\\\/\\\/secure.gravatar.com\\\/avatar\\\/d9cd22045d4ad9ac54235e981c866f9317666429d45f49a3dc409314ab7be359?s=96&d=mm&r=g\",\"url\":\"https:\\\/\\\/secure.gravatar.com\\\/avatar\\\/d9cd22045d4ad9ac54235e981c866f9317666429d45f49a3dc409314ab7be359?s=96&d=mm&r=g\",\"contentUrl\":\"https:\\\/\\\/secure.gravatar.com\\\/avatar\\\/d9cd22045d4ad9ac54235e981c866f9317666429d45f49a3dc409314ab7be359?s=96&d=mm&r=g\",\"caption\":\"wpadmin\"},\"url\":\"https:\\\/\\\/www.muensterschule-hof.de\\\/wordpress\\\/author\\\/wpadmin\\\/\"}]}<\/script>\n<!-- \/ Yoast SEO plugin. -->","yoast_head_json":{"title":"Fr\u00fchst\u00fccksbetreuung gesucht - M\u00fcnsterschule","robots":{"index":"index","follow":"follow","max-snippet":"max-snippet:-1","max-image-preview":"max-image-preview:large","max-video-preview":"max-video-preview:-1"},"canonical":"https:\/\/www.muensterschule-hof.de\/wordpress\/fruehstuecksbetreuung-gesucht\/","og_locale":"de_DE","og_type":"article","og_title":"Fr\u00fchst\u00fccksbetreuung gesucht - M\u00fcnsterschule","og_description":"Betreuung f\u00fcr das \"denkbar Schulfr\u00fchst\u00fcck\" gesucht!","og_url":"https:\/\/www.muensterschule-hof.de\/wordpress\/fruehstuecksbetreuung-gesucht\/","og_site_name":"M\u00fcnsterschule","article_published_time":"2024-06-20T13:57:49+00:00","article_modified_time":"2025-03-24T09:19:57+00:00","og_image":[{"width":1193,"height":831,"url":"https:\/\/www.muensterschule-hof.de\/wordpress\/wp-content\/uploads\/2024\/06\/IMG_0555-1.jpeg","type":"image\/jpeg"}],"author":"wpadmin","twitter_card":"summary_large_image","twitter_misc":{"Verfasst von":"wpadmin","Gesch\u00e4tzte Lesezeit":"1\u00a0Minute"},"schema":{"@context":"https:\/\/schema.org","@graph":[{"@type":"Article","@id":"https:\/\/www.muensterschule-hof.de\/wordpress\/fruehstuecksbetreuung-gesucht\/#article","isPartOf":{"@id":"https:\/\/www.muensterschule-hof.de\/wordpress\/fruehstuecksbetreuung-gesucht\/"},"author":{"name":"wpadmin","@id":"https:\/\/www.muensterschule-hof.de\/wordpress\/#\/schema\/person\/de58534e4cef400557500dff7aaa25b0"},"headline":"Fr\u00fchst\u00fccksbetreuung gesucht","datePublished":"2024-06-20T13:57:49+00:00","dateModified":"2025-03-24T09:19:57+00:00","mainEntityOfPage":{"@id":"https:\/\/www.muensterschule-hof.de\/wordpress\/fruehstuecksbetreuung-gesucht\/"},"wordCount":68,"publisher":{"@id":"https:\/\/www.muensterschule-hof.de\/wordpress\/#organization"},"image":{"@id":"https:\/\/www.muensterschule-hof.de\/wordpress\/fruehstuecksbetreuung-gesucht\/#primaryimage"},"thumbnailUrl":"https:\/\/www.muensterschule-hof.de\/wordpress\/wp-content\/uploads\/2024\/06\/IMG_0555-1.jpeg","keywords":["Betreuung","denkbar","Schulfr\u00fchst\u00fcck"],"articleSection":["Aktuelles"],"inLanguage":"de"},{"@type":"WebPage","@id":"https:\/\/www.muensterschule-hof.de\/wordpress\/fruehstuecksbetreuung-gesucht\/","url":"https:\/\/www.muensterschule-hof.de\/wordpress\/fruehstuecksbetreuung-gesucht\/","name":"Fr\u00fchst\u00fccksbetreuung gesucht - M\u00fcnsterschule","isPartOf":{"@id":"https:\/\/www.muensterschule-hof.de\/wordpress\/#website"},"primaryImageOfPage":{"@id":"https:\/\/www.muensterschule-hof.de\/wordpress\/fruehstuecksbetreuung-gesucht\/#primaryimage"},"image":{"@id":"https:\/\/www.muensterschule-hof.de\/wordpress\/fruehstuecksbetreuung-gesucht\/#primaryimage"},"thumbnailUrl":"https:\/\/www.muensterschule-hof.de\/wordpress\/wp-content\/uploads\/2024\/06\/IMG_0555-1.jpeg","datePublished":"2024-06-20T13:57:49+00:00","dateModified":"2025-03-24T09:19:57+00:00","breadcrumb":{"@id":"https:\/\/www.muensterschule-hof.de\/wordpress\/fruehstuecksbetreuung-gesucht\/#breadcrumb"},"inLanguage":"de","potentialAction":[{"@type":"ReadAction","target":["https:\/\/www.muensterschule-hof.de\/wordpress\/fruehstuecksbetreuung-gesucht\/"]}]},{"@type":"ImageObject","inLanguage":"de","@id":"https:\/\/www.muensterschule-hof.de\/wordpress\/fruehstuecksbetreuung-gesucht\/#primaryimage","url":"https:\/\/www.muensterschule-hof.de\/wordpress\/wp-content\/uploads\/2024\/06\/IMG_0555-1.jpeg","contentUrl":"https:\/\/www.muensterschule-hof.de\/wordpress\/wp-content\/uploads\/2024\/06\/IMG_0555-1.jpeg","width":1193,"height":831},{"@type":"BreadcrumbList","@id":"https:\/\/www.muensterschule-hof.de\/wordpress\/fruehstuecksbetreuung-gesucht\/#breadcrumb","itemListElement":[{"@type":"ListItem","position":1,"name":"Startseite","item":"https:\/\/www.muensterschule-hof.de\/wordpress\/"},{"@type":"ListItem","position":2,"name":"Fr\u00fchst\u00fccksbetreuung gesucht"}]},{"@type":"WebSite","@id":"https:\/\/www.muensterschule-hof.de\/wordpress\/#website","url":"https:\/\/www.muensterschule-hof.de\/wordpress\/","name":"M\u00fcnsterschule","description":"Deine Mittelschule in Hof","publisher":{"@id":"https:\/\/www.muensterschule-hof.de\/wordpress\/#organization"},"alternateName":"MMS Hof","potentialAction":[{"@type":"SearchAction","target":{"@type":"EntryPoint","urlTemplate":"https:\/\/www.muensterschule-hof.de\/wordpress\/?s={search_term_string}"},"query-input":{"@type":"PropertyValueSpecification","valueRequired":true,"valueName":"search_term_string"}}],"inLanguage":"de"},{"@type":"Organization","@id":"https:\/\/www.muensterschule-hof.de\/wordpress\/#organization","name":"M\u00fcnster-Mittelschule Hof","alternateName":"MMS Hof","url":"https:\/\/www.muensterschule-hof.de\/wordpress\/","logo":{"@type":"ImageObject","inLanguage":"de","@id":"https:\/\/www.muensterschule-hof.de\/wordpress\/#\/schema\/logo\/image\/","url":"https:\/\/www.muensterschule-hof.de\/wordpress\/wp-content\/uploads\/2018\/05\/cropped-MMS-Hof-final-1.png","contentUrl":"https:\/\/www.muensterschule-hof.de\/wordpress\/wp-content\/uploads\/2018\/05\/cropped-MMS-Hof-final-1.png","width":512,"height":512,"caption":"M\u00fcnster-Mittelschule Hof"},"image":{"@id":"https:\/\/www.muensterschule-hof.de\/wordpress\/#\/schema\/logo\/image\/"}},{"@type":"Person","@id":"https:\/\/www.muensterschule-hof.de\/wordpress\/#\/schema\/person\/de58534e4cef400557500dff7aaa25b0","name":"wpadmin","image":{"@type":"ImageObject","inLanguage":"de","@id":"https:\/\/secure.gravatar.com\/avatar\/d9cd22045d4ad9ac54235e981c866f9317666429d45f49a3dc409314ab7be359?s=96&d=mm&r=g","url":"https:\/\/secure.gravatar.com\/avatar\/d9cd22045d4ad9ac54235e981c866f9317666429d45f49a3dc409314ab7be359?s=96&d=mm&r=g","contentUrl":"https:\/\/secure.gravatar.com\/avatar\/d9cd22045d4ad9ac54235e981c866f9317666429d45f49a3dc409314ab7be359?s=96&d=mm&r=g","caption":"wpadmin"},"url":"https:\/\/www.muensterschule-hof.de\/wordpress\/author\/wpadmin\/"}]}},"_links":{"self":[{"href":"https:\/\/www.muensterschule-hof.de\/wordpress\/wp-json\/wp\/v2\/posts\/3226","targetHints":{"allow":["GET"]}}],"collection":[{"href":"https:\/\/www.muensterschule-hof.de\/wordpress\/wp-json\/wp\/v2\/posts"}],"about":[{"href":"https:\/\/www.muensterschule-hof.de\/wordpress\/wp-json\/wp\/v2\/types\/post"}],"author":[{"embeddable":true,"href":"https:\/\/www.muensterschule-hof.de\/wordpress\/wp-json\/wp\/v2\/users\/1"}],"replies":[{"embeddable":true,"href":"https:\/\/www.muensterschule-hof.de\/wordpress\/wp-json\/wp\/v2\/comments?post=3226"}],"version-history":[{"count":2,"href":"https:\/\/www.muensterschule-hof.de\/wordpress\/wp-json\/wp\/v2\/posts\/3226\/revisions"}],"predecessor-version":[{"id":3852,"href":"https:\/\/www.muensterschule-hof.de\/wordpress\/wp-json\/wp\/v2\/posts\/3226\/revisions\/3852"}],"wp:featuredmedia":[{"embeddable":true,"href":"https:\/\/www.muensterschule-hof.de\/wordpress\/wp-json\/wp\/v2\/media\/3851"}],"wp:attachment":[{"href":"https:\/\/www.muensterschule-hof.de\/wordpress\/wp-json\/wp\/v2\/media?parent=3226"}],"wp:term":[{"taxonomy":"category","embeddable":true,"href":"https:\/\/www.muensterschule-hof.de\/wordpress\/wp-json\/wp\/v2\/categories?post=3226"},{"taxonomy":"post_tag","embeddable":true,"href":"https:\/\/www.muensterschule-hof.de\/wordpress\/wp-json\/wp\/v2\/tags?post=3226"}],"curies":[{"name":"wp","href":"https:\/\/api.w.org\/{rel}","templated":true}]}}