{"id":3306,"date":"2024-08-09T11:07:17","date_gmt":"2024-08-09T11:07:17","guid":{"rendered":"https:\/\/www.muensterschule-hof.de\/wordpress\/?p=3306"},"modified":"2025-03-24T09:10:45","modified_gmt":"2025-03-24T09:10:45","slug":"schuljahresende-2023-2024","status":"publish","type":"post","link":"https:\/\/www.muensterschule-hof.de\/wordpress\/schuljahresende-2023-2024\/","title":{"rendered":"Schuljahresende 2023\/2024           Schulstart 2024\/2025 am Dienstag 10.09.2024"},"content":{"rendered":"\n<p><strong>Juhuuuuuuu!<\/strong> <strong>Wir haben es geschafft!<\/strong><\/p>\n\n\n\n<figure class=\"wp-block-image size-full\"><img loading=\"lazy\" decoding=\"async\" width=\"849\" height=\"480\" src=\"https:\/\/www.muensterschule-hof.de\/wordpress\/wp-content\/uploads\/2024\/08\/Bild2.jpg\" alt=\"\" class=\"wp-image-3307\"\/><\/figure>\n\n\n\n<p>Liebe Sch\u00fclerinnen und Sch\u00fcler, liebe Eltern, liebe Mitglieder der Schulfamilie,&nbsp;&nbsp;&nbsp;<\/p>\n\n\n\n<p>zun\u00e4chst einmal m\u00f6chten wir uns ganz herzlich bei unserer allseits gesch\u00e4tzten Frau Fichtner f\u00fcr die vielf\u00e4ltigen Beitr\u00e4ge und die gelungene Darstellung dieses Jahresberichts bedanken.&nbsp;&nbsp;<\/p>\n\n\n\n<p>Viele neue Ideen, Aktionen und Projekte haben in diesem Schuljahr dazu beigetragen, das Miteinander in den einzelnen Klassen und f\u00fcr die gesamte Schulfamilie zu f\u00f6rdern und positiv voranzutreiben.&nbsp;&nbsp;<\/p>\n\n\n\n<p>Auch wenn es manche Situationen gab, die schwierig waren, in denen es zu Streit und zu Auseinandersetzungen kam, haben wir doch immer wieder nach L\u00f6sungen und Strategien gesucht, um gemeinsam positiv nach vorne zu blicken.&nbsp;&nbsp;<\/p>\n\n\n\n<p>Eine besondere Erw\u00e4hnung sollen an dieser Stelle auch die guten Ergebnisse unserer Abschlusssch\u00fclerinnen und -sch\u00fcler finden, denen wir auf diesem Weg herzlich gratulieren und ganz viel Zuversicht, Selbstvertrauen und Engagement f\u00fcr die Zukunft w\u00fcnschen. Wir werden euch vermissen!&nbsp;&nbsp;<\/p>\n\n\n\n<div class=\"wp-block-columns is-layout-flex wp-container-core-columns-is-layout-9d6595d7 wp-block-columns-is-layout-flex\">\n<div class=\"wp-block-column is-layout-flow wp-block-column-is-layout-flow\" style=\"flex-basis:50%\">\n<p><\/p>\n\n\n\n<p><\/p>\n\n\n\n<p class=\"has-text-align-center\">Zu guter Letzt w\u00fcnschen wir sowohl allen Mitgliedern unserer Schulfamilie als auch allen F\u00f6rderern und Unterst\u00fctzern sch\u00f6ne Sommerferien und gute Erholung!&nbsp;&nbsp;<\/p>\n<\/div>\n<\/div>\n\n\n\n<p>Wir freuen uns auf unser n\u00e4chstes gemeinsames Schuljahr!<\/p>\n\n\n\n<p><strong>Herzliche Gr\u00fc\u00dfe vom Schulleitungsteam der M\u00fcnsterschule<\/strong><\/p>\n\n\n\n<div class=\"wp-block-columns is-layout-flex wp-container-core-columns-is-layout-9d6595d7 wp-block-columns-is-layout-flex\">\n<div class=\"wp-block-column is-layout-flow wp-block-column-is-layout-flow\" style=\"flex-basis:66.66%\">\n<p><\/p>\n\n\n\n<h2 class=\"wp-block-heading\">Das neue Schuljahr 2024\/2025 beginnt am Dienstag den 10.09.2024<\/h2>\n<\/div>\n<\/div>\n\n\n\n<div class=\"wp-block-columns is-layout-flex wp-container-core-columns-is-layout-9d6595d7 wp-block-columns-is-layout-flex\">\n<div class=\"wp-block-column is-layout-flow wp-block-column-is-layout-flow\">\n<p>Bild von <a href=\"https:\/\/pixabay.com\/de\/users\/bytrangle-6596164\/?utm_source=link-attribution&amp;utm_medium=referral&amp;utm_campaign=image&amp;utm_content=3121393\">Trang Le<\/a> auf <a href=\"https:\/\/pixabay.com\/de\/\/?utm_source=link-attribution&amp;utm_medium=referral&amp;utm_campaign=image&amp;utm_content=3121393\">Pixabay<\/a><\/p>\n<\/div>\n\n\n\n<div class=\"wp-block-column is-layout-flow wp-block-column-is-layout-flow\"><\/div>\n<\/div>\n","protected":false},"excerpt":{"rendered":"<p>das Schuljahr 2023\/2024 ist nun zu Ende. Wir freuen uns auf unser n\u00e4chstes gemeinsames Schuljahr 2024\/2025.<br \/>\nHerzliche Gr\u00fc\u00dfe vom Schulleitungsteam der M\u00fcnsterschule.<\/p>\n<p>Erinnerung:<br \/>\nERSTER SCHULTAG am Dienstag 10.09.2024<\/p>\n","protected":false},"author":1,"featured_media":3842,"comment_status":"closed","ping_status":"closed","sticky":false,"template":"","format":"standard","meta":{"neve_meta_sidebar":"","neve_meta_container":"","neve_meta_enable_content_width":"","neve_meta_content_width":0,"neve_meta_title_alignment":"","neve_meta_author_avatar":"","neve_post_elements_order":"","neve_meta_disable_header":"","neve_meta_disable_footer":"","neve_meta_disable_title":"","footnotes":""},"categories":[50,5,4,1],"tags":[128,127,126,125],"class_list":["post-3306","post","type-post","status-publish","format-standard","has-post-thumbnail","hentry","category-aktuelles","category-eltern","category-schueler","category-uncategorized","tag-2023-2024","tag-2024-2025","tag-schuljahresanfang","tag-schuljahresende"],"yoast_head":"<!-- This site is optimized with the Yoast SEO plugin v27.5 - https:\/\/yoast.com\/product\/yoast-seo-wordpress\/ -->\n<title>Schuljahresende 2023\/2024      Schulstart 2024\/2025 am Dienstag 10.09.2024 - M\u00fcnsterschule<\/title>\n<meta name=\"robots\" content=\"index, follow, max-snippet:-1, max-image-preview:large, max-video-preview:-1\" \/>\n<link rel=\"canonical\" href=\"https:\/\/www.muensterschule-hof.de\/wordpress\/schuljahresende-2023-2024\/\" \/>\n<meta property=\"og:locale\" content=\"de_DE\" \/>\n<meta property=\"og:type\" content=\"article\" \/>\n<meta property=\"og:title\" content=\"Schuljahresende 2023\/2024      Schulstart 2024\/2025 am Dienstag 10.09.2024 - M\u00fcnsterschule\" \/>\n<meta property=\"og:description\" content=\"das Schuljahr 2023\/2024 ist nun zu Ende. Wir freuen uns auf unser n\u00e4chstes gemeinsames Schuljahr 2024\/2025. Herzliche Gr\u00fc\u00dfe vom Schulleitungsteam der M\u00fcnsterschule. Erinnerung: ERSTER SCHULTAG am Dienstag 10.09.2024\" \/>\n<meta property=\"og:url\" content=\"https:\/\/www.muensterschule-hof.de\/wordpress\/schuljahresende-2023-2024\/\" \/>\n<meta property=\"og:site_name\" content=\"M\u00fcnsterschule\" \/>\n<meta property=\"article:published_time\" content=\"2024-08-09T11:07:17+00:00\" \/>\n<meta property=\"article:modified_time\" content=\"2025-03-24T09:10:45+00:00\" \/>\n<meta property=\"og:image\" content=\"https:\/\/www.muensterschule-hof.de\/wordpress\/wp-content\/uploads\/2024\/08\/IMG_0553.jpeg\" \/>\n\t<meta property=\"og:image:width\" content=\"1151\" \/>\n\t<meta property=\"og:image:height\" content=\"829\" \/>\n\t<meta property=\"og:image:type\" content=\"image\/jpeg\" \/>\n<meta name=\"author\" content=\"wpadmin\" \/>\n<meta name=\"twitter:card\" content=\"summary_large_image\" \/>\n<meta name=\"twitter:label1\" content=\"Verfasst von\" \/>\n\t<meta name=\"twitter:data1\" content=\"wpadmin\" \/>\n\t<meta name=\"twitter:label2\" content=\"Gesch\u00e4tzte Lesezeit\" \/>\n\t<meta name=\"twitter:data2\" content=\"2\u00a0Minuten\" \/>\n<script type=\"application\/ld+json\" class=\"yoast-schema-graph\">{\"@context\":\"https:\\\/\\\/schema.org\",\"@graph\":[{\"@type\":\"Article\",\"@id\":\"https:\\\/\\\/www.muensterschule-hof.de\\\/wordpress\\\/schuljahresende-2023-2024\\\/#article\",\"isPartOf\":{\"@id\":\"https:\\\/\\\/www.muensterschule-hof.de\\\/wordpress\\\/schuljahresende-2023-2024\\\/\"},\"author\":{\"name\":\"wpadmin\",\"@id\":\"https:\\\/\\\/www.muensterschule-hof.de\\\/wordpress\\\/#\\\/schema\\\/person\\\/de58534e4cef400557500dff7aaa25b0\"},\"headline\":\"Schuljahresende 2023\\\/2024 Schulstart 2024\\\/2025 am Dienstag 10.09.2024\",\"datePublished\":\"2024-08-09T11:07:17+00:00\",\"dateModified\":\"2025-03-24T09:10:45+00:00\",\"mainEntityOfPage\":{\"@id\":\"https:\\\/\\\/www.muensterschule-hof.de\\\/wordpress\\\/schuljahresende-2023-2024\\\/\"},\"wordCount\":228,\"publisher\":{\"@id\":\"https:\\\/\\\/www.muensterschule-hof.de\\\/wordpress\\\/#organization\"},\"image\":{\"@id\":\"https:\\\/\\\/www.muensterschule-hof.de\\\/wordpress\\\/schuljahresende-2023-2024\\\/#primaryimage\"},\"thumbnailUrl\":\"https:\\\/\\\/www.muensterschule-hof.de\\\/wordpress\\\/wp-content\\\/uploads\\\/2024\\\/08\\\/IMG_0553.jpeg\",\"keywords\":[\"2023\\\/2024\",\"2024\\\/2025\",\"Schuljahresanfang\",\"Schuljahresende\"],\"articleSection\":[\"Aktuelles\",\"Eltern\",\"Sch\u00fcler\",\"Uncategorized\"],\"inLanguage\":\"de\"},{\"@type\":\"WebPage\",\"@id\":\"https:\\\/\\\/www.muensterschule-hof.de\\\/wordpress\\\/schuljahresende-2023-2024\\\/\",\"url\":\"https:\\\/\\\/www.muensterschule-hof.de\\\/wordpress\\\/schuljahresende-2023-2024\\\/\",\"name\":\"Schuljahresende 2023\\\/2024 Schulstart 2024\\\/2025 am Dienstag 10.09.2024 - M\u00fcnsterschule\",\"isPartOf\":{\"@id\":\"https:\\\/\\\/www.muensterschule-hof.de\\\/wordpress\\\/#website\"},\"primaryImageOfPage\":{\"@id\":\"https:\\\/\\\/www.muensterschule-hof.de\\\/wordpress\\\/schuljahresende-2023-2024\\\/#primaryimage\"},\"image\":{\"@id\":\"https:\\\/\\\/www.muensterschule-hof.de\\\/wordpress\\\/schuljahresende-2023-2024\\\/#primaryimage\"},\"thumbnailUrl\":\"https:\\\/\\\/www.muensterschule-hof.de\\\/wordpress\\\/wp-content\\\/uploads\\\/2024\\\/08\\\/IMG_0553.jpeg\",\"datePublished\":\"2024-08-09T11:07:17+00:00\",\"dateModified\":\"2025-03-24T09:10:45+00:00\",\"breadcrumb\":{\"@id\":\"https:\\\/\\\/www.muensterschule-hof.de\\\/wordpress\\\/schuljahresende-2023-2024\\\/#breadcrumb\"},\"inLanguage\":\"de\",\"potentialAction\":[{\"@type\":\"ReadAction\",\"target\":[\"https:\\\/\\\/www.muensterschule-hof.de\\\/wordpress\\\/schuljahresende-2023-2024\\\/\"]}]},{\"@type\":\"ImageObject\",\"inLanguage\":\"de\",\"@id\":\"https:\\\/\\\/www.muensterschule-hof.de\\\/wordpress\\\/schuljahresende-2023-2024\\\/#primaryimage\",\"url\":\"https:\\\/\\\/www.muensterschule-hof.de\\\/wordpress\\\/wp-content\\\/uploads\\\/2024\\\/08\\\/IMG_0553.jpeg\",\"contentUrl\":\"https:\\\/\\\/www.muensterschule-hof.de\\\/wordpress\\\/wp-content\\\/uploads\\\/2024\\\/08\\\/IMG_0553.jpeg\",\"width\":1151,\"height\":829},{\"@type\":\"BreadcrumbList\",\"@id\":\"https:\\\/\\\/www.muensterschule-hof.de\\\/wordpress\\\/schuljahresende-2023-2024\\\/#breadcrumb\",\"itemListElement\":[{\"@type\":\"ListItem\",\"position\":1,\"name\":\"Startseite\",\"item\":\"https:\\\/\\\/www.muensterschule-hof.de\\\/wordpress\\\/\"},{\"@type\":\"ListItem\",\"position\":2,\"name\":\"Schuljahresende 2023\\\/2024 Schulstart 2024\\\/2025 am Dienstag 10.09.2024\"}]},{\"@type\":\"WebSite\",\"@id\":\"https:\\\/\\\/www.muensterschule-hof.de\\\/wordpress\\\/#website\",\"url\":\"https:\\\/\\\/www.muensterschule-hof.de\\\/wordpress\\\/\",\"name\":\"M\u00fcnsterschule\",\"description\":\"Deine Mittelschule in Hof\",\"publisher\":{\"@id\":\"https:\\\/\\\/www.muensterschule-hof.de\\\/wordpress\\\/#organization\"},\"alternateName\":\"MMS Hof\",\"potentialAction\":[{\"@type\":\"SearchAction\",\"target\":{\"@type\":\"EntryPoint\",\"urlTemplate\":\"https:\\\/\\\/www.muensterschule-hof.de\\\/wordpress\\\/?s={search_term_string}\"},\"query-input\":{\"@type\":\"PropertyValueSpecification\",\"valueRequired\":true,\"valueName\":\"search_term_string\"}}],\"inLanguage\":\"de\"},{\"@type\":\"Organization\",\"@id\":\"https:\\\/\\\/www.muensterschule-hof.de\\\/wordpress\\\/#organization\",\"name\":\"M\u00fcnster-Mittelschule Hof\",\"alternateName\":\"MMS Hof\",\"url\":\"https:\\\/\\\/www.muensterschule-hof.de\\\/wordpress\\\/\",\"logo\":{\"@type\":\"ImageObject\",\"inLanguage\":\"de\",\"@id\":\"https:\\\/\\\/www.muensterschule-hof.de\\\/wordpress\\\/#\\\/schema\\\/logo\\\/image\\\/\",\"url\":\"https:\\\/\\\/www.muensterschule-hof.de\\\/wordpress\\\/wp-content\\\/uploads\\\/2018\\\/05\\\/cropped-MMS-Hof-final-1.png\",\"contentUrl\":\"https:\\\/\\\/www.muensterschule-hof.de\\\/wordpress\\\/wp-content\\\/uploads\\\/2018\\\/05\\\/cropped-MMS-Hof-final-1.png\",\"width\":512,\"height\":512,\"caption\":\"M\u00fcnster-Mittelschule Hof\"},\"image\":{\"@id\":\"https:\\\/\\\/www.muensterschule-hof.de\\\/wordpress\\\/#\\\/schema\\\/logo\\\/image\\\/\"}},{\"@type\":\"Person\",\"@id\":\"https:\\\/\\\/www.muensterschule-hof.de\\\/wordpress\\\/#\\\/schema\\\/person\\\/de58534e4cef400557500dff7aaa25b0\",\"name\":\"wpadmin\",\"image\":{\"@type\":\"ImageObject\",\"inLanguage\":\"de\",\"@id\":\"https:\\\/\\\/secure.gravatar.com\\\/avatar\\\/d9cd22045d4ad9ac54235e981c866f9317666429d45f49a3dc409314ab7be359?s=96&d=mm&r=g\",\"url\":\"https:\\\/\\\/secure.gravatar.com\\\/avatar\\\/d9cd22045d4ad9ac54235e981c866f9317666429d45f49a3dc409314ab7be359?s=96&d=mm&r=g\",\"contentUrl\":\"https:\\\/\\\/secure.gravatar.com\\\/avatar\\\/d9cd22045d4ad9ac54235e981c866f9317666429d45f49a3dc409314ab7be359?s=96&d=mm&r=g\",\"caption\":\"wpadmin\"},\"url\":\"https:\\\/\\\/www.muensterschule-hof.de\\\/wordpress\\\/author\\\/wpadmin\\\/\"}]}<\/script>\n<!-- \/ Yoast SEO plugin. -->","yoast_head_json":{"title":"Schuljahresende 2023\/2024      Schulstart 2024\/2025 am Dienstag 10.09.2024 - M\u00fcnsterschule","robots":{"index":"index","follow":"follow","max-snippet":"max-snippet:-1","max-image-preview":"max-image-preview:large","max-video-preview":"max-video-preview:-1"},"canonical":"https:\/\/www.muensterschule-hof.de\/wordpress\/schuljahresende-2023-2024\/","og_locale":"de_DE","og_type":"article","og_title":"Schuljahresende 2023\/2024      Schulstart 2024\/2025 am Dienstag 10.09.2024 - M\u00fcnsterschule","og_description":"das Schuljahr 2023\/2024 ist nun zu Ende. Wir freuen uns auf unser n\u00e4chstes gemeinsames Schuljahr 2024\/2025. Herzliche Gr\u00fc\u00dfe vom Schulleitungsteam der M\u00fcnsterschule. Erinnerung: ERSTER SCHULTAG am Dienstag 10.09.2024","og_url":"https:\/\/www.muensterschule-hof.de\/wordpress\/schuljahresende-2023-2024\/","og_site_name":"M\u00fcnsterschule","article_published_time":"2024-08-09T11:07:17+00:00","article_modified_time":"2025-03-24T09:10:45+00:00","og_image":[{"width":1151,"height":829,"url":"https:\/\/www.muensterschule-hof.de\/wordpress\/wp-content\/uploads\/2024\/08\/IMG_0553.jpeg","type":"image\/jpeg"}],"author":"wpadmin","twitter_card":"summary_large_image","twitter_misc":{"Verfasst von":"wpadmin","Gesch\u00e4tzte Lesezeit":"2\u00a0Minuten"},"schema":{"@context":"https:\/\/schema.org","@graph":[{"@type":"Article","@id":"https:\/\/www.muensterschule-hof.de\/wordpress\/schuljahresende-2023-2024\/#article","isPartOf":{"@id":"https:\/\/www.muensterschule-hof.de\/wordpress\/schuljahresende-2023-2024\/"},"author":{"name":"wpadmin","@id":"https:\/\/www.muensterschule-hof.de\/wordpress\/#\/schema\/person\/de58534e4cef400557500dff7aaa25b0"},"headline":"Schuljahresende 2023\/2024 Schulstart 2024\/2025 am Dienstag 10.09.2024","datePublished":"2024-08-09T11:07:17+00:00","dateModified":"2025-03-24T09:10:45+00:00","mainEntityOfPage":{"@id":"https:\/\/www.muensterschule-hof.de\/wordpress\/schuljahresende-2023-2024\/"},"wordCount":228,"publisher":{"@id":"https:\/\/www.muensterschule-hof.de\/wordpress\/#organization"},"image":{"@id":"https:\/\/www.muensterschule-hof.de\/wordpress\/schuljahresende-2023-2024\/#primaryimage"},"thumbnailUrl":"https:\/\/www.muensterschule-hof.de\/wordpress\/wp-content\/uploads\/2024\/08\/IMG_0553.jpeg","keywords":["2023\/2024","2024\/2025","Schuljahresanfang","Schuljahresende"],"articleSection":["Aktuelles","Eltern","Sch\u00fcler","Uncategorized"],"inLanguage":"de"},{"@type":"WebPage","@id":"https:\/\/www.muensterschule-hof.de\/wordpress\/schuljahresende-2023-2024\/","url":"https:\/\/www.muensterschule-hof.de\/wordpress\/schuljahresende-2023-2024\/","name":"Schuljahresende 2023\/2024 Schulstart 2024\/2025 am Dienstag 10.09.2024 - M\u00fcnsterschule","isPartOf":{"@id":"https:\/\/www.muensterschule-hof.de\/wordpress\/#website"},"primaryImageOfPage":{"@id":"https:\/\/www.muensterschule-hof.de\/wordpress\/schuljahresende-2023-2024\/#primaryimage"},"image":{"@id":"https:\/\/www.muensterschule-hof.de\/wordpress\/schuljahresende-2023-2024\/#primaryimage"},"thumbnailUrl":"https:\/\/www.muensterschule-hof.de\/wordpress\/wp-content\/uploads\/2024\/08\/IMG_0553.jpeg","datePublished":"2024-08-09T11:07:17+00:00","dateModified":"2025-03-24T09:10:45+00:00","breadcrumb":{"@id":"https:\/\/www.muensterschule-hof.de\/wordpress\/schuljahresende-2023-2024\/#breadcrumb"},"inLanguage":"de","potentialAction":[{"@type":"ReadAction","target":["https:\/\/www.muensterschule-hof.de\/wordpress\/schuljahresende-2023-2024\/"]}]},{"@type":"ImageObject","inLanguage":"de","@id":"https:\/\/www.muensterschule-hof.de\/wordpress\/schuljahresende-2023-2024\/#primaryimage","url":"https:\/\/www.muensterschule-hof.de\/wordpress\/wp-content\/uploads\/2024\/08\/IMG_0553.jpeg","contentUrl":"https:\/\/www.muensterschule-hof.de\/wordpress\/wp-content\/uploads\/2024\/08\/IMG_0553.jpeg","width":1151,"height":829},{"@type":"BreadcrumbList","@id":"https:\/\/www.muensterschule-hof.de\/wordpress\/schuljahresende-2023-2024\/#breadcrumb","itemListElement":[{"@type":"ListItem","position":1,"name":"Startseite","item":"https:\/\/www.muensterschule-hof.de\/wordpress\/"},{"@type":"ListItem","position":2,"name":"Schuljahresende 2023\/2024 Schulstart 2024\/2025 am Dienstag 10.09.2024"}]},{"@type":"WebSite","@id":"https:\/\/www.muensterschule-hof.de\/wordpress\/#website","url":"https:\/\/www.muensterschule-hof.de\/wordpress\/","name":"M\u00fcnsterschule","description":"Deine Mittelschule in Hof","publisher":{"@id":"https:\/\/www.muensterschule-hof.de\/wordpress\/#organization"},"alternateName":"MMS Hof","potentialAction":[{"@type":"SearchAction","target":{"@type":"EntryPoint","urlTemplate":"https:\/\/www.muensterschule-hof.de\/wordpress\/?s={search_term_string}"},"query-input":{"@type":"PropertyValueSpecification","valueRequired":true,"valueName":"search_term_string"}}],"inLanguage":"de"},{"@type":"Organization","@id":"https:\/\/www.muensterschule-hof.de\/wordpress\/#organization","name":"M\u00fcnster-Mittelschule Hof","alternateName":"MMS Hof","url":"https:\/\/www.muensterschule-hof.de\/wordpress\/","logo":{"@type":"ImageObject","inLanguage":"de","@id":"https:\/\/www.muensterschule-hof.de\/wordpress\/#\/schema\/logo\/image\/","url":"https:\/\/www.muensterschule-hof.de\/wordpress\/wp-content\/uploads\/2018\/05\/cropped-MMS-Hof-final-1.png","contentUrl":"https:\/\/www.muensterschule-hof.de\/wordpress\/wp-content\/uploads\/2018\/05\/cropped-MMS-Hof-final-1.png","width":512,"height":512,"caption":"M\u00fcnster-Mittelschule Hof"},"image":{"@id":"https:\/\/www.muensterschule-hof.de\/wordpress\/#\/schema\/logo\/image\/"}},{"@type":"Person","@id":"https:\/\/www.muensterschule-hof.de\/wordpress\/#\/schema\/person\/de58534e4cef400557500dff7aaa25b0","name":"wpadmin","image":{"@type":"ImageObject","inLanguage":"de","@id":"https:\/\/secure.gravatar.com\/avatar\/d9cd22045d4ad9ac54235e981c866f9317666429d45f49a3dc409314ab7be359?s=96&d=mm&r=g","url":"https:\/\/secure.gravatar.com\/avatar\/d9cd22045d4ad9ac54235e981c866f9317666429d45f49a3dc409314ab7be359?s=96&d=mm&r=g","contentUrl":"https:\/\/secure.gravatar.com\/avatar\/d9cd22045d4ad9ac54235e981c866f9317666429d45f49a3dc409314ab7be359?s=96&d=mm&r=g","caption":"wpadmin"},"url":"https:\/\/www.muensterschule-hof.de\/wordpress\/author\/wpadmin\/"}]}},"_links":{"self":[{"href":"https:\/\/www.muensterschule-hof.de\/wordpress\/wp-json\/wp\/v2\/posts\/3306","targetHints":{"allow":["GET"]}}],"collection":[{"href":"https:\/\/www.muensterschule-hof.de\/wordpress\/wp-json\/wp\/v2\/posts"}],"about":[{"href":"https:\/\/www.muensterschule-hof.de\/wordpress\/wp-json\/wp\/v2\/types\/post"}],"author":[{"embeddable":true,"href":"https:\/\/www.muensterschule-hof.de\/wordpress\/wp-json\/wp\/v2\/users\/1"}],"replies":[{"embeddable":true,"href":"https:\/\/www.muensterschule-hof.de\/wordpress\/wp-json\/wp\/v2\/comments?post=3306"}],"version-history":[{"count":6,"href":"https:\/\/www.muensterschule-hof.de\/wordpress\/wp-json\/wp\/v2\/posts\/3306\/revisions"}],"predecessor-version":[{"id":3844,"href":"https:\/\/www.muensterschule-hof.de\/wordpress\/wp-json\/wp\/v2\/posts\/3306\/revisions\/3844"}],"wp:featuredmedia":[{"embeddable":true,"href":"https:\/\/www.muensterschule-hof.de\/wordpress\/wp-json\/wp\/v2\/media\/3842"}],"wp:attachment":[{"href":"https:\/\/www.muensterschule-hof.de\/wordpress\/wp-json\/wp\/v2\/media?parent=3306"}],"wp:term":[{"taxonomy":"category","embeddable":true,"href":"https:\/\/www.muensterschule-hof.de\/wordpress\/wp-json\/wp\/v2\/categories?post=3306"},{"taxonomy":"post_tag","embeddable":true,"href":"https:\/\/www.muensterschule-hof.de\/wordpress\/wp-json\/wp\/v2\/tags?post=3306"}],"curies":[{"name":"wp","href":"https:\/\/api.w.org\/{rel}","templated":true}]}}