{"id":3364,"date":"2024-09-24T11:18:18","date_gmt":"2024-09-24T11:18:18","guid":{"rendered":"https:\/\/www.muensterschule-hof.de\/wordpress\/?p=3364"},"modified":"2024-09-24T11:24:19","modified_gmt":"2024-09-24T11:24:19","slug":"boss-for-a-day-unser-filmteam-hat-grund-zum-feiern","status":"publish","type":"post","link":"https:\/\/www.muensterschule-hof.de\/wordpress\/boss-for-a-day-unser-filmteam-hat-grund-zum-feiern\/","title":{"rendered":"Boss for a Day: Unser Filmteam hat Grund zum Feiern"},"content":{"rendered":"\n<p>Unser Filmteam hat Grund zum Feiern: Sie haben den Jugendfilmpreis in der Kategorie &#8222;Film 12-16 Jahre&#8220; des BJKFF gewonnen! Um diesen gro\u00dfartigen Erfolg zu w\u00fcrdigen, hat das Team ein gemeinsames Essen im Gourmet Palast veranstaltet.<\/p>\n\n\n\n<p>Der Film \u201eBoss for a Day\u201c begeisterte nicht nur die Jury mit seiner originellen Handlung, starken Charakteren und der kreativen Umsetzung. Die Geschichte, in der ein Jugendlicher f\u00fcr einen Tag die Rolle der Direktorin \u00fcbernimmt und dabei eine Menge \u00fcber Verantwortung und den Ablauf innerhalb einer Schule lernt, hat nicht nur die Zuschauer, sondern auch die Kritiker \u00fcberzeugt.<\/p>\n\n\n\n<p>Das Team ist \u00fcbergl\u00fccklich und dankbar f\u00fcr die Auszeichnung. Das Mittagessen im Gourmet Palast war ein perfekter Abschluss eines erfolgreichen Kapitels.&nbsp;<\/p>\n\n\n\n<figure class=\"wp-block-image size-large\"><img loading=\"lazy\" decoding=\"async\" width=\"819\" height=\"1024\" src=\"https:\/\/www.muensterschule-hof.de\/wordpress\/wp-content\/uploads\/2024\/09\/IMG_0076-819x1024.jpeg\" alt=\"\" class=\"wp-image-3366\" srcset=\"https:\/\/www.muensterschule-hof.de\/wordpress\/wp-content\/uploads\/2024\/09\/IMG_0076-819x1024.jpeg 819w, https:\/\/www.muensterschule-hof.de\/wordpress\/wp-content\/uploads\/2024\/09\/IMG_0076.jpeg 1016w\" sizes=\"auto, (max-width: 819px) 100vw, 819px\" \/><\/figure>\n\n\n\n<p>Quelle: Frankenpost. <\/p>\n","protected":false},"excerpt":{"rendered":"<p>Unser Filmteam hat Grund zum Feiern: Sie haben den Jugendfilmpreis in der Kategorie &#8222;Film 12-16 Jahre&#8220; des BJKFF gewonnen! Um diesen gro\u00dfartigen Erfolg zu w\u00fcrdigen, hat das Team ein gemeinsames Essen im Gourmet Palast veranstaltet. Der Film \u201eBoss for a Day\u201c begeisterte nicht nur die Jury mit seiner originellen Handlung, starken Charakteren und der kreativen&hellip;&nbsp;<a href=\"https:\/\/www.muensterschule-hof.de\/wordpress\/boss-for-a-day-unser-filmteam-hat-grund-zum-feiern\/\" rel=\"bookmark\">Weiterlesen &raquo;<span class=\"screen-reader-text\">Boss for a Day: Unser Filmteam hat Grund zum Feiern<\/span><\/a><\/p>\n","protected":false},"author":1,"featured_media":3365,"comment_status":"closed","ping_status":"closed","sticky":false,"template":"","format":"standard","meta":{"neve_meta_sidebar":"","neve_meta_container":"","neve_meta_enable_content_width":"","neve_meta_content_width":0,"neve_meta_title_alignment":"","neve_meta_author_avatar":"","neve_post_elements_order":"","neve_meta_disable_header":"","neve_meta_disable_footer":"","neve_meta_disable_title":"","footnotes":""},"categories":[50,1],"tags":[138,124,61],"class_list":["post-3364","post","type-post","status-publish","format-standard","has-post-thumbnail","hentry","category-aktuelles","category-uncategorized","tag-auszeichnung","tag-boss-for-a-day","tag-film-ag"],"yoast_head":"<!-- This site is optimized with the Yoast SEO plugin v27.5 - https:\/\/yoast.com\/product\/yoast-seo-wordpress\/ -->\n<title>Boss for a Day: Unser Filmteam hat Grund zum Feiern - M\u00fcnsterschule<\/title>\n<meta name=\"robots\" content=\"index, follow, max-snippet:-1, max-image-preview:large, max-video-preview:-1\" \/>\n<link rel=\"canonical\" href=\"https:\/\/www.muensterschule-hof.de\/wordpress\/boss-for-a-day-unser-filmteam-hat-grund-zum-feiern\/\" \/>\n<meta property=\"og:locale\" content=\"de_DE\" \/>\n<meta property=\"og:type\" content=\"article\" \/>\n<meta property=\"og:title\" content=\"Boss for a Day: Unser Filmteam hat Grund zum Feiern - M\u00fcnsterschule\" \/>\n<meta property=\"og:description\" content=\"Unser Filmteam hat Grund zum Feiern: Sie haben den Jugendfilmpreis in der Kategorie &#8222;Film 12-16 Jahre&#8220; des BJKFF gewonnen! Um diesen gro\u00dfartigen Erfolg zu w\u00fcrdigen, hat das Team ein gemeinsames Essen im Gourmet Palast veranstaltet. Der Film \u201eBoss for a Day\u201c begeisterte nicht nur die Jury mit seiner originellen Handlung, starken Charakteren und der kreativen&hellip;&nbsp;Weiterlesen &raquo;Boss for a Day: Unser Filmteam hat Grund zum Feiern\" \/>\n<meta property=\"og:url\" content=\"https:\/\/www.muensterschule-hof.de\/wordpress\/boss-for-a-day-unser-filmteam-hat-grund-zum-feiern\/\" \/>\n<meta property=\"og:site_name\" content=\"M\u00fcnsterschule\" \/>\n<meta property=\"article:published_time\" content=\"2024-09-24T11:18:18+00:00\" \/>\n<meta property=\"article:modified_time\" content=\"2024-09-24T11:24:19+00:00\" \/>\n<meta property=\"og:image\" content=\"https:\/\/www.muensterschule-hof.de\/wordpress\/wp-content\/uploads\/2024\/09\/IMG_0075.jpeg\" \/>\n\t<meta property=\"og:image:width\" content=\"1571\" \/>\n\t<meta property=\"og:image:height\" content=\"940\" \/>\n\t<meta property=\"og:image:type\" content=\"image\/jpeg\" \/>\n<meta name=\"author\" content=\"wpadmin\" \/>\n<meta name=\"twitter:card\" content=\"summary_large_image\" \/>\n<meta name=\"twitter:label1\" content=\"Verfasst von\" \/>\n\t<meta name=\"twitter:data1\" content=\"wpadmin\" \/>\n\t<meta name=\"twitter:label2\" content=\"Gesch\u00e4tzte Lesezeit\" \/>\n\t<meta name=\"twitter:data2\" content=\"2\u00a0Minuten\" \/>\n<script type=\"application\/ld+json\" class=\"yoast-schema-graph\">{\"@context\":\"https:\\\/\\\/schema.org\",\"@graph\":[{\"@type\":\"Article\",\"@id\":\"https:\\\/\\\/www.muensterschule-hof.de\\\/wordpress\\\/boss-for-a-day-unser-filmteam-hat-grund-zum-feiern\\\/#article\",\"isPartOf\":{\"@id\":\"https:\\\/\\\/www.muensterschule-hof.de\\\/wordpress\\\/boss-for-a-day-unser-filmteam-hat-grund-zum-feiern\\\/\"},\"author\":{\"name\":\"wpadmin\",\"@id\":\"https:\\\/\\\/www.muensterschule-hof.de\\\/wordpress\\\/#\\\/schema\\\/person\\\/de58534e4cef400557500dff7aaa25b0\"},\"headline\":\"Boss for a Day: Unser Filmteam hat Grund zum Feiern\",\"datePublished\":\"2024-09-24T11:18:18+00:00\",\"dateModified\":\"2024-09-24T11:24:19+00:00\",\"mainEntityOfPage\":{\"@id\":\"https:\\\/\\\/www.muensterschule-hof.de\\\/wordpress\\\/boss-for-a-day-unser-filmteam-hat-grund-zum-feiern\\\/\"},\"wordCount\":132,\"publisher\":{\"@id\":\"https:\\\/\\\/www.muensterschule-hof.de\\\/wordpress\\\/#organization\"},\"image\":{\"@id\":\"https:\\\/\\\/www.muensterschule-hof.de\\\/wordpress\\\/boss-for-a-day-unser-filmteam-hat-grund-zum-feiern\\\/#primaryimage\"},\"thumbnailUrl\":\"https:\\\/\\\/www.muensterschule-hof.de\\\/wordpress\\\/wp-content\\\/uploads\\\/2024\\\/09\\\/IMG_0075.jpeg\",\"keywords\":[\"Auszeichnung\",\"Boss for a Day\",\"Film Ag\"],\"articleSection\":[\"Aktuelles\",\"Uncategorized\"],\"inLanguage\":\"de\"},{\"@type\":\"WebPage\",\"@id\":\"https:\\\/\\\/www.muensterschule-hof.de\\\/wordpress\\\/boss-for-a-day-unser-filmteam-hat-grund-zum-feiern\\\/\",\"url\":\"https:\\\/\\\/www.muensterschule-hof.de\\\/wordpress\\\/boss-for-a-day-unser-filmteam-hat-grund-zum-feiern\\\/\",\"name\":\"Boss for a Day: Unser Filmteam hat Grund zum Feiern - M\u00fcnsterschule\",\"isPartOf\":{\"@id\":\"https:\\\/\\\/www.muensterschule-hof.de\\\/wordpress\\\/#website\"},\"primaryImageOfPage\":{\"@id\":\"https:\\\/\\\/www.muensterschule-hof.de\\\/wordpress\\\/boss-for-a-day-unser-filmteam-hat-grund-zum-feiern\\\/#primaryimage\"},\"image\":{\"@id\":\"https:\\\/\\\/www.muensterschule-hof.de\\\/wordpress\\\/boss-for-a-day-unser-filmteam-hat-grund-zum-feiern\\\/#primaryimage\"},\"thumbnailUrl\":\"https:\\\/\\\/www.muensterschule-hof.de\\\/wordpress\\\/wp-content\\\/uploads\\\/2024\\\/09\\\/IMG_0075.jpeg\",\"datePublished\":\"2024-09-24T11:18:18+00:00\",\"dateModified\":\"2024-09-24T11:24:19+00:00\",\"breadcrumb\":{\"@id\":\"https:\\\/\\\/www.muensterschule-hof.de\\\/wordpress\\\/boss-for-a-day-unser-filmteam-hat-grund-zum-feiern\\\/#breadcrumb\"},\"inLanguage\":\"de\",\"potentialAction\":[{\"@type\":\"ReadAction\",\"target\":[\"https:\\\/\\\/www.muensterschule-hof.de\\\/wordpress\\\/boss-for-a-day-unser-filmteam-hat-grund-zum-feiern\\\/\"]}]},{\"@type\":\"ImageObject\",\"inLanguage\":\"de\",\"@id\":\"https:\\\/\\\/www.muensterschule-hof.de\\\/wordpress\\\/boss-for-a-day-unser-filmteam-hat-grund-zum-feiern\\\/#primaryimage\",\"url\":\"https:\\\/\\\/www.muensterschule-hof.de\\\/wordpress\\\/wp-content\\\/uploads\\\/2024\\\/09\\\/IMG_0075.jpeg\",\"contentUrl\":\"https:\\\/\\\/www.muensterschule-hof.de\\\/wordpress\\\/wp-content\\\/uploads\\\/2024\\\/09\\\/IMG_0075.jpeg\",\"width\":1571,\"height\":940},{\"@type\":\"BreadcrumbList\",\"@id\":\"https:\\\/\\\/www.muensterschule-hof.de\\\/wordpress\\\/boss-for-a-day-unser-filmteam-hat-grund-zum-feiern\\\/#breadcrumb\",\"itemListElement\":[{\"@type\":\"ListItem\",\"position\":1,\"name\":\"Startseite\",\"item\":\"https:\\\/\\\/www.muensterschule-hof.de\\\/wordpress\\\/\"},{\"@type\":\"ListItem\",\"position\":2,\"name\":\"Boss for a Day: Unser Filmteam hat Grund zum Feiern\"}]},{\"@type\":\"WebSite\",\"@id\":\"https:\\\/\\\/www.muensterschule-hof.de\\\/wordpress\\\/#website\",\"url\":\"https:\\\/\\\/www.muensterschule-hof.de\\\/wordpress\\\/\",\"name\":\"M\u00fcnsterschule\",\"description\":\"Deine Mittelschule in Hof\",\"publisher\":{\"@id\":\"https:\\\/\\\/www.muensterschule-hof.de\\\/wordpress\\\/#organization\"},\"alternateName\":\"MMS Hof\",\"potentialAction\":[{\"@type\":\"SearchAction\",\"target\":{\"@type\":\"EntryPoint\",\"urlTemplate\":\"https:\\\/\\\/www.muensterschule-hof.de\\\/wordpress\\\/?s={search_term_string}\"},\"query-input\":{\"@type\":\"PropertyValueSpecification\",\"valueRequired\":true,\"valueName\":\"search_term_string\"}}],\"inLanguage\":\"de\"},{\"@type\":\"Organization\",\"@id\":\"https:\\\/\\\/www.muensterschule-hof.de\\\/wordpress\\\/#organization\",\"name\":\"M\u00fcnster-Mittelschule Hof\",\"alternateName\":\"MMS Hof\",\"url\":\"https:\\\/\\\/www.muensterschule-hof.de\\\/wordpress\\\/\",\"logo\":{\"@type\":\"ImageObject\",\"inLanguage\":\"de\",\"@id\":\"https:\\\/\\\/www.muensterschule-hof.de\\\/wordpress\\\/#\\\/schema\\\/logo\\\/image\\\/\",\"url\":\"https:\\\/\\\/www.muensterschule-hof.de\\\/wordpress\\\/wp-content\\\/uploads\\\/2018\\\/05\\\/cropped-MMS-Hof-final-1.png\",\"contentUrl\":\"https:\\\/\\\/www.muensterschule-hof.de\\\/wordpress\\\/wp-content\\\/uploads\\\/2018\\\/05\\\/cropped-MMS-Hof-final-1.png\",\"width\":512,\"height\":512,\"caption\":\"M\u00fcnster-Mittelschule Hof\"},\"image\":{\"@id\":\"https:\\\/\\\/www.muensterschule-hof.de\\\/wordpress\\\/#\\\/schema\\\/logo\\\/image\\\/\"}},{\"@type\":\"Person\",\"@id\":\"https:\\\/\\\/www.muensterschule-hof.de\\\/wordpress\\\/#\\\/schema\\\/person\\\/de58534e4cef400557500dff7aaa25b0\",\"name\":\"wpadmin\",\"image\":{\"@type\":\"ImageObject\",\"inLanguage\":\"de\",\"@id\":\"https:\\\/\\\/secure.gravatar.com\\\/avatar\\\/d9cd22045d4ad9ac54235e981c866f9317666429d45f49a3dc409314ab7be359?s=96&d=mm&r=g\",\"url\":\"https:\\\/\\\/secure.gravatar.com\\\/avatar\\\/d9cd22045d4ad9ac54235e981c866f9317666429d45f49a3dc409314ab7be359?s=96&d=mm&r=g\",\"contentUrl\":\"https:\\\/\\\/secure.gravatar.com\\\/avatar\\\/d9cd22045d4ad9ac54235e981c866f9317666429d45f49a3dc409314ab7be359?s=96&d=mm&r=g\",\"caption\":\"wpadmin\"},\"url\":\"https:\\\/\\\/www.muensterschule-hof.de\\\/wordpress\\\/author\\\/wpadmin\\\/\"}]}<\/script>\n<!-- \/ Yoast SEO plugin. -->","yoast_head_json":{"title":"Boss for a Day: Unser Filmteam hat Grund zum Feiern - M\u00fcnsterschule","robots":{"index":"index","follow":"follow","max-snippet":"max-snippet:-1","max-image-preview":"max-image-preview:large","max-video-preview":"max-video-preview:-1"},"canonical":"https:\/\/www.muensterschule-hof.de\/wordpress\/boss-for-a-day-unser-filmteam-hat-grund-zum-feiern\/","og_locale":"de_DE","og_type":"article","og_title":"Boss for a Day: Unser Filmteam hat Grund zum Feiern - M\u00fcnsterschule","og_description":"Unser Filmteam hat Grund zum Feiern: Sie haben den Jugendfilmpreis in der Kategorie &#8222;Film 12-16 Jahre&#8220; des BJKFF gewonnen! Um diesen gro\u00dfartigen Erfolg zu w\u00fcrdigen, hat das Team ein gemeinsames Essen im Gourmet Palast veranstaltet. Der Film \u201eBoss for a Day\u201c begeisterte nicht nur die Jury mit seiner originellen Handlung, starken Charakteren und der kreativen&hellip;&nbsp;Weiterlesen &raquo;Boss for a Day: Unser Filmteam hat Grund zum Feiern","og_url":"https:\/\/www.muensterschule-hof.de\/wordpress\/boss-for-a-day-unser-filmteam-hat-grund-zum-feiern\/","og_site_name":"M\u00fcnsterschule","article_published_time":"2024-09-24T11:18:18+00:00","article_modified_time":"2024-09-24T11:24:19+00:00","og_image":[{"width":1571,"height":940,"url":"https:\/\/www.muensterschule-hof.de\/wordpress\/wp-content\/uploads\/2024\/09\/IMG_0075.jpeg","type":"image\/jpeg"}],"author":"wpadmin","twitter_card":"summary_large_image","twitter_misc":{"Verfasst von":"wpadmin","Gesch\u00e4tzte Lesezeit":"2\u00a0Minuten"},"schema":{"@context":"https:\/\/schema.org","@graph":[{"@type":"Article","@id":"https:\/\/www.muensterschule-hof.de\/wordpress\/boss-for-a-day-unser-filmteam-hat-grund-zum-feiern\/#article","isPartOf":{"@id":"https:\/\/www.muensterschule-hof.de\/wordpress\/boss-for-a-day-unser-filmteam-hat-grund-zum-feiern\/"},"author":{"name":"wpadmin","@id":"https:\/\/www.muensterschule-hof.de\/wordpress\/#\/schema\/person\/de58534e4cef400557500dff7aaa25b0"},"headline":"Boss for a Day: Unser Filmteam hat Grund zum Feiern","datePublished":"2024-09-24T11:18:18+00:00","dateModified":"2024-09-24T11:24:19+00:00","mainEntityOfPage":{"@id":"https:\/\/www.muensterschule-hof.de\/wordpress\/boss-for-a-day-unser-filmteam-hat-grund-zum-feiern\/"},"wordCount":132,"publisher":{"@id":"https:\/\/www.muensterschule-hof.de\/wordpress\/#organization"},"image":{"@id":"https:\/\/www.muensterschule-hof.de\/wordpress\/boss-for-a-day-unser-filmteam-hat-grund-zum-feiern\/#primaryimage"},"thumbnailUrl":"https:\/\/www.muensterschule-hof.de\/wordpress\/wp-content\/uploads\/2024\/09\/IMG_0075.jpeg","keywords":["Auszeichnung","Boss for a Day","Film Ag"],"articleSection":["Aktuelles","Uncategorized"],"inLanguage":"de"},{"@type":"WebPage","@id":"https:\/\/www.muensterschule-hof.de\/wordpress\/boss-for-a-day-unser-filmteam-hat-grund-zum-feiern\/","url":"https:\/\/www.muensterschule-hof.de\/wordpress\/boss-for-a-day-unser-filmteam-hat-grund-zum-feiern\/","name":"Boss for a Day: Unser Filmteam hat Grund zum Feiern - M\u00fcnsterschule","isPartOf":{"@id":"https:\/\/www.muensterschule-hof.de\/wordpress\/#website"},"primaryImageOfPage":{"@id":"https:\/\/www.muensterschule-hof.de\/wordpress\/boss-for-a-day-unser-filmteam-hat-grund-zum-feiern\/#primaryimage"},"image":{"@id":"https:\/\/www.muensterschule-hof.de\/wordpress\/boss-for-a-day-unser-filmteam-hat-grund-zum-feiern\/#primaryimage"},"thumbnailUrl":"https:\/\/www.muensterschule-hof.de\/wordpress\/wp-content\/uploads\/2024\/09\/IMG_0075.jpeg","datePublished":"2024-09-24T11:18:18+00:00","dateModified":"2024-09-24T11:24:19+00:00","breadcrumb":{"@id":"https:\/\/www.muensterschule-hof.de\/wordpress\/boss-for-a-day-unser-filmteam-hat-grund-zum-feiern\/#breadcrumb"},"inLanguage":"de","potentialAction":[{"@type":"ReadAction","target":["https:\/\/www.muensterschule-hof.de\/wordpress\/boss-for-a-day-unser-filmteam-hat-grund-zum-feiern\/"]}]},{"@type":"ImageObject","inLanguage":"de","@id":"https:\/\/www.muensterschule-hof.de\/wordpress\/boss-for-a-day-unser-filmteam-hat-grund-zum-feiern\/#primaryimage","url":"https:\/\/www.muensterschule-hof.de\/wordpress\/wp-content\/uploads\/2024\/09\/IMG_0075.jpeg","contentUrl":"https:\/\/www.muensterschule-hof.de\/wordpress\/wp-content\/uploads\/2024\/09\/IMG_0075.jpeg","width":1571,"height":940},{"@type":"BreadcrumbList","@id":"https:\/\/www.muensterschule-hof.de\/wordpress\/boss-for-a-day-unser-filmteam-hat-grund-zum-feiern\/#breadcrumb","itemListElement":[{"@type":"ListItem","position":1,"name":"Startseite","item":"https:\/\/www.muensterschule-hof.de\/wordpress\/"},{"@type":"ListItem","position":2,"name":"Boss for a Day: Unser Filmteam hat Grund zum Feiern"}]},{"@type":"WebSite","@id":"https:\/\/www.muensterschule-hof.de\/wordpress\/#website","url":"https:\/\/www.muensterschule-hof.de\/wordpress\/","name":"M\u00fcnsterschule","description":"Deine Mittelschule in Hof","publisher":{"@id":"https:\/\/www.muensterschule-hof.de\/wordpress\/#organization"},"alternateName":"MMS Hof","potentialAction":[{"@type":"SearchAction","target":{"@type":"EntryPoint","urlTemplate":"https:\/\/www.muensterschule-hof.de\/wordpress\/?s={search_term_string}"},"query-input":{"@type":"PropertyValueSpecification","valueRequired":true,"valueName":"search_term_string"}}],"inLanguage":"de"},{"@type":"Organization","@id":"https:\/\/www.muensterschule-hof.de\/wordpress\/#organization","name":"M\u00fcnster-Mittelschule Hof","alternateName":"MMS Hof","url":"https:\/\/www.muensterschule-hof.de\/wordpress\/","logo":{"@type":"ImageObject","inLanguage":"de","@id":"https:\/\/www.muensterschule-hof.de\/wordpress\/#\/schema\/logo\/image\/","url":"https:\/\/www.muensterschule-hof.de\/wordpress\/wp-content\/uploads\/2018\/05\/cropped-MMS-Hof-final-1.png","contentUrl":"https:\/\/www.muensterschule-hof.de\/wordpress\/wp-content\/uploads\/2018\/05\/cropped-MMS-Hof-final-1.png","width":512,"height":512,"caption":"M\u00fcnster-Mittelschule Hof"},"image":{"@id":"https:\/\/www.muensterschule-hof.de\/wordpress\/#\/schema\/logo\/image\/"}},{"@type":"Person","@id":"https:\/\/www.muensterschule-hof.de\/wordpress\/#\/schema\/person\/de58534e4cef400557500dff7aaa25b0","name":"wpadmin","image":{"@type":"ImageObject","inLanguage":"de","@id":"https:\/\/secure.gravatar.com\/avatar\/d9cd22045d4ad9ac54235e981c866f9317666429d45f49a3dc409314ab7be359?s=96&d=mm&r=g","url":"https:\/\/secure.gravatar.com\/avatar\/d9cd22045d4ad9ac54235e981c866f9317666429d45f49a3dc409314ab7be359?s=96&d=mm&r=g","contentUrl":"https:\/\/secure.gravatar.com\/avatar\/d9cd22045d4ad9ac54235e981c866f9317666429d45f49a3dc409314ab7be359?s=96&d=mm&r=g","caption":"wpadmin"},"url":"https:\/\/www.muensterschule-hof.de\/wordpress\/author\/wpadmin\/"}]}},"_links":{"self":[{"href":"https:\/\/www.muensterschule-hof.de\/wordpress\/wp-json\/wp\/v2\/posts\/3364","targetHints":{"allow":["GET"]}}],"collection":[{"href":"https:\/\/www.muensterschule-hof.de\/wordpress\/wp-json\/wp\/v2\/posts"}],"about":[{"href":"https:\/\/www.muensterschule-hof.de\/wordpress\/wp-json\/wp\/v2\/types\/post"}],"author":[{"embeddable":true,"href":"https:\/\/www.muensterschule-hof.de\/wordpress\/wp-json\/wp\/v2\/users\/1"}],"replies":[{"embeddable":true,"href":"https:\/\/www.muensterschule-hof.de\/wordpress\/wp-json\/wp\/v2\/comments?post=3364"}],"version-history":[{"count":2,"href":"https:\/\/www.muensterschule-hof.de\/wordpress\/wp-json\/wp\/v2\/posts\/3364\/revisions"}],"predecessor-version":[{"id":3369,"href":"https:\/\/www.muensterschule-hof.de\/wordpress\/wp-json\/wp\/v2\/posts\/3364\/revisions\/3369"}],"wp:featuredmedia":[{"embeddable":true,"href":"https:\/\/www.muensterschule-hof.de\/wordpress\/wp-json\/wp\/v2\/media\/3365"}],"wp:attachment":[{"href":"https:\/\/www.muensterschule-hof.de\/wordpress\/wp-json\/wp\/v2\/media?parent=3364"}],"wp:term":[{"taxonomy":"category","embeddable":true,"href":"https:\/\/www.muensterschule-hof.de\/wordpress\/wp-json\/wp\/v2\/categories?post=3364"},{"taxonomy":"post_tag","embeddable":true,"href":"https:\/\/www.muensterschule-hof.de\/wordpress\/wp-json\/wp\/v2\/tags?post=3364"}],"curies":[{"name":"wp","href":"https:\/\/api.w.org\/{rel}","templated":true}]}}