{"id":3423,"date":"2024-10-13T22:15:30","date_gmt":"2024-10-13T22:15:30","guid":{"rendered":"https:\/\/www.muensterschule-hof.de\/wordpress\/?p=3423"},"modified":"2024-10-13T22:15:31","modified_gmt":"2024-10-13T22:15:31","slug":"muensterschule-bei-den-2-oberfraenkischen-umwelttagen-aktiv","status":"publish","type":"post","link":"https:\/\/www.muensterschule-hof.de\/wordpress\/muensterschule-bei-den-2-oberfraenkischen-umwelttagen-aktiv\/","title":{"rendered":"M\u00fcnsterschule bei den 2. Oberfr\u00e4nkischen Umwelttagen aktiv"},"content":{"rendered":"\n<p>Die M\u00fcnsterschule nahm in diesem Jahr an den zweiten Oberfr\u00e4nkischen Umwelttagen teil.<\/p>\n\n\n\n<p>Im Rahmen der Veranstaltung pr\u00e4sentierte die M\u00fcnsterschule ihr Engagement f\u00fcr Umweltprojekte wie den Schulgarten und die Schulbienen, die nicht nur als Lernprojekte f\u00fcr nachhaltige Bildung dienen, sondern auch zur F\u00f6rderung der Artenvielfalt beitragen. Au\u00dferdem wurde die Auszeichnung mit dem B\u00fcrgerenergiepreis hervorgehoben.<\/p>\n\n\n\n<p>Die Umwelttage boten zudem die Gelegenheit zum intensiven Austausch mit Lehrkr\u00e4ften anderer Schulen, \u00f6rtlichen Umweltstationen und verschiedenen regionalen Anbietern.<\/p>\n\n\n\n<p><\/p>\n","protected":false},"excerpt":{"rendered":"<p>Die M\u00fcnsterschule nahm in diesem Jahr an den zweiten Oberfr\u00e4nkischen Umwelttagen teil. Im Rahmen der Veranstaltung pr\u00e4sentierte die M\u00fcnsterschule ihr Engagement f\u00fcr Umweltprojekte wie den Schulgarten und die Schulbienen, die nicht nur als Lernprojekte f\u00fcr nachhaltige Bildung dienen, sondern auch zur F\u00f6rderung der Artenvielfalt beitragen. Au\u00dferdem wurde die Auszeichnung mit dem B\u00fcrgerenergiepreis hervorgehoben. Die Umwelttage&hellip;&nbsp;<a href=\"https:\/\/www.muensterschule-hof.de\/wordpress\/muensterschule-bei-den-2-oberfraenkischen-umwelttagen-aktiv\/\" rel=\"bookmark\">Weiterlesen &raquo;<span class=\"screen-reader-text\">M\u00fcnsterschule bei den 2. Oberfr\u00e4nkischen Umwelttagen aktiv<\/span><\/a><\/p>\n","protected":false},"author":1,"featured_media":3424,"comment_status":"closed","ping_status":"closed","sticky":false,"template":"","format":"standard","meta":{"neve_meta_sidebar":"","neve_meta_container":"","neve_meta_enable_content_width":"","neve_meta_content_width":0,"neve_meta_title_alignment":"","neve_meta_author_avatar":"","neve_post_elements_order":"","neve_meta_disable_header":"","neve_meta_disable_footer":"","neve_meta_disable_title":"","footnotes":""},"categories":[50],"tags":[144,34,105,10],"class_list":["post-3423","post","type-post","status-publish","format-standard","has-post-thumbnail","hentry","category-aktuelles","tag-bienen-ag","tag-schulgarten","tag-umwelt","tag-umweltschule"],"yoast_head":"<!-- This site is optimized with the Yoast SEO plugin v27.5 - https:\/\/yoast.com\/product\/yoast-seo-wordpress\/ -->\n<title>M\u00fcnsterschule bei den 2. Oberfr\u00e4nkischen Umwelttagen aktiv - M\u00fcnsterschule<\/title>\n<meta name=\"robots\" content=\"index, follow, max-snippet:-1, max-image-preview:large, max-video-preview:-1\" \/>\n<link rel=\"canonical\" href=\"https:\/\/www.muensterschule-hof.de\/wordpress\/muensterschule-bei-den-2-oberfraenkischen-umwelttagen-aktiv\/\" \/>\n<meta property=\"og:locale\" content=\"de_DE\" \/>\n<meta property=\"og:type\" content=\"article\" \/>\n<meta property=\"og:title\" content=\"M\u00fcnsterschule bei den 2. Oberfr\u00e4nkischen Umwelttagen aktiv - M\u00fcnsterschule\" \/>\n<meta property=\"og:description\" content=\"Die M\u00fcnsterschule nahm in diesem Jahr an den zweiten Oberfr\u00e4nkischen Umwelttagen teil. Im Rahmen der Veranstaltung pr\u00e4sentierte die M\u00fcnsterschule ihr Engagement f\u00fcr Umweltprojekte wie den Schulgarten und die Schulbienen, die nicht nur als Lernprojekte f\u00fcr nachhaltige Bildung dienen, sondern auch zur F\u00f6rderung der Artenvielfalt beitragen. Au\u00dferdem wurde die Auszeichnung mit dem B\u00fcrgerenergiepreis hervorgehoben. Die Umwelttage&hellip;&nbsp;Weiterlesen &raquo;M\u00fcnsterschule bei den 2. Oberfr\u00e4nkischen Umwelttagen aktiv\" \/>\n<meta property=\"og:url\" content=\"https:\/\/www.muensterschule-hof.de\/wordpress\/muensterschule-bei-den-2-oberfraenkischen-umwelttagen-aktiv\/\" \/>\n<meta property=\"og:site_name\" content=\"M\u00fcnsterschule\" \/>\n<meta property=\"article:published_time\" content=\"2024-10-13T22:15:30+00:00\" \/>\n<meta property=\"article:modified_time\" content=\"2024-10-13T22:15:31+00:00\" \/>\n<meta property=\"og:image\" content=\"https:\/\/www.muensterschule-hof.de\/wordpress\/wp-content\/uploads\/2024\/10\/Bildschirmfoto-2024-10-14-um-01.26.16.png\" \/>\n\t<meta property=\"og:image:width\" content=\"596\" \/>\n\t<meta property=\"og:image:height\" content=\"790\" \/>\n\t<meta property=\"og:image:type\" content=\"image\/png\" \/>\n<meta name=\"author\" content=\"wpadmin\" \/>\n<meta name=\"twitter:card\" content=\"summary_large_image\" \/>\n<meta name=\"twitter:label1\" content=\"Verfasst von\" \/>\n\t<meta name=\"twitter:data1\" content=\"wpadmin\" \/>\n<script type=\"application\/ld+json\" class=\"yoast-schema-graph\">{\"@context\":\"https:\\\/\\\/schema.org\",\"@graph\":[{\"@type\":\"Article\",\"@id\":\"https:\\\/\\\/www.muensterschule-hof.de\\\/wordpress\\\/muensterschule-bei-den-2-oberfraenkischen-umwelttagen-aktiv\\\/#article\",\"isPartOf\":{\"@id\":\"https:\\\/\\\/www.muensterschule-hof.de\\\/wordpress\\\/muensterschule-bei-den-2-oberfraenkischen-umwelttagen-aktiv\\\/\"},\"author\":{\"name\":\"wpadmin\",\"@id\":\"https:\\\/\\\/www.muensterschule-hof.de\\\/wordpress\\\/#\\\/schema\\\/person\\\/de58534e4cef400557500dff7aaa25b0\"},\"headline\":\"M\u00fcnsterschule bei den 2. Oberfr\u00e4nkischen Umwelttagen aktiv\",\"datePublished\":\"2024-10-13T22:15:30+00:00\",\"dateModified\":\"2024-10-13T22:15:31+00:00\",\"mainEntityOfPage\":{\"@id\":\"https:\\\/\\\/www.muensterschule-hof.de\\\/wordpress\\\/muensterschule-bei-den-2-oberfraenkischen-umwelttagen-aktiv\\\/\"},\"wordCount\":90,\"publisher\":{\"@id\":\"https:\\\/\\\/www.muensterschule-hof.de\\\/wordpress\\\/#organization\"},\"image\":{\"@id\":\"https:\\\/\\\/www.muensterschule-hof.de\\\/wordpress\\\/muensterschule-bei-den-2-oberfraenkischen-umwelttagen-aktiv\\\/#primaryimage\"},\"thumbnailUrl\":\"https:\\\/\\\/www.muensterschule-hof.de\\\/wordpress\\\/wp-content\\\/uploads\\\/2024\\\/10\\\/Bildschirmfoto-2024-10-14-um-01.26.16.png\",\"keywords\":[\"Bienen-AG\",\"Schulgarten\",\"Umwelt\",\"Umweltschule\"],\"articleSection\":[\"Aktuelles\"],\"inLanguage\":\"de\"},{\"@type\":\"WebPage\",\"@id\":\"https:\\\/\\\/www.muensterschule-hof.de\\\/wordpress\\\/muensterschule-bei-den-2-oberfraenkischen-umwelttagen-aktiv\\\/\",\"url\":\"https:\\\/\\\/www.muensterschule-hof.de\\\/wordpress\\\/muensterschule-bei-den-2-oberfraenkischen-umwelttagen-aktiv\\\/\",\"name\":\"M\u00fcnsterschule bei den 2. Oberfr\u00e4nkischen Umwelttagen aktiv - M\u00fcnsterschule\",\"isPartOf\":{\"@id\":\"https:\\\/\\\/www.muensterschule-hof.de\\\/wordpress\\\/#website\"},\"primaryImageOfPage\":{\"@id\":\"https:\\\/\\\/www.muensterschule-hof.de\\\/wordpress\\\/muensterschule-bei-den-2-oberfraenkischen-umwelttagen-aktiv\\\/#primaryimage\"},\"image\":{\"@id\":\"https:\\\/\\\/www.muensterschule-hof.de\\\/wordpress\\\/muensterschule-bei-den-2-oberfraenkischen-umwelttagen-aktiv\\\/#primaryimage\"},\"thumbnailUrl\":\"https:\\\/\\\/www.muensterschule-hof.de\\\/wordpress\\\/wp-content\\\/uploads\\\/2024\\\/10\\\/Bildschirmfoto-2024-10-14-um-01.26.16.png\",\"datePublished\":\"2024-10-13T22:15:30+00:00\",\"dateModified\":\"2024-10-13T22:15:31+00:00\",\"breadcrumb\":{\"@id\":\"https:\\\/\\\/www.muensterschule-hof.de\\\/wordpress\\\/muensterschule-bei-den-2-oberfraenkischen-umwelttagen-aktiv\\\/#breadcrumb\"},\"inLanguage\":\"de\",\"potentialAction\":[{\"@type\":\"ReadAction\",\"target\":[\"https:\\\/\\\/www.muensterschule-hof.de\\\/wordpress\\\/muensterschule-bei-den-2-oberfraenkischen-umwelttagen-aktiv\\\/\"]}]},{\"@type\":\"ImageObject\",\"inLanguage\":\"de\",\"@id\":\"https:\\\/\\\/www.muensterschule-hof.de\\\/wordpress\\\/muensterschule-bei-den-2-oberfraenkischen-umwelttagen-aktiv\\\/#primaryimage\",\"url\":\"https:\\\/\\\/www.muensterschule-hof.de\\\/wordpress\\\/wp-content\\\/uploads\\\/2024\\\/10\\\/Bildschirmfoto-2024-10-14-um-01.26.16.png\",\"contentUrl\":\"https:\\\/\\\/www.muensterschule-hof.de\\\/wordpress\\\/wp-content\\\/uploads\\\/2024\\\/10\\\/Bildschirmfoto-2024-10-14-um-01.26.16.png\",\"width\":596,\"height\":790},{\"@type\":\"BreadcrumbList\",\"@id\":\"https:\\\/\\\/www.muensterschule-hof.de\\\/wordpress\\\/muensterschule-bei-den-2-oberfraenkischen-umwelttagen-aktiv\\\/#breadcrumb\",\"itemListElement\":[{\"@type\":\"ListItem\",\"position\":1,\"name\":\"Startseite\",\"item\":\"https:\\\/\\\/www.muensterschule-hof.de\\\/wordpress\\\/\"},{\"@type\":\"ListItem\",\"position\":2,\"name\":\"M\u00fcnsterschule bei den 2. Oberfr\u00e4nkischen Umwelttagen aktiv\"}]},{\"@type\":\"WebSite\",\"@id\":\"https:\\\/\\\/www.muensterschule-hof.de\\\/wordpress\\\/#website\",\"url\":\"https:\\\/\\\/www.muensterschule-hof.de\\\/wordpress\\\/\",\"name\":\"M\u00fcnsterschule\",\"description\":\"Deine Mittelschule in Hof\",\"publisher\":{\"@id\":\"https:\\\/\\\/www.muensterschule-hof.de\\\/wordpress\\\/#organization\"},\"alternateName\":\"MMS Hof\",\"potentialAction\":[{\"@type\":\"SearchAction\",\"target\":{\"@type\":\"EntryPoint\",\"urlTemplate\":\"https:\\\/\\\/www.muensterschule-hof.de\\\/wordpress\\\/?s={search_term_string}\"},\"query-input\":{\"@type\":\"PropertyValueSpecification\",\"valueRequired\":true,\"valueName\":\"search_term_string\"}}],\"inLanguage\":\"de\"},{\"@type\":\"Organization\",\"@id\":\"https:\\\/\\\/www.muensterschule-hof.de\\\/wordpress\\\/#organization\",\"name\":\"M\u00fcnster-Mittelschule Hof\",\"alternateName\":\"MMS Hof\",\"url\":\"https:\\\/\\\/www.muensterschule-hof.de\\\/wordpress\\\/\",\"logo\":{\"@type\":\"ImageObject\",\"inLanguage\":\"de\",\"@id\":\"https:\\\/\\\/www.muensterschule-hof.de\\\/wordpress\\\/#\\\/schema\\\/logo\\\/image\\\/\",\"url\":\"https:\\\/\\\/www.muensterschule-hof.de\\\/wordpress\\\/wp-content\\\/uploads\\\/2018\\\/05\\\/cropped-MMS-Hof-final-1.png\",\"contentUrl\":\"https:\\\/\\\/www.muensterschule-hof.de\\\/wordpress\\\/wp-content\\\/uploads\\\/2018\\\/05\\\/cropped-MMS-Hof-final-1.png\",\"width\":512,\"height\":512,\"caption\":\"M\u00fcnster-Mittelschule Hof\"},\"image\":{\"@id\":\"https:\\\/\\\/www.muensterschule-hof.de\\\/wordpress\\\/#\\\/schema\\\/logo\\\/image\\\/\"}},{\"@type\":\"Person\",\"@id\":\"https:\\\/\\\/www.muensterschule-hof.de\\\/wordpress\\\/#\\\/schema\\\/person\\\/de58534e4cef400557500dff7aaa25b0\",\"name\":\"wpadmin\",\"image\":{\"@type\":\"ImageObject\",\"inLanguage\":\"de\",\"@id\":\"https:\\\/\\\/secure.gravatar.com\\\/avatar\\\/d9cd22045d4ad9ac54235e981c866f9317666429d45f49a3dc409314ab7be359?s=96&d=mm&r=g\",\"url\":\"https:\\\/\\\/secure.gravatar.com\\\/avatar\\\/d9cd22045d4ad9ac54235e981c866f9317666429d45f49a3dc409314ab7be359?s=96&d=mm&r=g\",\"contentUrl\":\"https:\\\/\\\/secure.gravatar.com\\\/avatar\\\/d9cd22045d4ad9ac54235e981c866f9317666429d45f49a3dc409314ab7be359?s=96&d=mm&r=g\",\"caption\":\"wpadmin\"},\"url\":\"https:\\\/\\\/www.muensterschule-hof.de\\\/wordpress\\\/author\\\/wpadmin\\\/\"}]}<\/script>\n<!-- \/ Yoast SEO plugin. -->","yoast_head_json":{"title":"M\u00fcnsterschule bei den 2. Oberfr\u00e4nkischen Umwelttagen aktiv - M\u00fcnsterschule","robots":{"index":"index","follow":"follow","max-snippet":"max-snippet:-1","max-image-preview":"max-image-preview:large","max-video-preview":"max-video-preview:-1"},"canonical":"https:\/\/www.muensterschule-hof.de\/wordpress\/muensterschule-bei-den-2-oberfraenkischen-umwelttagen-aktiv\/","og_locale":"de_DE","og_type":"article","og_title":"M\u00fcnsterschule bei den 2. Oberfr\u00e4nkischen Umwelttagen aktiv - M\u00fcnsterschule","og_description":"Die M\u00fcnsterschule nahm in diesem Jahr an den zweiten Oberfr\u00e4nkischen Umwelttagen teil. Im Rahmen der Veranstaltung pr\u00e4sentierte die M\u00fcnsterschule ihr Engagement f\u00fcr Umweltprojekte wie den Schulgarten und die Schulbienen, die nicht nur als Lernprojekte f\u00fcr nachhaltige Bildung dienen, sondern auch zur F\u00f6rderung der Artenvielfalt beitragen. Au\u00dferdem wurde die Auszeichnung mit dem B\u00fcrgerenergiepreis hervorgehoben. Die Umwelttage&hellip;&nbsp;Weiterlesen &raquo;M\u00fcnsterschule bei den 2. Oberfr\u00e4nkischen Umwelttagen aktiv","og_url":"https:\/\/www.muensterschule-hof.de\/wordpress\/muensterschule-bei-den-2-oberfraenkischen-umwelttagen-aktiv\/","og_site_name":"M\u00fcnsterschule","article_published_time":"2024-10-13T22:15:30+00:00","article_modified_time":"2024-10-13T22:15:31+00:00","og_image":[{"width":596,"height":790,"url":"https:\/\/www.muensterschule-hof.de\/wordpress\/wp-content\/uploads\/2024\/10\/Bildschirmfoto-2024-10-14-um-01.26.16.png","type":"image\/png"}],"author":"wpadmin","twitter_card":"summary_large_image","twitter_misc":{"Verfasst von":"wpadmin"},"schema":{"@context":"https:\/\/schema.org","@graph":[{"@type":"Article","@id":"https:\/\/www.muensterschule-hof.de\/wordpress\/muensterschule-bei-den-2-oberfraenkischen-umwelttagen-aktiv\/#article","isPartOf":{"@id":"https:\/\/www.muensterschule-hof.de\/wordpress\/muensterschule-bei-den-2-oberfraenkischen-umwelttagen-aktiv\/"},"author":{"name":"wpadmin","@id":"https:\/\/www.muensterschule-hof.de\/wordpress\/#\/schema\/person\/de58534e4cef400557500dff7aaa25b0"},"headline":"M\u00fcnsterschule bei den 2. Oberfr\u00e4nkischen Umwelttagen aktiv","datePublished":"2024-10-13T22:15:30+00:00","dateModified":"2024-10-13T22:15:31+00:00","mainEntityOfPage":{"@id":"https:\/\/www.muensterschule-hof.de\/wordpress\/muensterschule-bei-den-2-oberfraenkischen-umwelttagen-aktiv\/"},"wordCount":90,"publisher":{"@id":"https:\/\/www.muensterschule-hof.de\/wordpress\/#organization"},"image":{"@id":"https:\/\/www.muensterschule-hof.de\/wordpress\/muensterschule-bei-den-2-oberfraenkischen-umwelttagen-aktiv\/#primaryimage"},"thumbnailUrl":"https:\/\/www.muensterschule-hof.de\/wordpress\/wp-content\/uploads\/2024\/10\/Bildschirmfoto-2024-10-14-um-01.26.16.png","keywords":["Bienen-AG","Schulgarten","Umwelt","Umweltschule"],"articleSection":["Aktuelles"],"inLanguage":"de"},{"@type":"WebPage","@id":"https:\/\/www.muensterschule-hof.de\/wordpress\/muensterschule-bei-den-2-oberfraenkischen-umwelttagen-aktiv\/","url":"https:\/\/www.muensterschule-hof.de\/wordpress\/muensterschule-bei-den-2-oberfraenkischen-umwelttagen-aktiv\/","name":"M\u00fcnsterschule bei den 2. Oberfr\u00e4nkischen Umwelttagen aktiv - M\u00fcnsterschule","isPartOf":{"@id":"https:\/\/www.muensterschule-hof.de\/wordpress\/#website"},"primaryImageOfPage":{"@id":"https:\/\/www.muensterschule-hof.de\/wordpress\/muensterschule-bei-den-2-oberfraenkischen-umwelttagen-aktiv\/#primaryimage"},"image":{"@id":"https:\/\/www.muensterschule-hof.de\/wordpress\/muensterschule-bei-den-2-oberfraenkischen-umwelttagen-aktiv\/#primaryimage"},"thumbnailUrl":"https:\/\/www.muensterschule-hof.de\/wordpress\/wp-content\/uploads\/2024\/10\/Bildschirmfoto-2024-10-14-um-01.26.16.png","datePublished":"2024-10-13T22:15:30+00:00","dateModified":"2024-10-13T22:15:31+00:00","breadcrumb":{"@id":"https:\/\/www.muensterschule-hof.de\/wordpress\/muensterschule-bei-den-2-oberfraenkischen-umwelttagen-aktiv\/#breadcrumb"},"inLanguage":"de","potentialAction":[{"@type":"ReadAction","target":["https:\/\/www.muensterschule-hof.de\/wordpress\/muensterschule-bei-den-2-oberfraenkischen-umwelttagen-aktiv\/"]}]},{"@type":"ImageObject","inLanguage":"de","@id":"https:\/\/www.muensterschule-hof.de\/wordpress\/muensterschule-bei-den-2-oberfraenkischen-umwelttagen-aktiv\/#primaryimage","url":"https:\/\/www.muensterschule-hof.de\/wordpress\/wp-content\/uploads\/2024\/10\/Bildschirmfoto-2024-10-14-um-01.26.16.png","contentUrl":"https:\/\/www.muensterschule-hof.de\/wordpress\/wp-content\/uploads\/2024\/10\/Bildschirmfoto-2024-10-14-um-01.26.16.png","width":596,"height":790},{"@type":"BreadcrumbList","@id":"https:\/\/www.muensterschule-hof.de\/wordpress\/muensterschule-bei-den-2-oberfraenkischen-umwelttagen-aktiv\/#breadcrumb","itemListElement":[{"@type":"ListItem","position":1,"name":"Startseite","item":"https:\/\/www.muensterschule-hof.de\/wordpress\/"},{"@type":"ListItem","position":2,"name":"M\u00fcnsterschule bei den 2. Oberfr\u00e4nkischen Umwelttagen aktiv"}]},{"@type":"WebSite","@id":"https:\/\/www.muensterschule-hof.de\/wordpress\/#website","url":"https:\/\/www.muensterschule-hof.de\/wordpress\/","name":"M\u00fcnsterschule","description":"Deine Mittelschule in Hof","publisher":{"@id":"https:\/\/www.muensterschule-hof.de\/wordpress\/#organization"},"alternateName":"MMS Hof","potentialAction":[{"@type":"SearchAction","target":{"@type":"EntryPoint","urlTemplate":"https:\/\/www.muensterschule-hof.de\/wordpress\/?s={search_term_string}"},"query-input":{"@type":"PropertyValueSpecification","valueRequired":true,"valueName":"search_term_string"}}],"inLanguage":"de"},{"@type":"Organization","@id":"https:\/\/www.muensterschule-hof.de\/wordpress\/#organization","name":"M\u00fcnster-Mittelschule Hof","alternateName":"MMS Hof","url":"https:\/\/www.muensterschule-hof.de\/wordpress\/","logo":{"@type":"ImageObject","inLanguage":"de","@id":"https:\/\/www.muensterschule-hof.de\/wordpress\/#\/schema\/logo\/image\/","url":"https:\/\/www.muensterschule-hof.de\/wordpress\/wp-content\/uploads\/2018\/05\/cropped-MMS-Hof-final-1.png","contentUrl":"https:\/\/www.muensterschule-hof.de\/wordpress\/wp-content\/uploads\/2018\/05\/cropped-MMS-Hof-final-1.png","width":512,"height":512,"caption":"M\u00fcnster-Mittelschule Hof"},"image":{"@id":"https:\/\/www.muensterschule-hof.de\/wordpress\/#\/schema\/logo\/image\/"}},{"@type":"Person","@id":"https:\/\/www.muensterschule-hof.de\/wordpress\/#\/schema\/person\/de58534e4cef400557500dff7aaa25b0","name":"wpadmin","image":{"@type":"ImageObject","inLanguage":"de","@id":"https:\/\/secure.gravatar.com\/avatar\/d9cd22045d4ad9ac54235e981c866f9317666429d45f49a3dc409314ab7be359?s=96&d=mm&r=g","url":"https:\/\/secure.gravatar.com\/avatar\/d9cd22045d4ad9ac54235e981c866f9317666429d45f49a3dc409314ab7be359?s=96&d=mm&r=g","contentUrl":"https:\/\/secure.gravatar.com\/avatar\/d9cd22045d4ad9ac54235e981c866f9317666429d45f49a3dc409314ab7be359?s=96&d=mm&r=g","caption":"wpadmin"},"url":"https:\/\/www.muensterschule-hof.de\/wordpress\/author\/wpadmin\/"}]}},"_links":{"self":[{"href":"https:\/\/www.muensterschule-hof.de\/wordpress\/wp-json\/wp\/v2\/posts\/3423","targetHints":{"allow":["GET"]}}],"collection":[{"href":"https:\/\/www.muensterschule-hof.de\/wordpress\/wp-json\/wp\/v2\/posts"}],"about":[{"href":"https:\/\/www.muensterschule-hof.de\/wordpress\/wp-json\/wp\/v2\/types\/post"}],"author":[{"embeddable":true,"href":"https:\/\/www.muensterschule-hof.de\/wordpress\/wp-json\/wp\/v2\/users\/1"}],"replies":[{"embeddable":true,"href":"https:\/\/www.muensterschule-hof.de\/wordpress\/wp-json\/wp\/v2\/comments?post=3423"}],"version-history":[{"count":1,"href":"https:\/\/www.muensterschule-hof.de\/wordpress\/wp-json\/wp\/v2\/posts\/3423\/revisions"}],"predecessor-version":[{"id":3425,"href":"https:\/\/www.muensterschule-hof.de\/wordpress\/wp-json\/wp\/v2\/posts\/3423\/revisions\/3425"}],"wp:featuredmedia":[{"embeddable":true,"href":"https:\/\/www.muensterschule-hof.de\/wordpress\/wp-json\/wp\/v2\/media\/3424"}],"wp:attachment":[{"href":"https:\/\/www.muensterschule-hof.de\/wordpress\/wp-json\/wp\/v2\/media?parent=3423"}],"wp:term":[{"taxonomy":"category","embeddable":true,"href":"https:\/\/www.muensterschule-hof.de\/wordpress\/wp-json\/wp\/v2\/categories?post=3423"},{"taxonomy":"post_tag","embeddable":true,"href":"https:\/\/www.muensterschule-hof.de\/wordpress\/wp-json\/wp\/v2\/tags?post=3423"}],"curies":[{"name":"wp","href":"https:\/\/api.w.org\/{rel}","templated":true}]}}