{"id":3525,"date":"2024-11-11T10:41:26","date_gmt":"2024-11-11T10:41:26","guid":{"rendered":"https:\/\/www.muensterschule-hof.de\/wordpress\/?p=3525"},"modified":"2024-11-11T10:42:22","modified_gmt":"2024-11-11T10:42:22","slug":"wir-waren-dabei-demokratietag-speak-up-act-now-in-bayreuth","status":"publish","type":"post","link":"https:\/\/www.muensterschule-hof.de\/wordpress\/wir-waren-dabei-demokratietag-speak-up-act-now-in-bayreuth\/","title":{"rendered":"Wir waren dabei: Demokratietag &#8222;Speak up &#8211; act now&#8220; in Bayreuth"},"content":{"rendered":"\n<p>Am 7. Oktober 2024 fand im Zentrum in Bayreuth der Demokratietag &#8222;Speak up &#8211; act now&#8220;, der vom Bezirksjugendring Oberfranken veranstaltet wurde, statt. <\/p>\n\n\n<div class=\"wp-block-image\">\n<figure class=\"aligncenter size-full is-resized\"><img loading=\"lazy\" decoding=\"async\" width=\"835\" height=\"788\" src=\"https:\/\/www.muensterschule-hof.de\/wordpress\/wp-content\/uploads\/2024\/11\/Gruppe-demo.jpg\" alt=\"\" class=\"wp-image-3527\" style=\"width:385px;height:auto\"\/><\/figure>\n<\/div>\n\n\n<p>\u00dcber 120 Sch\u00fcler und Sch\u00fclerinnen erfuhren am Vormittag aus dem Leben der Zeitzeugin Eva Weyl, einer \u00dcberlebenden des Konzentrationslagers Westerbork. Anschlie\u00dfend beantwortete die 89-J\u00e4hrige ihr vielen Fragen.\u202f\u00a0<\/p>\n\n\n\n<p>Nachmittags diskutierten die Teilnehmer und Teilnehmerinnen in mehreren Workshops \u00fcber die Themen \u201eDemokratie und Zusammenleben\u201c und \u00fcber \u201eDiskriminierung durch KI\u201c, setzten sich in einer Mitmach-Ausstellung mit dem Grundgesetz auseinander oder wurden kreativ und texteten ihren eigenen Rap gegen Gewalt und Hetze.\u00a0<\/p>\n\n\n\n<figure class=\"wp-block-gallery has-nested-images columns-default is-cropped wp-block-gallery-1 is-layout-flex wp-block-gallery-is-layout-flex\">\n<figure class=\"wp-block-image size-large\"><img loading=\"lazy\" decoding=\"async\" width=\"1000\" height=\"815\" data-id=\"3528\" src=\"https:\/\/www.muensterschule-hof.de\/wordpress\/wp-content\/uploads\/2024\/11\/1.jpg\" alt=\"\" class=\"wp-image-3528\"\/><\/figure>\n\n\n\n<figure class=\"wp-block-image size-large\"><img loading=\"lazy\" decoding=\"async\" width=\"876\" height=\"1024\" data-id=\"3530\" src=\"https:\/\/www.muensterschule-hof.de\/wordpress\/wp-content\/uploads\/2024\/11\/2-876x1024.jpg\" alt=\"\" class=\"wp-image-3530\" srcset=\"https:\/\/www.muensterschule-hof.de\/wordpress\/wp-content\/uploads\/2024\/11\/2-876x1024.jpg 876w, https:\/\/www.muensterschule-hof.de\/wordpress\/wp-content\/uploads\/2024\/11\/2.jpg 901w\" sizes=\"auto, (max-width: 876px) 100vw, 876px\" \/><\/figure>\n\n\n\n<figure class=\"wp-block-image size-large\"><img loading=\"lazy\" decoding=\"async\" width=\"1005\" height=\"729\" data-id=\"3529\" src=\"https:\/\/www.muensterschule-hof.de\/wordpress\/wp-content\/uploads\/2024\/11\/3.jpg\" alt=\"\" class=\"wp-image-3529\"\/><\/figure>\n<\/figure>\n\n\n\n<p>Festgehalten wurden alle Ergebnisse von der Grafikerin Ulrike Mahr.\u00a0<\/p>\n\n\n\n<p><\/p>\n","protected":false},"excerpt":{"rendered":"<p>Am 7. Oktober 2024 fand im Zentrum in Bayreuth der Demokratietag &#8222;Speak up &#8211; act now&#8220;, der vom Bezirksjugendring Oberfranken veranstaltet wurde, statt. \u00dcber 120 Sch\u00fcler und Sch\u00fclerinnen erfuhren am Vormittag aus dem Leben der Zeitzeugin Eva Weyl, einer \u00dcberlebenden des Konzentrationslagers Westerbork. Anschlie\u00dfend beantwortete die 89-J\u00e4hrige ihr vielen Fragen.\u202f\u00a0 Nachmittags diskutierten die Teilnehmer und&hellip;&nbsp;<a href=\"https:\/\/www.muensterschule-hof.de\/wordpress\/wir-waren-dabei-demokratietag-speak-up-act-now-in-bayreuth\/\" rel=\"bookmark\">Weiterlesen &raquo;<span class=\"screen-reader-text\">Wir waren dabei: Demokratietag &#8222;Speak up &#8211; act now&#8220; in Bayreuth<\/span><\/a><\/p>\n","protected":false},"author":1,"featured_media":3526,"comment_status":"closed","ping_status":"closed","sticky":false,"template":"","format":"standard","meta":{"neve_meta_sidebar":"","neve_meta_container":"","neve_meta_enable_content_width":"","neve_meta_content_width":0,"neve_meta_title_alignment":"","neve_meta_author_avatar":"","neve_post_elements_order":"","neve_meta_disable_header":"","neve_meta_disable_footer":"","neve_meta_disable_title":"","footnotes":""},"categories":[50],"tags":[64,152],"class_list":["post-3525","post","type-post","status-publish","format-standard","has-post-thumbnail","hentry","category-aktuelles","tag-demokratie","tag-schule-ohne-rassimus"],"yoast_head":"<!-- This site is optimized with the Yoast SEO plugin v27.5 - https:\/\/yoast.com\/product\/yoast-seo-wordpress\/ -->\n<title>Wir waren dabei: Demokratietag &quot;Speak up - act now&quot; in Bayreuth - M\u00fcnsterschule<\/title>\n<meta name=\"robots\" content=\"index, follow, max-snippet:-1, max-image-preview:large, max-video-preview:-1\" \/>\n<link rel=\"canonical\" href=\"https:\/\/www.muensterschule-hof.de\/wordpress\/wir-waren-dabei-demokratietag-speak-up-act-now-in-bayreuth\/\" \/>\n<meta property=\"og:locale\" content=\"de_DE\" \/>\n<meta property=\"og:type\" content=\"article\" \/>\n<meta property=\"og:title\" content=\"Wir waren dabei: Demokratietag &quot;Speak up - act now&quot; in Bayreuth - M\u00fcnsterschule\" \/>\n<meta property=\"og:description\" content=\"Am 7. Oktober 2024 fand im Zentrum in Bayreuth der Demokratietag &#8222;Speak up &#8211; act now&#8220;, der vom Bezirksjugendring Oberfranken veranstaltet wurde, statt. \u00dcber 120 Sch\u00fcler und Sch\u00fclerinnen erfuhren am Vormittag aus dem Leben der Zeitzeugin Eva Weyl, einer \u00dcberlebenden des Konzentrationslagers Westerbork. Anschlie\u00dfend beantwortete die 89-J\u00e4hrige ihr vielen Fragen.\u202f\u00a0 Nachmittags diskutierten die Teilnehmer und&hellip;&nbsp;Weiterlesen &raquo;Wir waren dabei: Demokratietag &#8222;Speak up &#8211; act now&#8220; in Bayreuth\" \/>\n<meta property=\"og:url\" content=\"https:\/\/www.muensterschule-hof.de\/wordpress\/wir-waren-dabei-demokratietag-speak-up-act-now-in-bayreuth\/\" \/>\n<meta property=\"og:site_name\" content=\"M\u00fcnsterschule\" \/>\n<meta property=\"article:published_time\" content=\"2024-11-11T10:41:26+00:00\" \/>\n<meta property=\"article:modified_time\" content=\"2024-11-11T10:42:22+00:00\" \/>\n<meta property=\"og:image\" content=\"https:\/\/www.muensterschule-hof.de\/wordpress\/wp-content\/uploads\/2024\/11\/Speak.jpg\" \/>\n\t<meta property=\"og:image:width\" content=\"989\" \/>\n\t<meta property=\"og:image:height\" content=\"542\" \/>\n\t<meta property=\"og:image:type\" content=\"image\/jpeg\" \/>\n<meta name=\"author\" content=\"wpadmin\" \/>\n<meta name=\"twitter:card\" content=\"summary_large_image\" \/>\n<meta name=\"twitter:label1\" content=\"Verfasst von\" \/>\n\t<meta name=\"twitter:data1\" content=\"wpadmin\" \/>\n\t<meta name=\"twitter:label2\" content=\"Gesch\u00e4tzte Lesezeit\" \/>\n\t<meta name=\"twitter:data2\" content=\"2\u00a0Minuten\" \/>\n<script type=\"application\/ld+json\" class=\"yoast-schema-graph\">{\"@context\":\"https:\\\/\\\/schema.org\",\"@graph\":[{\"@type\":\"Article\",\"@id\":\"https:\\\/\\\/www.muensterschule-hof.de\\\/wordpress\\\/wir-waren-dabei-demokratietag-speak-up-act-now-in-bayreuth\\\/#article\",\"isPartOf\":{\"@id\":\"https:\\\/\\\/www.muensterschule-hof.de\\\/wordpress\\\/wir-waren-dabei-demokratietag-speak-up-act-now-in-bayreuth\\\/\"},\"author\":{\"name\":\"wpadmin\",\"@id\":\"https:\\\/\\\/www.muensterschule-hof.de\\\/wordpress\\\/#\\\/schema\\\/person\\\/de58534e4cef400557500dff7aaa25b0\"},\"headline\":\"Wir waren dabei: Demokratietag &#8222;Speak up &#8211; act now&#8220; in Bayreuth\",\"datePublished\":\"2024-11-11T10:41:26+00:00\",\"dateModified\":\"2024-11-11T10:42:22+00:00\",\"mainEntityOfPage\":{\"@id\":\"https:\\\/\\\/www.muensterschule-hof.de\\\/wordpress\\\/wir-waren-dabei-demokratietag-speak-up-act-now-in-bayreuth\\\/\"},\"wordCount\":112,\"publisher\":{\"@id\":\"https:\\\/\\\/www.muensterschule-hof.de\\\/wordpress\\\/#organization\"},\"image\":{\"@id\":\"https:\\\/\\\/www.muensterschule-hof.de\\\/wordpress\\\/wir-waren-dabei-demokratietag-speak-up-act-now-in-bayreuth\\\/#primaryimage\"},\"thumbnailUrl\":\"https:\\\/\\\/www.muensterschule-hof.de\\\/wordpress\\\/wp-content\\\/uploads\\\/2024\\\/11\\\/Speak.jpg\",\"keywords\":[\"Demokratie\",\"Schule ohne Rassimus\"],\"articleSection\":[\"Aktuelles\"],\"inLanguage\":\"de\"},{\"@type\":\"WebPage\",\"@id\":\"https:\\\/\\\/www.muensterschule-hof.de\\\/wordpress\\\/wir-waren-dabei-demokratietag-speak-up-act-now-in-bayreuth\\\/\",\"url\":\"https:\\\/\\\/www.muensterschule-hof.de\\\/wordpress\\\/wir-waren-dabei-demokratietag-speak-up-act-now-in-bayreuth\\\/\",\"name\":\"Wir waren dabei: Demokratietag \\\"Speak up - act now\\\" in Bayreuth - M\u00fcnsterschule\",\"isPartOf\":{\"@id\":\"https:\\\/\\\/www.muensterschule-hof.de\\\/wordpress\\\/#website\"},\"primaryImageOfPage\":{\"@id\":\"https:\\\/\\\/www.muensterschule-hof.de\\\/wordpress\\\/wir-waren-dabei-demokratietag-speak-up-act-now-in-bayreuth\\\/#primaryimage\"},\"image\":{\"@id\":\"https:\\\/\\\/www.muensterschule-hof.de\\\/wordpress\\\/wir-waren-dabei-demokratietag-speak-up-act-now-in-bayreuth\\\/#primaryimage\"},\"thumbnailUrl\":\"https:\\\/\\\/www.muensterschule-hof.de\\\/wordpress\\\/wp-content\\\/uploads\\\/2024\\\/11\\\/Speak.jpg\",\"datePublished\":\"2024-11-11T10:41:26+00:00\",\"dateModified\":\"2024-11-11T10:42:22+00:00\",\"breadcrumb\":{\"@id\":\"https:\\\/\\\/www.muensterschule-hof.de\\\/wordpress\\\/wir-waren-dabei-demokratietag-speak-up-act-now-in-bayreuth\\\/#breadcrumb\"},\"inLanguage\":\"de\",\"potentialAction\":[{\"@type\":\"ReadAction\",\"target\":[\"https:\\\/\\\/www.muensterschule-hof.de\\\/wordpress\\\/wir-waren-dabei-demokratietag-speak-up-act-now-in-bayreuth\\\/\"]}]},{\"@type\":\"ImageObject\",\"inLanguage\":\"de\",\"@id\":\"https:\\\/\\\/www.muensterschule-hof.de\\\/wordpress\\\/wir-waren-dabei-demokratietag-speak-up-act-now-in-bayreuth\\\/#primaryimage\",\"url\":\"https:\\\/\\\/www.muensterschule-hof.de\\\/wordpress\\\/wp-content\\\/uploads\\\/2024\\\/11\\\/Speak.jpg\",\"contentUrl\":\"https:\\\/\\\/www.muensterschule-hof.de\\\/wordpress\\\/wp-content\\\/uploads\\\/2024\\\/11\\\/Speak.jpg\",\"width\":989,\"height\":542},{\"@type\":\"BreadcrumbList\",\"@id\":\"https:\\\/\\\/www.muensterschule-hof.de\\\/wordpress\\\/wir-waren-dabei-demokratietag-speak-up-act-now-in-bayreuth\\\/#breadcrumb\",\"itemListElement\":[{\"@type\":\"ListItem\",\"position\":1,\"name\":\"Startseite\",\"item\":\"https:\\\/\\\/www.muensterschule-hof.de\\\/wordpress\\\/\"},{\"@type\":\"ListItem\",\"position\":2,\"name\":\"Wir waren dabei: Demokratietag &#8222;Speak up &#8211; act now&#8220; in Bayreuth\"}]},{\"@type\":\"WebSite\",\"@id\":\"https:\\\/\\\/www.muensterschule-hof.de\\\/wordpress\\\/#website\",\"url\":\"https:\\\/\\\/www.muensterschule-hof.de\\\/wordpress\\\/\",\"name\":\"M\u00fcnsterschule\",\"description\":\"Deine Mittelschule in Hof\",\"publisher\":{\"@id\":\"https:\\\/\\\/www.muensterschule-hof.de\\\/wordpress\\\/#organization\"},\"alternateName\":\"MMS Hof\",\"potentialAction\":[{\"@type\":\"SearchAction\",\"target\":{\"@type\":\"EntryPoint\",\"urlTemplate\":\"https:\\\/\\\/www.muensterschule-hof.de\\\/wordpress\\\/?s={search_term_string}\"},\"query-input\":{\"@type\":\"PropertyValueSpecification\",\"valueRequired\":true,\"valueName\":\"search_term_string\"}}],\"inLanguage\":\"de\"},{\"@type\":\"Organization\",\"@id\":\"https:\\\/\\\/www.muensterschule-hof.de\\\/wordpress\\\/#organization\",\"name\":\"M\u00fcnster-Mittelschule Hof\",\"alternateName\":\"MMS Hof\",\"url\":\"https:\\\/\\\/www.muensterschule-hof.de\\\/wordpress\\\/\",\"logo\":{\"@type\":\"ImageObject\",\"inLanguage\":\"de\",\"@id\":\"https:\\\/\\\/www.muensterschule-hof.de\\\/wordpress\\\/#\\\/schema\\\/logo\\\/image\\\/\",\"url\":\"https:\\\/\\\/www.muensterschule-hof.de\\\/wordpress\\\/wp-content\\\/uploads\\\/2018\\\/05\\\/cropped-MMS-Hof-final-1.png\",\"contentUrl\":\"https:\\\/\\\/www.muensterschule-hof.de\\\/wordpress\\\/wp-content\\\/uploads\\\/2018\\\/05\\\/cropped-MMS-Hof-final-1.png\",\"width\":512,\"height\":512,\"caption\":\"M\u00fcnster-Mittelschule Hof\"},\"image\":{\"@id\":\"https:\\\/\\\/www.muensterschule-hof.de\\\/wordpress\\\/#\\\/schema\\\/logo\\\/image\\\/\"}},{\"@type\":\"Person\",\"@id\":\"https:\\\/\\\/www.muensterschule-hof.de\\\/wordpress\\\/#\\\/schema\\\/person\\\/de58534e4cef400557500dff7aaa25b0\",\"name\":\"wpadmin\",\"image\":{\"@type\":\"ImageObject\",\"inLanguage\":\"de\",\"@id\":\"https:\\\/\\\/secure.gravatar.com\\\/avatar\\\/d9cd22045d4ad9ac54235e981c866f9317666429d45f49a3dc409314ab7be359?s=96&d=mm&r=g\",\"url\":\"https:\\\/\\\/secure.gravatar.com\\\/avatar\\\/d9cd22045d4ad9ac54235e981c866f9317666429d45f49a3dc409314ab7be359?s=96&d=mm&r=g\",\"contentUrl\":\"https:\\\/\\\/secure.gravatar.com\\\/avatar\\\/d9cd22045d4ad9ac54235e981c866f9317666429d45f49a3dc409314ab7be359?s=96&d=mm&r=g\",\"caption\":\"wpadmin\"},\"url\":\"https:\\\/\\\/www.muensterschule-hof.de\\\/wordpress\\\/author\\\/wpadmin\\\/\"}]}<\/script>\n<!-- \/ Yoast SEO plugin. -->","yoast_head_json":{"title":"Wir waren dabei: Demokratietag \"Speak up - act now\" in Bayreuth - M\u00fcnsterschule","robots":{"index":"index","follow":"follow","max-snippet":"max-snippet:-1","max-image-preview":"max-image-preview:large","max-video-preview":"max-video-preview:-1"},"canonical":"https:\/\/www.muensterschule-hof.de\/wordpress\/wir-waren-dabei-demokratietag-speak-up-act-now-in-bayreuth\/","og_locale":"de_DE","og_type":"article","og_title":"Wir waren dabei: Demokratietag \"Speak up - act now\" in Bayreuth - M\u00fcnsterschule","og_description":"Am 7. Oktober 2024 fand im Zentrum in Bayreuth der Demokratietag &#8222;Speak up &#8211; act now&#8220;, der vom Bezirksjugendring Oberfranken veranstaltet wurde, statt. \u00dcber 120 Sch\u00fcler und Sch\u00fclerinnen erfuhren am Vormittag aus dem Leben der Zeitzeugin Eva Weyl, einer \u00dcberlebenden des Konzentrationslagers Westerbork. Anschlie\u00dfend beantwortete die 89-J\u00e4hrige ihr vielen Fragen.\u202f\u00a0 Nachmittags diskutierten die Teilnehmer und&hellip;&nbsp;Weiterlesen &raquo;Wir waren dabei: Demokratietag &#8222;Speak up &#8211; act now&#8220; in Bayreuth","og_url":"https:\/\/www.muensterschule-hof.de\/wordpress\/wir-waren-dabei-demokratietag-speak-up-act-now-in-bayreuth\/","og_site_name":"M\u00fcnsterschule","article_published_time":"2024-11-11T10:41:26+00:00","article_modified_time":"2024-11-11T10:42:22+00:00","og_image":[{"width":989,"height":542,"url":"https:\/\/www.muensterschule-hof.de\/wordpress\/wp-content\/uploads\/2024\/11\/Speak.jpg","type":"image\/jpeg"}],"author":"wpadmin","twitter_card":"summary_large_image","twitter_misc":{"Verfasst von":"wpadmin","Gesch\u00e4tzte Lesezeit":"2\u00a0Minuten"},"schema":{"@context":"https:\/\/schema.org","@graph":[{"@type":"Article","@id":"https:\/\/www.muensterschule-hof.de\/wordpress\/wir-waren-dabei-demokratietag-speak-up-act-now-in-bayreuth\/#article","isPartOf":{"@id":"https:\/\/www.muensterschule-hof.de\/wordpress\/wir-waren-dabei-demokratietag-speak-up-act-now-in-bayreuth\/"},"author":{"name":"wpadmin","@id":"https:\/\/www.muensterschule-hof.de\/wordpress\/#\/schema\/person\/de58534e4cef400557500dff7aaa25b0"},"headline":"Wir waren dabei: Demokratietag &#8222;Speak up &#8211; act now&#8220; in Bayreuth","datePublished":"2024-11-11T10:41:26+00:00","dateModified":"2024-11-11T10:42:22+00:00","mainEntityOfPage":{"@id":"https:\/\/www.muensterschule-hof.de\/wordpress\/wir-waren-dabei-demokratietag-speak-up-act-now-in-bayreuth\/"},"wordCount":112,"publisher":{"@id":"https:\/\/www.muensterschule-hof.de\/wordpress\/#organization"},"image":{"@id":"https:\/\/www.muensterschule-hof.de\/wordpress\/wir-waren-dabei-demokratietag-speak-up-act-now-in-bayreuth\/#primaryimage"},"thumbnailUrl":"https:\/\/www.muensterschule-hof.de\/wordpress\/wp-content\/uploads\/2024\/11\/Speak.jpg","keywords":["Demokratie","Schule ohne Rassimus"],"articleSection":["Aktuelles"],"inLanguage":"de"},{"@type":"WebPage","@id":"https:\/\/www.muensterschule-hof.de\/wordpress\/wir-waren-dabei-demokratietag-speak-up-act-now-in-bayreuth\/","url":"https:\/\/www.muensterschule-hof.de\/wordpress\/wir-waren-dabei-demokratietag-speak-up-act-now-in-bayreuth\/","name":"Wir waren dabei: Demokratietag \"Speak up - act now\" in Bayreuth - M\u00fcnsterschule","isPartOf":{"@id":"https:\/\/www.muensterschule-hof.de\/wordpress\/#website"},"primaryImageOfPage":{"@id":"https:\/\/www.muensterschule-hof.de\/wordpress\/wir-waren-dabei-demokratietag-speak-up-act-now-in-bayreuth\/#primaryimage"},"image":{"@id":"https:\/\/www.muensterschule-hof.de\/wordpress\/wir-waren-dabei-demokratietag-speak-up-act-now-in-bayreuth\/#primaryimage"},"thumbnailUrl":"https:\/\/www.muensterschule-hof.de\/wordpress\/wp-content\/uploads\/2024\/11\/Speak.jpg","datePublished":"2024-11-11T10:41:26+00:00","dateModified":"2024-11-11T10:42:22+00:00","breadcrumb":{"@id":"https:\/\/www.muensterschule-hof.de\/wordpress\/wir-waren-dabei-demokratietag-speak-up-act-now-in-bayreuth\/#breadcrumb"},"inLanguage":"de","potentialAction":[{"@type":"ReadAction","target":["https:\/\/www.muensterschule-hof.de\/wordpress\/wir-waren-dabei-demokratietag-speak-up-act-now-in-bayreuth\/"]}]},{"@type":"ImageObject","inLanguage":"de","@id":"https:\/\/www.muensterschule-hof.de\/wordpress\/wir-waren-dabei-demokratietag-speak-up-act-now-in-bayreuth\/#primaryimage","url":"https:\/\/www.muensterschule-hof.de\/wordpress\/wp-content\/uploads\/2024\/11\/Speak.jpg","contentUrl":"https:\/\/www.muensterschule-hof.de\/wordpress\/wp-content\/uploads\/2024\/11\/Speak.jpg","width":989,"height":542},{"@type":"BreadcrumbList","@id":"https:\/\/www.muensterschule-hof.de\/wordpress\/wir-waren-dabei-demokratietag-speak-up-act-now-in-bayreuth\/#breadcrumb","itemListElement":[{"@type":"ListItem","position":1,"name":"Startseite","item":"https:\/\/www.muensterschule-hof.de\/wordpress\/"},{"@type":"ListItem","position":2,"name":"Wir waren dabei: Demokratietag &#8222;Speak up &#8211; act now&#8220; in Bayreuth"}]},{"@type":"WebSite","@id":"https:\/\/www.muensterschule-hof.de\/wordpress\/#website","url":"https:\/\/www.muensterschule-hof.de\/wordpress\/","name":"M\u00fcnsterschule","description":"Deine Mittelschule in Hof","publisher":{"@id":"https:\/\/www.muensterschule-hof.de\/wordpress\/#organization"},"alternateName":"MMS Hof","potentialAction":[{"@type":"SearchAction","target":{"@type":"EntryPoint","urlTemplate":"https:\/\/www.muensterschule-hof.de\/wordpress\/?s={search_term_string}"},"query-input":{"@type":"PropertyValueSpecification","valueRequired":true,"valueName":"search_term_string"}}],"inLanguage":"de"},{"@type":"Organization","@id":"https:\/\/www.muensterschule-hof.de\/wordpress\/#organization","name":"M\u00fcnster-Mittelschule Hof","alternateName":"MMS Hof","url":"https:\/\/www.muensterschule-hof.de\/wordpress\/","logo":{"@type":"ImageObject","inLanguage":"de","@id":"https:\/\/www.muensterschule-hof.de\/wordpress\/#\/schema\/logo\/image\/","url":"https:\/\/www.muensterschule-hof.de\/wordpress\/wp-content\/uploads\/2018\/05\/cropped-MMS-Hof-final-1.png","contentUrl":"https:\/\/www.muensterschule-hof.de\/wordpress\/wp-content\/uploads\/2018\/05\/cropped-MMS-Hof-final-1.png","width":512,"height":512,"caption":"M\u00fcnster-Mittelschule Hof"},"image":{"@id":"https:\/\/www.muensterschule-hof.de\/wordpress\/#\/schema\/logo\/image\/"}},{"@type":"Person","@id":"https:\/\/www.muensterschule-hof.de\/wordpress\/#\/schema\/person\/de58534e4cef400557500dff7aaa25b0","name":"wpadmin","image":{"@type":"ImageObject","inLanguage":"de","@id":"https:\/\/secure.gravatar.com\/avatar\/d9cd22045d4ad9ac54235e981c866f9317666429d45f49a3dc409314ab7be359?s=96&d=mm&r=g","url":"https:\/\/secure.gravatar.com\/avatar\/d9cd22045d4ad9ac54235e981c866f9317666429d45f49a3dc409314ab7be359?s=96&d=mm&r=g","contentUrl":"https:\/\/secure.gravatar.com\/avatar\/d9cd22045d4ad9ac54235e981c866f9317666429d45f49a3dc409314ab7be359?s=96&d=mm&r=g","caption":"wpadmin"},"url":"https:\/\/www.muensterschule-hof.de\/wordpress\/author\/wpadmin\/"}]}},"_links":{"self":[{"href":"https:\/\/www.muensterschule-hof.de\/wordpress\/wp-json\/wp\/v2\/posts\/3525","targetHints":{"allow":["GET"]}}],"collection":[{"href":"https:\/\/www.muensterschule-hof.de\/wordpress\/wp-json\/wp\/v2\/posts"}],"about":[{"href":"https:\/\/www.muensterschule-hof.de\/wordpress\/wp-json\/wp\/v2\/types\/post"}],"author":[{"embeddable":true,"href":"https:\/\/www.muensterschule-hof.de\/wordpress\/wp-json\/wp\/v2\/users\/1"}],"replies":[{"embeddable":true,"href":"https:\/\/www.muensterschule-hof.de\/wordpress\/wp-json\/wp\/v2\/comments?post=3525"}],"version-history":[{"count":2,"href":"https:\/\/www.muensterschule-hof.de\/wordpress\/wp-json\/wp\/v2\/posts\/3525\/revisions"}],"predecessor-version":[{"id":3532,"href":"https:\/\/www.muensterschule-hof.de\/wordpress\/wp-json\/wp\/v2\/posts\/3525\/revisions\/3532"}],"wp:featuredmedia":[{"embeddable":true,"href":"https:\/\/www.muensterschule-hof.de\/wordpress\/wp-json\/wp\/v2\/media\/3526"}],"wp:attachment":[{"href":"https:\/\/www.muensterschule-hof.de\/wordpress\/wp-json\/wp\/v2\/media?parent=3525"}],"wp:term":[{"taxonomy":"category","embeddable":true,"href":"https:\/\/www.muensterschule-hof.de\/wordpress\/wp-json\/wp\/v2\/categories?post=3525"},{"taxonomy":"post_tag","embeddable":true,"href":"https:\/\/www.muensterschule-hof.de\/wordpress\/wp-json\/wp\/v2\/tags?post=3525"}],"curies":[{"name":"wp","href":"https:\/\/api.w.org\/{rel}","templated":true}]}}