{"id":3533,"date":"2024-11-14T22:19:24","date_gmt":"2024-11-14T22:19:24","guid":{"rendered":"https:\/\/www.muensterschule-hof.de\/wordpress\/?p=3533"},"modified":"2024-11-17T17:41:53","modified_gmt":"2024-11-17T17:41:53","slug":"antigewalttraining-gewaltpraevention-in-den-5-klassen","status":"publish","type":"post","link":"https:\/\/www.muensterschule-hof.de\/wordpress\/antigewalttraining-gewaltpraevention-in-den-5-klassen\/","title":{"rendered":"Antigewalttraining (Gewaltpr\u00e4vention) in den 5. Klassen"},"content":{"rendered":"\n<p>Was empfinden wir eigentlich alles als Gewalt? Wenn jemand einen anderen beleidigt, anspuckt, sich \u00fcber seine Klamotten lustig macht, etwas klaut oder aus Spa\u00df geschl\u00e4gert wird? Im November kamen die Jugendkontaktbeamten Arthur Gruber und Linda G\u00fcnzel zu den 5. Klassen, um die Kinder spielerisch an das Thema \u201eGewalt\u201c heranzuf\u00fchren. Schnell wurde klar, dass Gewalt von jedem unterschiedlich empfunden wird. Aus eigenen Erfahrungen erz\u00e4hlten die Sch\u00fcler, dass viele es als ganz normal ansehen, wenn man sich auf dem Schulweg oder in der Pause aus Spa\u00df herumschubst, sich boxt oder ein Bein stellt. Dass manches jedoch ganz und gar nicht lustig ist, verstanden die 5.Kl\u00e4ssler beim Reflektieren \u00fcber ihre eigenen Gef\u00fchle. Gemeinsam wurden verschiedene Formen von Gewalt erarbeitet, \u00fcber Mobbing gesprochen und Gr\u00fcnde \u00fcberlegt, weshalb jemand beispielsweise magers\u00fcchtig wird und sich dabei selbst Schaden zuf\u00fcgt. \u201eWas kann man dann tun, wenn man Gewalt von anderen erf\u00e4hrt \u2013 egal ob k\u00f6rperlich oder seelisch?\u201c, wollte Gruber abschlie\u00dfend von den Kindern wissen. Und nach vier Schulstunden Antigewalttraining waren sich alle einig: \u201eWir sagen einem Erwachsenen Bescheid und holen uns Hilfe!\u201c Daf\u00fcr seien Eltern, Lehrer, Schulleitung und sogar die Polizei in vielen F\u00e4llen die richtigen Ansprechpartner. Wichtig sei, dass man nicht alleine bleibt mit seinem Kummer, sondern sich von anderen unterst\u00fctzen l\u00e4sst!<\/p>\n\n\n\n<figure class=\"wp-block-gallery has-nested-images columns-default is-cropped wp-block-gallery-1 is-layout-flex wp-block-gallery-is-layout-flex\">\n<figure class=\"wp-block-image size-large\"><img loading=\"lazy\" decoding=\"async\" width=\"848\" height=\"508\" data-id=\"3535\" src=\"https:\/\/www.muensterschule-hof.de\/wordpress\/wp-content\/uploads\/2024\/11\/Bildschirmfoto-2024-11-15-um-00.32.31.png\" alt=\"\" class=\"wp-image-3535\"\/><\/figure>\n\n\n\n<figure class=\"wp-block-image size-large\"><img loading=\"lazy\" decoding=\"async\" width=\"1024\" height=\"614\" data-id=\"3534\" src=\"https:\/\/www.muensterschule-hof.de\/wordpress\/wp-content\/uploads\/2024\/11\/Bildschirmfoto-2024-11-15-um-00.31.05-1024x614.png\" alt=\"\" class=\"wp-image-3534\" srcset=\"https:\/\/www.muensterschule-hof.de\/wordpress\/wp-content\/uploads\/2024\/11\/Bildschirmfoto-2024-11-15-um-00.31.05-1024x614.png 1024w, https:\/\/www.muensterschule-hof.de\/wordpress\/wp-content\/uploads\/2024\/11\/Bildschirmfoto-2024-11-15-um-00.31.05.png 1060w\" sizes=\"auto, (max-width: 1024px) 100vw, 1024px\" \/><\/figure>\n<\/figure>\n","protected":false},"excerpt":{"rendered":"<p>Was empfinden wir eigentlich alles als Gewalt? Wenn jemand einen anderen beleidigt, anspuckt, sich \u00fcber seine Klamotten lustig macht, etwas klaut oder aus Spa\u00df geschl\u00e4gert wird? Im November kamen die Jugendkontaktbeamten Arthur Gruber und Linda G\u00fcnzel zu den 5. Klassen, um die Kinder spielerisch an das Thema \u201eGewalt\u201c heranzuf\u00fchren. Schnell wurde klar, dass Gewalt von&hellip;&nbsp;<a href=\"https:\/\/www.muensterschule-hof.de\/wordpress\/antigewalttraining-gewaltpraevention-in-den-5-klassen\/\" rel=\"bookmark\">Weiterlesen &raquo;<span class=\"screen-reader-text\">Antigewalttraining (Gewaltpr\u00e4vention) in den 5. Klassen<\/span><\/a><\/p>\n","protected":false},"author":1,"featured_media":3536,"comment_status":"closed","ping_status":"closed","sticky":false,"template":"","format":"standard","meta":{"neve_meta_sidebar":"","neve_meta_container":"","neve_meta_enable_content_width":"","neve_meta_content_width":0,"neve_meta_title_alignment":"","neve_meta_author_avatar":"","neve_post_elements_order":"","neve_meta_disable_header":"","neve_meta_disable_footer":"","neve_meta_disable_title":"","footnotes":""},"categories":[50],"tags":[153,154],"class_list":["post-3533","post","type-post","status-publish","format-standard","has-post-thumbnail","hentry","category-aktuelles","tag-antigewalttraining","tag-gewaltpraevention"],"yoast_head":"<!-- This site is optimized with the Yoast SEO plugin v27.5 - https:\/\/yoast.com\/product\/yoast-seo-wordpress\/ -->\n<title>Antigewalttraining (Gewaltpr\u00e4vention) in den 5. Klassen - M\u00fcnsterschule<\/title>\n<meta name=\"robots\" content=\"index, follow, max-snippet:-1, max-image-preview:large, max-video-preview:-1\" \/>\n<link rel=\"canonical\" href=\"https:\/\/www.muensterschule-hof.de\/wordpress\/antigewalttraining-gewaltpraevention-in-den-5-klassen\/\" \/>\n<meta property=\"og:locale\" content=\"de_DE\" \/>\n<meta property=\"og:type\" content=\"article\" \/>\n<meta property=\"og:title\" content=\"Antigewalttraining (Gewaltpr\u00e4vention) in den 5. Klassen - M\u00fcnsterschule\" \/>\n<meta property=\"og:description\" content=\"Was empfinden wir eigentlich alles als Gewalt? Wenn jemand einen anderen beleidigt, anspuckt, sich \u00fcber seine Klamotten lustig macht, etwas klaut oder aus Spa\u00df geschl\u00e4gert wird? Im November kamen die Jugendkontaktbeamten Arthur Gruber und Linda G\u00fcnzel zu den 5. Klassen, um die Kinder spielerisch an das Thema \u201eGewalt\u201c heranzuf\u00fchren. Schnell wurde klar, dass Gewalt von&hellip;&nbsp;Weiterlesen &raquo;Antigewalttraining (Gewaltpr\u00e4vention) in den 5. Klassen\" \/>\n<meta property=\"og:url\" content=\"https:\/\/www.muensterschule-hof.de\/wordpress\/antigewalttraining-gewaltpraevention-in-den-5-klassen\/\" \/>\n<meta property=\"og:site_name\" content=\"M\u00fcnsterschule\" \/>\n<meta property=\"article:published_time\" content=\"2024-11-14T22:19:24+00:00\" \/>\n<meta property=\"article:modified_time\" content=\"2024-11-17T17:41:53+00:00\" \/>\n<meta property=\"og:image\" content=\"https:\/\/www.muensterschule-hof.de\/wordpress\/wp-content\/uploads\/2024\/11\/Bildschirmfoto-2024-11-15-um-00.32.39.png\" \/>\n\t<meta property=\"og:image:width\" content=\"974\" \/>\n\t<meta property=\"og:image:height\" content=\"604\" \/>\n\t<meta property=\"og:image:type\" content=\"image\/png\" \/>\n<meta name=\"author\" content=\"wpadmin\" \/>\n<meta name=\"twitter:card\" content=\"summary_large_image\" \/>\n<meta name=\"twitter:label1\" content=\"Verfasst von\" \/>\n\t<meta name=\"twitter:data1\" content=\"wpadmin\" \/>\n\t<meta name=\"twitter:label2\" content=\"Gesch\u00e4tzte Lesezeit\" \/>\n\t<meta name=\"twitter:data2\" content=\"2\u00a0Minuten\" \/>\n<script type=\"application\/ld+json\" class=\"yoast-schema-graph\">{\"@context\":\"https:\\\/\\\/schema.org\",\"@graph\":[{\"@type\":\"Article\",\"@id\":\"https:\\\/\\\/www.muensterschule-hof.de\\\/wordpress\\\/antigewalttraining-gewaltpraevention-in-den-5-klassen\\\/#article\",\"isPartOf\":{\"@id\":\"https:\\\/\\\/www.muensterschule-hof.de\\\/wordpress\\\/antigewalttraining-gewaltpraevention-in-den-5-klassen\\\/\"},\"author\":{\"name\":\"wpadmin\",\"@id\":\"https:\\\/\\\/www.muensterschule-hof.de\\\/wordpress\\\/#\\\/schema\\\/person\\\/de58534e4cef400557500dff7aaa25b0\"},\"headline\":\"Antigewalttraining (Gewaltpr\u00e4vention) in den 5. Klassen\",\"datePublished\":\"2024-11-14T22:19:24+00:00\",\"dateModified\":\"2024-11-17T17:41:53+00:00\",\"mainEntityOfPage\":{\"@id\":\"https:\\\/\\\/www.muensterschule-hof.de\\\/wordpress\\\/antigewalttraining-gewaltpraevention-in-den-5-klassen\\\/\"},\"wordCount\":227,\"publisher\":{\"@id\":\"https:\\\/\\\/www.muensterschule-hof.de\\\/wordpress\\\/#organization\"},\"image\":{\"@id\":\"https:\\\/\\\/www.muensterschule-hof.de\\\/wordpress\\\/antigewalttraining-gewaltpraevention-in-den-5-klassen\\\/#primaryimage\"},\"thumbnailUrl\":\"https:\\\/\\\/www.muensterschule-hof.de\\\/wordpress\\\/wp-content\\\/uploads\\\/2024\\\/11\\\/Bildschirmfoto-2024-11-15-um-00.32.39.png\",\"keywords\":[\"Antigewalttraining\",\"Gewaltpr\u00e4vention\"],\"articleSection\":[\"Aktuelles\"],\"inLanguage\":\"de\"},{\"@type\":\"WebPage\",\"@id\":\"https:\\\/\\\/www.muensterschule-hof.de\\\/wordpress\\\/antigewalttraining-gewaltpraevention-in-den-5-klassen\\\/\",\"url\":\"https:\\\/\\\/www.muensterschule-hof.de\\\/wordpress\\\/antigewalttraining-gewaltpraevention-in-den-5-klassen\\\/\",\"name\":\"Antigewalttraining (Gewaltpr\u00e4vention) in den 5. Klassen - M\u00fcnsterschule\",\"isPartOf\":{\"@id\":\"https:\\\/\\\/www.muensterschule-hof.de\\\/wordpress\\\/#website\"},\"primaryImageOfPage\":{\"@id\":\"https:\\\/\\\/www.muensterschule-hof.de\\\/wordpress\\\/antigewalttraining-gewaltpraevention-in-den-5-klassen\\\/#primaryimage\"},\"image\":{\"@id\":\"https:\\\/\\\/www.muensterschule-hof.de\\\/wordpress\\\/antigewalttraining-gewaltpraevention-in-den-5-klassen\\\/#primaryimage\"},\"thumbnailUrl\":\"https:\\\/\\\/www.muensterschule-hof.de\\\/wordpress\\\/wp-content\\\/uploads\\\/2024\\\/11\\\/Bildschirmfoto-2024-11-15-um-00.32.39.png\",\"datePublished\":\"2024-11-14T22:19:24+00:00\",\"dateModified\":\"2024-11-17T17:41:53+00:00\",\"breadcrumb\":{\"@id\":\"https:\\\/\\\/www.muensterschule-hof.de\\\/wordpress\\\/antigewalttraining-gewaltpraevention-in-den-5-klassen\\\/#breadcrumb\"},\"inLanguage\":\"de\",\"potentialAction\":[{\"@type\":\"ReadAction\",\"target\":[\"https:\\\/\\\/www.muensterschule-hof.de\\\/wordpress\\\/antigewalttraining-gewaltpraevention-in-den-5-klassen\\\/\"]}]},{\"@type\":\"ImageObject\",\"inLanguage\":\"de\",\"@id\":\"https:\\\/\\\/www.muensterschule-hof.de\\\/wordpress\\\/antigewalttraining-gewaltpraevention-in-den-5-klassen\\\/#primaryimage\",\"url\":\"https:\\\/\\\/www.muensterschule-hof.de\\\/wordpress\\\/wp-content\\\/uploads\\\/2024\\\/11\\\/Bildschirmfoto-2024-11-15-um-00.32.39.png\",\"contentUrl\":\"https:\\\/\\\/www.muensterschule-hof.de\\\/wordpress\\\/wp-content\\\/uploads\\\/2024\\\/11\\\/Bildschirmfoto-2024-11-15-um-00.32.39.png\",\"width\":974,\"height\":604},{\"@type\":\"BreadcrumbList\",\"@id\":\"https:\\\/\\\/www.muensterschule-hof.de\\\/wordpress\\\/antigewalttraining-gewaltpraevention-in-den-5-klassen\\\/#breadcrumb\",\"itemListElement\":[{\"@type\":\"ListItem\",\"position\":1,\"name\":\"Startseite\",\"item\":\"https:\\\/\\\/www.muensterschule-hof.de\\\/wordpress\\\/\"},{\"@type\":\"ListItem\",\"position\":2,\"name\":\"Antigewalttraining (Gewaltpr\u00e4vention) in den 5. Klassen\"}]},{\"@type\":\"WebSite\",\"@id\":\"https:\\\/\\\/www.muensterschule-hof.de\\\/wordpress\\\/#website\",\"url\":\"https:\\\/\\\/www.muensterschule-hof.de\\\/wordpress\\\/\",\"name\":\"M\u00fcnsterschule\",\"description\":\"Deine Mittelschule in Hof\",\"publisher\":{\"@id\":\"https:\\\/\\\/www.muensterschule-hof.de\\\/wordpress\\\/#organization\"},\"alternateName\":\"MMS Hof\",\"potentialAction\":[{\"@type\":\"SearchAction\",\"target\":{\"@type\":\"EntryPoint\",\"urlTemplate\":\"https:\\\/\\\/www.muensterschule-hof.de\\\/wordpress\\\/?s={search_term_string}\"},\"query-input\":{\"@type\":\"PropertyValueSpecification\",\"valueRequired\":true,\"valueName\":\"search_term_string\"}}],\"inLanguage\":\"de\"},{\"@type\":\"Organization\",\"@id\":\"https:\\\/\\\/www.muensterschule-hof.de\\\/wordpress\\\/#organization\",\"name\":\"M\u00fcnster-Mittelschule Hof\",\"alternateName\":\"MMS Hof\",\"url\":\"https:\\\/\\\/www.muensterschule-hof.de\\\/wordpress\\\/\",\"logo\":{\"@type\":\"ImageObject\",\"inLanguage\":\"de\",\"@id\":\"https:\\\/\\\/www.muensterschule-hof.de\\\/wordpress\\\/#\\\/schema\\\/logo\\\/image\\\/\",\"url\":\"https:\\\/\\\/www.muensterschule-hof.de\\\/wordpress\\\/wp-content\\\/uploads\\\/2018\\\/05\\\/cropped-MMS-Hof-final-1.png\",\"contentUrl\":\"https:\\\/\\\/www.muensterschule-hof.de\\\/wordpress\\\/wp-content\\\/uploads\\\/2018\\\/05\\\/cropped-MMS-Hof-final-1.png\",\"width\":512,\"height\":512,\"caption\":\"M\u00fcnster-Mittelschule Hof\"},\"image\":{\"@id\":\"https:\\\/\\\/www.muensterschule-hof.de\\\/wordpress\\\/#\\\/schema\\\/logo\\\/image\\\/\"}},{\"@type\":\"Person\",\"@id\":\"https:\\\/\\\/www.muensterschule-hof.de\\\/wordpress\\\/#\\\/schema\\\/person\\\/de58534e4cef400557500dff7aaa25b0\",\"name\":\"wpadmin\",\"image\":{\"@type\":\"ImageObject\",\"inLanguage\":\"de\",\"@id\":\"https:\\\/\\\/secure.gravatar.com\\\/avatar\\\/d9cd22045d4ad9ac54235e981c866f9317666429d45f49a3dc409314ab7be359?s=96&d=mm&r=g\",\"url\":\"https:\\\/\\\/secure.gravatar.com\\\/avatar\\\/d9cd22045d4ad9ac54235e981c866f9317666429d45f49a3dc409314ab7be359?s=96&d=mm&r=g\",\"contentUrl\":\"https:\\\/\\\/secure.gravatar.com\\\/avatar\\\/d9cd22045d4ad9ac54235e981c866f9317666429d45f49a3dc409314ab7be359?s=96&d=mm&r=g\",\"caption\":\"wpadmin\"},\"url\":\"https:\\\/\\\/www.muensterschule-hof.de\\\/wordpress\\\/author\\\/wpadmin\\\/\"}]}<\/script>\n<!-- \/ Yoast SEO plugin. -->","yoast_head_json":{"title":"Antigewalttraining (Gewaltpr\u00e4vention) in den 5. Klassen - M\u00fcnsterschule","robots":{"index":"index","follow":"follow","max-snippet":"max-snippet:-1","max-image-preview":"max-image-preview:large","max-video-preview":"max-video-preview:-1"},"canonical":"https:\/\/www.muensterschule-hof.de\/wordpress\/antigewalttraining-gewaltpraevention-in-den-5-klassen\/","og_locale":"de_DE","og_type":"article","og_title":"Antigewalttraining (Gewaltpr\u00e4vention) in den 5. Klassen - M\u00fcnsterschule","og_description":"Was empfinden wir eigentlich alles als Gewalt? Wenn jemand einen anderen beleidigt, anspuckt, sich \u00fcber seine Klamotten lustig macht, etwas klaut oder aus Spa\u00df geschl\u00e4gert wird? Im November kamen die Jugendkontaktbeamten Arthur Gruber und Linda G\u00fcnzel zu den 5. Klassen, um die Kinder spielerisch an das Thema \u201eGewalt\u201c heranzuf\u00fchren. Schnell wurde klar, dass Gewalt von&hellip;&nbsp;Weiterlesen &raquo;Antigewalttraining (Gewaltpr\u00e4vention) in den 5. Klassen","og_url":"https:\/\/www.muensterschule-hof.de\/wordpress\/antigewalttraining-gewaltpraevention-in-den-5-klassen\/","og_site_name":"M\u00fcnsterschule","article_published_time":"2024-11-14T22:19:24+00:00","article_modified_time":"2024-11-17T17:41:53+00:00","og_image":[{"width":974,"height":604,"url":"https:\/\/www.muensterschule-hof.de\/wordpress\/wp-content\/uploads\/2024\/11\/Bildschirmfoto-2024-11-15-um-00.32.39.png","type":"image\/png"}],"author":"wpadmin","twitter_card":"summary_large_image","twitter_misc":{"Verfasst von":"wpadmin","Gesch\u00e4tzte Lesezeit":"2\u00a0Minuten"},"schema":{"@context":"https:\/\/schema.org","@graph":[{"@type":"Article","@id":"https:\/\/www.muensterschule-hof.de\/wordpress\/antigewalttraining-gewaltpraevention-in-den-5-klassen\/#article","isPartOf":{"@id":"https:\/\/www.muensterschule-hof.de\/wordpress\/antigewalttraining-gewaltpraevention-in-den-5-klassen\/"},"author":{"name":"wpadmin","@id":"https:\/\/www.muensterschule-hof.de\/wordpress\/#\/schema\/person\/de58534e4cef400557500dff7aaa25b0"},"headline":"Antigewalttraining (Gewaltpr\u00e4vention) in den 5. Klassen","datePublished":"2024-11-14T22:19:24+00:00","dateModified":"2024-11-17T17:41:53+00:00","mainEntityOfPage":{"@id":"https:\/\/www.muensterschule-hof.de\/wordpress\/antigewalttraining-gewaltpraevention-in-den-5-klassen\/"},"wordCount":227,"publisher":{"@id":"https:\/\/www.muensterschule-hof.de\/wordpress\/#organization"},"image":{"@id":"https:\/\/www.muensterschule-hof.de\/wordpress\/antigewalttraining-gewaltpraevention-in-den-5-klassen\/#primaryimage"},"thumbnailUrl":"https:\/\/www.muensterschule-hof.de\/wordpress\/wp-content\/uploads\/2024\/11\/Bildschirmfoto-2024-11-15-um-00.32.39.png","keywords":["Antigewalttraining","Gewaltpr\u00e4vention"],"articleSection":["Aktuelles"],"inLanguage":"de"},{"@type":"WebPage","@id":"https:\/\/www.muensterschule-hof.de\/wordpress\/antigewalttraining-gewaltpraevention-in-den-5-klassen\/","url":"https:\/\/www.muensterschule-hof.de\/wordpress\/antigewalttraining-gewaltpraevention-in-den-5-klassen\/","name":"Antigewalttraining (Gewaltpr\u00e4vention) in den 5. Klassen - M\u00fcnsterschule","isPartOf":{"@id":"https:\/\/www.muensterschule-hof.de\/wordpress\/#website"},"primaryImageOfPage":{"@id":"https:\/\/www.muensterschule-hof.de\/wordpress\/antigewalttraining-gewaltpraevention-in-den-5-klassen\/#primaryimage"},"image":{"@id":"https:\/\/www.muensterschule-hof.de\/wordpress\/antigewalttraining-gewaltpraevention-in-den-5-klassen\/#primaryimage"},"thumbnailUrl":"https:\/\/www.muensterschule-hof.de\/wordpress\/wp-content\/uploads\/2024\/11\/Bildschirmfoto-2024-11-15-um-00.32.39.png","datePublished":"2024-11-14T22:19:24+00:00","dateModified":"2024-11-17T17:41:53+00:00","breadcrumb":{"@id":"https:\/\/www.muensterschule-hof.de\/wordpress\/antigewalttraining-gewaltpraevention-in-den-5-klassen\/#breadcrumb"},"inLanguage":"de","potentialAction":[{"@type":"ReadAction","target":["https:\/\/www.muensterschule-hof.de\/wordpress\/antigewalttraining-gewaltpraevention-in-den-5-klassen\/"]}]},{"@type":"ImageObject","inLanguage":"de","@id":"https:\/\/www.muensterschule-hof.de\/wordpress\/antigewalttraining-gewaltpraevention-in-den-5-klassen\/#primaryimage","url":"https:\/\/www.muensterschule-hof.de\/wordpress\/wp-content\/uploads\/2024\/11\/Bildschirmfoto-2024-11-15-um-00.32.39.png","contentUrl":"https:\/\/www.muensterschule-hof.de\/wordpress\/wp-content\/uploads\/2024\/11\/Bildschirmfoto-2024-11-15-um-00.32.39.png","width":974,"height":604},{"@type":"BreadcrumbList","@id":"https:\/\/www.muensterschule-hof.de\/wordpress\/antigewalttraining-gewaltpraevention-in-den-5-klassen\/#breadcrumb","itemListElement":[{"@type":"ListItem","position":1,"name":"Startseite","item":"https:\/\/www.muensterschule-hof.de\/wordpress\/"},{"@type":"ListItem","position":2,"name":"Antigewalttraining (Gewaltpr\u00e4vention) in den 5. Klassen"}]},{"@type":"WebSite","@id":"https:\/\/www.muensterschule-hof.de\/wordpress\/#website","url":"https:\/\/www.muensterschule-hof.de\/wordpress\/","name":"M\u00fcnsterschule","description":"Deine Mittelschule in Hof","publisher":{"@id":"https:\/\/www.muensterschule-hof.de\/wordpress\/#organization"},"alternateName":"MMS Hof","potentialAction":[{"@type":"SearchAction","target":{"@type":"EntryPoint","urlTemplate":"https:\/\/www.muensterschule-hof.de\/wordpress\/?s={search_term_string}"},"query-input":{"@type":"PropertyValueSpecification","valueRequired":true,"valueName":"search_term_string"}}],"inLanguage":"de"},{"@type":"Organization","@id":"https:\/\/www.muensterschule-hof.de\/wordpress\/#organization","name":"M\u00fcnster-Mittelschule Hof","alternateName":"MMS Hof","url":"https:\/\/www.muensterschule-hof.de\/wordpress\/","logo":{"@type":"ImageObject","inLanguage":"de","@id":"https:\/\/www.muensterschule-hof.de\/wordpress\/#\/schema\/logo\/image\/","url":"https:\/\/www.muensterschule-hof.de\/wordpress\/wp-content\/uploads\/2018\/05\/cropped-MMS-Hof-final-1.png","contentUrl":"https:\/\/www.muensterschule-hof.de\/wordpress\/wp-content\/uploads\/2018\/05\/cropped-MMS-Hof-final-1.png","width":512,"height":512,"caption":"M\u00fcnster-Mittelschule Hof"},"image":{"@id":"https:\/\/www.muensterschule-hof.de\/wordpress\/#\/schema\/logo\/image\/"}},{"@type":"Person","@id":"https:\/\/www.muensterschule-hof.de\/wordpress\/#\/schema\/person\/de58534e4cef400557500dff7aaa25b0","name":"wpadmin","image":{"@type":"ImageObject","inLanguage":"de","@id":"https:\/\/secure.gravatar.com\/avatar\/d9cd22045d4ad9ac54235e981c866f9317666429d45f49a3dc409314ab7be359?s=96&d=mm&r=g","url":"https:\/\/secure.gravatar.com\/avatar\/d9cd22045d4ad9ac54235e981c866f9317666429d45f49a3dc409314ab7be359?s=96&d=mm&r=g","contentUrl":"https:\/\/secure.gravatar.com\/avatar\/d9cd22045d4ad9ac54235e981c866f9317666429d45f49a3dc409314ab7be359?s=96&d=mm&r=g","caption":"wpadmin"},"url":"https:\/\/www.muensterschule-hof.de\/wordpress\/author\/wpadmin\/"}]}},"_links":{"self":[{"href":"https:\/\/www.muensterschule-hof.de\/wordpress\/wp-json\/wp\/v2\/posts\/3533","targetHints":{"allow":["GET"]}}],"collection":[{"href":"https:\/\/www.muensterschule-hof.de\/wordpress\/wp-json\/wp\/v2\/posts"}],"about":[{"href":"https:\/\/www.muensterschule-hof.de\/wordpress\/wp-json\/wp\/v2\/types\/post"}],"author":[{"embeddable":true,"href":"https:\/\/www.muensterschule-hof.de\/wordpress\/wp-json\/wp\/v2\/users\/1"}],"replies":[{"embeddable":true,"href":"https:\/\/www.muensterschule-hof.de\/wordpress\/wp-json\/wp\/v2\/comments?post=3533"}],"version-history":[{"count":2,"href":"https:\/\/www.muensterschule-hof.de\/wordpress\/wp-json\/wp\/v2\/posts\/3533\/revisions"}],"predecessor-version":[{"id":3563,"href":"https:\/\/www.muensterschule-hof.de\/wordpress\/wp-json\/wp\/v2\/posts\/3533\/revisions\/3563"}],"wp:featuredmedia":[{"embeddable":true,"href":"https:\/\/www.muensterschule-hof.de\/wordpress\/wp-json\/wp\/v2\/media\/3536"}],"wp:attachment":[{"href":"https:\/\/www.muensterschule-hof.de\/wordpress\/wp-json\/wp\/v2\/media?parent=3533"}],"wp:term":[{"taxonomy":"category","embeddable":true,"href":"https:\/\/www.muensterschule-hof.de\/wordpress\/wp-json\/wp\/v2\/categories?post=3533"},{"taxonomy":"post_tag","embeddable":true,"href":"https:\/\/www.muensterschule-hof.de\/wordpress\/wp-json\/wp\/v2\/tags?post=3533"}],"curies":[{"name":"wp","href":"https:\/\/api.w.org\/{rel}","templated":true}]}}