{"id":3606,"date":"2024-11-21T18:59:21","date_gmt":"2024-11-21T18:59:21","guid":{"rendered":"https:\/\/www.muensterschule-hof.de\/wordpress\/?p=3606"},"modified":"2024-11-22T08:25:32","modified_gmt":"2024-11-22T08:25:32","slug":"weihnachtliche-kreativitaet-in-der-7a-basteln-von-weihnachtssternen","status":"publish","type":"post","link":"https:\/\/www.muensterschule-hof.de\/wordpress\/weihnachtliche-kreativitaet-in-der-7a-basteln-von-weihnachtssternen\/","title":{"rendered":"Weihnachtliche Kreativit\u00e4t in der 7a: Basteln von Weihnachtssternen"},"content":{"rendered":"\n<p>In der <strong>Kreativklasse 7a<\/strong> spielt die Zusammenarbeit im <strong>multiprofessionellen Team<\/strong> eine wichtige Rolle. Dank des Engagements der <strong>Schulbegleitung<\/strong> konnte wirklich jeder Sch\u00fcler an der Bastelaktion teilnehmen und seine  Ideen einbringen.<\/p>\n\n\n\n<p>Mit viel Geduld und Kreativit\u00e4t entstanden wundersch\u00f6ne Weihnachtssterne, die nun das Klassenzimmer in eine festliche Atmosph\u00e4re tauchen. Die Aktion zeigte nicht nur, wie aus einfachem Material beeindruckende Dekorationen entstehen k\u00f6nnen, sondern auch, wie wichtig gegenseitige Unterst\u00fctzung und gemeinsames Arbeiten f\u00fcr den Erfolg eines Projekts sind.<\/p>\n\n\n\n<p>Die Klasse 7a w\u00fcnscht allen eine frohe und besinnliche Weihnachtszeit!<\/p>\n\n\n\n<figure class=\"wp-block-gallery has-nested-images columns-default is-cropped wp-block-gallery-1 is-layout-flex wp-block-gallery-is-layout-flex\">\n<figure class=\"wp-block-image size-large\"><img loading=\"lazy\" decoding=\"async\" width=\"538\" height=\"1024\" data-id=\"3607\" src=\"https:\/\/www.muensterschule-hof.de\/wordpress\/wp-content\/uploads\/2024\/11\/b684194a-660a-492b-98d9-870c29de7967-538x1024.jpg\" alt=\"\" class=\"wp-image-3607\" srcset=\"https:\/\/www.muensterschule-hof.de\/wordpress\/wp-content\/uploads\/2024\/11\/b684194a-660a-492b-98d9-870c29de7967-538x1024.jpg 538w, https:\/\/www.muensterschule-hof.de\/wordpress\/wp-content\/uploads\/2024\/11\/b684194a-660a-492b-98d9-870c29de7967-807x1536.jpg 807w, https:\/\/www.muensterschule-hof.de\/wordpress\/wp-content\/uploads\/2024\/11\/b684194a-660a-492b-98d9-870c29de7967.jpg 1076w\" sizes=\"auto, (max-width: 538px) 100vw, 538px\" \/><\/figure>\n\n\n\n<figure class=\"wp-block-image size-large\"><img loading=\"lazy\" decoding=\"async\" width=\"882\" height=\"1024\" data-id=\"3608\" src=\"https:\/\/www.muensterschule-hof.de\/wordpress\/wp-content\/uploads\/2024\/11\/fed73549-de27-4bc5-a5c6-b1dc55717e11-882x1024.jpg\" alt=\"\" class=\"wp-image-3608\" srcset=\"https:\/\/www.muensterschule-hof.de\/wordpress\/wp-content\/uploads\/2024\/11\/fed73549-de27-4bc5-a5c6-b1dc55717e11-882x1024.jpg 882w, https:\/\/www.muensterschule-hof.de\/wordpress\/wp-content\/uploads\/2024\/11\/fed73549-de27-4bc5-a5c6-b1dc55717e11-1323x1536.jpg 1323w, https:\/\/www.muensterschule-hof.de\/wordpress\/wp-content\/uploads\/2024\/11\/fed73549-de27-4bc5-a5c6-b1dc55717e11.jpg 1764w\" sizes=\"auto, (max-width: 882px) 100vw, 882px\" \/><\/figure>\n<\/figure>\n","protected":false},"excerpt":{"rendered":"<p>In der Kreativklasse 7a spielt die Zusammenarbeit im multiprofessionellen Team eine wichtige Rolle. Dank des Engagements der Schulbegleitung konnte wirklich jeder Sch\u00fcler an der Bastelaktion teilnehmen und seine Ideen einbringen. Mit viel Geduld und Kreativit\u00e4t entstanden wundersch\u00f6ne Weihnachtssterne, die nun das Klassenzimmer in eine festliche Atmosph\u00e4re tauchen. Die Aktion zeigte nicht nur, wie aus einfachem&hellip;&nbsp;<a href=\"https:\/\/www.muensterschule-hof.de\/wordpress\/weihnachtliche-kreativitaet-in-der-7a-basteln-von-weihnachtssternen\/\" rel=\"bookmark\">Weiterlesen &raquo;<span class=\"screen-reader-text\">Weihnachtliche Kreativit\u00e4t in der 7a: Basteln von Weihnachtssternen<\/span><\/a><\/p>\n","protected":false},"author":1,"featured_media":3611,"comment_status":"closed","ping_status":"closed","sticky":false,"template":"","format":"standard","meta":{"neve_meta_sidebar":"","neve_meta_container":"","neve_meta_enable_content_width":"","neve_meta_content_width":0,"neve_meta_title_alignment":"","neve_meta_author_avatar":"","neve_post_elements_order":"","neve_meta_disable_header":"","neve_meta_disable_footer":"","neve_meta_disable_title":"","footnotes":""},"categories":[50,1],"tags":[132,164,51],"class_list":["post-3606","post","type-post","status-publish","format-standard","has-post-thumbnail","hentry","category-aktuelles","category-uncategorized","tag-7a","tag-bastelaktion","tag-kreativklasse"],"yoast_head":"<!-- This site is optimized with the Yoast SEO plugin v27.5 - https:\/\/yoast.com\/product\/yoast-seo-wordpress\/ -->\n<title>Weihnachtliche Kreativit\u00e4t in der 7a: Basteln von Weihnachtssternen - M\u00fcnsterschule<\/title>\n<meta name=\"robots\" content=\"index, follow, max-snippet:-1, max-image-preview:large, max-video-preview:-1\" \/>\n<link rel=\"canonical\" href=\"https:\/\/www.muensterschule-hof.de\/wordpress\/weihnachtliche-kreativitaet-in-der-7a-basteln-von-weihnachtssternen\/\" \/>\n<meta property=\"og:locale\" content=\"de_DE\" \/>\n<meta property=\"og:type\" content=\"article\" \/>\n<meta property=\"og:title\" content=\"Weihnachtliche Kreativit\u00e4t in der 7a: Basteln von Weihnachtssternen - M\u00fcnsterschule\" \/>\n<meta property=\"og:description\" content=\"In der Kreativklasse 7a spielt die Zusammenarbeit im multiprofessionellen Team eine wichtige Rolle. Dank des Engagements der Schulbegleitung konnte wirklich jeder Sch\u00fcler an der Bastelaktion teilnehmen und seine Ideen einbringen. Mit viel Geduld und Kreativit\u00e4t entstanden wundersch\u00f6ne Weihnachtssterne, die nun das Klassenzimmer in eine festliche Atmosph\u00e4re tauchen. Die Aktion zeigte nicht nur, wie aus einfachem&hellip;&nbsp;Weiterlesen &raquo;Weihnachtliche Kreativit\u00e4t in der 7a: Basteln von Weihnachtssternen\" \/>\n<meta property=\"og:url\" content=\"https:\/\/www.muensterschule-hof.de\/wordpress\/weihnachtliche-kreativitaet-in-der-7a-basteln-von-weihnachtssternen\/\" \/>\n<meta property=\"og:site_name\" content=\"M\u00fcnsterschule\" \/>\n<meta property=\"article:published_time\" content=\"2024-11-21T18:59:21+00:00\" \/>\n<meta property=\"article:modified_time\" content=\"2024-11-22T08:25:32+00:00\" \/>\n<meta property=\"og:image\" content=\"https:\/\/www.muensterschule-hof.de\/wordpress\/wp-content\/uploads\/2024\/11\/00fd8071-9161-4224-a887-da076281aac9.jpeg\" \/>\n\t<meta property=\"og:image:width\" content=\"1549\" \/>\n\t<meta property=\"og:image:height\" content=\"942\" \/>\n\t<meta property=\"og:image:type\" content=\"image\/jpeg\" \/>\n<meta name=\"author\" content=\"wpadmin\" \/>\n<meta name=\"twitter:card\" content=\"summary_large_image\" \/>\n<meta name=\"twitter:label1\" content=\"Verfasst von\" \/>\n\t<meta name=\"twitter:data1\" content=\"wpadmin\" \/>\n\t<meta name=\"twitter:label2\" content=\"Gesch\u00e4tzte Lesezeit\" \/>\n\t<meta name=\"twitter:data2\" content=\"2\u00a0Minuten\" \/>\n<script type=\"application\/ld+json\" class=\"yoast-schema-graph\">{\"@context\":\"https:\\\/\\\/schema.org\",\"@graph\":[{\"@type\":\"Article\",\"@id\":\"https:\\\/\\\/www.muensterschule-hof.de\\\/wordpress\\\/weihnachtliche-kreativitaet-in-der-7a-basteln-von-weihnachtssternen\\\/#article\",\"isPartOf\":{\"@id\":\"https:\\\/\\\/www.muensterschule-hof.de\\\/wordpress\\\/weihnachtliche-kreativitaet-in-der-7a-basteln-von-weihnachtssternen\\\/\"},\"author\":{\"name\":\"wpadmin\",\"@id\":\"https:\\\/\\\/www.muensterschule-hof.de\\\/wordpress\\\/#\\\/schema\\\/person\\\/de58534e4cef400557500dff7aaa25b0\"},\"headline\":\"Weihnachtliche Kreativit\u00e4t in der 7a: Basteln von Weihnachtssternen\",\"datePublished\":\"2024-11-21T18:59:21+00:00\",\"dateModified\":\"2024-11-22T08:25:32+00:00\",\"mainEntityOfPage\":{\"@id\":\"https:\\\/\\\/www.muensterschule-hof.de\\\/wordpress\\\/weihnachtliche-kreativitaet-in-der-7a-basteln-von-weihnachtssternen\\\/\"},\"wordCount\":102,\"publisher\":{\"@id\":\"https:\\\/\\\/www.muensterschule-hof.de\\\/wordpress\\\/#organization\"},\"image\":{\"@id\":\"https:\\\/\\\/www.muensterschule-hof.de\\\/wordpress\\\/weihnachtliche-kreativitaet-in-der-7a-basteln-von-weihnachtssternen\\\/#primaryimage\"},\"thumbnailUrl\":\"https:\\\/\\\/www.muensterschule-hof.de\\\/wordpress\\\/wp-content\\\/uploads\\\/2024\\\/11\\\/00fd8071-9161-4224-a887-da076281aac9.jpeg\",\"keywords\":[\"7a\",\"Bastelaktion\",\"Kreativklasse\"],\"articleSection\":[\"Aktuelles\",\"Uncategorized\"],\"inLanguage\":\"de\"},{\"@type\":\"WebPage\",\"@id\":\"https:\\\/\\\/www.muensterschule-hof.de\\\/wordpress\\\/weihnachtliche-kreativitaet-in-der-7a-basteln-von-weihnachtssternen\\\/\",\"url\":\"https:\\\/\\\/www.muensterschule-hof.de\\\/wordpress\\\/weihnachtliche-kreativitaet-in-der-7a-basteln-von-weihnachtssternen\\\/\",\"name\":\"Weihnachtliche Kreativit\u00e4t in der 7a: Basteln von Weihnachtssternen - M\u00fcnsterschule\",\"isPartOf\":{\"@id\":\"https:\\\/\\\/www.muensterschule-hof.de\\\/wordpress\\\/#website\"},\"primaryImageOfPage\":{\"@id\":\"https:\\\/\\\/www.muensterschule-hof.de\\\/wordpress\\\/weihnachtliche-kreativitaet-in-der-7a-basteln-von-weihnachtssternen\\\/#primaryimage\"},\"image\":{\"@id\":\"https:\\\/\\\/www.muensterschule-hof.de\\\/wordpress\\\/weihnachtliche-kreativitaet-in-der-7a-basteln-von-weihnachtssternen\\\/#primaryimage\"},\"thumbnailUrl\":\"https:\\\/\\\/www.muensterschule-hof.de\\\/wordpress\\\/wp-content\\\/uploads\\\/2024\\\/11\\\/00fd8071-9161-4224-a887-da076281aac9.jpeg\",\"datePublished\":\"2024-11-21T18:59:21+00:00\",\"dateModified\":\"2024-11-22T08:25:32+00:00\",\"breadcrumb\":{\"@id\":\"https:\\\/\\\/www.muensterschule-hof.de\\\/wordpress\\\/weihnachtliche-kreativitaet-in-der-7a-basteln-von-weihnachtssternen\\\/#breadcrumb\"},\"inLanguage\":\"de\",\"potentialAction\":[{\"@type\":\"ReadAction\",\"target\":[\"https:\\\/\\\/www.muensterschule-hof.de\\\/wordpress\\\/weihnachtliche-kreativitaet-in-der-7a-basteln-von-weihnachtssternen\\\/\"]}]},{\"@type\":\"ImageObject\",\"inLanguage\":\"de\",\"@id\":\"https:\\\/\\\/www.muensterschule-hof.de\\\/wordpress\\\/weihnachtliche-kreativitaet-in-der-7a-basteln-von-weihnachtssternen\\\/#primaryimage\",\"url\":\"https:\\\/\\\/www.muensterschule-hof.de\\\/wordpress\\\/wp-content\\\/uploads\\\/2024\\\/11\\\/00fd8071-9161-4224-a887-da076281aac9.jpeg\",\"contentUrl\":\"https:\\\/\\\/www.muensterschule-hof.de\\\/wordpress\\\/wp-content\\\/uploads\\\/2024\\\/11\\\/00fd8071-9161-4224-a887-da076281aac9.jpeg\",\"width\":1549,\"height\":942},{\"@type\":\"BreadcrumbList\",\"@id\":\"https:\\\/\\\/www.muensterschule-hof.de\\\/wordpress\\\/weihnachtliche-kreativitaet-in-der-7a-basteln-von-weihnachtssternen\\\/#breadcrumb\",\"itemListElement\":[{\"@type\":\"ListItem\",\"position\":1,\"name\":\"Startseite\",\"item\":\"https:\\\/\\\/www.muensterschule-hof.de\\\/wordpress\\\/\"},{\"@type\":\"ListItem\",\"position\":2,\"name\":\"Weihnachtliche Kreativit\u00e4t in der 7a: Basteln von Weihnachtssternen\"}]},{\"@type\":\"WebSite\",\"@id\":\"https:\\\/\\\/www.muensterschule-hof.de\\\/wordpress\\\/#website\",\"url\":\"https:\\\/\\\/www.muensterschule-hof.de\\\/wordpress\\\/\",\"name\":\"M\u00fcnsterschule\",\"description\":\"Deine Mittelschule in Hof\",\"publisher\":{\"@id\":\"https:\\\/\\\/www.muensterschule-hof.de\\\/wordpress\\\/#organization\"},\"alternateName\":\"MMS Hof\",\"potentialAction\":[{\"@type\":\"SearchAction\",\"target\":{\"@type\":\"EntryPoint\",\"urlTemplate\":\"https:\\\/\\\/www.muensterschule-hof.de\\\/wordpress\\\/?s={search_term_string}\"},\"query-input\":{\"@type\":\"PropertyValueSpecification\",\"valueRequired\":true,\"valueName\":\"search_term_string\"}}],\"inLanguage\":\"de\"},{\"@type\":\"Organization\",\"@id\":\"https:\\\/\\\/www.muensterschule-hof.de\\\/wordpress\\\/#organization\",\"name\":\"M\u00fcnster-Mittelschule Hof\",\"alternateName\":\"MMS Hof\",\"url\":\"https:\\\/\\\/www.muensterschule-hof.de\\\/wordpress\\\/\",\"logo\":{\"@type\":\"ImageObject\",\"inLanguage\":\"de\",\"@id\":\"https:\\\/\\\/www.muensterschule-hof.de\\\/wordpress\\\/#\\\/schema\\\/logo\\\/image\\\/\",\"url\":\"https:\\\/\\\/www.muensterschule-hof.de\\\/wordpress\\\/wp-content\\\/uploads\\\/2018\\\/05\\\/cropped-MMS-Hof-final-1.png\",\"contentUrl\":\"https:\\\/\\\/www.muensterschule-hof.de\\\/wordpress\\\/wp-content\\\/uploads\\\/2018\\\/05\\\/cropped-MMS-Hof-final-1.png\",\"width\":512,\"height\":512,\"caption\":\"M\u00fcnster-Mittelschule Hof\"},\"image\":{\"@id\":\"https:\\\/\\\/www.muensterschule-hof.de\\\/wordpress\\\/#\\\/schema\\\/logo\\\/image\\\/\"}},{\"@type\":\"Person\",\"@id\":\"https:\\\/\\\/www.muensterschule-hof.de\\\/wordpress\\\/#\\\/schema\\\/person\\\/de58534e4cef400557500dff7aaa25b0\",\"name\":\"wpadmin\",\"image\":{\"@type\":\"ImageObject\",\"inLanguage\":\"de\",\"@id\":\"https:\\\/\\\/secure.gravatar.com\\\/avatar\\\/d9cd22045d4ad9ac54235e981c866f9317666429d45f49a3dc409314ab7be359?s=96&d=mm&r=g\",\"url\":\"https:\\\/\\\/secure.gravatar.com\\\/avatar\\\/d9cd22045d4ad9ac54235e981c866f9317666429d45f49a3dc409314ab7be359?s=96&d=mm&r=g\",\"contentUrl\":\"https:\\\/\\\/secure.gravatar.com\\\/avatar\\\/d9cd22045d4ad9ac54235e981c866f9317666429d45f49a3dc409314ab7be359?s=96&d=mm&r=g\",\"caption\":\"wpadmin\"},\"url\":\"https:\\\/\\\/www.muensterschule-hof.de\\\/wordpress\\\/author\\\/wpadmin\\\/\"}]}<\/script>\n<!-- \/ Yoast SEO plugin. -->","yoast_head_json":{"title":"Weihnachtliche Kreativit\u00e4t in der 7a: Basteln von Weihnachtssternen - M\u00fcnsterschule","robots":{"index":"index","follow":"follow","max-snippet":"max-snippet:-1","max-image-preview":"max-image-preview:large","max-video-preview":"max-video-preview:-1"},"canonical":"https:\/\/www.muensterschule-hof.de\/wordpress\/weihnachtliche-kreativitaet-in-der-7a-basteln-von-weihnachtssternen\/","og_locale":"de_DE","og_type":"article","og_title":"Weihnachtliche Kreativit\u00e4t in der 7a: Basteln von Weihnachtssternen - M\u00fcnsterschule","og_description":"In der Kreativklasse 7a spielt die Zusammenarbeit im multiprofessionellen Team eine wichtige Rolle. Dank des Engagements der Schulbegleitung konnte wirklich jeder Sch\u00fcler an der Bastelaktion teilnehmen und seine Ideen einbringen. Mit viel Geduld und Kreativit\u00e4t entstanden wundersch\u00f6ne Weihnachtssterne, die nun das Klassenzimmer in eine festliche Atmosph\u00e4re tauchen. Die Aktion zeigte nicht nur, wie aus einfachem&hellip;&nbsp;Weiterlesen &raquo;Weihnachtliche Kreativit\u00e4t in der 7a: Basteln von Weihnachtssternen","og_url":"https:\/\/www.muensterschule-hof.de\/wordpress\/weihnachtliche-kreativitaet-in-der-7a-basteln-von-weihnachtssternen\/","og_site_name":"M\u00fcnsterschule","article_published_time":"2024-11-21T18:59:21+00:00","article_modified_time":"2024-11-22T08:25:32+00:00","og_image":[{"width":1549,"height":942,"url":"https:\/\/www.muensterschule-hof.de\/wordpress\/wp-content\/uploads\/2024\/11\/00fd8071-9161-4224-a887-da076281aac9.jpeg","type":"image\/jpeg"}],"author":"wpadmin","twitter_card":"summary_large_image","twitter_misc":{"Verfasst von":"wpadmin","Gesch\u00e4tzte Lesezeit":"2\u00a0Minuten"},"schema":{"@context":"https:\/\/schema.org","@graph":[{"@type":"Article","@id":"https:\/\/www.muensterschule-hof.de\/wordpress\/weihnachtliche-kreativitaet-in-der-7a-basteln-von-weihnachtssternen\/#article","isPartOf":{"@id":"https:\/\/www.muensterschule-hof.de\/wordpress\/weihnachtliche-kreativitaet-in-der-7a-basteln-von-weihnachtssternen\/"},"author":{"name":"wpadmin","@id":"https:\/\/www.muensterschule-hof.de\/wordpress\/#\/schema\/person\/de58534e4cef400557500dff7aaa25b0"},"headline":"Weihnachtliche Kreativit\u00e4t in der 7a: Basteln von Weihnachtssternen","datePublished":"2024-11-21T18:59:21+00:00","dateModified":"2024-11-22T08:25:32+00:00","mainEntityOfPage":{"@id":"https:\/\/www.muensterschule-hof.de\/wordpress\/weihnachtliche-kreativitaet-in-der-7a-basteln-von-weihnachtssternen\/"},"wordCount":102,"publisher":{"@id":"https:\/\/www.muensterschule-hof.de\/wordpress\/#organization"},"image":{"@id":"https:\/\/www.muensterschule-hof.de\/wordpress\/weihnachtliche-kreativitaet-in-der-7a-basteln-von-weihnachtssternen\/#primaryimage"},"thumbnailUrl":"https:\/\/www.muensterschule-hof.de\/wordpress\/wp-content\/uploads\/2024\/11\/00fd8071-9161-4224-a887-da076281aac9.jpeg","keywords":["7a","Bastelaktion","Kreativklasse"],"articleSection":["Aktuelles","Uncategorized"],"inLanguage":"de"},{"@type":"WebPage","@id":"https:\/\/www.muensterschule-hof.de\/wordpress\/weihnachtliche-kreativitaet-in-der-7a-basteln-von-weihnachtssternen\/","url":"https:\/\/www.muensterschule-hof.de\/wordpress\/weihnachtliche-kreativitaet-in-der-7a-basteln-von-weihnachtssternen\/","name":"Weihnachtliche Kreativit\u00e4t in der 7a: Basteln von Weihnachtssternen - M\u00fcnsterschule","isPartOf":{"@id":"https:\/\/www.muensterschule-hof.de\/wordpress\/#website"},"primaryImageOfPage":{"@id":"https:\/\/www.muensterschule-hof.de\/wordpress\/weihnachtliche-kreativitaet-in-der-7a-basteln-von-weihnachtssternen\/#primaryimage"},"image":{"@id":"https:\/\/www.muensterschule-hof.de\/wordpress\/weihnachtliche-kreativitaet-in-der-7a-basteln-von-weihnachtssternen\/#primaryimage"},"thumbnailUrl":"https:\/\/www.muensterschule-hof.de\/wordpress\/wp-content\/uploads\/2024\/11\/00fd8071-9161-4224-a887-da076281aac9.jpeg","datePublished":"2024-11-21T18:59:21+00:00","dateModified":"2024-11-22T08:25:32+00:00","breadcrumb":{"@id":"https:\/\/www.muensterschule-hof.de\/wordpress\/weihnachtliche-kreativitaet-in-der-7a-basteln-von-weihnachtssternen\/#breadcrumb"},"inLanguage":"de","potentialAction":[{"@type":"ReadAction","target":["https:\/\/www.muensterschule-hof.de\/wordpress\/weihnachtliche-kreativitaet-in-der-7a-basteln-von-weihnachtssternen\/"]}]},{"@type":"ImageObject","inLanguage":"de","@id":"https:\/\/www.muensterschule-hof.de\/wordpress\/weihnachtliche-kreativitaet-in-der-7a-basteln-von-weihnachtssternen\/#primaryimage","url":"https:\/\/www.muensterschule-hof.de\/wordpress\/wp-content\/uploads\/2024\/11\/00fd8071-9161-4224-a887-da076281aac9.jpeg","contentUrl":"https:\/\/www.muensterschule-hof.de\/wordpress\/wp-content\/uploads\/2024\/11\/00fd8071-9161-4224-a887-da076281aac9.jpeg","width":1549,"height":942},{"@type":"BreadcrumbList","@id":"https:\/\/www.muensterschule-hof.de\/wordpress\/weihnachtliche-kreativitaet-in-der-7a-basteln-von-weihnachtssternen\/#breadcrumb","itemListElement":[{"@type":"ListItem","position":1,"name":"Startseite","item":"https:\/\/www.muensterschule-hof.de\/wordpress\/"},{"@type":"ListItem","position":2,"name":"Weihnachtliche Kreativit\u00e4t in der 7a: Basteln von Weihnachtssternen"}]},{"@type":"WebSite","@id":"https:\/\/www.muensterschule-hof.de\/wordpress\/#website","url":"https:\/\/www.muensterschule-hof.de\/wordpress\/","name":"M\u00fcnsterschule","description":"Deine Mittelschule in Hof","publisher":{"@id":"https:\/\/www.muensterschule-hof.de\/wordpress\/#organization"},"alternateName":"MMS Hof","potentialAction":[{"@type":"SearchAction","target":{"@type":"EntryPoint","urlTemplate":"https:\/\/www.muensterschule-hof.de\/wordpress\/?s={search_term_string}"},"query-input":{"@type":"PropertyValueSpecification","valueRequired":true,"valueName":"search_term_string"}}],"inLanguage":"de"},{"@type":"Organization","@id":"https:\/\/www.muensterschule-hof.de\/wordpress\/#organization","name":"M\u00fcnster-Mittelschule Hof","alternateName":"MMS Hof","url":"https:\/\/www.muensterschule-hof.de\/wordpress\/","logo":{"@type":"ImageObject","inLanguage":"de","@id":"https:\/\/www.muensterschule-hof.de\/wordpress\/#\/schema\/logo\/image\/","url":"https:\/\/www.muensterschule-hof.de\/wordpress\/wp-content\/uploads\/2018\/05\/cropped-MMS-Hof-final-1.png","contentUrl":"https:\/\/www.muensterschule-hof.de\/wordpress\/wp-content\/uploads\/2018\/05\/cropped-MMS-Hof-final-1.png","width":512,"height":512,"caption":"M\u00fcnster-Mittelschule Hof"},"image":{"@id":"https:\/\/www.muensterschule-hof.de\/wordpress\/#\/schema\/logo\/image\/"}},{"@type":"Person","@id":"https:\/\/www.muensterschule-hof.de\/wordpress\/#\/schema\/person\/de58534e4cef400557500dff7aaa25b0","name":"wpadmin","image":{"@type":"ImageObject","inLanguage":"de","@id":"https:\/\/secure.gravatar.com\/avatar\/d9cd22045d4ad9ac54235e981c866f9317666429d45f49a3dc409314ab7be359?s=96&d=mm&r=g","url":"https:\/\/secure.gravatar.com\/avatar\/d9cd22045d4ad9ac54235e981c866f9317666429d45f49a3dc409314ab7be359?s=96&d=mm&r=g","contentUrl":"https:\/\/secure.gravatar.com\/avatar\/d9cd22045d4ad9ac54235e981c866f9317666429d45f49a3dc409314ab7be359?s=96&d=mm&r=g","caption":"wpadmin"},"url":"https:\/\/www.muensterschule-hof.de\/wordpress\/author\/wpadmin\/"}]}},"_links":{"self":[{"href":"https:\/\/www.muensterschule-hof.de\/wordpress\/wp-json\/wp\/v2\/posts\/3606","targetHints":{"allow":["GET"]}}],"collection":[{"href":"https:\/\/www.muensterschule-hof.de\/wordpress\/wp-json\/wp\/v2\/posts"}],"about":[{"href":"https:\/\/www.muensterschule-hof.de\/wordpress\/wp-json\/wp\/v2\/types\/post"}],"author":[{"embeddable":true,"href":"https:\/\/www.muensterschule-hof.de\/wordpress\/wp-json\/wp\/v2\/users\/1"}],"replies":[{"embeddable":true,"href":"https:\/\/www.muensterschule-hof.de\/wordpress\/wp-json\/wp\/v2\/comments?post=3606"}],"version-history":[{"count":2,"href":"https:\/\/www.muensterschule-hof.de\/wordpress\/wp-json\/wp\/v2\/posts\/3606\/revisions"}],"predecessor-version":[{"id":3610,"href":"https:\/\/www.muensterschule-hof.de\/wordpress\/wp-json\/wp\/v2\/posts\/3606\/revisions\/3610"}],"wp:featuredmedia":[{"embeddable":true,"href":"https:\/\/www.muensterschule-hof.de\/wordpress\/wp-json\/wp\/v2\/media\/3611"}],"wp:attachment":[{"href":"https:\/\/www.muensterschule-hof.de\/wordpress\/wp-json\/wp\/v2\/media?parent=3606"}],"wp:term":[{"taxonomy":"category","embeddable":true,"href":"https:\/\/www.muensterschule-hof.de\/wordpress\/wp-json\/wp\/v2\/categories?post=3606"},{"taxonomy":"post_tag","embeddable":true,"href":"https:\/\/www.muensterschule-hof.de\/wordpress\/wp-json\/wp\/v2\/tags?post=3606"}],"curies":[{"name":"wp","href":"https:\/\/api.w.org\/{rel}","templated":true}]}}