{"id":3626,"date":"2024-11-27T20:51:24","date_gmt":"2024-11-27T20:51:24","guid":{"rendered":"https:\/\/www.muensterschule-hof.de\/wordpress\/?p=3626"},"modified":"2024-11-27T20:51:26","modified_gmt":"2024-11-27T20:51:26","slug":"2-kunstausstellung-der-hofer-mittelschulen-wir-sind-bunt","status":"publish","type":"post","link":"https:\/\/www.muensterschule-hof.de\/wordpress\/2-kunstausstellung-der-hofer-mittelschulen-wir-sind-bunt\/","title":{"rendered":"2. Kunstausstellung der Hofer Mittelschulen: &#8222;Wir sind bunt&#8220;"},"content":{"rendered":"\n<p>Am 27. November 2024 wurde um 14 Uhr die 2. Kunstausstellung der Hofer Mittelschulen feierlich in der Stadtb\u00fccherei Hof er\u00f6ffnet. Unter dem Motto&nbsp;<strong>\u201eWir sind bunt\u201c<\/strong>&nbsp;pr\u00e4sentieren Sch\u00fclerinnen und Sch\u00fcler ihre kreativen Werke, die Vielfalt, Individualit\u00e4t und Zusammenhalt k\u00fcnstlerisch zum Ausdruck bringen.<\/p>\n\n\n\n<p>Die Ausstellung ist bis zum\u00a0<strong>18. Dezember 2024<\/strong>\u00a0in der Stadtb\u00fccherei Hof zu sehen und l\u00e4dt alle Interessierten ein, die Kunstwerke zu entdecken.<\/p>\n\n\n\n<p>Ein besonderes Highlight: Passend zur Ausstellung ist der\u00a0<strong>Kunstkalender 2025<\/strong>\u00a0erh\u00e4ltlich. Der Kalender ist ein wunderbares Geschenk und eine tolle M\u00f6glichkeit, die Kreativit\u00e4t unserer Sch\u00fcler zu unterst\u00fctzen.<\/p>\n\n\n\n<figure class=\"wp-block-image size-large\"><img loading=\"lazy\" decoding=\"async\" width=\"1024\" height=\"575\" src=\"https:\/\/www.muensterschule-hof.de\/wordpress\/wp-content\/uploads\/2024\/11\/Bildschirmfoto-2024-11-27-um-20.07.01-1024x575.png\" alt=\"\" class=\"wp-image-3627\" srcset=\"https:\/\/www.muensterschule-hof.de\/wordpress\/wp-content\/uploads\/2024\/11\/Bildschirmfoto-2024-11-27-um-20.07.01-1024x575.png 1024w, https:\/\/www.muensterschule-hof.de\/wordpress\/wp-content\/uploads\/2024\/11\/Bildschirmfoto-2024-11-27-um-20.07.01.png 1332w\" sizes=\"auto, (max-width: 1024px) 100vw, 1024px\" \/><\/figure>\n\n\n\n<figure class=\"wp-block-gallery has-nested-images columns-default is-cropped wp-block-gallery-1 is-layout-flex wp-block-gallery-is-layout-flex\">\n<figure class=\"wp-block-image size-large\"><img loading=\"lazy\" decoding=\"async\" width=\"852\" height=\"830\" data-id=\"3628\" src=\"https:\/\/www.muensterschule-hof.de\/wordpress\/wp-content\/uploads\/2024\/11\/Bildschirmfoto-2024-11-27-um-20.07.32.png\" alt=\"\" class=\"wp-image-3628\"\/><\/figure>\n\n\n\n<figure class=\"wp-block-image size-large\"><img loading=\"lazy\" decoding=\"async\" width=\"918\" height=\"924\" data-id=\"3629\" src=\"https:\/\/www.muensterschule-hof.de\/wordpress\/wp-content\/uploads\/2024\/11\/Bildschirmfoto-2024-11-27-um-20.07.21.png\" alt=\"\" class=\"wp-image-3629\"\/><\/figure>\n<\/figure>\n","protected":false},"excerpt":{"rendered":"<p>Am 27. November 2024 wurde um 14 Uhr die 2. Kunstausstellung der Hofer Mittelschulen feierlich in der Stadtb\u00fccherei Hof er\u00f6ffnet. Unter dem Motto&nbsp;\u201eWir sind bunt\u201c&nbsp;pr\u00e4sentieren Sch\u00fclerinnen und Sch\u00fcler ihre kreativen Werke, die Vielfalt, Individualit\u00e4t und Zusammenhalt k\u00fcnstlerisch zum Ausdruck bringen. Die Ausstellung ist bis zum\u00a018. Dezember 2024\u00a0in der Stadtb\u00fccherei Hof zu sehen und l\u00e4dt alle&hellip;&nbsp;<a href=\"https:\/\/www.muensterschule-hof.de\/wordpress\/2-kunstausstellung-der-hofer-mittelschulen-wir-sind-bunt\/\" rel=\"bookmark\">Weiterlesen &raquo;<span class=\"screen-reader-text\">2. Kunstausstellung der Hofer Mittelschulen: &#8222;Wir sind bunt&#8220;<\/span><\/a><\/p>\n","protected":false},"author":1,"featured_media":3630,"comment_status":"closed","ping_status":"closed","sticky":false,"template":"","format":"standard","meta":{"neve_meta_sidebar":"","neve_meta_container":"","neve_meta_enable_content_width":"","neve_meta_content_width":0,"neve_meta_title_alignment":"","neve_meta_author_avatar":"","neve_post_elements_order":"","neve_meta_disable_header":"","neve_meta_disable_footer":"","neve_meta_disable_title":"","footnotes":""},"categories":[50,1],"tags":[166],"class_list":["post-3626","post","type-post","status-publish","format-standard","has-post-thumbnail","hentry","category-aktuelles","category-uncategorized","tag-kunstausstellung"],"yoast_head":"<!-- This site is optimized with the Yoast SEO plugin v27.5 - https:\/\/yoast.com\/product\/yoast-seo-wordpress\/ -->\n<title>2. Kunstausstellung der Hofer Mittelschulen: &quot;Wir sind bunt&quot; - M\u00fcnsterschule<\/title>\n<meta name=\"robots\" content=\"index, follow, max-snippet:-1, max-image-preview:large, max-video-preview:-1\" \/>\n<link rel=\"canonical\" href=\"https:\/\/www.muensterschule-hof.de\/wordpress\/2-kunstausstellung-der-hofer-mittelschulen-wir-sind-bunt\/\" \/>\n<meta property=\"og:locale\" content=\"de_DE\" \/>\n<meta property=\"og:type\" content=\"article\" \/>\n<meta property=\"og:title\" content=\"2. Kunstausstellung der Hofer Mittelschulen: &quot;Wir sind bunt&quot; - M\u00fcnsterschule\" \/>\n<meta property=\"og:description\" content=\"Am 27. November 2024 wurde um 14 Uhr die 2. Kunstausstellung der Hofer Mittelschulen feierlich in der Stadtb\u00fccherei Hof er\u00f6ffnet. Unter dem Motto&nbsp;\u201eWir sind bunt\u201c&nbsp;pr\u00e4sentieren Sch\u00fclerinnen und Sch\u00fcler ihre kreativen Werke, die Vielfalt, Individualit\u00e4t und Zusammenhalt k\u00fcnstlerisch zum Ausdruck bringen. Die Ausstellung ist bis zum\u00a018. Dezember 2024\u00a0in der Stadtb\u00fccherei Hof zu sehen und l\u00e4dt alle&hellip;&nbsp;Weiterlesen &raquo;2. Kunstausstellung der Hofer Mittelschulen: &#8222;Wir sind bunt&#8220;\" \/>\n<meta property=\"og:url\" content=\"https:\/\/www.muensterschule-hof.de\/wordpress\/2-kunstausstellung-der-hofer-mittelschulen-wir-sind-bunt\/\" \/>\n<meta property=\"og:site_name\" content=\"M\u00fcnsterschule\" \/>\n<meta property=\"article:published_time\" content=\"2024-11-27T20:51:24+00:00\" \/>\n<meta property=\"article:modified_time\" content=\"2024-11-27T20:51:26+00:00\" \/>\n<meta property=\"og:image\" content=\"https:\/\/www.muensterschule-hof.de\/wordpress\/wp-content\/uploads\/2024\/11\/Bildschirmfoto-2024-11-27-um-20.08.40.png\" \/>\n\t<meta property=\"og:image:width\" content=\"890\" \/>\n\t<meta property=\"og:image:height\" content=\"632\" \/>\n\t<meta property=\"og:image:type\" content=\"image\/png\" \/>\n<meta name=\"author\" content=\"wpadmin\" \/>\n<meta name=\"twitter:card\" content=\"summary_large_image\" \/>\n<meta name=\"twitter:label1\" content=\"Verfasst von\" \/>\n\t<meta name=\"twitter:data1\" content=\"wpadmin\" \/>\n\t<meta name=\"twitter:label2\" content=\"Gesch\u00e4tzte Lesezeit\" \/>\n\t<meta name=\"twitter:data2\" content=\"2\u00a0Minuten\" \/>\n<script type=\"application\/ld+json\" class=\"yoast-schema-graph\">{\"@context\":\"https:\\\/\\\/schema.org\",\"@graph\":[{\"@type\":\"Article\",\"@id\":\"https:\\\/\\\/www.muensterschule-hof.de\\\/wordpress\\\/2-kunstausstellung-der-hofer-mittelschulen-wir-sind-bunt\\\/#article\",\"isPartOf\":{\"@id\":\"https:\\\/\\\/www.muensterschule-hof.de\\\/wordpress\\\/2-kunstausstellung-der-hofer-mittelschulen-wir-sind-bunt\\\/\"},\"author\":{\"name\":\"wpadmin\",\"@id\":\"https:\\\/\\\/www.muensterschule-hof.de\\\/wordpress\\\/#\\\/schema\\\/person\\\/de58534e4cef400557500dff7aaa25b0\"},\"headline\":\"2. Kunstausstellung der Hofer Mittelschulen: &#8222;Wir sind bunt&#8220;\",\"datePublished\":\"2024-11-27T20:51:24+00:00\",\"dateModified\":\"2024-11-27T20:51:26+00:00\",\"mainEntityOfPage\":{\"@id\":\"https:\\\/\\\/www.muensterschule-hof.de\\\/wordpress\\\/2-kunstausstellung-der-hofer-mittelschulen-wir-sind-bunt\\\/\"},\"wordCount\":108,\"publisher\":{\"@id\":\"https:\\\/\\\/www.muensterschule-hof.de\\\/wordpress\\\/#organization\"},\"image\":{\"@id\":\"https:\\\/\\\/www.muensterschule-hof.de\\\/wordpress\\\/2-kunstausstellung-der-hofer-mittelschulen-wir-sind-bunt\\\/#primaryimage\"},\"thumbnailUrl\":\"https:\\\/\\\/www.muensterschule-hof.de\\\/wordpress\\\/wp-content\\\/uploads\\\/2024\\\/11\\\/Bildschirmfoto-2024-11-27-um-20.08.40.png\",\"keywords\":[\"Kunstausstellung\"],\"articleSection\":[\"Aktuelles\",\"Uncategorized\"],\"inLanguage\":\"de\"},{\"@type\":\"WebPage\",\"@id\":\"https:\\\/\\\/www.muensterschule-hof.de\\\/wordpress\\\/2-kunstausstellung-der-hofer-mittelschulen-wir-sind-bunt\\\/\",\"url\":\"https:\\\/\\\/www.muensterschule-hof.de\\\/wordpress\\\/2-kunstausstellung-der-hofer-mittelschulen-wir-sind-bunt\\\/\",\"name\":\"2. Kunstausstellung der Hofer Mittelschulen: \\\"Wir sind bunt\\\" - M\u00fcnsterschule\",\"isPartOf\":{\"@id\":\"https:\\\/\\\/www.muensterschule-hof.de\\\/wordpress\\\/#website\"},\"primaryImageOfPage\":{\"@id\":\"https:\\\/\\\/www.muensterschule-hof.de\\\/wordpress\\\/2-kunstausstellung-der-hofer-mittelschulen-wir-sind-bunt\\\/#primaryimage\"},\"image\":{\"@id\":\"https:\\\/\\\/www.muensterschule-hof.de\\\/wordpress\\\/2-kunstausstellung-der-hofer-mittelschulen-wir-sind-bunt\\\/#primaryimage\"},\"thumbnailUrl\":\"https:\\\/\\\/www.muensterschule-hof.de\\\/wordpress\\\/wp-content\\\/uploads\\\/2024\\\/11\\\/Bildschirmfoto-2024-11-27-um-20.08.40.png\",\"datePublished\":\"2024-11-27T20:51:24+00:00\",\"dateModified\":\"2024-11-27T20:51:26+00:00\",\"breadcrumb\":{\"@id\":\"https:\\\/\\\/www.muensterschule-hof.de\\\/wordpress\\\/2-kunstausstellung-der-hofer-mittelschulen-wir-sind-bunt\\\/#breadcrumb\"},\"inLanguage\":\"de\",\"potentialAction\":[{\"@type\":\"ReadAction\",\"target\":[\"https:\\\/\\\/www.muensterschule-hof.de\\\/wordpress\\\/2-kunstausstellung-der-hofer-mittelschulen-wir-sind-bunt\\\/\"]}]},{\"@type\":\"ImageObject\",\"inLanguage\":\"de\",\"@id\":\"https:\\\/\\\/www.muensterschule-hof.de\\\/wordpress\\\/2-kunstausstellung-der-hofer-mittelschulen-wir-sind-bunt\\\/#primaryimage\",\"url\":\"https:\\\/\\\/www.muensterschule-hof.de\\\/wordpress\\\/wp-content\\\/uploads\\\/2024\\\/11\\\/Bildschirmfoto-2024-11-27-um-20.08.40.png\",\"contentUrl\":\"https:\\\/\\\/www.muensterschule-hof.de\\\/wordpress\\\/wp-content\\\/uploads\\\/2024\\\/11\\\/Bildschirmfoto-2024-11-27-um-20.08.40.png\",\"width\":890,\"height\":632},{\"@type\":\"BreadcrumbList\",\"@id\":\"https:\\\/\\\/www.muensterschule-hof.de\\\/wordpress\\\/2-kunstausstellung-der-hofer-mittelschulen-wir-sind-bunt\\\/#breadcrumb\",\"itemListElement\":[{\"@type\":\"ListItem\",\"position\":1,\"name\":\"Startseite\",\"item\":\"https:\\\/\\\/www.muensterschule-hof.de\\\/wordpress\\\/\"},{\"@type\":\"ListItem\",\"position\":2,\"name\":\"2. Kunstausstellung der Hofer Mittelschulen: &#8222;Wir sind bunt&#8220;\"}]},{\"@type\":\"WebSite\",\"@id\":\"https:\\\/\\\/www.muensterschule-hof.de\\\/wordpress\\\/#website\",\"url\":\"https:\\\/\\\/www.muensterschule-hof.de\\\/wordpress\\\/\",\"name\":\"M\u00fcnsterschule\",\"description\":\"Deine Mittelschule in Hof\",\"publisher\":{\"@id\":\"https:\\\/\\\/www.muensterschule-hof.de\\\/wordpress\\\/#organization\"},\"alternateName\":\"MMS Hof\",\"potentialAction\":[{\"@type\":\"SearchAction\",\"target\":{\"@type\":\"EntryPoint\",\"urlTemplate\":\"https:\\\/\\\/www.muensterschule-hof.de\\\/wordpress\\\/?s={search_term_string}\"},\"query-input\":{\"@type\":\"PropertyValueSpecification\",\"valueRequired\":true,\"valueName\":\"search_term_string\"}}],\"inLanguage\":\"de\"},{\"@type\":\"Organization\",\"@id\":\"https:\\\/\\\/www.muensterschule-hof.de\\\/wordpress\\\/#organization\",\"name\":\"M\u00fcnster-Mittelschule Hof\",\"alternateName\":\"MMS Hof\",\"url\":\"https:\\\/\\\/www.muensterschule-hof.de\\\/wordpress\\\/\",\"logo\":{\"@type\":\"ImageObject\",\"inLanguage\":\"de\",\"@id\":\"https:\\\/\\\/www.muensterschule-hof.de\\\/wordpress\\\/#\\\/schema\\\/logo\\\/image\\\/\",\"url\":\"https:\\\/\\\/www.muensterschule-hof.de\\\/wordpress\\\/wp-content\\\/uploads\\\/2018\\\/05\\\/cropped-MMS-Hof-final-1.png\",\"contentUrl\":\"https:\\\/\\\/www.muensterschule-hof.de\\\/wordpress\\\/wp-content\\\/uploads\\\/2018\\\/05\\\/cropped-MMS-Hof-final-1.png\",\"width\":512,\"height\":512,\"caption\":\"M\u00fcnster-Mittelschule Hof\"},\"image\":{\"@id\":\"https:\\\/\\\/www.muensterschule-hof.de\\\/wordpress\\\/#\\\/schema\\\/logo\\\/image\\\/\"}},{\"@type\":\"Person\",\"@id\":\"https:\\\/\\\/www.muensterschule-hof.de\\\/wordpress\\\/#\\\/schema\\\/person\\\/de58534e4cef400557500dff7aaa25b0\",\"name\":\"wpadmin\",\"image\":{\"@type\":\"ImageObject\",\"inLanguage\":\"de\",\"@id\":\"https:\\\/\\\/secure.gravatar.com\\\/avatar\\\/d9cd22045d4ad9ac54235e981c866f9317666429d45f49a3dc409314ab7be359?s=96&d=mm&r=g\",\"url\":\"https:\\\/\\\/secure.gravatar.com\\\/avatar\\\/d9cd22045d4ad9ac54235e981c866f9317666429d45f49a3dc409314ab7be359?s=96&d=mm&r=g\",\"contentUrl\":\"https:\\\/\\\/secure.gravatar.com\\\/avatar\\\/d9cd22045d4ad9ac54235e981c866f9317666429d45f49a3dc409314ab7be359?s=96&d=mm&r=g\",\"caption\":\"wpadmin\"},\"url\":\"https:\\\/\\\/www.muensterschule-hof.de\\\/wordpress\\\/author\\\/wpadmin\\\/\"}]}<\/script>\n<!-- \/ Yoast SEO plugin. -->","yoast_head_json":{"title":"2. Kunstausstellung der Hofer Mittelschulen: \"Wir sind bunt\" - M\u00fcnsterschule","robots":{"index":"index","follow":"follow","max-snippet":"max-snippet:-1","max-image-preview":"max-image-preview:large","max-video-preview":"max-video-preview:-1"},"canonical":"https:\/\/www.muensterschule-hof.de\/wordpress\/2-kunstausstellung-der-hofer-mittelschulen-wir-sind-bunt\/","og_locale":"de_DE","og_type":"article","og_title":"2. Kunstausstellung der Hofer Mittelschulen: \"Wir sind bunt\" - M\u00fcnsterschule","og_description":"Am 27. November 2024 wurde um 14 Uhr die 2. Kunstausstellung der Hofer Mittelschulen feierlich in der Stadtb\u00fccherei Hof er\u00f6ffnet. Unter dem Motto&nbsp;\u201eWir sind bunt\u201c&nbsp;pr\u00e4sentieren Sch\u00fclerinnen und Sch\u00fcler ihre kreativen Werke, die Vielfalt, Individualit\u00e4t und Zusammenhalt k\u00fcnstlerisch zum Ausdruck bringen. Die Ausstellung ist bis zum\u00a018. Dezember 2024\u00a0in der Stadtb\u00fccherei Hof zu sehen und l\u00e4dt alle&hellip;&nbsp;Weiterlesen &raquo;2. Kunstausstellung der Hofer Mittelschulen: &#8222;Wir sind bunt&#8220;","og_url":"https:\/\/www.muensterschule-hof.de\/wordpress\/2-kunstausstellung-der-hofer-mittelschulen-wir-sind-bunt\/","og_site_name":"M\u00fcnsterschule","article_published_time":"2024-11-27T20:51:24+00:00","article_modified_time":"2024-11-27T20:51:26+00:00","og_image":[{"width":890,"height":632,"url":"https:\/\/www.muensterschule-hof.de\/wordpress\/wp-content\/uploads\/2024\/11\/Bildschirmfoto-2024-11-27-um-20.08.40.png","type":"image\/png"}],"author":"wpadmin","twitter_card":"summary_large_image","twitter_misc":{"Verfasst von":"wpadmin","Gesch\u00e4tzte Lesezeit":"2\u00a0Minuten"},"schema":{"@context":"https:\/\/schema.org","@graph":[{"@type":"Article","@id":"https:\/\/www.muensterschule-hof.de\/wordpress\/2-kunstausstellung-der-hofer-mittelschulen-wir-sind-bunt\/#article","isPartOf":{"@id":"https:\/\/www.muensterschule-hof.de\/wordpress\/2-kunstausstellung-der-hofer-mittelschulen-wir-sind-bunt\/"},"author":{"name":"wpadmin","@id":"https:\/\/www.muensterschule-hof.de\/wordpress\/#\/schema\/person\/de58534e4cef400557500dff7aaa25b0"},"headline":"2. Kunstausstellung der Hofer Mittelschulen: &#8222;Wir sind bunt&#8220;","datePublished":"2024-11-27T20:51:24+00:00","dateModified":"2024-11-27T20:51:26+00:00","mainEntityOfPage":{"@id":"https:\/\/www.muensterschule-hof.de\/wordpress\/2-kunstausstellung-der-hofer-mittelschulen-wir-sind-bunt\/"},"wordCount":108,"publisher":{"@id":"https:\/\/www.muensterschule-hof.de\/wordpress\/#organization"},"image":{"@id":"https:\/\/www.muensterschule-hof.de\/wordpress\/2-kunstausstellung-der-hofer-mittelschulen-wir-sind-bunt\/#primaryimage"},"thumbnailUrl":"https:\/\/www.muensterschule-hof.de\/wordpress\/wp-content\/uploads\/2024\/11\/Bildschirmfoto-2024-11-27-um-20.08.40.png","keywords":["Kunstausstellung"],"articleSection":["Aktuelles","Uncategorized"],"inLanguage":"de"},{"@type":"WebPage","@id":"https:\/\/www.muensterschule-hof.de\/wordpress\/2-kunstausstellung-der-hofer-mittelschulen-wir-sind-bunt\/","url":"https:\/\/www.muensterschule-hof.de\/wordpress\/2-kunstausstellung-der-hofer-mittelschulen-wir-sind-bunt\/","name":"2. Kunstausstellung der Hofer Mittelschulen: \"Wir sind bunt\" - M\u00fcnsterschule","isPartOf":{"@id":"https:\/\/www.muensterschule-hof.de\/wordpress\/#website"},"primaryImageOfPage":{"@id":"https:\/\/www.muensterschule-hof.de\/wordpress\/2-kunstausstellung-der-hofer-mittelschulen-wir-sind-bunt\/#primaryimage"},"image":{"@id":"https:\/\/www.muensterschule-hof.de\/wordpress\/2-kunstausstellung-der-hofer-mittelschulen-wir-sind-bunt\/#primaryimage"},"thumbnailUrl":"https:\/\/www.muensterschule-hof.de\/wordpress\/wp-content\/uploads\/2024\/11\/Bildschirmfoto-2024-11-27-um-20.08.40.png","datePublished":"2024-11-27T20:51:24+00:00","dateModified":"2024-11-27T20:51:26+00:00","breadcrumb":{"@id":"https:\/\/www.muensterschule-hof.de\/wordpress\/2-kunstausstellung-der-hofer-mittelschulen-wir-sind-bunt\/#breadcrumb"},"inLanguage":"de","potentialAction":[{"@type":"ReadAction","target":["https:\/\/www.muensterschule-hof.de\/wordpress\/2-kunstausstellung-der-hofer-mittelschulen-wir-sind-bunt\/"]}]},{"@type":"ImageObject","inLanguage":"de","@id":"https:\/\/www.muensterschule-hof.de\/wordpress\/2-kunstausstellung-der-hofer-mittelschulen-wir-sind-bunt\/#primaryimage","url":"https:\/\/www.muensterschule-hof.de\/wordpress\/wp-content\/uploads\/2024\/11\/Bildschirmfoto-2024-11-27-um-20.08.40.png","contentUrl":"https:\/\/www.muensterschule-hof.de\/wordpress\/wp-content\/uploads\/2024\/11\/Bildschirmfoto-2024-11-27-um-20.08.40.png","width":890,"height":632},{"@type":"BreadcrumbList","@id":"https:\/\/www.muensterschule-hof.de\/wordpress\/2-kunstausstellung-der-hofer-mittelschulen-wir-sind-bunt\/#breadcrumb","itemListElement":[{"@type":"ListItem","position":1,"name":"Startseite","item":"https:\/\/www.muensterschule-hof.de\/wordpress\/"},{"@type":"ListItem","position":2,"name":"2. Kunstausstellung der Hofer Mittelschulen: &#8222;Wir sind bunt&#8220;"}]},{"@type":"WebSite","@id":"https:\/\/www.muensterschule-hof.de\/wordpress\/#website","url":"https:\/\/www.muensterschule-hof.de\/wordpress\/","name":"M\u00fcnsterschule","description":"Deine Mittelschule in Hof","publisher":{"@id":"https:\/\/www.muensterschule-hof.de\/wordpress\/#organization"},"alternateName":"MMS Hof","potentialAction":[{"@type":"SearchAction","target":{"@type":"EntryPoint","urlTemplate":"https:\/\/www.muensterschule-hof.de\/wordpress\/?s={search_term_string}"},"query-input":{"@type":"PropertyValueSpecification","valueRequired":true,"valueName":"search_term_string"}}],"inLanguage":"de"},{"@type":"Organization","@id":"https:\/\/www.muensterschule-hof.de\/wordpress\/#organization","name":"M\u00fcnster-Mittelschule Hof","alternateName":"MMS Hof","url":"https:\/\/www.muensterschule-hof.de\/wordpress\/","logo":{"@type":"ImageObject","inLanguage":"de","@id":"https:\/\/www.muensterschule-hof.de\/wordpress\/#\/schema\/logo\/image\/","url":"https:\/\/www.muensterschule-hof.de\/wordpress\/wp-content\/uploads\/2018\/05\/cropped-MMS-Hof-final-1.png","contentUrl":"https:\/\/www.muensterschule-hof.de\/wordpress\/wp-content\/uploads\/2018\/05\/cropped-MMS-Hof-final-1.png","width":512,"height":512,"caption":"M\u00fcnster-Mittelschule Hof"},"image":{"@id":"https:\/\/www.muensterschule-hof.de\/wordpress\/#\/schema\/logo\/image\/"}},{"@type":"Person","@id":"https:\/\/www.muensterschule-hof.de\/wordpress\/#\/schema\/person\/de58534e4cef400557500dff7aaa25b0","name":"wpadmin","image":{"@type":"ImageObject","inLanguage":"de","@id":"https:\/\/secure.gravatar.com\/avatar\/d9cd22045d4ad9ac54235e981c866f9317666429d45f49a3dc409314ab7be359?s=96&d=mm&r=g","url":"https:\/\/secure.gravatar.com\/avatar\/d9cd22045d4ad9ac54235e981c866f9317666429d45f49a3dc409314ab7be359?s=96&d=mm&r=g","contentUrl":"https:\/\/secure.gravatar.com\/avatar\/d9cd22045d4ad9ac54235e981c866f9317666429d45f49a3dc409314ab7be359?s=96&d=mm&r=g","caption":"wpadmin"},"url":"https:\/\/www.muensterschule-hof.de\/wordpress\/author\/wpadmin\/"}]}},"_links":{"self":[{"href":"https:\/\/www.muensterschule-hof.de\/wordpress\/wp-json\/wp\/v2\/posts\/3626","targetHints":{"allow":["GET"]}}],"collection":[{"href":"https:\/\/www.muensterschule-hof.de\/wordpress\/wp-json\/wp\/v2\/posts"}],"about":[{"href":"https:\/\/www.muensterschule-hof.de\/wordpress\/wp-json\/wp\/v2\/types\/post"}],"author":[{"embeddable":true,"href":"https:\/\/www.muensterschule-hof.de\/wordpress\/wp-json\/wp\/v2\/users\/1"}],"replies":[{"embeddable":true,"href":"https:\/\/www.muensterschule-hof.de\/wordpress\/wp-json\/wp\/v2\/comments?post=3626"}],"version-history":[{"count":1,"href":"https:\/\/www.muensterschule-hof.de\/wordpress\/wp-json\/wp\/v2\/posts\/3626\/revisions"}],"predecessor-version":[{"id":3631,"href":"https:\/\/www.muensterschule-hof.de\/wordpress\/wp-json\/wp\/v2\/posts\/3626\/revisions\/3631"}],"wp:featuredmedia":[{"embeddable":true,"href":"https:\/\/www.muensterschule-hof.de\/wordpress\/wp-json\/wp\/v2\/media\/3630"}],"wp:attachment":[{"href":"https:\/\/www.muensterschule-hof.de\/wordpress\/wp-json\/wp\/v2\/media?parent=3626"}],"wp:term":[{"taxonomy":"category","embeddable":true,"href":"https:\/\/www.muensterschule-hof.de\/wordpress\/wp-json\/wp\/v2\/categories?post=3626"},{"taxonomy":"post_tag","embeddable":true,"href":"https:\/\/www.muensterschule-hof.de\/wordpress\/wp-json\/wp\/v2\/tags?post=3626"}],"curies":[{"name":"wp","href":"https:\/\/api.w.org\/{rel}","templated":true}]}}