{"id":3632,"date":"2024-11-29T12:14:19","date_gmt":"2024-11-29T12:14:19","guid":{"rendered":"https:\/\/www.muensterschule-hof.de\/wordpress\/?p=3632"},"modified":"2024-12-02T17:14:51","modified_gmt":"2024-12-02T17:14:51","slug":"achtung-kein-schulfruehstueck-ab-montag-02-12-2024","status":"publish","type":"post","link":"https:\/\/www.muensterschule-hof.de\/wordpress\/achtung-kein-schulfruehstueck-ab-montag-02-12-2024\/","title":{"rendered":"ACHTUNG kein Schulfr\u00fchst\u00fcck ab Montag 02.12.2024"},"content":{"rendered":"\n<figure class=\"wp-block-image size-large is-resized\"><img loading=\"lazy\" decoding=\"async\" width=\"1024\" height=\"925\" src=\"https:\/\/www.muensterschule-hof.de\/wordpress\/wp-content\/uploads\/2024\/11\/Bildschirmfoto-2024-12-02-um-19.23.01-1024x925.png\" alt=\"\" class=\"wp-image-3657\" style=\"width:111px;height:auto\" srcset=\"https:\/\/www.muensterschule-hof.de\/wordpress\/wp-content\/uploads\/2024\/11\/Bildschirmfoto-2024-12-02-um-19.23.01-1024x925.png 1024w, https:\/\/www.muensterschule-hof.de\/wordpress\/wp-content\/uploads\/2024\/11\/Bildschirmfoto-2024-12-02-um-19.23.01.png 1342w\" sizes=\"auto, (max-width: 1024px) 100vw, 1024px\" \/><\/figure>\n\n\n\n<p>Ab Montag den 02.12.2024 findet auf unbestimmte Zeit kein Schulfr\u00fchst\u00fcck mehr statt. <\/p>\n\n\n\n<p>Bild &#8222;Fr\u00fchst\u00fcck&#8220; von <a href=\"https:\/\/pixabay.com\/de\/users\/stocksnap-894430\/?utm_source=link-attribution&amp;utm_medium=referral&amp;utm_campaign=image&amp;utm_content=2569257\">StockSnap<\/a> auf <a href=\"https:\/\/pixabay.com\/de\/\/?utm_source=link-attribution&amp;utm_medium=referral&amp;utm_campaign=image&amp;utm_content=2569257\">Pixabay<\/a><\/p>\n\n\n\n<p>Bild &#8222;Trauriger Smiley&#8220; von <a href=\"https:\/\/pixabay.com\/de\/users\/conmongt-1226108\/?utm_source=link-attribution&amp;utm_medium=referral&amp;utm_campaign=image&amp;utm_content=1533965\">Christian Dorn<\/a> auf <a href=\"https:\/\/pixabay.com\/de\/\/?utm_source=link-attribution&amp;utm_medium=referral&amp;utm_campaign=image&amp;utm_content=1533965\">Pixabay<\/a><\/p>\n","protected":false},"excerpt":{"rendered":"<p>Ab Montag den 02.12.2024 findet auf unbestimmte Zeit kein Schulfr\u00fchst\u00fcck mehr statt. Bild &#8222;Fr\u00fchst\u00fcck&#8220; von StockSnap auf Pixabay Bild &#8222;Trauriger Smiley&#8220; von Christian Dorn auf Pixabay<\/p>\n","protected":false},"author":1,"featured_media":3655,"comment_status":"closed","ping_status":"closed","sticky":false,"template":"","format":"standard","meta":{"neve_meta_sidebar":"","neve_meta_container":"","neve_meta_enable_content_width":"","neve_meta_content_width":0,"neve_meta_title_alignment":"","neve_meta_author_avatar":"","neve_post_elements_order":"","neve_meta_disable_header":"","neve_meta_disable_footer":"","neve_meta_disable_title":"","footnotes":""},"categories":[1],"tags":[],"class_list":["post-3632","post","type-post","status-publish","format-standard","has-post-thumbnail","hentry","category-uncategorized"],"yoast_head":"<!-- This site is optimized with the Yoast SEO plugin v27.5 - https:\/\/yoast.com\/product\/yoast-seo-wordpress\/ -->\n<title>ACHTUNG kein Schulfr\u00fchst\u00fcck ab Montag 02.12.2024 - M\u00fcnsterschule<\/title>\n<meta name=\"robots\" content=\"index, follow, max-snippet:-1, max-image-preview:large, max-video-preview:-1\" \/>\n<link rel=\"canonical\" href=\"https:\/\/www.muensterschule-hof.de\/wordpress\/achtung-kein-schulfruehstueck-ab-montag-02-12-2024\/\" \/>\n<meta property=\"og:locale\" content=\"de_DE\" \/>\n<meta property=\"og:type\" content=\"article\" \/>\n<meta property=\"og:title\" content=\"ACHTUNG kein Schulfr\u00fchst\u00fcck ab Montag 02.12.2024 - M\u00fcnsterschule\" \/>\n<meta property=\"og:description\" content=\"Ab Montag den 02.12.2024 findet auf unbestimmte Zeit kein Schulfr\u00fchst\u00fcck mehr statt. Bild &#8222;Fr\u00fchst\u00fcck&#8220; von StockSnap auf Pixabay Bild &#8222;Trauriger Smiley&#8220; von Christian Dorn auf Pixabay\" \/>\n<meta property=\"og:url\" content=\"https:\/\/www.muensterschule-hof.de\/wordpress\/achtung-kein-schulfruehstueck-ab-montag-02-12-2024\/\" \/>\n<meta property=\"og:site_name\" content=\"M\u00fcnsterschule\" \/>\n<meta property=\"article:published_time\" content=\"2024-11-29T12:14:19+00:00\" \/>\n<meta property=\"article:modified_time\" content=\"2024-12-02T17:14:51+00:00\" \/>\n<meta property=\"og:image\" content=\"https:\/\/www.muensterschule-hof.de\/wordpress\/wp-content\/uploads\/2024\/11\/Bildschirmfoto-2024-12-02-um-19.19.52.png\" \/>\n\t<meta property=\"og:image:width\" content=\"914\" \/>\n\t<meta property=\"og:image:height\" content=\"644\" \/>\n\t<meta property=\"og:image:type\" content=\"image\/png\" \/>\n<meta name=\"author\" content=\"wpadmin\" \/>\n<meta name=\"twitter:card\" content=\"summary_large_image\" \/>\n<meta name=\"twitter:label1\" content=\"Verfasst von\" \/>\n\t<meta name=\"twitter:data1\" content=\"wpadmin\" \/>\n\t<meta name=\"twitter:label2\" content=\"Gesch\u00e4tzte Lesezeit\" \/>\n\t<meta name=\"twitter:data2\" content=\"1\u00a0Minute\" \/>\n<script type=\"application\/ld+json\" class=\"yoast-schema-graph\">{\"@context\":\"https:\\\/\\\/schema.org\",\"@graph\":[{\"@type\":\"Article\",\"@id\":\"https:\\\/\\\/www.muensterschule-hof.de\\\/wordpress\\\/achtung-kein-schulfruehstueck-ab-montag-02-12-2024\\\/#article\",\"isPartOf\":{\"@id\":\"https:\\\/\\\/www.muensterschule-hof.de\\\/wordpress\\\/achtung-kein-schulfruehstueck-ab-montag-02-12-2024\\\/\"},\"author\":{\"name\":\"wpadmin\",\"@id\":\"https:\\\/\\\/www.muensterschule-hof.de\\\/wordpress\\\/#\\\/schema\\\/person\\\/de58534e4cef400557500dff7aaa25b0\"},\"headline\":\"ACHTUNG kein Schulfr\u00fchst\u00fcck ab Montag 02.12.2024\",\"datePublished\":\"2024-11-29T12:14:19+00:00\",\"dateModified\":\"2024-12-02T17:14:51+00:00\",\"mainEntityOfPage\":{\"@id\":\"https:\\\/\\\/www.muensterschule-hof.de\\\/wordpress\\\/achtung-kein-schulfruehstueck-ab-montag-02-12-2024\\\/\"},\"wordCount\":36,\"publisher\":{\"@id\":\"https:\\\/\\\/www.muensterschule-hof.de\\\/wordpress\\\/#organization\"},\"image\":{\"@id\":\"https:\\\/\\\/www.muensterschule-hof.de\\\/wordpress\\\/achtung-kein-schulfruehstueck-ab-montag-02-12-2024\\\/#primaryimage\"},\"thumbnailUrl\":\"https:\\\/\\\/www.muensterschule-hof.de\\\/wordpress\\\/wp-content\\\/uploads\\\/2024\\\/11\\\/Bildschirmfoto-2024-12-02-um-19.19.52.png\",\"articleSection\":[\"Uncategorized\"],\"inLanguage\":\"de\"},{\"@type\":\"WebPage\",\"@id\":\"https:\\\/\\\/www.muensterschule-hof.de\\\/wordpress\\\/achtung-kein-schulfruehstueck-ab-montag-02-12-2024\\\/\",\"url\":\"https:\\\/\\\/www.muensterschule-hof.de\\\/wordpress\\\/achtung-kein-schulfruehstueck-ab-montag-02-12-2024\\\/\",\"name\":\"ACHTUNG kein Schulfr\u00fchst\u00fcck ab Montag 02.12.2024 - M\u00fcnsterschule\",\"isPartOf\":{\"@id\":\"https:\\\/\\\/www.muensterschule-hof.de\\\/wordpress\\\/#website\"},\"primaryImageOfPage\":{\"@id\":\"https:\\\/\\\/www.muensterschule-hof.de\\\/wordpress\\\/achtung-kein-schulfruehstueck-ab-montag-02-12-2024\\\/#primaryimage\"},\"image\":{\"@id\":\"https:\\\/\\\/www.muensterschule-hof.de\\\/wordpress\\\/achtung-kein-schulfruehstueck-ab-montag-02-12-2024\\\/#primaryimage\"},\"thumbnailUrl\":\"https:\\\/\\\/www.muensterschule-hof.de\\\/wordpress\\\/wp-content\\\/uploads\\\/2024\\\/11\\\/Bildschirmfoto-2024-12-02-um-19.19.52.png\",\"datePublished\":\"2024-11-29T12:14:19+00:00\",\"dateModified\":\"2024-12-02T17:14:51+00:00\",\"breadcrumb\":{\"@id\":\"https:\\\/\\\/www.muensterschule-hof.de\\\/wordpress\\\/achtung-kein-schulfruehstueck-ab-montag-02-12-2024\\\/#breadcrumb\"},\"inLanguage\":\"de\",\"potentialAction\":[{\"@type\":\"ReadAction\",\"target\":[\"https:\\\/\\\/www.muensterschule-hof.de\\\/wordpress\\\/achtung-kein-schulfruehstueck-ab-montag-02-12-2024\\\/\"]}]},{\"@type\":\"ImageObject\",\"inLanguage\":\"de\",\"@id\":\"https:\\\/\\\/www.muensterschule-hof.de\\\/wordpress\\\/achtung-kein-schulfruehstueck-ab-montag-02-12-2024\\\/#primaryimage\",\"url\":\"https:\\\/\\\/www.muensterschule-hof.de\\\/wordpress\\\/wp-content\\\/uploads\\\/2024\\\/11\\\/Bildschirmfoto-2024-12-02-um-19.19.52.png\",\"contentUrl\":\"https:\\\/\\\/www.muensterschule-hof.de\\\/wordpress\\\/wp-content\\\/uploads\\\/2024\\\/11\\\/Bildschirmfoto-2024-12-02-um-19.19.52.png\",\"width\":914,\"height\":644},{\"@type\":\"BreadcrumbList\",\"@id\":\"https:\\\/\\\/www.muensterschule-hof.de\\\/wordpress\\\/achtung-kein-schulfruehstueck-ab-montag-02-12-2024\\\/#breadcrumb\",\"itemListElement\":[{\"@type\":\"ListItem\",\"position\":1,\"name\":\"Startseite\",\"item\":\"https:\\\/\\\/www.muensterschule-hof.de\\\/wordpress\\\/\"},{\"@type\":\"ListItem\",\"position\":2,\"name\":\"ACHTUNG kein Schulfr\u00fchst\u00fcck ab Montag 02.12.2024\"}]},{\"@type\":\"WebSite\",\"@id\":\"https:\\\/\\\/www.muensterschule-hof.de\\\/wordpress\\\/#website\",\"url\":\"https:\\\/\\\/www.muensterschule-hof.de\\\/wordpress\\\/\",\"name\":\"M\u00fcnsterschule\",\"description\":\"Deine Mittelschule in Hof\",\"publisher\":{\"@id\":\"https:\\\/\\\/www.muensterschule-hof.de\\\/wordpress\\\/#organization\"},\"alternateName\":\"MMS Hof\",\"potentialAction\":[{\"@type\":\"SearchAction\",\"target\":{\"@type\":\"EntryPoint\",\"urlTemplate\":\"https:\\\/\\\/www.muensterschule-hof.de\\\/wordpress\\\/?s={search_term_string}\"},\"query-input\":{\"@type\":\"PropertyValueSpecification\",\"valueRequired\":true,\"valueName\":\"search_term_string\"}}],\"inLanguage\":\"de\"},{\"@type\":\"Organization\",\"@id\":\"https:\\\/\\\/www.muensterschule-hof.de\\\/wordpress\\\/#organization\",\"name\":\"M\u00fcnster-Mittelschule Hof\",\"alternateName\":\"MMS Hof\",\"url\":\"https:\\\/\\\/www.muensterschule-hof.de\\\/wordpress\\\/\",\"logo\":{\"@type\":\"ImageObject\",\"inLanguage\":\"de\",\"@id\":\"https:\\\/\\\/www.muensterschule-hof.de\\\/wordpress\\\/#\\\/schema\\\/logo\\\/image\\\/\",\"url\":\"https:\\\/\\\/www.muensterschule-hof.de\\\/wordpress\\\/wp-content\\\/uploads\\\/2018\\\/05\\\/cropped-MMS-Hof-final-1.png\",\"contentUrl\":\"https:\\\/\\\/www.muensterschule-hof.de\\\/wordpress\\\/wp-content\\\/uploads\\\/2018\\\/05\\\/cropped-MMS-Hof-final-1.png\",\"width\":512,\"height\":512,\"caption\":\"M\u00fcnster-Mittelschule Hof\"},\"image\":{\"@id\":\"https:\\\/\\\/www.muensterschule-hof.de\\\/wordpress\\\/#\\\/schema\\\/logo\\\/image\\\/\"}},{\"@type\":\"Person\",\"@id\":\"https:\\\/\\\/www.muensterschule-hof.de\\\/wordpress\\\/#\\\/schema\\\/person\\\/de58534e4cef400557500dff7aaa25b0\",\"name\":\"wpadmin\",\"image\":{\"@type\":\"ImageObject\",\"inLanguage\":\"de\",\"@id\":\"https:\\\/\\\/secure.gravatar.com\\\/avatar\\\/d9cd22045d4ad9ac54235e981c866f9317666429d45f49a3dc409314ab7be359?s=96&d=mm&r=g\",\"url\":\"https:\\\/\\\/secure.gravatar.com\\\/avatar\\\/d9cd22045d4ad9ac54235e981c866f9317666429d45f49a3dc409314ab7be359?s=96&d=mm&r=g\",\"contentUrl\":\"https:\\\/\\\/secure.gravatar.com\\\/avatar\\\/d9cd22045d4ad9ac54235e981c866f9317666429d45f49a3dc409314ab7be359?s=96&d=mm&r=g\",\"caption\":\"wpadmin\"},\"url\":\"https:\\\/\\\/www.muensterschule-hof.de\\\/wordpress\\\/author\\\/wpadmin\\\/\"}]}<\/script>\n<!-- \/ Yoast SEO plugin. -->","yoast_head_json":{"title":"ACHTUNG kein Schulfr\u00fchst\u00fcck ab Montag 02.12.2024 - M\u00fcnsterschule","robots":{"index":"index","follow":"follow","max-snippet":"max-snippet:-1","max-image-preview":"max-image-preview:large","max-video-preview":"max-video-preview:-1"},"canonical":"https:\/\/www.muensterschule-hof.de\/wordpress\/achtung-kein-schulfruehstueck-ab-montag-02-12-2024\/","og_locale":"de_DE","og_type":"article","og_title":"ACHTUNG kein Schulfr\u00fchst\u00fcck ab Montag 02.12.2024 - M\u00fcnsterschule","og_description":"Ab Montag den 02.12.2024 findet auf unbestimmte Zeit kein Schulfr\u00fchst\u00fcck mehr statt. Bild &#8222;Fr\u00fchst\u00fcck&#8220; von StockSnap auf Pixabay Bild &#8222;Trauriger Smiley&#8220; von Christian Dorn auf Pixabay","og_url":"https:\/\/www.muensterschule-hof.de\/wordpress\/achtung-kein-schulfruehstueck-ab-montag-02-12-2024\/","og_site_name":"M\u00fcnsterschule","article_published_time":"2024-11-29T12:14:19+00:00","article_modified_time":"2024-12-02T17:14:51+00:00","og_image":[{"width":914,"height":644,"url":"https:\/\/www.muensterschule-hof.de\/wordpress\/wp-content\/uploads\/2024\/11\/Bildschirmfoto-2024-12-02-um-19.19.52.png","type":"image\/png"}],"author":"wpadmin","twitter_card":"summary_large_image","twitter_misc":{"Verfasst von":"wpadmin","Gesch\u00e4tzte Lesezeit":"1\u00a0Minute"},"schema":{"@context":"https:\/\/schema.org","@graph":[{"@type":"Article","@id":"https:\/\/www.muensterschule-hof.de\/wordpress\/achtung-kein-schulfruehstueck-ab-montag-02-12-2024\/#article","isPartOf":{"@id":"https:\/\/www.muensterschule-hof.de\/wordpress\/achtung-kein-schulfruehstueck-ab-montag-02-12-2024\/"},"author":{"name":"wpadmin","@id":"https:\/\/www.muensterschule-hof.de\/wordpress\/#\/schema\/person\/de58534e4cef400557500dff7aaa25b0"},"headline":"ACHTUNG kein Schulfr\u00fchst\u00fcck ab Montag 02.12.2024","datePublished":"2024-11-29T12:14:19+00:00","dateModified":"2024-12-02T17:14:51+00:00","mainEntityOfPage":{"@id":"https:\/\/www.muensterschule-hof.de\/wordpress\/achtung-kein-schulfruehstueck-ab-montag-02-12-2024\/"},"wordCount":36,"publisher":{"@id":"https:\/\/www.muensterschule-hof.de\/wordpress\/#organization"},"image":{"@id":"https:\/\/www.muensterschule-hof.de\/wordpress\/achtung-kein-schulfruehstueck-ab-montag-02-12-2024\/#primaryimage"},"thumbnailUrl":"https:\/\/www.muensterschule-hof.de\/wordpress\/wp-content\/uploads\/2024\/11\/Bildschirmfoto-2024-12-02-um-19.19.52.png","articleSection":["Uncategorized"],"inLanguage":"de"},{"@type":"WebPage","@id":"https:\/\/www.muensterschule-hof.de\/wordpress\/achtung-kein-schulfruehstueck-ab-montag-02-12-2024\/","url":"https:\/\/www.muensterschule-hof.de\/wordpress\/achtung-kein-schulfruehstueck-ab-montag-02-12-2024\/","name":"ACHTUNG kein Schulfr\u00fchst\u00fcck ab Montag 02.12.2024 - M\u00fcnsterschule","isPartOf":{"@id":"https:\/\/www.muensterschule-hof.de\/wordpress\/#website"},"primaryImageOfPage":{"@id":"https:\/\/www.muensterschule-hof.de\/wordpress\/achtung-kein-schulfruehstueck-ab-montag-02-12-2024\/#primaryimage"},"image":{"@id":"https:\/\/www.muensterschule-hof.de\/wordpress\/achtung-kein-schulfruehstueck-ab-montag-02-12-2024\/#primaryimage"},"thumbnailUrl":"https:\/\/www.muensterschule-hof.de\/wordpress\/wp-content\/uploads\/2024\/11\/Bildschirmfoto-2024-12-02-um-19.19.52.png","datePublished":"2024-11-29T12:14:19+00:00","dateModified":"2024-12-02T17:14:51+00:00","breadcrumb":{"@id":"https:\/\/www.muensterschule-hof.de\/wordpress\/achtung-kein-schulfruehstueck-ab-montag-02-12-2024\/#breadcrumb"},"inLanguage":"de","potentialAction":[{"@type":"ReadAction","target":["https:\/\/www.muensterschule-hof.de\/wordpress\/achtung-kein-schulfruehstueck-ab-montag-02-12-2024\/"]}]},{"@type":"ImageObject","inLanguage":"de","@id":"https:\/\/www.muensterschule-hof.de\/wordpress\/achtung-kein-schulfruehstueck-ab-montag-02-12-2024\/#primaryimage","url":"https:\/\/www.muensterschule-hof.de\/wordpress\/wp-content\/uploads\/2024\/11\/Bildschirmfoto-2024-12-02-um-19.19.52.png","contentUrl":"https:\/\/www.muensterschule-hof.de\/wordpress\/wp-content\/uploads\/2024\/11\/Bildschirmfoto-2024-12-02-um-19.19.52.png","width":914,"height":644},{"@type":"BreadcrumbList","@id":"https:\/\/www.muensterschule-hof.de\/wordpress\/achtung-kein-schulfruehstueck-ab-montag-02-12-2024\/#breadcrumb","itemListElement":[{"@type":"ListItem","position":1,"name":"Startseite","item":"https:\/\/www.muensterschule-hof.de\/wordpress\/"},{"@type":"ListItem","position":2,"name":"ACHTUNG kein Schulfr\u00fchst\u00fcck ab Montag 02.12.2024"}]},{"@type":"WebSite","@id":"https:\/\/www.muensterschule-hof.de\/wordpress\/#website","url":"https:\/\/www.muensterschule-hof.de\/wordpress\/","name":"M\u00fcnsterschule","description":"Deine Mittelschule in Hof","publisher":{"@id":"https:\/\/www.muensterschule-hof.de\/wordpress\/#organization"},"alternateName":"MMS Hof","potentialAction":[{"@type":"SearchAction","target":{"@type":"EntryPoint","urlTemplate":"https:\/\/www.muensterschule-hof.de\/wordpress\/?s={search_term_string}"},"query-input":{"@type":"PropertyValueSpecification","valueRequired":true,"valueName":"search_term_string"}}],"inLanguage":"de"},{"@type":"Organization","@id":"https:\/\/www.muensterschule-hof.de\/wordpress\/#organization","name":"M\u00fcnster-Mittelschule Hof","alternateName":"MMS Hof","url":"https:\/\/www.muensterschule-hof.de\/wordpress\/","logo":{"@type":"ImageObject","inLanguage":"de","@id":"https:\/\/www.muensterschule-hof.de\/wordpress\/#\/schema\/logo\/image\/","url":"https:\/\/www.muensterschule-hof.de\/wordpress\/wp-content\/uploads\/2018\/05\/cropped-MMS-Hof-final-1.png","contentUrl":"https:\/\/www.muensterschule-hof.de\/wordpress\/wp-content\/uploads\/2018\/05\/cropped-MMS-Hof-final-1.png","width":512,"height":512,"caption":"M\u00fcnster-Mittelschule Hof"},"image":{"@id":"https:\/\/www.muensterschule-hof.de\/wordpress\/#\/schema\/logo\/image\/"}},{"@type":"Person","@id":"https:\/\/www.muensterschule-hof.de\/wordpress\/#\/schema\/person\/de58534e4cef400557500dff7aaa25b0","name":"wpadmin","image":{"@type":"ImageObject","inLanguage":"de","@id":"https:\/\/secure.gravatar.com\/avatar\/d9cd22045d4ad9ac54235e981c866f9317666429d45f49a3dc409314ab7be359?s=96&d=mm&r=g","url":"https:\/\/secure.gravatar.com\/avatar\/d9cd22045d4ad9ac54235e981c866f9317666429d45f49a3dc409314ab7be359?s=96&d=mm&r=g","contentUrl":"https:\/\/secure.gravatar.com\/avatar\/d9cd22045d4ad9ac54235e981c866f9317666429d45f49a3dc409314ab7be359?s=96&d=mm&r=g","caption":"wpadmin"},"url":"https:\/\/www.muensterschule-hof.de\/wordpress\/author\/wpadmin\/"}]}},"_links":{"self":[{"href":"https:\/\/www.muensterschule-hof.de\/wordpress\/wp-json\/wp\/v2\/posts\/3632","targetHints":{"allow":["GET"]}}],"collection":[{"href":"https:\/\/www.muensterschule-hof.de\/wordpress\/wp-json\/wp\/v2\/posts"}],"about":[{"href":"https:\/\/www.muensterschule-hof.de\/wordpress\/wp-json\/wp\/v2\/types\/post"}],"author":[{"embeddable":true,"href":"https:\/\/www.muensterschule-hof.de\/wordpress\/wp-json\/wp\/v2\/users\/1"}],"replies":[{"embeddable":true,"href":"https:\/\/www.muensterschule-hof.de\/wordpress\/wp-json\/wp\/v2\/comments?post=3632"}],"version-history":[{"count":2,"href":"https:\/\/www.muensterschule-hof.de\/wordpress\/wp-json\/wp\/v2\/posts\/3632\/revisions"}],"predecessor-version":[{"id":3658,"href":"https:\/\/www.muensterschule-hof.de\/wordpress\/wp-json\/wp\/v2\/posts\/3632\/revisions\/3658"}],"wp:featuredmedia":[{"embeddable":true,"href":"https:\/\/www.muensterschule-hof.de\/wordpress\/wp-json\/wp\/v2\/media\/3655"}],"wp:attachment":[{"href":"https:\/\/www.muensterschule-hof.de\/wordpress\/wp-json\/wp\/v2\/media?parent=3632"}],"wp:term":[{"taxonomy":"category","embeddable":true,"href":"https:\/\/www.muensterschule-hof.de\/wordpress\/wp-json\/wp\/v2\/categories?post=3632"},{"taxonomy":"post_tag","embeddable":true,"href":"https:\/\/www.muensterschule-hof.de\/wordpress\/wp-json\/wp\/v2\/tags?post=3632"}],"curies":[{"name":"wp","href":"https:\/\/api.w.org\/{rel}","templated":true}]}}