{"id":3700,"date":"2024-12-09T22:16:42","date_gmt":"2024-12-09T22:16:42","guid":{"rendered":"https:\/\/www.muensterschule-hof.de\/wordpress\/?p=3700"},"modified":"2024-12-09T22:16:45","modified_gmt":"2024-12-09T22:16:45","slug":"der-heisse-draht-in-die-zukunft","status":"publish","type":"post","link":"https:\/\/www.muensterschule-hof.de\/wordpress\/der-heisse-draht-in-die-zukunft\/","title":{"rendered":"Der hei\u00dfe Draht in die Zukunft"},"content":{"rendered":"\n<p>Nach dem gro\u00dfen Erfolg im letzten Schuljahr fand am 16. Oktober 2024 wieder ein \u201eWillkommenstag\u201c statt. Dieses Mal lautete das Motto \u201eDer hei\u00dfe Draht in die Zukunft\u201c. Im Rahmen des WiB-Unterrichts wurden Vertreter verschiedener Betriebe aus unterschiedlichen Wirtschaftsbereichen und auch einer Berufsfachschule an die M\u00fcnsterschule eingeladen. Sie informierten die Sch\u00fcler \u00fcber ihren Betrieb, welche Berufe f\u00fcr eine Ausbildung angeboten werden und welche Weiterbildungsm\u00f6glichkeiten und Aufstiegsm\u00f6glichkeiten es gibt. F\u00fcr uns als Schule lag der Fokus darauf, den Sch\u00fclerinnen und Sch\u00fclern die M\u00f6glichkeit zu geben, sich zu informieren und mit den Ausbildern einen ersten Kontakt &#8211; einen \u201ehei\u00dfen Draht\u201c- f\u00fcr ein Praktikum herzustellen. In einen Betrieb hineinzuschnuppern ist f\u00fcr die Berufswahl von wegweisender Bedeutung, sowohl f\u00fcr den Praktikanten als auch den Betrieb. Ein wertvoller Tipp war, sich nicht nur auf einen Beruf zu konzentrieren, sondern vielmehr auf ein Berufsfeld wie beispielsweise \u201eMetallberufe\u201c, \u201eVerwaltungsberufe\u201c, \u201etechnische Berufe\u201c, \u201eBerufe im Bereich Elektronik\u201c etc. \u201eEin Praktikum in einem Fachbereich er\u00f6ffnet dir oft eine Bandbreite an Berufen, die du gar nicht auf dem Schirm hattest.\u201c, brachte es ein Ausbilder auf den Punkt.<\/p>\n\n\n\n<p>Bild von <a href=\"https:\/\/pixabay.com\/de\/users\/geralt-9301\/?utm_source=link-attribution&amp;utm_medium=referral&amp;utm_campaign=image&amp;utm_content=3685824\">Gerd Altmann<\/a> auf <a href=\"https:\/\/pixabay.com\/de\/\/?utm_source=link-attribution&amp;utm_medium=referral&amp;utm_campaign=image&amp;utm_content=3685824\">Pixabay<\/a><\/p>\n\n\n\n<p><\/p>\n","protected":false},"excerpt":{"rendered":"<p>Nach dem gro\u00dfen Erfolg im letzten Schuljahr fand am 16. Oktober 2024 wieder ein \u201eWillkommenstag\u201c statt. Dieses Mal lautete das Motto \u201eDer hei\u00dfe Draht in die Zukunft\u201c. Im Rahmen des WiB-Unterrichts wurden Vertreter verschiedener Betriebe aus unterschiedlichen Wirtschaftsbereichen und auch einer Berufsfachschule an die M\u00fcnsterschule eingeladen. Sie informierten die Sch\u00fcler \u00fcber ihren Betrieb, welche Berufe&hellip;&nbsp;<a href=\"https:\/\/www.muensterschule-hof.de\/wordpress\/der-heisse-draht-in-die-zukunft\/\" rel=\"bookmark\">Weiterlesen &raquo;<span class=\"screen-reader-text\">Der hei\u00dfe Draht in die Zukunft<\/span><\/a><\/p>\n","protected":false},"author":1,"featured_media":3701,"comment_status":"closed","ping_status":"closed","sticky":false,"template":"","format":"standard","meta":{"neve_meta_sidebar":"","neve_meta_container":"","neve_meta_enable_content_width":"","neve_meta_content_width":0,"neve_meta_title_alignment":"","neve_meta_author_avatar":"","neve_post_elements_order":"","neve_meta_disable_header":"","neve_meta_disable_footer":"","neve_meta_disable_title":"","footnotes":""},"categories":[50],"tags":[177,176,95,175],"class_list":["post-3700","post","type-post","status-publish","format-standard","has-post-thumbnail","hentry","category-aktuelles","tag-8-klassen","tag-9-klassen","tag-ausbildung","tag-berufsfindung"],"yoast_head":"<!-- This site is optimized with the Yoast SEO plugin v27.5 - https:\/\/yoast.com\/product\/yoast-seo-wordpress\/ -->\n<title>Der hei\u00dfe Draht in die Zukunft - M\u00fcnsterschule<\/title>\n<meta name=\"robots\" content=\"index, follow, max-snippet:-1, max-image-preview:large, max-video-preview:-1\" \/>\n<link rel=\"canonical\" href=\"https:\/\/www.muensterschule-hof.de\/wordpress\/der-heisse-draht-in-die-zukunft\/\" \/>\n<meta property=\"og:locale\" content=\"de_DE\" \/>\n<meta property=\"og:type\" content=\"article\" \/>\n<meta property=\"og:title\" content=\"Der hei\u00dfe Draht in die Zukunft - M\u00fcnsterschule\" \/>\n<meta property=\"og:description\" content=\"Nach dem gro\u00dfen Erfolg im letzten Schuljahr fand am 16. Oktober 2024 wieder ein \u201eWillkommenstag\u201c statt. Dieses Mal lautete das Motto \u201eDer hei\u00dfe Draht in die Zukunft\u201c. Im Rahmen des WiB-Unterrichts wurden Vertreter verschiedener Betriebe aus unterschiedlichen Wirtschaftsbereichen und auch einer Berufsfachschule an die M\u00fcnsterschule eingeladen. Sie informierten die Sch\u00fcler \u00fcber ihren Betrieb, welche Berufe&hellip;&nbsp;Weiterlesen &raquo;Der hei\u00dfe Draht in die Zukunft\" \/>\n<meta property=\"og:url\" content=\"https:\/\/www.muensterschule-hof.de\/wordpress\/der-heisse-draht-in-die-zukunft\/\" \/>\n<meta property=\"og:site_name\" content=\"M\u00fcnsterschule\" \/>\n<meta property=\"article:published_time\" content=\"2024-12-09T22:16:42+00:00\" \/>\n<meta property=\"article:modified_time\" content=\"2024-12-09T22:16:45+00:00\" \/>\n<meta property=\"og:image\" content=\"https:\/\/www.muensterschule-hof.de\/wordpress\/wp-content\/uploads\/2024\/12\/Bildschirmfoto-2024-12-09-um-23.36.11.png\" \/>\n\t<meta property=\"og:image:width\" content=\"1344\" \/>\n\t<meta property=\"og:image:height\" content=\"900\" \/>\n\t<meta property=\"og:image:type\" content=\"image\/png\" \/>\n<meta name=\"author\" content=\"wpadmin\" \/>\n<meta name=\"twitter:card\" content=\"summary_large_image\" \/>\n<meta name=\"twitter:label1\" content=\"Verfasst von\" \/>\n\t<meta name=\"twitter:data1\" content=\"wpadmin\" \/>\n\t<meta name=\"twitter:label2\" content=\"Gesch\u00e4tzte Lesezeit\" \/>\n\t<meta name=\"twitter:data2\" content=\"2\u00a0Minuten\" \/>\n<script type=\"application\/ld+json\" class=\"yoast-schema-graph\">{\"@context\":\"https:\\\/\\\/schema.org\",\"@graph\":[{\"@type\":\"Article\",\"@id\":\"https:\\\/\\\/www.muensterschule-hof.de\\\/wordpress\\\/der-heisse-draht-in-die-zukunft\\\/#article\",\"isPartOf\":{\"@id\":\"https:\\\/\\\/www.muensterschule-hof.de\\\/wordpress\\\/der-heisse-draht-in-die-zukunft\\\/\"},\"author\":{\"name\":\"wpadmin\",\"@id\":\"https:\\\/\\\/www.muensterschule-hof.de\\\/wordpress\\\/#\\\/schema\\\/person\\\/de58534e4cef400557500dff7aaa25b0\"},\"headline\":\"Der hei\u00dfe Draht in die Zukunft\",\"datePublished\":\"2024-12-09T22:16:42+00:00\",\"dateModified\":\"2024-12-09T22:16:45+00:00\",\"mainEntityOfPage\":{\"@id\":\"https:\\\/\\\/www.muensterschule-hof.de\\\/wordpress\\\/der-heisse-draht-in-die-zukunft\\\/\"},\"wordCount\":203,\"publisher\":{\"@id\":\"https:\\\/\\\/www.muensterschule-hof.de\\\/wordpress\\\/#organization\"},\"image\":{\"@id\":\"https:\\\/\\\/www.muensterschule-hof.de\\\/wordpress\\\/der-heisse-draht-in-die-zukunft\\\/#primaryimage\"},\"thumbnailUrl\":\"https:\\\/\\\/www.muensterschule-hof.de\\\/wordpress\\\/wp-content\\\/uploads\\\/2024\\\/12\\\/Bildschirmfoto-2024-12-09-um-23.36.11.png\",\"keywords\":[\"8. Klassen\",\"9. Klassen\",\"Ausbildung\",\"Berufsfindung\"],\"articleSection\":[\"Aktuelles\"],\"inLanguage\":\"de\"},{\"@type\":\"WebPage\",\"@id\":\"https:\\\/\\\/www.muensterschule-hof.de\\\/wordpress\\\/der-heisse-draht-in-die-zukunft\\\/\",\"url\":\"https:\\\/\\\/www.muensterschule-hof.de\\\/wordpress\\\/der-heisse-draht-in-die-zukunft\\\/\",\"name\":\"Der hei\u00dfe Draht in die Zukunft - M\u00fcnsterschule\",\"isPartOf\":{\"@id\":\"https:\\\/\\\/www.muensterschule-hof.de\\\/wordpress\\\/#website\"},\"primaryImageOfPage\":{\"@id\":\"https:\\\/\\\/www.muensterschule-hof.de\\\/wordpress\\\/der-heisse-draht-in-die-zukunft\\\/#primaryimage\"},\"image\":{\"@id\":\"https:\\\/\\\/www.muensterschule-hof.de\\\/wordpress\\\/der-heisse-draht-in-die-zukunft\\\/#primaryimage\"},\"thumbnailUrl\":\"https:\\\/\\\/www.muensterschule-hof.de\\\/wordpress\\\/wp-content\\\/uploads\\\/2024\\\/12\\\/Bildschirmfoto-2024-12-09-um-23.36.11.png\",\"datePublished\":\"2024-12-09T22:16:42+00:00\",\"dateModified\":\"2024-12-09T22:16:45+00:00\",\"breadcrumb\":{\"@id\":\"https:\\\/\\\/www.muensterschule-hof.de\\\/wordpress\\\/der-heisse-draht-in-die-zukunft\\\/#breadcrumb\"},\"inLanguage\":\"de\",\"potentialAction\":[{\"@type\":\"ReadAction\",\"target\":[\"https:\\\/\\\/www.muensterschule-hof.de\\\/wordpress\\\/der-heisse-draht-in-die-zukunft\\\/\"]}]},{\"@type\":\"ImageObject\",\"inLanguage\":\"de\",\"@id\":\"https:\\\/\\\/www.muensterschule-hof.de\\\/wordpress\\\/der-heisse-draht-in-die-zukunft\\\/#primaryimage\",\"url\":\"https:\\\/\\\/www.muensterschule-hof.de\\\/wordpress\\\/wp-content\\\/uploads\\\/2024\\\/12\\\/Bildschirmfoto-2024-12-09-um-23.36.11.png\",\"contentUrl\":\"https:\\\/\\\/www.muensterschule-hof.de\\\/wordpress\\\/wp-content\\\/uploads\\\/2024\\\/12\\\/Bildschirmfoto-2024-12-09-um-23.36.11.png\",\"width\":1344,\"height\":900},{\"@type\":\"BreadcrumbList\",\"@id\":\"https:\\\/\\\/www.muensterschule-hof.de\\\/wordpress\\\/der-heisse-draht-in-die-zukunft\\\/#breadcrumb\",\"itemListElement\":[{\"@type\":\"ListItem\",\"position\":1,\"name\":\"Startseite\",\"item\":\"https:\\\/\\\/www.muensterschule-hof.de\\\/wordpress\\\/\"},{\"@type\":\"ListItem\",\"position\":2,\"name\":\"Der hei\u00dfe Draht in die Zukunft\"}]},{\"@type\":\"WebSite\",\"@id\":\"https:\\\/\\\/www.muensterschule-hof.de\\\/wordpress\\\/#website\",\"url\":\"https:\\\/\\\/www.muensterschule-hof.de\\\/wordpress\\\/\",\"name\":\"M\u00fcnsterschule\",\"description\":\"Deine Mittelschule in Hof\",\"publisher\":{\"@id\":\"https:\\\/\\\/www.muensterschule-hof.de\\\/wordpress\\\/#organization\"},\"alternateName\":\"MMS Hof\",\"potentialAction\":[{\"@type\":\"SearchAction\",\"target\":{\"@type\":\"EntryPoint\",\"urlTemplate\":\"https:\\\/\\\/www.muensterschule-hof.de\\\/wordpress\\\/?s={search_term_string}\"},\"query-input\":{\"@type\":\"PropertyValueSpecification\",\"valueRequired\":true,\"valueName\":\"search_term_string\"}}],\"inLanguage\":\"de\"},{\"@type\":\"Organization\",\"@id\":\"https:\\\/\\\/www.muensterschule-hof.de\\\/wordpress\\\/#organization\",\"name\":\"M\u00fcnster-Mittelschule Hof\",\"alternateName\":\"MMS Hof\",\"url\":\"https:\\\/\\\/www.muensterschule-hof.de\\\/wordpress\\\/\",\"logo\":{\"@type\":\"ImageObject\",\"inLanguage\":\"de\",\"@id\":\"https:\\\/\\\/www.muensterschule-hof.de\\\/wordpress\\\/#\\\/schema\\\/logo\\\/image\\\/\",\"url\":\"https:\\\/\\\/www.muensterschule-hof.de\\\/wordpress\\\/wp-content\\\/uploads\\\/2018\\\/05\\\/cropped-MMS-Hof-final-1.png\",\"contentUrl\":\"https:\\\/\\\/www.muensterschule-hof.de\\\/wordpress\\\/wp-content\\\/uploads\\\/2018\\\/05\\\/cropped-MMS-Hof-final-1.png\",\"width\":512,\"height\":512,\"caption\":\"M\u00fcnster-Mittelschule Hof\"},\"image\":{\"@id\":\"https:\\\/\\\/www.muensterschule-hof.de\\\/wordpress\\\/#\\\/schema\\\/logo\\\/image\\\/\"}},{\"@type\":\"Person\",\"@id\":\"https:\\\/\\\/www.muensterschule-hof.de\\\/wordpress\\\/#\\\/schema\\\/person\\\/de58534e4cef400557500dff7aaa25b0\",\"name\":\"wpadmin\",\"image\":{\"@type\":\"ImageObject\",\"inLanguage\":\"de\",\"@id\":\"https:\\\/\\\/secure.gravatar.com\\\/avatar\\\/d9cd22045d4ad9ac54235e981c866f9317666429d45f49a3dc409314ab7be359?s=96&d=mm&r=g\",\"url\":\"https:\\\/\\\/secure.gravatar.com\\\/avatar\\\/d9cd22045d4ad9ac54235e981c866f9317666429d45f49a3dc409314ab7be359?s=96&d=mm&r=g\",\"contentUrl\":\"https:\\\/\\\/secure.gravatar.com\\\/avatar\\\/d9cd22045d4ad9ac54235e981c866f9317666429d45f49a3dc409314ab7be359?s=96&d=mm&r=g\",\"caption\":\"wpadmin\"},\"url\":\"https:\\\/\\\/www.muensterschule-hof.de\\\/wordpress\\\/author\\\/wpadmin\\\/\"}]}<\/script>\n<!-- \/ Yoast SEO plugin. -->","yoast_head_json":{"title":"Der hei\u00dfe Draht in die Zukunft - M\u00fcnsterschule","robots":{"index":"index","follow":"follow","max-snippet":"max-snippet:-1","max-image-preview":"max-image-preview:large","max-video-preview":"max-video-preview:-1"},"canonical":"https:\/\/www.muensterschule-hof.de\/wordpress\/der-heisse-draht-in-die-zukunft\/","og_locale":"de_DE","og_type":"article","og_title":"Der hei\u00dfe Draht in die Zukunft - M\u00fcnsterschule","og_description":"Nach dem gro\u00dfen Erfolg im letzten Schuljahr fand am 16. Oktober 2024 wieder ein \u201eWillkommenstag\u201c statt. Dieses Mal lautete das Motto \u201eDer hei\u00dfe Draht in die Zukunft\u201c. Im Rahmen des WiB-Unterrichts wurden Vertreter verschiedener Betriebe aus unterschiedlichen Wirtschaftsbereichen und auch einer Berufsfachschule an die M\u00fcnsterschule eingeladen. Sie informierten die Sch\u00fcler \u00fcber ihren Betrieb, welche Berufe&hellip;&nbsp;Weiterlesen &raquo;Der hei\u00dfe Draht in die Zukunft","og_url":"https:\/\/www.muensterschule-hof.de\/wordpress\/der-heisse-draht-in-die-zukunft\/","og_site_name":"M\u00fcnsterschule","article_published_time":"2024-12-09T22:16:42+00:00","article_modified_time":"2024-12-09T22:16:45+00:00","og_image":[{"width":1344,"height":900,"url":"https:\/\/www.muensterschule-hof.de\/wordpress\/wp-content\/uploads\/2024\/12\/Bildschirmfoto-2024-12-09-um-23.36.11.png","type":"image\/png"}],"author":"wpadmin","twitter_card":"summary_large_image","twitter_misc":{"Verfasst von":"wpadmin","Gesch\u00e4tzte Lesezeit":"2\u00a0Minuten"},"schema":{"@context":"https:\/\/schema.org","@graph":[{"@type":"Article","@id":"https:\/\/www.muensterschule-hof.de\/wordpress\/der-heisse-draht-in-die-zukunft\/#article","isPartOf":{"@id":"https:\/\/www.muensterschule-hof.de\/wordpress\/der-heisse-draht-in-die-zukunft\/"},"author":{"name":"wpadmin","@id":"https:\/\/www.muensterschule-hof.de\/wordpress\/#\/schema\/person\/de58534e4cef400557500dff7aaa25b0"},"headline":"Der hei\u00dfe Draht in die Zukunft","datePublished":"2024-12-09T22:16:42+00:00","dateModified":"2024-12-09T22:16:45+00:00","mainEntityOfPage":{"@id":"https:\/\/www.muensterschule-hof.de\/wordpress\/der-heisse-draht-in-die-zukunft\/"},"wordCount":203,"publisher":{"@id":"https:\/\/www.muensterschule-hof.de\/wordpress\/#organization"},"image":{"@id":"https:\/\/www.muensterschule-hof.de\/wordpress\/der-heisse-draht-in-die-zukunft\/#primaryimage"},"thumbnailUrl":"https:\/\/www.muensterschule-hof.de\/wordpress\/wp-content\/uploads\/2024\/12\/Bildschirmfoto-2024-12-09-um-23.36.11.png","keywords":["8. Klassen","9. Klassen","Ausbildung","Berufsfindung"],"articleSection":["Aktuelles"],"inLanguage":"de"},{"@type":"WebPage","@id":"https:\/\/www.muensterschule-hof.de\/wordpress\/der-heisse-draht-in-die-zukunft\/","url":"https:\/\/www.muensterschule-hof.de\/wordpress\/der-heisse-draht-in-die-zukunft\/","name":"Der hei\u00dfe Draht in die Zukunft - M\u00fcnsterschule","isPartOf":{"@id":"https:\/\/www.muensterschule-hof.de\/wordpress\/#website"},"primaryImageOfPage":{"@id":"https:\/\/www.muensterschule-hof.de\/wordpress\/der-heisse-draht-in-die-zukunft\/#primaryimage"},"image":{"@id":"https:\/\/www.muensterschule-hof.de\/wordpress\/der-heisse-draht-in-die-zukunft\/#primaryimage"},"thumbnailUrl":"https:\/\/www.muensterschule-hof.de\/wordpress\/wp-content\/uploads\/2024\/12\/Bildschirmfoto-2024-12-09-um-23.36.11.png","datePublished":"2024-12-09T22:16:42+00:00","dateModified":"2024-12-09T22:16:45+00:00","breadcrumb":{"@id":"https:\/\/www.muensterschule-hof.de\/wordpress\/der-heisse-draht-in-die-zukunft\/#breadcrumb"},"inLanguage":"de","potentialAction":[{"@type":"ReadAction","target":["https:\/\/www.muensterschule-hof.de\/wordpress\/der-heisse-draht-in-die-zukunft\/"]}]},{"@type":"ImageObject","inLanguage":"de","@id":"https:\/\/www.muensterschule-hof.de\/wordpress\/der-heisse-draht-in-die-zukunft\/#primaryimage","url":"https:\/\/www.muensterschule-hof.de\/wordpress\/wp-content\/uploads\/2024\/12\/Bildschirmfoto-2024-12-09-um-23.36.11.png","contentUrl":"https:\/\/www.muensterschule-hof.de\/wordpress\/wp-content\/uploads\/2024\/12\/Bildschirmfoto-2024-12-09-um-23.36.11.png","width":1344,"height":900},{"@type":"BreadcrumbList","@id":"https:\/\/www.muensterschule-hof.de\/wordpress\/der-heisse-draht-in-die-zukunft\/#breadcrumb","itemListElement":[{"@type":"ListItem","position":1,"name":"Startseite","item":"https:\/\/www.muensterschule-hof.de\/wordpress\/"},{"@type":"ListItem","position":2,"name":"Der hei\u00dfe Draht in die Zukunft"}]},{"@type":"WebSite","@id":"https:\/\/www.muensterschule-hof.de\/wordpress\/#website","url":"https:\/\/www.muensterschule-hof.de\/wordpress\/","name":"M\u00fcnsterschule","description":"Deine Mittelschule in Hof","publisher":{"@id":"https:\/\/www.muensterschule-hof.de\/wordpress\/#organization"},"alternateName":"MMS Hof","potentialAction":[{"@type":"SearchAction","target":{"@type":"EntryPoint","urlTemplate":"https:\/\/www.muensterschule-hof.de\/wordpress\/?s={search_term_string}"},"query-input":{"@type":"PropertyValueSpecification","valueRequired":true,"valueName":"search_term_string"}}],"inLanguage":"de"},{"@type":"Organization","@id":"https:\/\/www.muensterschule-hof.de\/wordpress\/#organization","name":"M\u00fcnster-Mittelschule Hof","alternateName":"MMS Hof","url":"https:\/\/www.muensterschule-hof.de\/wordpress\/","logo":{"@type":"ImageObject","inLanguage":"de","@id":"https:\/\/www.muensterschule-hof.de\/wordpress\/#\/schema\/logo\/image\/","url":"https:\/\/www.muensterschule-hof.de\/wordpress\/wp-content\/uploads\/2018\/05\/cropped-MMS-Hof-final-1.png","contentUrl":"https:\/\/www.muensterschule-hof.de\/wordpress\/wp-content\/uploads\/2018\/05\/cropped-MMS-Hof-final-1.png","width":512,"height":512,"caption":"M\u00fcnster-Mittelschule Hof"},"image":{"@id":"https:\/\/www.muensterschule-hof.de\/wordpress\/#\/schema\/logo\/image\/"}},{"@type":"Person","@id":"https:\/\/www.muensterschule-hof.de\/wordpress\/#\/schema\/person\/de58534e4cef400557500dff7aaa25b0","name":"wpadmin","image":{"@type":"ImageObject","inLanguage":"de","@id":"https:\/\/secure.gravatar.com\/avatar\/d9cd22045d4ad9ac54235e981c866f9317666429d45f49a3dc409314ab7be359?s=96&d=mm&r=g","url":"https:\/\/secure.gravatar.com\/avatar\/d9cd22045d4ad9ac54235e981c866f9317666429d45f49a3dc409314ab7be359?s=96&d=mm&r=g","contentUrl":"https:\/\/secure.gravatar.com\/avatar\/d9cd22045d4ad9ac54235e981c866f9317666429d45f49a3dc409314ab7be359?s=96&d=mm&r=g","caption":"wpadmin"},"url":"https:\/\/www.muensterschule-hof.de\/wordpress\/author\/wpadmin\/"}]}},"_links":{"self":[{"href":"https:\/\/www.muensterschule-hof.de\/wordpress\/wp-json\/wp\/v2\/posts\/3700","targetHints":{"allow":["GET"]}}],"collection":[{"href":"https:\/\/www.muensterschule-hof.de\/wordpress\/wp-json\/wp\/v2\/posts"}],"about":[{"href":"https:\/\/www.muensterschule-hof.de\/wordpress\/wp-json\/wp\/v2\/types\/post"}],"author":[{"embeddable":true,"href":"https:\/\/www.muensterschule-hof.de\/wordpress\/wp-json\/wp\/v2\/users\/1"}],"replies":[{"embeddable":true,"href":"https:\/\/www.muensterschule-hof.de\/wordpress\/wp-json\/wp\/v2\/comments?post=3700"}],"version-history":[{"count":1,"href":"https:\/\/www.muensterschule-hof.de\/wordpress\/wp-json\/wp\/v2\/posts\/3700\/revisions"}],"predecessor-version":[{"id":3702,"href":"https:\/\/www.muensterschule-hof.de\/wordpress\/wp-json\/wp\/v2\/posts\/3700\/revisions\/3702"}],"wp:featuredmedia":[{"embeddable":true,"href":"https:\/\/www.muensterschule-hof.de\/wordpress\/wp-json\/wp\/v2\/media\/3701"}],"wp:attachment":[{"href":"https:\/\/www.muensterschule-hof.de\/wordpress\/wp-json\/wp\/v2\/media?parent=3700"}],"wp:term":[{"taxonomy":"category","embeddable":true,"href":"https:\/\/www.muensterschule-hof.de\/wordpress\/wp-json\/wp\/v2\/categories?post=3700"},{"taxonomy":"post_tag","embeddable":true,"href":"https:\/\/www.muensterschule-hof.de\/wordpress\/wp-json\/wp\/v2\/tags?post=3700"}],"curies":[{"name":"wp","href":"https:\/\/api.w.org\/{rel}","templated":true}]}}