{"id":3706,"date":"2024-12-13T22:53:21","date_gmt":"2024-12-13T22:53:21","guid":{"rendered":"https:\/\/www.muensterschule-hof.de\/wordpress\/?p=3706"},"modified":"2024-12-13T22:53:23","modified_gmt":"2024-12-13T22:53:23","slug":"weihnachtsbasteln-mit-dem-azv-hof-kreatives-upcycling-mit-den-klassen-6b-7a-und-9b","status":"publish","type":"post","link":"https:\/\/www.muensterschule-hof.de\/wordpress\/weihnachtsbasteln-mit-dem-azv-hof-kreatives-upcycling-mit-den-klassen-6b-7a-und-9b\/","title":{"rendered":"Weihnachtsbasteln mit dem AZV Hof \u2013 Kreatives Upcycling mit den Klassen 6b, 7a und 9b"},"content":{"rendered":"\n<p>In der Adventszeit wird es kreativ: Die Klassen 6b, 7a und 9b haben in Zusammenarbeit mit dem Abfallzweckverband (AZV) Hof am 12. Dezember 2024 ein spannendes Upcycling-Projekt durchgef\u00fchrt. Alte Konservendosen wurden in liebevoller Handarbeit zu weihnachtlichen Dekorations- und Alltagsgegenst\u00e4nden umgestaltet.<\/p>\n\n\n\n<p>Ob als Geschenkverpackung, Stiftehalter, Pflanzgef\u00e4\u00df oder anderes \u2013 die individuell gestalteten Dosen sind nicht nur sch\u00f6n anzusehen, sondern setzen auch ein Zeichen f\u00fcr Nachhaltigkeit und Umweltbewusstsein.<\/p>\n\n\n\n<figure class=\"wp-block-gallery has-nested-images columns-default is-cropped wp-block-gallery-1 is-layout-flex wp-block-gallery-is-layout-flex\">\n<figure class=\"wp-block-image size-large\"><img loading=\"lazy\" decoding=\"async\" width=\"596\" height=\"652\" data-id=\"3708\" src=\"https:\/\/www.muensterschule-hof.de\/wordpress\/wp-content\/uploads\/2024\/12\/Bildschirmfoto-2024-12-14-um-01.08.03.png\" alt=\"\" class=\"wp-image-3708\"\/><\/figure>\n\n\n\n<figure class=\"wp-block-image size-large\"><img loading=\"lazy\" decoding=\"async\" width=\"776\" height=\"1024\" data-id=\"3709\" src=\"https:\/\/www.muensterschule-hof.de\/wordpress\/wp-content\/uploads\/2024\/12\/Bildschirmfoto-2024-12-14-um-01.08.23-776x1024.png\" alt=\"\" class=\"wp-image-3709\" srcset=\"https:\/\/www.muensterschule-hof.de\/wordpress\/wp-content\/uploads\/2024\/12\/Bildschirmfoto-2024-12-14-um-01.08.23-776x1024.png 776w, https:\/\/www.muensterschule-hof.de\/wordpress\/wp-content\/uploads\/2024\/12\/Bildschirmfoto-2024-12-14-um-01.08.23.png 802w\" sizes=\"auto, (max-width: 776px) 100vw, 776px\" \/><\/figure>\n<\/figure>\n","protected":false},"excerpt":{"rendered":"<p>In der Adventszeit wird es kreativ: Die Klassen 6b, 7a und 9b haben in Zusammenarbeit mit dem Abfallzweckverband (AZV) Hof am 12. Dezember 2024 ein spannendes Upcycling-Projekt durchgef\u00fchrt. Alte Konservendosen wurden in liebevoller Handarbeit zu weihnachtlichen Dekorations- und Alltagsgegenst\u00e4nden umgestaltet. Ob als Geschenkverpackung, Stiftehalter, Pflanzgef\u00e4\u00df oder anderes \u2013 die individuell gestalteten Dosen sind nicht nur&hellip;&nbsp;<a href=\"https:\/\/www.muensterschule-hof.de\/wordpress\/weihnachtsbasteln-mit-dem-azv-hof-kreatives-upcycling-mit-den-klassen-6b-7a-und-9b\/\" rel=\"bookmark\">Weiterlesen &raquo;<span class=\"screen-reader-text\">Weihnachtsbasteln mit dem AZV Hof \u2013 Kreatives Upcycling mit den Klassen 6b, 7a und 9b<\/span><\/a><\/p>\n","protected":false},"author":1,"featured_media":3707,"comment_status":"closed","ping_status":"closed","sticky":false,"template":"","format":"standard","meta":{"neve_meta_sidebar":"","neve_meta_container":"","neve_meta_enable_content_width":"","neve_meta_content_width":0,"neve_meta_title_alignment":"","neve_meta_author_avatar":"","neve_post_elements_order":"","neve_meta_disable_header":"","neve_meta_disable_footer":"","neve_meta_disable_title":"","footnotes":""},"categories":[50],"tags":[179,132,134,51,14,135],"class_list":["post-3706","post","type-post","status-publish","format-standard","has-post-thumbnail","hentry","category-aktuelles","tag-6b","tag-7a","tag-9b","tag-kreativklasse","tag-nachhaltigkeit","tag-umweltklasse"],"yoast_head":"<!-- This site is optimized with the Yoast SEO plugin v27.4 - https:\/\/yoast.com\/product\/yoast-seo-wordpress\/ -->\n<title>Weihnachtsbasteln mit dem AZV Hof \u2013 Kreatives Upcycling mit den Klassen 6b, 7a und 9b - M\u00fcnsterschule<\/title>\n<meta name=\"robots\" content=\"index, follow, max-snippet:-1, max-image-preview:large, max-video-preview:-1\" \/>\n<link rel=\"canonical\" href=\"https:\/\/www.muensterschule-hof.de\/wordpress\/weihnachtsbasteln-mit-dem-azv-hof-kreatives-upcycling-mit-den-klassen-6b-7a-und-9b\/\" \/>\n<meta property=\"og:locale\" content=\"de_DE\" \/>\n<meta property=\"og:type\" content=\"article\" \/>\n<meta property=\"og:title\" content=\"Weihnachtsbasteln mit dem AZV Hof \u2013 Kreatives Upcycling mit den Klassen 6b, 7a und 9b - M\u00fcnsterschule\" \/>\n<meta property=\"og:description\" content=\"In der Adventszeit wird es kreativ: Die Klassen 6b, 7a und 9b haben in Zusammenarbeit mit dem Abfallzweckverband (AZV) Hof am 12. Dezember 2024 ein spannendes Upcycling-Projekt durchgef\u00fchrt. Alte Konservendosen wurden in liebevoller Handarbeit zu weihnachtlichen Dekorations- und Alltagsgegenst\u00e4nden umgestaltet. Ob als Geschenkverpackung, Stiftehalter, Pflanzgef\u00e4\u00df oder anderes \u2013 die individuell gestalteten Dosen sind nicht nur&hellip;&nbsp;Weiterlesen &raquo;Weihnachtsbasteln mit dem AZV Hof \u2013 Kreatives Upcycling mit den Klassen 6b, 7a und 9b\" \/>\n<meta property=\"og:url\" content=\"https:\/\/www.muensterschule-hof.de\/wordpress\/weihnachtsbasteln-mit-dem-azv-hof-kreatives-upcycling-mit-den-klassen-6b-7a-und-9b\/\" \/>\n<meta property=\"og:site_name\" content=\"M\u00fcnsterschule\" \/>\n<meta property=\"article:published_time\" content=\"2024-12-13T22:53:21+00:00\" \/>\n<meta property=\"article:modified_time\" content=\"2024-12-13T22:53:23+00:00\" \/>\n<meta property=\"og:image\" content=\"https:\/\/www.muensterschule-hof.de\/wordpress\/wp-content\/uploads\/2024\/12\/IMG_1796.jpg\" \/>\n\t<meta property=\"og:image:width\" content=\"1076\" \/>\n\t<meta property=\"og:image:height\" content=\"915\" \/>\n\t<meta property=\"og:image:type\" content=\"image\/jpeg\" \/>\n<meta name=\"author\" content=\"wpadmin\" \/>\n<meta name=\"twitter:card\" content=\"summary_large_image\" \/>\n<meta name=\"twitter:label1\" content=\"Verfasst von\" \/>\n\t<meta name=\"twitter:data1\" content=\"wpadmin\" \/>\n\t<meta name=\"twitter:label2\" content=\"Gesch\u00e4tzte Lesezeit\" \/>\n\t<meta name=\"twitter:data2\" content=\"1\u00a0Minute\" \/>\n<script type=\"application\/ld+json\" class=\"yoast-schema-graph\">{\"@context\":\"https:\\\/\\\/schema.org\",\"@graph\":[{\"@type\":\"Article\",\"@id\":\"https:\\\/\\\/www.muensterschule-hof.de\\\/wordpress\\\/weihnachtsbasteln-mit-dem-azv-hof-kreatives-upcycling-mit-den-klassen-6b-7a-und-9b\\\/#article\",\"isPartOf\":{\"@id\":\"https:\\\/\\\/www.muensterschule-hof.de\\\/wordpress\\\/weihnachtsbasteln-mit-dem-azv-hof-kreatives-upcycling-mit-den-klassen-6b-7a-und-9b\\\/\"},\"author\":{\"name\":\"wpadmin\",\"@id\":\"https:\\\/\\\/www.muensterschule-hof.de\\\/wordpress\\\/#\\\/schema\\\/person\\\/de58534e4cef400557500dff7aaa25b0\"},\"headline\":\"Weihnachtsbasteln mit dem AZV Hof \u2013 Kreatives Upcycling mit den Klassen 6b, 7a und 9b\",\"datePublished\":\"2024-12-13T22:53:21+00:00\",\"dateModified\":\"2024-12-13T22:53:23+00:00\",\"mainEntityOfPage\":{\"@id\":\"https:\\\/\\\/www.muensterschule-hof.de\\\/wordpress\\\/weihnachtsbasteln-mit-dem-azv-hof-kreatives-upcycling-mit-den-klassen-6b-7a-und-9b\\\/\"},\"wordCount\":81,\"publisher\":{\"@id\":\"https:\\\/\\\/www.muensterschule-hof.de\\\/wordpress\\\/#organization\"},\"image\":{\"@id\":\"https:\\\/\\\/www.muensterschule-hof.de\\\/wordpress\\\/weihnachtsbasteln-mit-dem-azv-hof-kreatives-upcycling-mit-den-klassen-6b-7a-und-9b\\\/#primaryimage\"},\"thumbnailUrl\":\"https:\\\/\\\/www.muensterschule-hof.de\\\/wordpress\\\/wp-content\\\/uploads\\\/2024\\\/12\\\/IMG_1796.jpg\",\"keywords\":[\"6b\",\"7a\",\"9b\",\"Kreativklasse\",\"Nachhaltigkeit\",\"Umweltklasse\"],\"articleSection\":[\"Aktuelles\"],\"inLanguage\":\"de\"},{\"@type\":\"WebPage\",\"@id\":\"https:\\\/\\\/www.muensterschule-hof.de\\\/wordpress\\\/weihnachtsbasteln-mit-dem-azv-hof-kreatives-upcycling-mit-den-klassen-6b-7a-und-9b\\\/\",\"url\":\"https:\\\/\\\/www.muensterschule-hof.de\\\/wordpress\\\/weihnachtsbasteln-mit-dem-azv-hof-kreatives-upcycling-mit-den-klassen-6b-7a-und-9b\\\/\",\"name\":\"Weihnachtsbasteln mit dem AZV Hof \u2013 Kreatives Upcycling mit den Klassen 6b, 7a und 9b - M\u00fcnsterschule\",\"isPartOf\":{\"@id\":\"https:\\\/\\\/www.muensterschule-hof.de\\\/wordpress\\\/#website\"},\"primaryImageOfPage\":{\"@id\":\"https:\\\/\\\/www.muensterschule-hof.de\\\/wordpress\\\/weihnachtsbasteln-mit-dem-azv-hof-kreatives-upcycling-mit-den-klassen-6b-7a-und-9b\\\/#primaryimage\"},\"image\":{\"@id\":\"https:\\\/\\\/www.muensterschule-hof.de\\\/wordpress\\\/weihnachtsbasteln-mit-dem-azv-hof-kreatives-upcycling-mit-den-klassen-6b-7a-und-9b\\\/#primaryimage\"},\"thumbnailUrl\":\"https:\\\/\\\/www.muensterschule-hof.de\\\/wordpress\\\/wp-content\\\/uploads\\\/2024\\\/12\\\/IMG_1796.jpg\",\"datePublished\":\"2024-12-13T22:53:21+00:00\",\"dateModified\":\"2024-12-13T22:53:23+00:00\",\"breadcrumb\":{\"@id\":\"https:\\\/\\\/www.muensterschule-hof.de\\\/wordpress\\\/weihnachtsbasteln-mit-dem-azv-hof-kreatives-upcycling-mit-den-klassen-6b-7a-und-9b\\\/#breadcrumb\"},\"inLanguage\":\"de\",\"potentialAction\":[{\"@type\":\"ReadAction\",\"target\":[\"https:\\\/\\\/www.muensterschule-hof.de\\\/wordpress\\\/weihnachtsbasteln-mit-dem-azv-hof-kreatives-upcycling-mit-den-klassen-6b-7a-und-9b\\\/\"]}]},{\"@type\":\"ImageObject\",\"inLanguage\":\"de\",\"@id\":\"https:\\\/\\\/www.muensterschule-hof.de\\\/wordpress\\\/weihnachtsbasteln-mit-dem-azv-hof-kreatives-upcycling-mit-den-klassen-6b-7a-und-9b\\\/#primaryimage\",\"url\":\"https:\\\/\\\/www.muensterschule-hof.de\\\/wordpress\\\/wp-content\\\/uploads\\\/2024\\\/12\\\/IMG_1796.jpg\",\"contentUrl\":\"https:\\\/\\\/www.muensterschule-hof.de\\\/wordpress\\\/wp-content\\\/uploads\\\/2024\\\/12\\\/IMG_1796.jpg\",\"width\":1076,\"height\":915},{\"@type\":\"BreadcrumbList\",\"@id\":\"https:\\\/\\\/www.muensterschule-hof.de\\\/wordpress\\\/weihnachtsbasteln-mit-dem-azv-hof-kreatives-upcycling-mit-den-klassen-6b-7a-und-9b\\\/#breadcrumb\",\"itemListElement\":[{\"@type\":\"ListItem\",\"position\":1,\"name\":\"Startseite\",\"item\":\"https:\\\/\\\/www.muensterschule-hof.de\\\/wordpress\\\/\"},{\"@type\":\"ListItem\",\"position\":2,\"name\":\"Weihnachtsbasteln mit dem AZV Hof \u2013 Kreatives Upcycling mit den Klassen 6b, 7a und 9b\"}]},{\"@type\":\"WebSite\",\"@id\":\"https:\\\/\\\/www.muensterschule-hof.de\\\/wordpress\\\/#website\",\"url\":\"https:\\\/\\\/www.muensterschule-hof.de\\\/wordpress\\\/\",\"name\":\"M\u00fcnsterschule\",\"description\":\"Deine Mittelschule in Hof\",\"publisher\":{\"@id\":\"https:\\\/\\\/www.muensterschule-hof.de\\\/wordpress\\\/#organization\"},\"alternateName\":\"MMS Hof\",\"potentialAction\":[{\"@type\":\"SearchAction\",\"target\":{\"@type\":\"EntryPoint\",\"urlTemplate\":\"https:\\\/\\\/www.muensterschule-hof.de\\\/wordpress\\\/?s={search_term_string}\"},\"query-input\":{\"@type\":\"PropertyValueSpecification\",\"valueRequired\":true,\"valueName\":\"search_term_string\"}}],\"inLanguage\":\"de\"},{\"@type\":\"Organization\",\"@id\":\"https:\\\/\\\/www.muensterschule-hof.de\\\/wordpress\\\/#organization\",\"name\":\"M\u00fcnster-Mittelschule Hof\",\"alternateName\":\"MMS Hof\",\"url\":\"https:\\\/\\\/www.muensterschule-hof.de\\\/wordpress\\\/\",\"logo\":{\"@type\":\"ImageObject\",\"inLanguage\":\"de\",\"@id\":\"https:\\\/\\\/www.muensterschule-hof.de\\\/wordpress\\\/#\\\/schema\\\/logo\\\/image\\\/\",\"url\":\"https:\\\/\\\/www.muensterschule-hof.de\\\/wordpress\\\/wp-content\\\/uploads\\\/2018\\\/05\\\/cropped-MMS-Hof-final-1.png\",\"contentUrl\":\"https:\\\/\\\/www.muensterschule-hof.de\\\/wordpress\\\/wp-content\\\/uploads\\\/2018\\\/05\\\/cropped-MMS-Hof-final-1.png\",\"width\":512,\"height\":512,\"caption\":\"M\u00fcnster-Mittelschule Hof\"},\"image\":{\"@id\":\"https:\\\/\\\/www.muensterschule-hof.de\\\/wordpress\\\/#\\\/schema\\\/logo\\\/image\\\/\"}},{\"@type\":\"Person\",\"@id\":\"https:\\\/\\\/www.muensterschule-hof.de\\\/wordpress\\\/#\\\/schema\\\/person\\\/de58534e4cef400557500dff7aaa25b0\",\"name\":\"wpadmin\",\"image\":{\"@type\":\"ImageObject\",\"inLanguage\":\"de\",\"@id\":\"https:\\\/\\\/secure.gravatar.com\\\/avatar\\\/d9cd22045d4ad9ac54235e981c866f9317666429d45f49a3dc409314ab7be359?s=96&d=mm&r=g\",\"url\":\"https:\\\/\\\/secure.gravatar.com\\\/avatar\\\/d9cd22045d4ad9ac54235e981c866f9317666429d45f49a3dc409314ab7be359?s=96&d=mm&r=g\",\"contentUrl\":\"https:\\\/\\\/secure.gravatar.com\\\/avatar\\\/d9cd22045d4ad9ac54235e981c866f9317666429d45f49a3dc409314ab7be359?s=96&d=mm&r=g\",\"caption\":\"wpadmin\"},\"url\":\"https:\\\/\\\/www.muensterschule-hof.de\\\/wordpress\\\/author\\\/wpadmin\\\/\"}]}<\/script>\n<!-- \/ Yoast SEO plugin. -->","yoast_head_json":{"title":"Weihnachtsbasteln mit dem AZV Hof \u2013 Kreatives Upcycling mit den Klassen 6b, 7a und 9b - M\u00fcnsterschule","robots":{"index":"index","follow":"follow","max-snippet":"max-snippet:-1","max-image-preview":"max-image-preview:large","max-video-preview":"max-video-preview:-1"},"canonical":"https:\/\/www.muensterschule-hof.de\/wordpress\/weihnachtsbasteln-mit-dem-azv-hof-kreatives-upcycling-mit-den-klassen-6b-7a-und-9b\/","og_locale":"de_DE","og_type":"article","og_title":"Weihnachtsbasteln mit dem AZV Hof \u2013 Kreatives Upcycling mit den Klassen 6b, 7a und 9b - M\u00fcnsterschule","og_description":"In der Adventszeit wird es kreativ: Die Klassen 6b, 7a und 9b haben in Zusammenarbeit mit dem Abfallzweckverband (AZV) Hof am 12. Dezember 2024 ein spannendes Upcycling-Projekt durchgef\u00fchrt. Alte Konservendosen wurden in liebevoller Handarbeit zu weihnachtlichen Dekorations- und Alltagsgegenst\u00e4nden umgestaltet. Ob als Geschenkverpackung, Stiftehalter, Pflanzgef\u00e4\u00df oder anderes \u2013 die individuell gestalteten Dosen sind nicht nur&hellip;&nbsp;Weiterlesen &raquo;Weihnachtsbasteln mit dem AZV Hof \u2013 Kreatives Upcycling mit den Klassen 6b, 7a und 9b","og_url":"https:\/\/www.muensterschule-hof.de\/wordpress\/weihnachtsbasteln-mit-dem-azv-hof-kreatives-upcycling-mit-den-klassen-6b-7a-und-9b\/","og_site_name":"M\u00fcnsterschule","article_published_time":"2024-12-13T22:53:21+00:00","article_modified_time":"2024-12-13T22:53:23+00:00","og_image":[{"width":1076,"height":915,"url":"https:\/\/www.muensterschule-hof.de\/wordpress\/wp-content\/uploads\/2024\/12\/IMG_1796.jpg","type":"image\/jpeg"}],"author":"wpadmin","twitter_card":"summary_large_image","twitter_misc":{"Verfasst von":"wpadmin","Gesch\u00e4tzte Lesezeit":"1\u00a0Minute"},"schema":{"@context":"https:\/\/schema.org","@graph":[{"@type":"Article","@id":"https:\/\/www.muensterschule-hof.de\/wordpress\/weihnachtsbasteln-mit-dem-azv-hof-kreatives-upcycling-mit-den-klassen-6b-7a-und-9b\/#article","isPartOf":{"@id":"https:\/\/www.muensterschule-hof.de\/wordpress\/weihnachtsbasteln-mit-dem-azv-hof-kreatives-upcycling-mit-den-klassen-6b-7a-und-9b\/"},"author":{"name":"wpadmin","@id":"https:\/\/www.muensterschule-hof.de\/wordpress\/#\/schema\/person\/de58534e4cef400557500dff7aaa25b0"},"headline":"Weihnachtsbasteln mit dem AZV Hof \u2013 Kreatives Upcycling mit den Klassen 6b, 7a und 9b","datePublished":"2024-12-13T22:53:21+00:00","dateModified":"2024-12-13T22:53:23+00:00","mainEntityOfPage":{"@id":"https:\/\/www.muensterschule-hof.de\/wordpress\/weihnachtsbasteln-mit-dem-azv-hof-kreatives-upcycling-mit-den-klassen-6b-7a-und-9b\/"},"wordCount":81,"publisher":{"@id":"https:\/\/www.muensterschule-hof.de\/wordpress\/#organization"},"image":{"@id":"https:\/\/www.muensterschule-hof.de\/wordpress\/weihnachtsbasteln-mit-dem-azv-hof-kreatives-upcycling-mit-den-klassen-6b-7a-und-9b\/#primaryimage"},"thumbnailUrl":"https:\/\/www.muensterschule-hof.de\/wordpress\/wp-content\/uploads\/2024\/12\/IMG_1796.jpg","keywords":["6b","7a","9b","Kreativklasse","Nachhaltigkeit","Umweltklasse"],"articleSection":["Aktuelles"],"inLanguage":"de"},{"@type":"WebPage","@id":"https:\/\/www.muensterschule-hof.de\/wordpress\/weihnachtsbasteln-mit-dem-azv-hof-kreatives-upcycling-mit-den-klassen-6b-7a-und-9b\/","url":"https:\/\/www.muensterschule-hof.de\/wordpress\/weihnachtsbasteln-mit-dem-azv-hof-kreatives-upcycling-mit-den-klassen-6b-7a-und-9b\/","name":"Weihnachtsbasteln mit dem AZV Hof \u2013 Kreatives Upcycling mit den Klassen 6b, 7a und 9b - M\u00fcnsterschule","isPartOf":{"@id":"https:\/\/www.muensterschule-hof.de\/wordpress\/#website"},"primaryImageOfPage":{"@id":"https:\/\/www.muensterschule-hof.de\/wordpress\/weihnachtsbasteln-mit-dem-azv-hof-kreatives-upcycling-mit-den-klassen-6b-7a-und-9b\/#primaryimage"},"image":{"@id":"https:\/\/www.muensterschule-hof.de\/wordpress\/weihnachtsbasteln-mit-dem-azv-hof-kreatives-upcycling-mit-den-klassen-6b-7a-und-9b\/#primaryimage"},"thumbnailUrl":"https:\/\/www.muensterschule-hof.de\/wordpress\/wp-content\/uploads\/2024\/12\/IMG_1796.jpg","datePublished":"2024-12-13T22:53:21+00:00","dateModified":"2024-12-13T22:53:23+00:00","breadcrumb":{"@id":"https:\/\/www.muensterschule-hof.de\/wordpress\/weihnachtsbasteln-mit-dem-azv-hof-kreatives-upcycling-mit-den-klassen-6b-7a-und-9b\/#breadcrumb"},"inLanguage":"de","potentialAction":[{"@type":"ReadAction","target":["https:\/\/www.muensterschule-hof.de\/wordpress\/weihnachtsbasteln-mit-dem-azv-hof-kreatives-upcycling-mit-den-klassen-6b-7a-und-9b\/"]}]},{"@type":"ImageObject","inLanguage":"de","@id":"https:\/\/www.muensterschule-hof.de\/wordpress\/weihnachtsbasteln-mit-dem-azv-hof-kreatives-upcycling-mit-den-klassen-6b-7a-und-9b\/#primaryimage","url":"https:\/\/www.muensterschule-hof.de\/wordpress\/wp-content\/uploads\/2024\/12\/IMG_1796.jpg","contentUrl":"https:\/\/www.muensterschule-hof.de\/wordpress\/wp-content\/uploads\/2024\/12\/IMG_1796.jpg","width":1076,"height":915},{"@type":"BreadcrumbList","@id":"https:\/\/www.muensterschule-hof.de\/wordpress\/weihnachtsbasteln-mit-dem-azv-hof-kreatives-upcycling-mit-den-klassen-6b-7a-und-9b\/#breadcrumb","itemListElement":[{"@type":"ListItem","position":1,"name":"Startseite","item":"https:\/\/www.muensterschule-hof.de\/wordpress\/"},{"@type":"ListItem","position":2,"name":"Weihnachtsbasteln mit dem AZV Hof \u2013 Kreatives Upcycling mit den Klassen 6b, 7a und 9b"}]},{"@type":"WebSite","@id":"https:\/\/www.muensterschule-hof.de\/wordpress\/#website","url":"https:\/\/www.muensterschule-hof.de\/wordpress\/","name":"M\u00fcnsterschule","description":"Deine Mittelschule in Hof","publisher":{"@id":"https:\/\/www.muensterschule-hof.de\/wordpress\/#organization"},"alternateName":"MMS Hof","potentialAction":[{"@type":"SearchAction","target":{"@type":"EntryPoint","urlTemplate":"https:\/\/www.muensterschule-hof.de\/wordpress\/?s={search_term_string}"},"query-input":{"@type":"PropertyValueSpecification","valueRequired":true,"valueName":"search_term_string"}}],"inLanguage":"de"},{"@type":"Organization","@id":"https:\/\/www.muensterschule-hof.de\/wordpress\/#organization","name":"M\u00fcnster-Mittelschule Hof","alternateName":"MMS Hof","url":"https:\/\/www.muensterschule-hof.de\/wordpress\/","logo":{"@type":"ImageObject","inLanguage":"de","@id":"https:\/\/www.muensterschule-hof.de\/wordpress\/#\/schema\/logo\/image\/","url":"https:\/\/www.muensterschule-hof.de\/wordpress\/wp-content\/uploads\/2018\/05\/cropped-MMS-Hof-final-1.png","contentUrl":"https:\/\/www.muensterschule-hof.de\/wordpress\/wp-content\/uploads\/2018\/05\/cropped-MMS-Hof-final-1.png","width":512,"height":512,"caption":"M\u00fcnster-Mittelschule Hof"},"image":{"@id":"https:\/\/www.muensterschule-hof.de\/wordpress\/#\/schema\/logo\/image\/"}},{"@type":"Person","@id":"https:\/\/www.muensterschule-hof.de\/wordpress\/#\/schema\/person\/de58534e4cef400557500dff7aaa25b0","name":"wpadmin","image":{"@type":"ImageObject","inLanguage":"de","@id":"https:\/\/secure.gravatar.com\/avatar\/d9cd22045d4ad9ac54235e981c866f9317666429d45f49a3dc409314ab7be359?s=96&d=mm&r=g","url":"https:\/\/secure.gravatar.com\/avatar\/d9cd22045d4ad9ac54235e981c866f9317666429d45f49a3dc409314ab7be359?s=96&d=mm&r=g","contentUrl":"https:\/\/secure.gravatar.com\/avatar\/d9cd22045d4ad9ac54235e981c866f9317666429d45f49a3dc409314ab7be359?s=96&d=mm&r=g","caption":"wpadmin"},"url":"https:\/\/www.muensterschule-hof.de\/wordpress\/author\/wpadmin\/"}]}},"_links":{"self":[{"href":"https:\/\/www.muensterschule-hof.de\/wordpress\/wp-json\/wp\/v2\/posts\/3706","targetHints":{"allow":["GET"]}}],"collection":[{"href":"https:\/\/www.muensterschule-hof.de\/wordpress\/wp-json\/wp\/v2\/posts"}],"about":[{"href":"https:\/\/www.muensterschule-hof.de\/wordpress\/wp-json\/wp\/v2\/types\/post"}],"author":[{"embeddable":true,"href":"https:\/\/www.muensterschule-hof.de\/wordpress\/wp-json\/wp\/v2\/users\/1"}],"replies":[{"embeddable":true,"href":"https:\/\/www.muensterschule-hof.de\/wordpress\/wp-json\/wp\/v2\/comments?post=3706"}],"version-history":[{"count":2,"href":"https:\/\/www.muensterschule-hof.de\/wordpress\/wp-json\/wp\/v2\/posts\/3706\/revisions"}],"predecessor-version":[{"id":3711,"href":"https:\/\/www.muensterschule-hof.de\/wordpress\/wp-json\/wp\/v2\/posts\/3706\/revisions\/3711"}],"wp:featuredmedia":[{"embeddable":true,"href":"https:\/\/www.muensterschule-hof.de\/wordpress\/wp-json\/wp\/v2\/media\/3707"}],"wp:attachment":[{"href":"https:\/\/www.muensterschule-hof.de\/wordpress\/wp-json\/wp\/v2\/media?parent=3706"}],"wp:term":[{"taxonomy":"category","embeddable":true,"href":"https:\/\/www.muensterschule-hof.de\/wordpress\/wp-json\/wp\/v2\/categories?post=3706"},{"taxonomy":"post_tag","embeddable":true,"href":"https:\/\/www.muensterschule-hof.de\/wordpress\/wp-json\/wp\/v2\/tags?post=3706"}],"curies":[{"name":"wp","href":"https:\/\/api.w.org\/{rel}","templated":true}]}}