{"id":3750,"date":"2025-01-28T18:48:38","date_gmt":"2025-01-28T18:48:38","guid":{"rendered":"https:\/\/www.muensterschule-hof.de\/wordpress\/?p=3750"},"modified":"2025-01-28T18:50:38","modified_gmt":"2025-01-28T18:50:38","slug":"ehrenamt-im-fokus-besuch-von-herrn-sebastian-ott","status":"publish","type":"post","link":"https:\/\/www.muensterschule-hof.de\/wordpress\/ehrenamt-im-fokus-besuch-von-herrn-sebastian-ott\/","title":{"rendered":"Ehrenamt im Fokus \u2013 Besuch von Herrn Sebastian Ott"},"content":{"rendered":"\n<p>Im Ethik-Unterricht der Klassen 9a, 9b und 9cM begr\u00fc\u00dften wir Herrn Sebastian Ott, Ehrenamtsbeauftragter der Stadt Hof. Mit spannenden Einblicken zeigte er, wie wichtig ehrenamtliches Engagement f\u00fcr unsere Gesellschaft ist und welche vielf\u00e4ltigen M\u00f6glichkeiten es gibt, sich in Hof einzubringen. Besonders betonte er die Rolle von Vereinen, die eine zentrale Plattform f\u00fcr Engagement und Gemeinschaft bieten.<\/p>\n\n\n\n<p>Herr Ott motivierte die Sch\u00fclerinnen und Sch\u00fcler selbst aktiv zu werden. <\/p>\n\n\n\n<p>Ein herzliches Dankesch\u00f6n an Herrn Ott f\u00fcr diesen inspirierenden Besuch! Weitere Infos gibt es auf der <a href=\"https:\/\/www.hof.de\/rathaus-service\/rathaus\/ehrenamt\">Webseite der Stadt Hof<\/a>.<\/p>\n\n\n\n<p><\/p>\n","protected":false},"excerpt":{"rendered":"<p>Im Ethik-Unterricht der Klassen 9a, 9b und 9cM begr\u00fc\u00dften wir Herrn Sebastian Ott, Ehrenamtsbeauftragter der Stadt Hof. Mit spannenden Einblicken zeigte er, wie wichtig ehrenamtliches Engagement f\u00fcr unsere Gesellschaft ist und welche vielf\u00e4ltigen M\u00f6glichkeiten es gibt, sich in Hof einzubringen. Besonders betonte er die Rolle von Vereinen, die eine zentrale Plattform f\u00fcr Engagement und Gemeinschaft&hellip;&nbsp;<a href=\"https:\/\/www.muensterschule-hof.de\/wordpress\/ehrenamt-im-fokus-besuch-von-herrn-sebastian-ott\/\" rel=\"bookmark\">Weiterlesen &raquo;<span class=\"screen-reader-text\">Ehrenamt im Fokus \u2013 Besuch von Herrn Sebastian Ott<\/span><\/a><\/p>\n","protected":false},"author":1,"featured_media":3751,"comment_status":"closed","ping_status":"closed","sticky":false,"template":"","format":"standard","meta":{"neve_meta_sidebar":"","neve_meta_container":"","neve_meta_enable_content_width":"","neve_meta_content_width":0,"neve_meta_title_alignment":"","neve_meta_author_avatar":"","neve_post_elements_order":"","neve_meta_disable_header":"","neve_meta_disable_footer":"","neve_meta_disable_title":"","footnotes":""},"categories":[50],"tags":[185,184],"class_list":["post-3750","post","type-post","status-publish","format-standard","has-post-thumbnail","hentry","category-aktuelles","tag-ehrenamt","tag-ehtik"],"yoast_head":"<!-- This site is optimized with the Yoast SEO plugin v27.5 - https:\/\/yoast.com\/product\/yoast-seo-wordpress\/ -->\n<title>Ehrenamt im Fokus \u2013 Besuch von Herrn Sebastian Ott - M\u00fcnsterschule<\/title>\n<meta name=\"robots\" content=\"index, follow, max-snippet:-1, max-image-preview:large, max-video-preview:-1\" \/>\n<link rel=\"canonical\" href=\"https:\/\/www.muensterschule-hof.de\/wordpress\/ehrenamt-im-fokus-besuch-von-herrn-sebastian-ott\/\" \/>\n<meta property=\"og:locale\" content=\"de_DE\" \/>\n<meta property=\"og:type\" content=\"article\" \/>\n<meta property=\"og:title\" content=\"Ehrenamt im Fokus \u2013 Besuch von Herrn Sebastian Ott - M\u00fcnsterschule\" \/>\n<meta property=\"og:description\" content=\"Im Ethik-Unterricht der Klassen 9a, 9b und 9cM begr\u00fc\u00dften wir Herrn Sebastian Ott, Ehrenamtsbeauftragter der Stadt Hof. Mit spannenden Einblicken zeigte er, wie wichtig ehrenamtliches Engagement f\u00fcr unsere Gesellschaft ist und welche vielf\u00e4ltigen M\u00f6glichkeiten es gibt, sich in Hof einzubringen. Besonders betonte er die Rolle von Vereinen, die eine zentrale Plattform f\u00fcr Engagement und Gemeinschaft&hellip;&nbsp;Weiterlesen &raquo;Ehrenamt im Fokus \u2013 Besuch von Herrn Sebastian Ott\" \/>\n<meta property=\"og:url\" content=\"https:\/\/www.muensterschule-hof.de\/wordpress\/ehrenamt-im-fokus-besuch-von-herrn-sebastian-ott\/\" \/>\n<meta property=\"og:site_name\" content=\"M\u00fcnsterschule\" \/>\n<meta property=\"article:published_time\" content=\"2025-01-28T18:48:38+00:00\" \/>\n<meta property=\"article:modified_time\" content=\"2025-01-28T18:50:38+00:00\" \/>\n<meta property=\"og:image\" content=\"https:\/\/www.muensterschule-hof.de\/wordpress\/wp-content\/uploads\/2025\/01\/Bildschirmfoto-2025-01-28-um-21.07.57.png\" \/>\n\t<meta property=\"og:image:width\" content=\"940\" \/>\n\t<meta property=\"og:image:height\" content=\"628\" \/>\n\t<meta property=\"og:image:type\" content=\"image\/png\" \/>\n<meta name=\"author\" content=\"wpadmin\" \/>\n<meta name=\"twitter:card\" content=\"summary_large_image\" \/>\n<meta name=\"twitter:label1\" content=\"Verfasst von\" \/>\n\t<meta name=\"twitter:data1\" content=\"wpadmin\" \/>\n\t<meta name=\"twitter:label2\" content=\"Gesch\u00e4tzte Lesezeit\" \/>\n\t<meta name=\"twitter:data2\" content=\"1\u00a0Minute\" \/>\n<script type=\"application\/ld+json\" class=\"yoast-schema-graph\">{\"@context\":\"https:\\\/\\\/schema.org\",\"@graph\":[{\"@type\":\"Article\",\"@id\":\"https:\\\/\\\/www.muensterschule-hof.de\\\/wordpress\\\/ehrenamt-im-fokus-besuch-von-herrn-sebastian-ott\\\/#article\",\"isPartOf\":{\"@id\":\"https:\\\/\\\/www.muensterschule-hof.de\\\/wordpress\\\/ehrenamt-im-fokus-besuch-von-herrn-sebastian-ott\\\/\"},\"author\":{\"name\":\"wpadmin\",\"@id\":\"https:\\\/\\\/www.muensterschule-hof.de\\\/wordpress\\\/#\\\/schema\\\/person\\\/de58534e4cef400557500dff7aaa25b0\"},\"headline\":\"Ehrenamt im Fokus \u2013 Besuch von Herrn Sebastian Ott\",\"datePublished\":\"2025-01-28T18:48:38+00:00\",\"dateModified\":\"2025-01-28T18:50:38+00:00\",\"mainEntityOfPage\":{\"@id\":\"https:\\\/\\\/www.muensterschule-hof.de\\\/wordpress\\\/ehrenamt-im-fokus-besuch-von-herrn-sebastian-ott\\\/\"},\"wordCount\":104,\"publisher\":{\"@id\":\"https:\\\/\\\/www.muensterschule-hof.de\\\/wordpress\\\/#organization\"},\"image\":{\"@id\":\"https:\\\/\\\/www.muensterschule-hof.de\\\/wordpress\\\/ehrenamt-im-fokus-besuch-von-herrn-sebastian-ott\\\/#primaryimage\"},\"thumbnailUrl\":\"https:\\\/\\\/www.muensterschule-hof.de\\\/wordpress\\\/wp-content\\\/uploads\\\/2025\\\/01\\\/Bildschirmfoto-2025-01-28-um-21.07.57.png\",\"keywords\":[\"Ehrenamt\",\"Ehtik\"],\"articleSection\":[\"Aktuelles\"],\"inLanguage\":\"de\"},{\"@type\":\"WebPage\",\"@id\":\"https:\\\/\\\/www.muensterschule-hof.de\\\/wordpress\\\/ehrenamt-im-fokus-besuch-von-herrn-sebastian-ott\\\/\",\"url\":\"https:\\\/\\\/www.muensterschule-hof.de\\\/wordpress\\\/ehrenamt-im-fokus-besuch-von-herrn-sebastian-ott\\\/\",\"name\":\"Ehrenamt im Fokus \u2013 Besuch von Herrn Sebastian Ott - M\u00fcnsterschule\",\"isPartOf\":{\"@id\":\"https:\\\/\\\/www.muensterschule-hof.de\\\/wordpress\\\/#website\"},\"primaryImageOfPage\":{\"@id\":\"https:\\\/\\\/www.muensterschule-hof.de\\\/wordpress\\\/ehrenamt-im-fokus-besuch-von-herrn-sebastian-ott\\\/#primaryimage\"},\"image\":{\"@id\":\"https:\\\/\\\/www.muensterschule-hof.de\\\/wordpress\\\/ehrenamt-im-fokus-besuch-von-herrn-sebastian-ott\\\/#primaryimage\"},\"thumbnailUrl\":\"https:\\\/\\\/www.muensterschule-hof.de\\\/wordpress\\\/wp-content\\\/uploads\\\/2025\\\/01\\\/Bildschirmfoto-2025-01-28-um-21.07.57.png\",\"datePublished\":\"2025-01-28T18:48:38+00:00\",\"dateModified\":\"2025-01-28T18:50:38+00:00\",\"breadcrumb\":{\"@id\":\"https:\\\/\\\/www.muensterschule-hof.de\\\/wordpress\\\/ehrenamt-im-fokus-besuch-von-herrn-sebastian-ott\\\/#breadcrumb\"},\"inLanguage\":\"de\",\"potentialAction\":[{\"@type\":\"ReadAction\",\"target\":[\"https:\\\/\\\/www.muensterschule-hof.de\\\/wordpress\\\/ehrenamt-im-fokus-besuch-von-herrn-sebastian-ott\\\/\"]}]},{\"@type\":\"ImageObject\",\"inLanguage\":\"de\",\"@id\":\"https:\\\/\\\/www.muensterschule-hof.de\\\/wordpress\\\/ehrenamt-im-fokus-besuch-von-herrn-sebastian-ott\\\/#primaryimage\",\"url\":\"https:\\\/\\\/www.muensterschule-hof.de\\\/wordpress\\\/wp-content\\\/uploads\\\/2025\\\/01\\\/Bildschirmfoto-2025-01-28-um-21.07.57.png\",\"contentUrl\":\"https:\\\/\\\/www.muensterschule-hof.de\\\/wordpress\\\/wp-content\\\/uploads\\\/2025\\\/01\\\/Bildschirmfoto-2025-01-28-um-21.07.57.png\",\"width\":940,\"height\":628},{\"@type\":\"BreadcrumbList\",\"@id\":\"https:\\\/\\\/www.muensterschule-hof.de\\\/wordpress\\\/ehrenamt-im-fokus-besuch-von-herrn-sebastian-ott\\\/#breadcrumb\",\"itemListElement\":[{\"@type\":\"ListItem\",\"position\":1,\"name\":\"Startseite\",\"item\":\"https:\\\/\\\/www.muensterschule-hof.de\\\/wordpress\\\/\"},{\"@type\":\"ListItem\",\"position\":2,\"name\":\"Ehrenamt im Fokus \u2013 Besuch von Herrn Sebastian Ott\"}]},{\"@type\":\"WebSite\",\"@id\":\"https:\\\/\\\/www.muensterschule-hof.de\\\/wordpress\\\/#website\",\"url\":\"https:\\\/\\\/www.muensterschule-hof.de\\\/wordpress\\\/\",\"name\":\"M\u00fcnsterschule\",\"description\":\"Deine Mittelschule in Hof\",\"publisher\":{\"@id\":\"https:\\\/\\\/www.muensterschule-hof.de\\\/wordpress\\\/#organization\"},\"alternateName\":\"MMS Hof\",\"potentialAction\":[{\"@type\":\"SearchAction\",\"target\":{\"@type\":\"EntryPoint\",\"urlTemplate\":\"https:\\\/\\\/www.muensterschule-hof.de\\\/wordpress\\\/?s={search_term_string}\"},\"query-input\":{\"@type\":\"PropertyValueSpecification\",\"valueRequired\":true,\"valueName\":\"search_term_string\"}}],\"inLanguage\":\"de\"},{\"@type\":\"Organization\",\"@id\":\"https:\\\/\\\/www.muensterschule-hof.de\\\/wordpress\\\/#organization\",\"name\":\"M\u00fcnster-Mittelschule Hof\",\"alternateName\":\"MMS Hof\",\"url\":\"https:\\\/\\\/www.muensterschule-hof.de\\\/wordpress\\\/\",\"logo\":{\"@type\":\"ImageObject\",\"inLanguage\":\"de\",\"@id\":\"https:\\\/\\\/www.muensterschule-hof.de\\\/wordpress\\\/#\\\/schema\\\/logo\\\/image\\\/\",\"url\":\"https:\\\/\\\/www.muensterschule-hof.de\\\/wordpress\\\/wp-content\\\/uploads\\\/2018\\\/05\\\/cropped-MMS-Hof-final-1.png\",\"contentUrl\":\"https:\\\/\\\/www.muensterschule-hof.de\\\/wordpress\\\/wp-content\\\/uploads\\\/2018\\\/05\\\/cropped-MMS-Hof-final-1.png\",\"width\":512,\"height\":512,\"caption\":\"M\u00fcnster-Mittelschule Hof\"},\"image\":{\"@id\":\"https:\\\/\\\/www.muensterschule-hof.de\\\/wordpress\\\/#\\\/schema\\\/logo\\\/image\\\/\"}},{\"@type\":\"Person\",\"@id\":\"https:\\\/\\\/www.muensterschule-hof.de\\\/wordpress\\\/#\\\/schema\\\/person\\\/de58534e4cef400557500dff7aaa25b0\",\"name\":\"wpadmin\",\"image\":{\"@type\":\"ImageObject\",\"inLanguage\":\"de\",\"@id\":\"https:\\\/\\\/secure.gravatar.com\\\/avatar\\\/d9cd22045d4ad9ac54235e981c866f9317666429d45f49a3dc409314ab7be359?s=96&d=mm&r=g\",\"url\":\"https:\\\/\\\/secure.gravatar.com\\\/avatar\\\/d9cd22045d4ad9ac54235e981c866f9317666429d45f49a3dc409314ab7be359?s=96&d=mm&r=g\",\"contentUrl\":\"https:\\\/\\\/secure.gravatar.com\\\/avatar\\\/d9cd22045d4ad9ac54235e981c866f9317666429d45f49a3dc409314ab7be359?s=96&d=mm&r=g\",\"caption\":\"wpadmin\"},\"url\":\"https:\\\/\\\/www.muensterschule-hof.de\\\/wordpress\\\/author\\\/wpadmin\\\/\"}]}<\/script>\n<!-- \/ Yoast SEO plugin. -->","yoast_head_json":{"title":"Ehrenamt im Fokus \u2013 Besuch von Herrn Sebastian Ott - M\u00fcnsterschule","robots":{"index":"index","follow":"follow","max-snippet":"max-snippet:-1","max-image-preview":"max-image-preview:large","max-video-preview":"max-video-preview:-1"},"canonical":"https:\/\/www.muensterschule-hof.de\/wordpress\/ehrenamt-im-fokus-besuch-von-herrn-sebastian-ott\/","og_locale":"de_DE","og_type":"article","og_title":"Ehrenamt im Fokus \u2013 Besuch von Herrn Sebastian Ott - M\u00fcnsterschule","og_description":"Im Ethik-Unterricht der Klassen 9a, 9b und 9cM begr\u00fc\u00dften wir Herrn Sebastian Ott, Ehrenamtsbeauftragter der Stadt Hof. Mit spannenden Einblicken zeigte er, wie wichtig ehrenamtliches Engagement f\u00fcr unsere Gesellschaft ist und welche vielf\u00e4ltigen M\u00f6glichkeiten es gibt, sich in Hof einzubringen. Besonders betonte er die Rolle von Vereinen, die eine zentrale Plattform f\u00fcr Engagement und Gemeinschaft&hellip;&nbsp;Weiterlesen &raquo;Ehrenamt im Fokus \u2013 Besuch von Herrn Sebastian Ott","og_url":"https:\/\/www.muensterschule-hof.de\/wordpress\/ehrenamt-im-fokus-besuch-von-herrn-sebastian-ott\/","og_site_name":"M\u00fcnsterschule","article_published_time":"2025-01-28T18:48:38+00:00","article_modified_time":"2025-01-28T18:50:38+00:00","og_image":[{"width":940,"height":628,"url":"https:\/\/www.muensterschule-hof.de\/wordpress\/wp-content\/uploads\/2025\/01\/Bildschirmfoto-2025-01-28-um-21.07.57.png","type":"image\/png"}],"author":"wpadmin","twitter_card":"summary_large_image","twitter_misc":{"Verfasst von":"wpadmin","Gesch\u00e4tzte Lesezeit":"1\u00a0Minute"},"schema":{"@context":"https:\/\/schema.org","@graph":[{"@type":"Article","@id":"https:\/\/www.muensterschule-hof.de\/wordpress\/ehrenamt-im-fokus-besuch-von-herrn-sebastian-ott\/#article","isPartOf":{"@id":"https:\/\/www.muensterschule-hof.de\/wordpress\/ehrenamt-im-fokus-besuch-von-herrn-sebastian-ott\/"},"author":{"name":"wpadmin","@id":"https:\/\/www.muensterschule-hof.de\/wordpress\/#\/schema\/person\/de58534e4cef400557500dff7aaa25b0"},"headline":"Ehrenamt im Fokus \u2013 Besuch von Herrn Sebastian Ott","datePublished":"2025-01-28T18:48:38+00:00","dateModified":"2025-01-28T18:50:38+00:00","mainEntityOfPage":{"@id":"https:\/\/www.muensterschule-hof.de\/wordpress\/ehrenamt-im-fokus-besuch-von-herrn-sebastian-ott\/"},"wordCount":104,"publisher":{"@id":"https:\/\/www.muensterschule-hof.de\/wordpress\/#organization"},"image":{"@id":"https:\/\/www.muensterschule-hof.de\/wordpress\/ehrenamt-im-fokus-besuch-von-herrn-sebastian-ott\/#primaryimage"},"thumbnailUrl":"https:\/\/www.muensterschule-hof.de\/wordpress\/wp-content\/uploads\/2025\/01\/Bildschirmfoto-2025-01-28-um-21.07.57.png","keywords":["Ehrenamt","Ehtik"],"articleSection":["Aktuelles"],"inLanguage":"de"},{"@type":"WebPage","@id":"https:\/\/www.muensterschule-hof.de\/wordpress\/ehrenamt-im-fokus-besuch-von-herrn-sebastian-ott\/","url":"https:\/\/www.muensterschule-hof.de\/wordpress\/ehrenamt-im-fokus-besuch-von-herrn-sebastian-ott\/","name":"Ehrenamt im Fokus \u2013 Besuch von Herrn Sebastian Ott - M\u00fcnsterschule","isPartOf":{"@id":"https:\/\/www.muensterschule-hof.de\/wordpress\/#website"},"primaryImageOfPage":{"@id":"https:\/\/www.muensterschule-hof.de\/wordpress\/ehrenamt-im-fokus-besuch-von-herrn-sebastian-ott\/#primaryimage"},"image":{"@id":"https:\/\/www.muensterschule-hof.de\/wordpress\/ehrenamt-im-fokus-besuch-von-herrn-sebastian-ott\/#primaryimage"},"thumbnailUrl":"https:\/\/www.muensterschule-hof.de\/wordpress\/wp-content\/uploads\/2025\/01\/Bildschirmfoto-2025-01-28-um-21.07.57.png","datePublished":"2025-01-28T18:48:38+00:00","dateModified":"2025-01-28T18:50:38+00:00","breadcrumb":{"@id":"https:\/\/www.muensterschule-hof.de\/wordpress\/ehrenamt-im-fokus-besuch-von-herrn-sebastian-ott\/#breadcrumb"},"inLanguage":"de","potentialAction":[{"@type":"ReadAction","target":["https:\/\/www.muensterschule-hof.de\/wordpress\/ehrenamt-im-fokus-besuch-von-herrn-sebastian-ott\/"]}]},{"@type":"ImageObject","inLanguage":"de","@id":"https:\/\/www.muensterschule-hof.de\/wordpress\/ehrenamt-im-fokus-besuch-von-herrn-sebastian-ott\/#primaryimage","url":"https:\/\/www.muensterschule-hof.de\/wordpress\/wp-content\/uploads\/2025\/01\/Bildschirmfoto-2025-01-28-um-21.07.57.png","contentUrl":"https:\/\/www.muensterschule-hof.de\/wordpress\/wp-content\/uploads\/2025\/01\/Bildschirmfoto-2025-01-28-um-21.07.57.png","width":940,"height":628},{"@type":"BreadcrumbList","@id":"https:\/\/www.muensterschule-hof.de\/wordpress\/ehrenamt-im-fokus-besuch-von-herrn-sebastian-ott\/#breadcrumb","itemListElement":[{"@type":"ListItem","position":1,"name":"Startseite","item":"https:\/\/www.muensterschule-hof.de\/wordpress\/"},{"@type":"ListItem","position":2,"name":"Ehrenamt im Fokus \u2013 Besuch von Herrn Sebastian Ott"}]},{"@type":"WebSite","@id":"https:\/\/www.muensterschule-hof.de\/wordpress\/#website","url":"https:\/\/www.muensterschule-hof.de\/wordpress\/","name":"M\u00fcnsterschule","description":"Deine Mittelschule in Hof","publisher":{"@id":"https:\/\/www.muensterschule-hof.de\/wordpress\/#organization"},"alternateName":"MMS Hof","potentialAction":[{"@type":"SearchAction","target":{"@type":"EntryPoint","urlTemplate":"https:\/\/www.muensterschule-hof.de\/wordpress\/?s={search_term_string}"},"query-input":{"@type":"PropertyValueSpecification","valueRequired":true,"valueName":"search_term_string"}}],"inLanguage":"de"},{"@type":"Organization","@id":"https:\/\/www.muensterschule-hof.de\/wordpress\/#organization","name":"M\u00fcnster-Mittelschule Hof","alternateName":"MMS Hof","url":"https:\/\/www.muensterschule-hof.de\/wordpress\/","logo":{"@type":"ImageObject","inLanguage":"de","@id":"https:\/\/www.muensterschule-hof.de\/wordpress\/#\/schema\/logo\/image\/","url":"https:\/\/www.muensterschule-hof.de\/wordpress\/wp-content\/uploads\/2018\/05\/cropped-MMS-Hof-final-1.png","contentUrl":"https:\/\/www.muensterschule-hof.de\/wordpress\/wp-content\/uploads\/2018\/05\/cropped-MMS-Hof-final-1.png","width":512,"height":512,"caption":"M\u00fcnster-Mittelschule Hof"},"image":{"@id":"https:\/\/www.muensterschule-hof.de\/wordpress\/#\/schema\/logo\/image\/"}},{"@type":"Person","@id":"https:\/\/www.muensterschule-hof.de\/wordpress\/#\/schema\/person\/de58534e4cef400557500dff7aaa25b0","name":"wpadmin","image":{"@type":"ImageObject","inLanguage":"de","@id":"https:\/\/secure.gravatar.com\/avatar\/d9cd22045d4ad9ac54235e981c866f9317666429d45f49a3dc409314ab7be359?s=96&d=mm&r=g","url":"https:\/\/secure.gravatar.com\/avatar\/d9cd22045d4ad9ac54235e981c866f9317666429d45f49a3dc409314ab7be359?s=96&d=mm&r=g","contentUrl":"https:\/\/secure.gravatar.com\/avatar\/d9cd22045d4ad9ac54235e981c866f9317666429d45f49a3dc409314ab7be359?s=96&d=mm&r=g","caption":"wpadmin"},"url":"https:\/\/www.muensterschule-hof.de\/wordpress\/author\/wpadmin\/"}]}},"_links":{"self":[{"href":"https:\/\/www.muensterschule-hof.de\/wordpress\/wp-json\/wp\/v2\/posts\/3750","targetHints":{"allow":["GET"]}}],"collection":[{"href":"https:\/\/www.muensterschule-hof.de\/wordpress\/wp-json\/wp\/v2\/posts"}],"about":[{"href":"https:\/\/www.muensterschule-hof.de\/wordpress\/wp-json\/wp\/v2\/types\/post"}],"author":[{"embeddable":true,"href":"https:\/\/www.muensterschule-hof.de\/wordpress\/wp-json\/wp\/v2\/users\/1"}],"replies":[{"embeddable":true,"href":"https:\/\/www.muensterschule-hof.de\/wordpress\/wp-json\/wp\/v2\/comments?post=3750"}],"version-history":[{"count":2,"href":"https:\/\/www.muensterschule-hof.de\/wordpress\/wp-json\/wp\/v2\/posts\/3750\/revisions"}],"predecessor-version":[{"id":3753,"href":"https:\/\/www.muensterschule-hof.de\/wordpress\/wp-json\/wp\/v2\/posts\/3750\/revisions\/3753"}],"wp:featuredmedia":[{"embeddable":true,"href":"https:\/\/www.muensterschule-hof.de\/wordpress\/wp-json\/wp\/v2\/media\/3751"}],"wp:attachment":[{"href":"https:\/\/www.muensterschule-hof.de\/wordpress\/wp-json\/wp\/v2\/media?parent=3750"}],"wp:term":[{"taxonomy":"category","embeddable":true,"href":"https:\/\/www.muensterschule-hof.de\/wordpress\/wp-json\/wp\/v2\/categories?post=3750"},{"taxonomy":"post_tag","embeddable":true,"href":"https:\/\/www.muensterschule-hof.de\/wordpress\/wp-json\/wp\/v2\/tags?post=3750"}],"curies":[{"name":"wp","href":"https:\/\/api.w.org\/{rel}","templated":true}]}}