{"id":3828,"date":"2025-03-18T12:18:43","date_gmt":"2025-03-18T12:18:43","guid":{"rendered":"https:\/\/www.muensterschule-hof.de\/wordpress\/?p=3828"},"modified":"2025-03-18T12:18:44","modified_gmt":"2025-03-18T12:18:44","slug":"voelkerballturnier-wer-holte-sich-den-sieg","status":"publish","type":"post","link":"https:\/\/www.muensterschule-hof.de\/wordpress\/voelkerballturnier-wer-holte-sich-den-sieg\/","title":{"rendered":"V\u00f6lkerballturnier: Wer holte sich den Sieg?"},"content":{"rendered":"\n<p>Am 27. Februar fand unser gro\u00dfes V\u00f6lkerballturnier statt \u2013 und es war ein voller Erfolg! Mit gro\u00dfem Einsatz, Teamgeist und jeder Menge Spa\u00df k\u00e4mpften die Klassen um den Sieg in ihren Jahrgangsstufen.<\/p>\n\n\n\n<p><strong>Die Gewinnerklassen:<\/strong><br>5. Klassen: <strong>5b<\/strong><br>6. Klassen: <strong>6a<\/strong><br>7. Klassen: <strong>7b<\/strong><br>8. Klassen &amp; DK: <strong>8a<\/strong><br>9. &amp; 10. Klassen: <strong>9a<\/strong><\/p>\n\n\n\n<p>Besonders spannend: Die Siegerklassen werden eine Mannschaft stellen, die in einem finalen Duell gegen die Lehrer antreten darf! Wir sind gespannt, wer sich am Ende durchsetzen wird \u2013 Sch\u00fcler oder Lehrer? <\/p>\n\n\n\n<p>Ein gro\u00dfes Dankesch\u00f6n an alle Teilnehmer und Organisatoren f\u00fcr dieses tolle Turnier! <\/p>\n\n\n\n<p>Bild von <a href=\"https:\/\/pixabay.com\/de\/users\/publicdomainpictures-14\/?utm_source=link-attribution&amp;utm_medium=referral&amp;utm_campaign=image&amp;utm_content=313429\">PublicDomainPictures<\/a> auf <a href=\"https:\/\/pixabay.com\/de\/\/?utm_source=link-attribution&amp;utm_medium=referral&amp;utm_campaign=image&amp;utm_content=313429\">Pixabay<\/a><\/p>\n","protected":false},"excerpt":{"rendered":"<p>Am 27. Februar fand unser gro\u00dfes V\u00f6lkerballturnier statt \u2013 und es war ein voller Erfolg! Mit gro\u00dfem Einsatz, Teamgeist und jeder Menge Spa\u00df k\u00e4mpften die Klassen um den Sieg in ihren Jahrgangsstufen. Die Gewinnerklassen:5. Klassen: 5b6. Klassen: 6a7. Klassen: 7b8. Klassen &amp; DK: 8a9. &amp; 10. Klassen: 9a Besonders spannend: Die Siegerklassen werden eine Mannschaft&hellip;&nbsp;<a href=\"https:\/\/www.muensterschule-hof.de\/wordpress\/voelkerballturnier-wer-holte-sich-den-sieg\/\" rel=\"bookmark\">Weiterlesen &raquo;<span class=\"screen-reader-text\">V\u00f6lkerballturnier: Wer holte sich den Sieg?<\/span><\/a><\/p>\n","protected":false},"author":1,"featured_media":3829,"comment_status":"closed","ping_status":"closed","sticky":false,"template":"","format":"standard","meta":{"neve_meta_sidebar":"","neve_meta_container":"","neve_meta_enable_content_width":"","neve_meta_content_width":0,"neve_meta_title_alignment":"","neve_meta_author_avatar":"","neve_post_elements_order":"","neve_meta_disable_header":"","neve_meta_disable_footer":"","neve_meta_disable_title":"","footnotes":""},"categories":[50],"tags":[141],"class_list":["post-3828","post","type-post","status-publish","format-standard","has-post-thumbnail","hentry","category-aktuelles","tag-sport"],"yoast_head":"<!-- This site is optimized with the Yoast SEO plugin v27.4 - https:\/\/yoast.com\/product\/yoast-seo-wordpress\/ -->\n<title>V\u00f6lkerballturnier: Wer holte sich den Sieg? - M\u00fcnsterschule<\/title>\n<meta name=\"robots\" content=\"index, follow, max-snippet:-1, max-image-preview:large, max-video-preview:-1\" \/>\n<link rel=\"canonical\" href=\"https:\/\/www.muensterschule-hof.de\/wordpress\/voelkerballturnier-wer-holte-sich-den-sieg\/\" \/>\n<meta property=\"og:locale\" content=\"de_DE\" \/>\n<meta property=\"og:type\" content=\"article\" \/>\n<meta property=\"og:title\" content=\"V\u00f6lkerballturnier: Wer holte sich den Sieg? - M\u00fcnsterschule\" \/>\n<meta property=\"og:description\" content=\"Am 27. Februar fand unser gro\u00dfes V\u00f6lkerballturnier statt \u2013 und es war ein voller Erfolg! Mit gro\u00dfem Einsatz, Teamgeist und jeder Menge Spa\u00df k\u00e4mpften die Klassen um den Sieg in ihren Jahrgangsstufen. Die Gewinnerklassen:5. Klassen: 5b6. Klassen: 6a7. Klassen: 7b8. Klassen &amp; DK: 8a9. &amp; 10. Klassen: 9a Besonders spannend: Die Siegerklassen werden eine Mannschaft&hellip;&nbsp;Weiterlesen &raquo;V\u00f6lkerballturnier: Wer holte sich den Sieg?\" \/>\n<meta property=\"og:url\" content=\"https:\/\/www.muensterschule-hof.de\/wordpress\/voelkerballturnier-wer-holte-sich-den-sieg\/\" \/>\n<meta property=\"og:site_name\" content=\"M\u00fcnsterschule\" \/>\n<meta property=\"article:published_time\" content=\"2025-03-18T12:18:43+00:00\" \/>\n<meta property=\"article:modified_time\" content=\"2025-03-18T12:18:44+00:00\" \/>\n<meta property=\"og:image\" content=\"https:\/\/www.muensterschule-hof.de\/wordpress\/wp-content\/uploads\/2025\/03\/IMG_0534.jpeg\" \/>\n\t<meta property=\"og:image:width\" content=\"1189\" \/>\n\t<meta property=\"og:image:height\" content=\"791\" \/>\n\t<meta property=\"og:image:type\" content=\"image\/jpeg\" \/>\n<meta name=\"author\" content=\"wpadmin\" \/>\n<meta name=\"twitter:card\" content=\"summary_large_image\" \/>\n<meta name=\"twitter:label1\" content=\"Verfasst von\" \/>\n\t<meta name=\"twitter:data1\" content=\"wpadmin\" \/>\n\t<meta name=\"twitter:label2\" content=\"Gesch\u00e4tzte Lesezeit\" \/>\n\t<meta name=\"twitter:data2\" content=\"1\u00a0Minute\" \/>\n<script type=\"application\/ld+json\" class=\"yoast-schema-graph\">{\"@context\":\"https:\\\/\\\/schema.org\",\"@graph\":[{\"@type\":\"Article\",\"@id\":\"https:\\\/\\\/www.muensterschule-hof.de\\\/wordpress\\\/voelkerballturnier-wer-holte-sich-den-sieg\\\/#article\",\"isPartOf\":{\"@id\":\"https:\\\/\\\/www.muensterschule-hof.de\\\/wordpress\\\/voelkerballturnier-wer-holte-sich-den-sieg\\\/\"},\"author\":{\"name\":\"wpadmin\",\"@id\":\"https:\\\/\\\/www.muensterschule-hof.de\\\/wordpress\\\/#\\\/schema\\\/person\\\/de58534e4cef400557500dff7aaa25b0\"},\"headline\":\"V\u00f6lkerballturnier: Wer holte sich den Sieg?\",\"datePublished\":\"2025-03-18T12:18:43+00:00\",\"dateModified\":\"2025-03-18T12:18:44+00:00\",\"mainEntityOfPage\":{\"@id\":\"https:\\\/\\\/www.muensterschule-hof.de\\\/wordpress\\\/voelkerballturnier-wer-holte-sich-den-sieg\\\/\"},\"wordCount\":107,\"publisher\":{\"@id\":\"https:\\\/\\\/www.muensterschule-hof.de\\\/wordpress\\\/#organization\"},\"image\":{\"@id\":\"https:\\\/\\\/www.muensterschule-hof.de\\\/wordpress\\\/voelkerballturnier-wer-holte-sich-den-sieg\\\/#primaryimage\"},\"thumbnailUrl\":\"https:\\\/\\\/www.muensterschule-hof.de\\\/wordpress\\\/wp-content\\\/uploads\\\/2025\\\/03\\\/IMG_0534.jpeg\",\"keywords\":[\"Sport\"],\"articleSection\":[\"Aktuelles\"],\"inLanguage\":\"de\"},{\"@type\":\"WebPage\",\"@id\":\"https:\\\/\\\/www.muensterschule-hof.de\\\/wordpress\\\/voelkerballturnier-wer-holte-sich-den-sieg\\\/\",\"url\":\"https:\\\/\\\/www.muensterschule-hof.de\\\/wordpress\\\/voelkerballturnier-wer-holte-sich-den-sieg\\\/\",\"name\":\"V\u00f6lkerballturnier: Wer holte sich den Sieg? - M\u00fcnsterschule\",\"isPartOf\":{\"@id\":\"https:\\\/\\\/www.muensterschule-hof.de\\\/wordpress\\\/#website\"},\"primaryImageOfPage\":{\"@id\":\"https:\\\/\\\/www.muensterschule-hof.de\\\/wordpress\\\/voelkerballturnier-wer-holte-sich-den-sieg\\\/#primaryimage\"},\"image\":{\"@id\":\"https:\\\/\\\/www.muensterschule-hof.de\\\/wordpress\\\/voelkerballturnier-wer-holte-sich-den-sieg\\\/#primaryimage\"},\"thumbnailUrl\":\"https:\\\/\\\/www.muensterschule-hof.de\\\/wordpress\\\/wp-content\\\/uploads\\\/2025\\\/03\\\/IMG_0534.jpeg\",\"datePublished\":\"2025-03-18T12:18:43+00:00\",\"dateModified\":\"2025-03-18T12:18:44+00:00\",\"breadcrumb\":{\"@id\":\"https:\\\/\\\/www.muensterschule-hof.de\\\/wordpress\\\/voelkerballturnier-wer-holte-sich-den-sieg\\\/#breadcrumb\"},\"inLanguage\":\"de\",\"potentialAction\":[{\"@type\":\"ReadAction\",\"target\":[\"https:\\\/\\\/www.muensterschule-hof.de\\\/wordpress\\\/voelkerballturnier-wer-holte-sich-den-sieg\\\/\"]}]},{\"@type\":\"ImageObject\",\"inLanguage\":\"de\",\"@id\":\"https:\\\/\\\/www.muensterschule-hof.de\\\/wordpress\\\/voelkerballturnier-wer-holte-sich-den-sieg\\\/#primaryimage\",\"url\":\"https:\\\/\\\/www.muensterschule-hof.de\\\/wordpress\\\/wp-content\\\/uploads\\\/2025\\\/03\\\/IMG_0534.jpeg\",\"contentUrl\":\"https:\\\/\\\/www.muensterschule-hof.de\\\/wordpress\\\/wp-content\\\/uploads\\\/2025\\\/03\\\/IMG_0534.jpeg\",\"width\":1189,\"height\":791},{\"@type\":\"BreadcrumbList\",\"@id\":\"https:\\\/\\\/www.muensterschule-hof.de\\\/wordpress\\\/voelkerballturnier-wer-holte-sich-den-sieg\\\/#breadcrumb\",\"itemListElement\":[{\"@type\":\"ListItem\",\"position\":1,\"name\":\"Startseite\",\"item\":\"https:\\\/\\\/www.muensterschule-hof.de\\\/wordpress\\\/\"},{\"@type\":\"ListItem\",\"position\":2,\"name\":\"V\u00f6lkerballturnier: Wer holte sich den Sieg?\"}]},{\"@type\":\"WebSite\",\"@id\":\"https:\\\/\\\/www.muensterschule-hof.de\\\/wordpress\\\/#website\",\"url\":\"https:\\\/\\\/www.muensterschule-hof.de\\\/wordpress\\\/\",\"name\":\"M\u00fcnsterschule\",\"description\":\"Deine Mittelschule in Hof\",\"publisher\":{\"@id\":\"https:\\\/\\\/www.muensterschule-hof.de\\\/wordpress\\\/#organization\"},\"alternateName\":\"MMS Hof\",\"potentialAction\":[{\"@type\":\"SearchAction\",\"target\":{\"@type\":\"EntryPoint\",\"urlTemplate\":\"https:\\\/\\\/www.muensterschule-hof.de\\\/wordpress\\\/?s={search_term_string}\"},\"query-input\":{\"@type\":\"PropertyValueSpecification\",\"valueRequired\":true,\"valueName\":\"search_term_string\"}}],\"inLanguage\":\"de\"},{\"@type\":\"Organization\",\"@id\":\"https:\\\/\\\/www.muensterschule-hof.de\\\/wordpress\\\/#organization\",\"name\":\"M\u00fcnster-Mittelschule Hof\",\"alternateName\":\"MMS Hof\",\"url\":\"https:\\\/\\\/www.muensterschule-hof.de\\\/wordpress\\\/\",\"logo\":{\"@type\":\"ImageObject\",\"inLanguage\":\"de\",\"@id\":\"https:\\\/\\\/www.muensterschule-hof.de\\\/wordpress\\\/#\\\/schema\\\/logo\\\/image\\\/\",\"url\":\"https:\\\/\\\/www.muensterschule-hof.de\\\/wordpress\\\/wp-content\\\/uploads\\\/2018\\\/05\\\/cropped-MMS-Hof-final-1.png\",\"contentUrl\":\"https:\\\/\\\/www.muensterschule-hof.de\\\/wordpress\\\/wp-content\\\/uploads\\\/2018\\\/05\\\/cropped-MMS-Hof-final-1.png\",\"width\":512,\"height\":512,\"caption\":\"M\u00fcnster-Mittelschule Hof\"},\"image\":{\"@id\":\"https:\\\/\\\/www.muensterschule-hof.de\\\/wordpress\\\/#\\\/schema\\\/logo\\\/image\\\/\"}},{\"@type\":\"Person\",\"@id\":\"https:\\\/\\\/www.muensterschule-hof.de\\\/wordpress\\\/#\\\/schema\\\/person\\\/de58534e4cef400557500dff7aaa25b0\",\"name\":\"wpadmin\",\"image\":{\"@type\":\"ImageObject\",\"inLanguage\":\"de\",\"@id\":\"https:\\\/\\\/secure.gravatar.com\\\/avatar\\\/d9cd22045d4ad9ac54235e981c866f9317666429d45f49a3dc409314ab7be359?s=96&d=mm&r=g\",\"url\":\"https:\\\/\\\/secure.gravatar.com\\\/avatar\\\/d9cd22045d4ad9ac54235e981c866f9317666429d45f49a3dc409314ab7be359?s=96&d=mm&r=g\",\"contentUrl\":\"https:\\\/\\\/secure.gravatar.com\\\/avatar\\\/d9cd22045d4ad9ac54235e981c866f9317666429d45f49a3dc409314ab7be359?s=96&d=mm&r=g\",\"caption\":\"wpadmin\"},\"url\":\"https:\\\/\\\/www.muensterschule-hof.de\\\/wordpress\\\/author\\\/wpadmin\\\/\"}]}<\/script>\n<!-- \/ Yoast SEO plugin. -->","yoast_head_json":{"title":"V\u00f6lkerballturnier: Wer holte sich den Sieg? - M\u00fcnsterschule","robots":{"index":"index","follow":"follow","max-snippet":"max-snippet:-1","max-image-preview":"max-image-preview:large","max-video-preview":"max-video-preview:-1"},"canonical":"https:\/\/www.muensterschule-hof.de\/wordpress\/voelkerballturnier-wer-holte-sich-den-sieg\/","og_locale":"de_DE","og_type":"article","og_title":"V\u00f6lkerballturnier: Wer holte sich den Sieg? - M\u00fcnsterschule","og_description":"Am 27. Februar fand unser gro\u00dfes V\u00f6lkerballturnier statt \u2013 und es war ein voller Erfolg! Mit gro\u00dfem Einsatz, Teamgeist und jeder Menge Spa\u00df k\u00e4mpften die Klassen um den Sieg in ihren Jahrgangsstufen. Die Gewinnerklassen:5. Klassen: 5b6. Klassen: 6a7. Klassen: 7b8. Klassen &amp; DK: 8a9. &amp; 10. Klassen: 9a Besonders spannend: Die Siegerklassen werden eine Mannschaft&hellip;&nbsp;Weiterlesen &raquo;V\u00f6lkerballturnier: Wer holte sich den Sieg?","og_url":"https:\/\/www.muensterschule-hof.de\/wordpress\/voelkerballturnier-wer-holte-sich-den-sieg\/","og_site_name":"M\u00fcnsterschule","article_published_time":"2025-03-18T12:18:43+00:00","article_modified_time":"2025-03-18T12:18:44+00:00","og_image":[{"width":1189,"height":791,"url":"https:\/\/www.muensterschule-hof.de\/wordpress\/wp-content\/uploads\/2025\/03\/IMG_0534.jpeg","type":"image\/jpeg"}],"author":"wpadmin","twitter_card":"summary_large_image","twitter_misc":{"Verfasst von":"wpadmin","Gesch\u00e4tzte Lesezeit":"1\u00a0Minute"},"schema":{"@context":"https:\/\/schema.org","@graph":[{"@type":"Article","@id":"https:\/\/www.muensterschule-hof.de\/wordpress\/voelkerballturnier-wer-holte-sich-den-sieg\/#article","isPartOf":{"@id":"https:\/\/www.muensterschule-hof.de\/wordpress\/voelkerballturnier-wer-holte-sich-den-sieg\/"},"author":{"name":"wpadmin","@id":"https:\/\/www.muensterschule-hof.de\/wordpress\/#\/schema\/person\/de58534e4cef400557500dff7aaa25b0"},"headline":"V\u00f6lkerballturnier: Wer holte sich den Sieg?","datePublished":"2025-03-18T12:18:43+00:00","dateModified":"2025-03-18T12:18:44+00:00","mainEntityOfPage":{"@id":"https:\/\/www.muensterschule-hof.de\/wordpress\/voelkerballturnier-wer-holte-sich-den-sieg\/"},"wordCount":107,"publisher":{"@id":"https:\/\/www.muensterschule-hof.de\/wordpress\/#organization"},"image":{"@id":"https:\/\/www.muensterschule-hof.de\/wordpress\/voelkerballturnier-wer-holte-sich-den-sieg\/#primaryimage"},"thumbnailUrl":"https:\/\/www.muensterschule-hof.de\/wordpress\/wp-content\/uploads\/2025\/03\/IMG_0534.jpeg","keywords":["Sport"],"articleSection":["Aktuelles"],"inLanguage":"de"},{"@type":"WebPage","@id":"https:\/\/www.muensterschule-hof.de\/wordpress\/voelkerballturnier-wer-holte-sich-den-sieg\/","url":"https:\/\/www.muensterschule-hof.de\/wordpress\/voelkerballturnier-wer-holte-sich-den-sieg\/","name":"V\u00f6lkerballturnier: Wer holte sich den Sieg? - M\u00fcnsterschule","isPartOf":{"@id":"https:\/\/www.muensterschule-hof.de\/wordpress\/#website"},"primaryImageOfPage":{"@id":"https:\/\/www.muensterschule-hof.de\/wordpress\/voelkerballturnier-wer-holte-sich-den-sieg\/#primaryimage"},"image":{"@id":"https:\/\/www.muensterschule-hof.de\/wordpress\/voelkerballturnier-wer-holte-sich-den-sieg\/#primaryimage"},"thumbnailUrl":"https:\/\/www.muensterschule-hof.de\/wordpress\/wp-content\/uploads\/2025\/03\/IMG_0534.jpeg","datePublished":"2025-03-18T12:18:43+00:00","dateModified":"2025-03-18T12:18:44+00:00","breadcrumb":{"@id":"https:\/\/www.muensterschule-hof.de\/wordpress\/voelkerballturnier-wer-holte-sich-den-sieg\/#breadcrumb"},"inLanguage":"de","potentialAction":[{"@type":"ReadAction","target":["https:\/\/www.muensterschule-hof.de\/wordpress\/voelkerballturnier-wer-holte-sich-den-sieg\/"]}]},{"@type":"ImageObject","inLanguage":"de","@id":"https:\/\/www.muensterschule-hof.de\/wordpress\/voelkerballturnier-wer-holte-sich-den-sieg\/#primaryimage","url":"https:\/\/www.muensterschule-hof.de\/wordpress\/wp-content\/uploads\/2025\/03\/IMG_0534.jpeg","contentUrl":"https:\/\/www.muensterschule-hof.de\/wordpress\/wp-content\/uploads\/2025\/03\/IMG_0534.jpeg","width":1189,"height":791},{"@type":"BreadcrumbList","@id":"https:\/\/www.muensterschule-hof.de\/wordpress\/voelkerballturnier-wer-holte-sich-den-sieg\/#breadcrumb","itemListElement":[{"@type":"ListItem","position":1,"name":"Startseite","item":"https:\/\/www.muensterschule-hof.de\/wordpress\/"},{"@type":"ListItem","position":2,"name":"V\u00f6lkerballturnier: Wer holte sich den Sieg?"}]},{"@type":"WebSite","@id":"https:\/\/www.muensterschule-hof.de\/wordpress\/#website","url":"https:\/\/www.muensterschule-hof.de\/wordpress\/","name":"M\u00fcnsterschule","description":"Deine Mittelschule in Hof","publisher":{"@id":"https:\/\/www.muensterschule-hof.de\/wordpress\/#organization"},"alternateName":"MMS Hof","potentialAction":[{"@type":"SearchAction","target":{"@type":"EntryPoint","urlTemplate":"https:\/\/www.muensterschule-hof.de\/wordpress\/?s={search_term_string}"},"query-input":{"@type":"PropertyValueSpecification","valueRequired":true,"valueName":"search_term_string"}}],"inLanguage":"de"},{"@type":"Organization","@id":"https:\/\/www.muensterschule-hof.de\/wordpress\/#organization","name":"M\u00fcnster-Mittelschule Hof","alternateName":"MMS Hof","url":"https:\/\/www.muensterschule-hof.de\/wordpress\/","logo":{"@type":"ImageObject","inLanguage":"de","@id":"https:\/\/www.muensterschule-hof.de\/wordpress\/#\/schema\/logo\/image\/","url":"https:\/\/www.muensterschule-hof.de\/wordpress\/wp-content\/uploads\/2018\/05\/cropped-MMS-Hof-final-1.png","contentUrl":"https:\/\/www.muensterschule-hof.de\/wordpress\/wp-content\/uploads\/2018\/05\/cropped-MMS-Hof-final-1.png","width":512,"height":512,"caption":"M\u00fcnster-Mittelschule Hof"},"image":{"@id":"https:\/\/www.muensterschule-hof.de\/wordpress\/#\/schema\/logo\/image\/"}},{"@type":"Person","@id":"https:\/\/www.muensterschule-hof.de\/wordpress\/#\/schema\/person\/de58534e4cef400557500dff7aaa25b0","name":"wpadmin","image":{"@type":"ImageObject","inLanguage":"de","@id":"https:\/\/secure.gravatar.com\/avatar\/d9cd22045d4ad9ac54235e981c866f9317666429d45f49a3dc409314ab7be359?s=96&d=mm&r=g","url":"https:\/\/secure.gravatar.com\/avatar\/d9cd22045d4ad9ac54235e981c866f9317666429d45f49a3dc409314ab7be359?s=96&d=mm&r=g","contentUrl":"https:\/\/secure.gravatar.com\/avatar\/d9cd22045d4ad9ac54235e981c866f9317666429d45f49a3dc409314ab7be359?s=96&d=mm&r=g","caption":"wpadmin"},"url":"https:\/\/www.muensterschule-hof.de\/wordpress\/author\/wpadmin\/"}]}},"_links":{"self":[{"href":"https:\/\/www.muensterschule-hof.de\/wordpress\/wp-json\/wp\/v2\/posts\/3828","targetHints":{"allow":["GET"]}}],"collection":[{"href":"https:\/\/www.muensterschule-hof.de\/wordpress\/wp-json\/wp\/v2\/posts"}],"about":[{"href":"https:\/\/www.muensterschule-hof.de\/wordpress\/wp-json\/wp\/v2\/types\/post"}],"author":[{"embeddable":true,"href":"https:\/\/www.muensterschule-hof.de\/wordpress\/wp-json\/wp\/v2\/users\/1"}],"replies":[{"embeddable":true,"href":"https:\/\/www.muensterschule-hof.de\/wordpress\/wp-json\/wp\/v2\/comments?post=3828"}],"version-history":[{"count":2,"href":"https:\/\/www.muensterschule-hof.de\/wordpress\/wp-json\/wp\/v2\/posts\/3828\/revisions"}],"predecessor-version":[{"id":3831,"href":"https:\/\/www.muensterschule-hof.de\/wordpress\/wp-json\/wp\/v2\/posts\/3828\/revisions\/3831"}],"wp:featuredmedia":[{"embeddable":true,"href":"https:\/\/www.muensterschule-hof.de\/wordpress\/wp-json\/wp\/v2\/media\/3829"}],"wp:attachment":[{"href":"https:\/\/www.muensterschule-hof.de\/wordpress\/wp-json\/wp\/v2\/media?parent=3828"}],"wp:term":[{"taxonomy":"category","embeddable":true,"href":"https:\/\/www.muensterschule-hof.de\/wordpress\/wp-json\/wp\/v2\/categories?post=3828"},{"taxonomy":"post_tag","embeddable":true,"href":"https:\/\/www.muensterschule-hof.de\/wordpress\/wp-json\/wp\/v2\/tags?post=3828"}],"curies":[{"name":"wp","href":"https:\/\/api.w.org\/{rel}","templated":true}]}}