{"id":3894,"date":"2025-04-11T10:13:32","date_gmt":"2025-04-11T10:13:32","guid":{"rendered":"https:\/\/www.muensterschule-hof.de\/wordpress\/?p=3894"},"modified":"2025-04-11T10:13:34","modified_gmt":"2025-04-11T10:13:34","slug":"gemeinsam-lernen-fuer-den-ethik-quali-mit-einsatz-zum-erfolg","status":"publish","type":"post","link":"https:\/\/www.muensterschule-hof.de\/wordpress\/gemeinsam-lernen-fuer-den-ethik-quali-mit-einsatz-zum-erfolg\/","title":{"rendered":"Gemeinsam lernen f\u00fcr den Ethik-Quali \u2013 mit Einsatz zum Erfolg"},"content":{"rendered":"\n<p>Am 11. April 2025, dem letzten Schultag vor den Osterferien, war f\u00fcr viele Sch\u00fclerinnen und Sch\u00fcler der 9. Klassen noch lange nicht an Urlaub zu denken. Statt den Start in die Ferien einzul\u00e4uten, trafen sich zahlreiche engagierte Jugendliche freiwillig zum gemeinsamen Lernen f\u00fcr die bevorstehende Ethik-Quali.<\/p>\n\n\n\n<p>So macht Lernen Spa\u00df \u2013 und Erfolg ist dann meist nur noch eine Frage der Zeit.<\/p>\n","protected":false},"excerpt":{"rendered":"<p>Am 11. April 2025, dem letzten Schultag vor den Osterferien, war f\u00fcr viele Sch\u00fclerinnen und Sch\u00fcler der 9. Klassen noch lange nicht an Urlaub zu denken. Statt den Start in die Ferien einzul\u00e4uten, trafen sich zahlreiche engagierte Jugendliche freiwillig zum gemeinsamen Lernen f\u00fcr die bevorstehende Ethik-Quali. So macht Lernen Spa\u00df \u2013 und Erfolg ist dann&hellip;&nbsp;<a href=\"https:\/\/www.muensterschule-hof.de\/wordpress\/gemeinsam-lernen-fuer-den-ethik-quali-mit-einsatz-zum-erfolg\/\" rel=\"bookmark\">Weiterlesen &raquo;<span class=\"screen-reader-text\">Gemeinsam lernen f\u00fcr den Ethik-Quali \u2013 mit Einsatz zum Erfolg<\/span><\/a><\/p>\n","protected":false},"author":1,"featured_media":3895,"comment_status":"closed","ping_status":"closed","sticky":false,"template":"","format":"standard","meta":{"neve_meta_sidebar":"","neve_meta_container":"","neve_meta_enable_content_width":"","neve_meta_content_width":0,"neve_meta_title_alignment":"","neve_meta_author_avatar":"","neve_post_elements_order":"","neve_meta_disable_header":"","neve_meta_disable_footer":"","neve_meta_disable_title":"","footnotes":""},"categories":[1],"tags":[],"class_list":["post-3894","post","type-post","status-publish","format-standard","has-post-thumbnail","hentry","category-uncategorized"],"yoast_head":"<!-- This site is optimized with the Yoast SEO plugin v27.5 - https:\/\/yoast.com\/product\/yoast-seo-wordpress\/ -->\n<title>Gemeinsam lernen f\u00fcr den Ethik-Quali \u2013 mit Einsatz zum Erfolg - M\u00fcnsterschule<\/title>\n<meta name=\"robots\" content=\"index, follow, max-snippet:-1, max-image-preview:large, max-video-preview:-1\" \/>\n<link rel=\"canonical\" href=\"https:\/\/www.muensterschule-hof.de\/wordpress\/gemeinsam-lernen-fuer-den-ethik-quali-mit-einsatz-zum-erfolg\/\" \/>\n<meta property=\"og:locale\" content=\"de_DE\" \/>\n<meta property=\"og:type\" content=\"article\" \/>\n<meta property=\"og:title\" content=\"Gemeinsam lernen f\u00fcr den Ethik-Quali \u2013 mit Einsatz zum Erfolg - M\u00fcnsterschule\" \/>\n<meta property=\"og:description\" content=\"Am 11. April 2025, dem letzten Schultag vor den Osterferien, war f\u00fcr viele Sch\u00fclerinnen und Sch\u00fcler der 9. Klassen noch lange nicht an Urlaub zu denken. Statt den Start in die Ferien einzul\u00e4uten, trafen sich zahlreiche engagierte Jugendliche freiwillig zum gemeinsamen Lernen f\u00fcr die bevorstehende Ethik-Quali. So macht Lernen Spa\u00df \u2013 und Erfolg ist dann&hellip;&nbsp;Weiterlesen &raquo;Gemeinsam lernen f\u00fcr den Ethik-Quali \u2013 mit Einsatz zum Erfolg\" \/>\n<meta property=\"og:url\" content=\"https:\/\/www.muensterschule-hof.de\/wordpress\/gemeinsam-lernen-fuer-den-ethik-quali-mit-einsatz-zum-erfolg\/\" \/>\n<meta property=\"og:site_name\" content=\"M\u00fcnsterschule\" \/>\n<meta property=\"article:published_time\" content=\"2025-04-11T10:13:32+00:00\" \/>\n<meta property=\"article:modified_time\" content=\"2025-04-11T10:13:34+00:00\" \/>\n<meta property=\"og:image\" content=\"https:\/\/www.muensterschule-hof.de\/wordpress\/wp-content\/uploads\/2025\/04\/IMG_0650.jpeg\" \/>\n\t<meta property=\"og:image:width\" content=\"1578\" \/>\n\t<meta property=\"og:image:height\" content=\"930\" \/>\n\t<meta property=\"og:image:type\" content=\"image\/jpeg\" \/>\n<meta name=\"author\" content=\"wpadmin\" \/>\n<meta name=\"twitter:card\" content=\"summary_large_image\" \/>\n<meta name=\"twitter:label1\" content=\"Verfasst von\" \/>\n\t<meta name=\"twitter:data1\" content=\"wpadmin\" \/>\n\t<meta name=\"twitter:label2\" content=\"Gesch\u00e4tzte Lesezeit\" \/>\n\t<meta name=\"twitter:data2\" content=\"1\u00a0Minute\" \/>\n<script type=\"application\/ld+json\" class=\"yoast-schema-graph\">{\"@context\":\"https:\\\/\\\/schema.org\",\"@graph\":[{\"@type\":\"Article\",\"@id\":\"https:\\\/\\\/www.muensterschule-hof.de\\\/wordpress\\\/gemeinsam-lernen-fuer-den-ethik-quali-mit-einsatz-zum-erfolg\\\/#article\",\"isPartOf\":{\"@id\":\"https:\\\/\\\/www.muensterschule-hof.de\\\/wordpress\\\/gemeinsam-lernen-fuer-den-ethik-quali-mit-einsatz-zum-erfolg\\\/\"},\"author\":{\"name\":\"wpadmin\",\"@id\":\"https:\\\/\\\/www.muensterschule-hof.de\\\/wordpress\\\/#\\\/schema\\\/person\\\/de58534e4cef400557500dff7aaa25b0\"},\"headline\":\"Gemeinsam lernen f\u00fcr den Ethik-Quali \u2013 mit Einsatz zum Erfolg\",\"datePublished\":\"2025-04-11T10:13:32+00:00\",\"dateModified\":\"2025-04-11T10:13:34+00:00\",\"mainEntityOfPage\":{\"@id\":\"https:\\\/\\\/www.muensterschule-hof.de\\\/wordpress\\\/gemeinsam-lernen-fuer-den-ethik-quali-mit-einsatz-zum-erfolg\\\/\"},\"wordCount\":73,\"publisher\":{\"@id\":\"https:\\\/\\\/www.muensterschule-hof.de\\\/wordpress\\\/#organization\"},\"image\":{\"@id\":\"https:\\\/\\\/www.muensterschule-hof.de\\\/wordpress\\\/gemeinsam-lernen-fuer-den-ethik-quali-mit-einsatz-zum-erfolg\\\/#primaryimage\"},\"thumbnailUrl\":\"https:\\\/\\\/www.muensterschule-hof.de\\\/wordpress\\\/wp-content\\\/uploads\\\/2025\\\/04\\\/IMG_0650.jpeg\",\"articleSection\":[\"Uncategorized\"],\"inLanguage\":\"de\"},{\"@type\":\"WebPage\",\"@id\":\"https:\\\/\\\/www.muensterschule-hof.de\\\/wordpress\\\/gemeinsam-lernen-fuer-den-ethik-quali-mit-einsatz-zum-erfolg\\\/\",\"url\":\"https:\\\/\\\/www.muensterschule-hof.de\\\/wordpress\\\/gemeinsam-lernen-fuer-den-ethik-quali-mit-einsatz-zum-erfolg\\\/\",\"name\":\"Gemeinsam lernen f\u00fcr den Ethik-Quali \u2013 mit Einsatz zum Erfolg - M\u00fcnsterschule\",\"isPartOf\":{\"@id\":\"https:\\\/\\\/www.muensterschule-hof.de\\\/wordpress\\\/#website\"},\"primaryImageOfPage\":{\"@id\":\"https:\\\/\\\/www.muensterschule-hof.de\\\/wordpress\\\/gemeinsam-lernen-fuer-den-ethik-quali-mit-einsatz-zum-erfolg\\\/#primaryimage\"},\"image\":{\"@id\":\"https:\\\/\\\/www.muensterschule-hof.de\\\/wordpress\\\/gemeinsam-lernen-fuer-den-ethik-quali-mit-einsatz-zum-erfolg\\\/#primaryimage\"},\"thumbnailUrl\":\"https:\\\/\\\/www.muensterschule-hof.de\\\/wordpress\\\/wp-content\\\/uploads\\\/2025\\\/04\\\/IMG_0650.jpeg\",\"datePublished\":\"2025-04-11T10:13:32+00:00\",\"dateModified\":\"2025-04-11T10:13:34+00:00\",\"breadcrumb\":{\"@id\":\"https:\\\/\\\/www.muensterschule-hof.de\\\/wordpress\\\/gemeinsam-lernen-fuer-den-ethik-quali-mit-einsatz-zum-erfolg\\\/#breadcrumb\"},\"inLanguage\":\"de\",\"potentialAction\":[{\"@type\":\"ReadAction\",\"target\":[\"https:\\\/\\\/www.muensterschule-hof.de\\\/wordpress\\\/gemeinsam-lernen-fuer-den-ethik-quali-mit-einsatz-zum-erfolg\\\/\"]}]},{\"@type\":\"ImageObject\",\"inLanguage\":\"de\",\"@id\":\"https:\\\/\\\/www.muensterschule-hof.de\\\/wordpress\\\/gemeinsam-lernen-fuer-den-ethik-quali-mit-einsatz-zum-erfolg\\\/#primaryimage\",\"url\":\"https:\\\/\\\/www.muensterschule-hof.de\\\/wordpress\\\/wp-content\\\/uploads\\\/2025\\\/04\\\/IMG_0650.jpeg\",\"contentUrl\":\"https:\\\/\\\/www.muensterschule-hof.de\\\/wordpress\\\/wp-content\\\/uploads\\\/2025\\\/04\\\/IMG_0650.jpeg\",\"width\":1578,\"height\":930},{\"@type\":\"BreadcrumbList\",\"@id\":\"https:\\\/\\\/www.muensterschule-hof.de\\\/wordpress\\\/gemeinsam-lernen-fuer-den-ethik-quali-mit-einsatz-zum-erfolg\\\/#breadcrumb\",\"itemListElement\":[{\"@type\":\"ListItem\",\"position\":1,\"name\":\"Startseite\",\"item\":\"https:\\\/\\\/www.muensterschule-hof.de\\\/wordpress\\\/\"},{\"@type\":\"ListItem\",\"position\":2,\"name\":\"Gemeinsam lernen f\u00fcr den Ethik-Quali \u2013 mit Einsatz zum Erfolg\"}]},{\"@type\":\"WebSite\",\"@id\":\"https:\\\/\\\/www.muensterschule-hof.de\\\/wordpress\\\/#website\",\"url\":\"https:\\\/\\\/www.muensterschule-hof.de\\\/wordpress\\\/\",\"name\":\"M\u00fcnsterschule\",\"description\":\"Deine Mittelschule in Hof\",\"publisher\":{\"@id\":\"https:\\\/\\\/www.muensterschule-hof.de\\\/wordpress\\\/#organization\"},\"alternateName\":\"MMS Hof\",\"potentialAction\":[{\"@type\":\"SearchAction\",\"target\":{\"@type\":\"EntryPoint\",\"urlTemplate\":\"https:\\\/\\\/www.muensterschule-hof.de\\\/wordpress\\\/?s={search_term_string}\"},\"query-input\":{\"@type\":\"PropertyValueSpecification\",\"valueRequired\":true,\"valueName\":\"search_term_string\"}}],\"inLanguage\":\"de\"},{\"@type\":\"Organization\",\"@id\":\"https:\\\/\\\/www.muensterschule-hof.de\\\/wordpress\\\/#organization\",\"name\":\"M\u00fcnster-Mittelschule Hof\",\"alternateName\":\"MMS Hof\",\"url\":\"https:\\\/\\\/www.muensterschule-hof.de\\\/wordpress\\\/\",\"logo\":{\"@type\":\"ImageObject\",\"inLanguage\":\"de\",\"@id\":\"https:\\\/\\\/www.muensterschule-hof.de\\\/wordpress\\\/#\\\/schema\\\/logo\\\/image\\\/\",\"url\":\"https:\\\/\\\/www.muensterschule-hof.de\\\/wordpress\\\/wp-content\\\/uploads\\\/2018\\\/05\\\/cropped-MMS-Hof-final-1.png\",\"contentUrl\":\"https:\\\/\\\/www.muensterschule-hof.de\\\/wordpress\\\/wp-content\\\/uploads\\\/2018\\\/05\\\/cropped-MMS-Hof-final-1.png\",\"width\":512,\"height\":512,\"caption\":\"M\u00fcnster-Mittelschule Hof\"},\"image\":{\"@id\":\"https:\\\/\\\/www.muensterschule-hof.de\\\/wordpress\\\/#\\\/schema\\\/logo\\\/image\\\/\"}},{\"@type\":\"Person\",\"@id\":\"https:\\\/\\\/www.muensterschule-hof.de\\\/wordpress\\\/#\\\/schema\\\/person\\\/de58534e4cef400557500dff7aaa25b0\",\"name\":\"wpadmin\",\"image\":{\"@type\":\"ImageObject\",\"inLanguage\":\"de\",\"@id\":\"https:\\\/\\\/secure.gravatar.com\\\/avatar\\\/d9cd22045d4ad9ac54235e981c866f9317666429d45f49a3dc409314ab7be359?s=96&d=mm&r=g\",\"url\":\"https:\\\/\\\/secure.gravatar.com\\\/avatar\\\/d9cd22045d4ad9ac54235e981c866f9317666429d45f49a3dc409314ab7be359?s=96&d=mm&r=g\",\"contentUrl\":\"https:\\\/\\\/secure.gravatar.com\\\/avatar\\\/d9cd22045d4ad9ac54235e981c866f9317666429d45f49a3dc409314ab7be359?s=96&d=mm&r=g\",\"caption\":\"wpadmin\"},\"url\":\"https:\\\/\\\/www.muensterschule-hof.de\\\/wordpress\\\/author\\\/wpadmin\\\/\"}]}<\/script>\n<!-- \/ Yoast SEO plugin. -->","yoast_head_json":{"title":"Gemeinsam lernen f\u00fcr den Ethik-Quali \u2013 mit Einsatz zum Erfolg - M\u00fcnsterschule","robots":{"index":"index","follow":"follow","max-snippet":"max-snippet:-1","max-image-preview":"max-image-preview:large","max-video-preview":"max-video-preview:-1"},"canonical":"https:\/\/www.muensterschule-hof.de\/wordpress\/gemeinsam-lernen-fuer-den-ethik-quali-mit-einsatz-zum-erfolg\/","og_locale":"de_DE","og_type":"article","og_title":"Gemeinsam lernen f\u00fcr den Ethik-Quali \u2013 mit Einsatz zum Erfolg - M\u00fcnsterschule","og_description":"Am 11. April 2025, dem letzten Schultag vor den Osterferien, war f\u00fcr viele Sch\u00fclerinnen und Sch\u00fcler der 9. Klassen noch lange nicht an Urlaub zu denken. Statt den Start in die Ferien einzul\u00e4uten, trafen sich zahlreiche engagierte Jugendliche freiwillig zum gemeinsamen Lernen f\u00fcr die bevorstehende Ethik-Quali. So macht Lernen Spa\u00df \u2013 und Erfolg ist dann&hellip;&nbsp;Weiterlesen &raquo;Gemeinsam lernen f\u00fcr den Ethik-Quali \u2013 mit Einsatz zum Erfolg","og_url":"https:\/\/www.muensterschule-hof.de\/wordpress\/gemeinsam-lernen-fuer-den-ethik-quali-mit-einsatz-zum-erfolg\/","og_site_name":"M\u00fcnsterschule","article_published_time":"2025-04-11T10:13:32+00:00","article_modified_time":"2025-04-11T10:13:34+00:00","og_image":[{"width":1578,"height":930,"url":"https:\/\/www.muensterschule-hof.de\/wordpress\/wp-content\/uploads\/2025\/04\/IMG_0650.jpeg","type":"image\/jpeg"}],"author":"wpadmin","twitter_card":"summary_large_image","twitter_misc":{"Verfasst von":"wpadmin","Gesch\u00e4tzte Lesezeit":"1\u00a0Minute"},"schema":{"@context":"https:\/\/schema.org","@graph":[{"@type":"Article","@id":"https:\/\/www.muensterschule-hof.de\/wordpress\/gemeinsam-lernen-fuer-den-ethik-quali-mit-einsatz-zum-erfolg\/#article","isPartOf":{"@id":"https:\/\/www.muensterschule-hof.de\/wordpress\/gemeinsam-lernen-fuer-den-ethik-quali-mit-einsatz-zum-erfolg\/"},"author":{"name":"wpadmin","@id":"https:\/\/www.muensterschule-hof.de\/wordpress\/#\/schema\/person\/de58534e4cef400557500dff7aaa25b0"},"headline":"Gemeinsam lernen f\u00fcr den Ethik-Quali \u2013 mit Einsatz zum Erfolg","datePublished":"2025-04-11T10:13:32+00:00","dateModified":"2025-04-11T10:13:34+00:00","mainEntityOfPage":{"@id":"https:\/\/www.muensterschule-hof.de\/wordpress\/gemeinsam-lernen-fuer-den-ethik-quali-mit-einsatz-zum-erfolg\/"},"wordCount":73,"publisher":{"@id":"https:\/\/www.muensterschule-hof.de\/wordpress\/#organization"},"image":{"@id":"https:\/\/www.muensterschule-hof.de\/wordpress\/gemeinsam-lernen-fuer-den-ethik-quali-mit-einsatz-zum-erfolg\/#primaryimage"},"thumbnailUrl":"https:\/\/www.muensterschule-hof.de\/wordpress\/wp-content\/uploads\/2025\/04\/IMG_0650.jpeg","articleSection":["Uncategorized"],"inLanguage":"de"},{"@type":"WebPage","@id":"https:\/\/www.muensterschule-hof.de\/wordpress\/gemeinsam-lernen-fuer-den-ethik-quali-mit-einsatz-zum-erfolg\/","url":"https:\/\/www.muensterschule-hof.de\/wordpress\/gemeinsam-lernen-fuer-den-ethik-quali-mit-einsatz-zum-erfolg\/","name":"Gemeinsam lernen f\u00fcr den Ethik-Quali \u2013 mit Einsatz zum Erfolg - M\u00fcnsterschule","isPartOf":{"@id":"https:\/\/www.muensterschule-hof.de\/wordpress\/#website"},"primaryImageOfPage":{"@id":"https:\/\/www.muensterschule-hof.de\/wordpress\/gemeinsam-lernen-fuer-den-ethik-quali-mit-einsatz-zum-erfolg\/#primaryimage"},"image":{"@id":"https:\/\/www.muensterschule-hof.de\/wordpress\/gemeinsam-lernen-fuer-den-ethik-quali-mit-einsatz-zum-erfolg\/#primaryimage"},"thumbnailUrl":"https:\/\/www.muensterschule-hof.de\/wordpress\/wp-content\/uploads\/2025\/04\/IMG_0650.jpeg","datePublished":"2025-04-11T10:13:32+00:00","dateModified":"2025-04-11T10:13:34+00:00","breadcrumb":{"@id":"https:\/\/www.muensterschule-hof.de\/wordpress\/gemeinsam-lernen-fuer-den-ethik-quali-mit-einsatz-zum-erfolg\/#breadcrumb"},"inLanguage":"de","potentialAction":[{"@type":"ReadAction","target":["https:\/\/www.muensterschule-hof.de\/wordpress\/gemeinsam-lernen-fuer-den-ethik-quali-mit-einsatz-zum-erfolg\/"]}]},{"@type":"ImageObject","inLanguage":"de","@id":"https:\/\/www.muensterschule-hof.de\/wordpress\/gemeinsam-lernen-fuer-den-ethik-quali-mit-einsatz-zum-erfolg\/#primaryimage","url":"https:\/\/www.muensterschule-hof.de\/wordpress\/wp-content\/uploads\/2025\/04\/IMG_0650.jpeg","contentUrl":"https:\/\/www.muensterschule-hof.de\/wordpress\/wp-content\/uploads\/2025\/04\/IMG_0650.jpeg","width":1578,"height":930},{"@type":"BreadcrumbList","@id":"https:\/\/www.muensterschule-hof.de\/wordpress\/gemeinsam-lernen-fuer-den-ethik-quali-mit-einsatz-zum-erfolg\/#breadcrumb","itemListElement":[{"@type":"ListItem","position":1,"name":"Startseite","item":"https:\/\/www.muensterschule-hof.de\/wordpress\/"},{"@type":"ListItem","position":2,"name":"Gemeinsam lernen f\u00fcr den Ethik-Quali \u2013 mit Einsatz zum Erfolg"}]},{"@type":"WebSite","@id":"https:\/\/www.muensterschule-hof.de\/wordpress\/#website","url":"https:\/\/www.muensterschule-hof.de\/wordpress\/","name":"M\u00fcnsterschule","description":"Deine Mittelschule in Hof","publisher":{"@id":"https:\/\/www.muensterschule-hof.de\/wordpress\/#organization"},"alternateName":"MMS Hof","potentialAction":[{"@type":"SearchAction","target":{"@type":"EntryPoint","urlTemplate":"https:\/\/www.muensterschule-hof.de\/wordpress\/?s={search_term_string}"},"query-input":{"@type":"PropertyValueSpecification","valueRequired":true,"valueName":"search_term_string"}}],"inLanguage":"de"},{"@type":"Organization","@id":"https:\/\/www.muensterschule-hof.de\/wordpress\/#organization","name":"M\u00fcnster-Mittelschule Hof","alternateName":"MMS Hof","url":"https:\/\/www.muensterschule-hof.de\/wordpress\/","logo":{"@type":"ImageObject","inLanguage":"de","@id":"https:\/\/www.muensterschule-hof.de\/wordpress\/#\/schema\/logo\/image\/","url":"https:\/\/www.muensterschule-hof.de\/wordpress\/wp-content\/uploads\/2018\/05\/cropped-MMS-Hof-final-1.png","contentUrl":"https:\/\/www.muensterschule-hof.de\/wordpress\/wp-content\/uploads\/2018\/05\/cropped-MMS-Hof-final-1.png","width":512,"height":512,"caption":"M\u00fcnster-Mittelschule Hof"},"image":{"@id":"https:\/\/www.muensterschule-hof.de\/wordpress\/#\/schema\/logo\/image\/"}},{"@type":"Person","@id":"https:\/\/www.muensterschule-hof.de\/wordpress\/#\/schema\/person\/de58534e4cef400557500dff7aaa25b0","name":"wpadmin","image":{"@type":"ImageObject","inLanguage":"de","@id":"https:\/\/secure.gravatar.com\/avatar\/d9cd22045d4ad9ac54235e981c866f9317666429d45f49a3dc409314ab7be359?s=96&d=mm&r=g","url":"https:\/\/secure.gravatar.com\/avatar\/d9cd22045d4ad9ac54235e981c866f9317666429d45f49a3dc409314ab7be359?s=96&d=mm&r=g","contentUrl":"https:\/\/secure.gravatar.com\/avatar\/d9cd22045d4ad9ac54235e981c866f9317666429d45f49a3dc409314ab7be359?s=96&d=mm&r=g","caption":"wpadmin"},"url":"https:\/\/www.muensterschule-hof.de\/wordpress\/author\/wpadmin\/"}]}},"_links":{"self":[{"href":"https:\/\/www.muensterschule-hof.de\/wordpress\/wp-json\/wp\/v2\/posts\/3894","targetHints":{"allow":["GET"]}}],"collection":[{"href":"https:\/\/www.muensterschule-hof.de\/wordpress\/wp-json\/wp\/v2\/posts"}],"about":[{"href":"https:\/\/www.muensterschule-hof.de\/wordpress\/wp-json\/wp\/v2\/types\/post"}],"author":[{"embeddable":true,"href":"https:\/\/www.muensterschule-hof.de\/wordpress\/wp-json\/wp\/v2\/users\/1"}],"replies":[{"embeddable":true,"href":"https:\/\/www.muensterschule-hof.de\/wordpress\/wp-json\/wp\/v2\/comments?post=3894"}],"version-history":[{"count":1,"href":"https:\/\/www.muensterschule-hof.de\/wordpress\/wp-json\/wp\/v2\/posts\/3894\/revisions"}],"predecessor-version":[{"id":3896,"href":"https:\/\/www.muensterschule-hof.de\/wordpress\/wp-json\/wp\/v2\/posts\/3894\/revisions\/3896"}],"wp:featuredmedia":[{"embeddable":true,"href":"https:\/\/www.muensterschule-hof.de\/wordpress\/wp-json\/wp\/v2\/media\/3895"}],"wp:attachment":[{"href":"https:\/\/www.muensterschule-hof.de\/wordpress\/wp-json\/wp\/v2\/media?parent=3894"}],"wp:term":[{"taxonomy":"category","embeddable":true,"href":"https:\/\/www.muensterschule-hof.de\/wordpress\/wp-json\/wp\/v2\/categories?post=3894"},{"taxonomy":"post_tag","embeddable":true,"href":"https:\/\/www.muensterschule-hof.de\/wordpress\/wp-json\/wp\/v2\/tags?post=3894"}],"curies":[{"name":"wp","href":"https:\/\/api.w.org\/{rel}","templated":true}]}}