{"id":3916,"date":"2025-05-15T13:51:19","date_gmt":"2025-05-15T13:51:19","guid":{"rendered":"https:\/\/www.muensterschule-hof.de\/wordpress\/?p=3916"},"modified":"2025-05-15T13:51:23","modified_gmt":"2025-05-15T13:51:23","slug":"trikottag-an-der-muenster-mittelschule","status":"publish","type":"post","link":"https:\/\/www.muensterschule-hof.de\/wordpress\/trikottag-an-der-muenster-mittelschule\/","title":{"rendered":"Trikottag an der M\u00fcnster-Mittelschule"},"content":{"rendered":"\n<p>Am Dienstag, den <strong>20. Mai 2025<\/strong>, wird es sportlich an unserer Schule: Wir feiern den <strong>Trikottag<\/strong>!<\/p>\n\n\n\n<p>Alle Sch\u00fclerinnen und Sch\u00fcler sowie Lehrkr\u00e4fte sind eingeladen, an diesem Tag das <strong>Trikot ihres Sportvereins<\/strong> zu tragen \u2013 ganz egal ob Fu\u00dfball, Handball, Turnen, Basketball oder eine andere Sportart.<\/p>\n\n\n\n<p>Also: Trikot anziehen, stolz sein und mitmachen!<\/p>\n\n\n\n<p>Bild von <a href=\"https:\/\/pixabay.com\/de\/users\/jorono-1966666\/?utm_source=link-attribution&amp;utm_medium=referral&amp;utm_campaign=image&amp;utm_content=3813715\">jorono<\/a> auf <a href=\"https:\/\/pixabay.com\/de\/\/?utm_source=link-attribution&amp;utm_medium=referral&amp;utm_campaign=image&amp;utm_content=3813715\">Pixabay<\/a><\/p>\n\n\n\n<p><\/p>\n","protected":false},"excerpt":{"rendered":"<p>Am Dienstag, den 20. Mai 2025, wird es sportlich an unserer Schule: Wir feiern den Trikottag! Alle Sch\u00fclerinnen und Sch\u00fcler sowie Lehrkr\u00e4fte sind eingeladen, an diesem Tag das Trikot ihres Sportvereins zu tragen \u2013 ganz egal ob Fu\u00dfball, Handball, Turnen, Basketball oder eine andere Sportart. Also: Trikot anziehen, stolz sein und mitmachen! Bild von jorono&hellip;&nbsp;<a href=\"https:\/\/www.muensterschule-hof.de\/wordpress\/trikottag-an-der-muenster-mittelschule\/\" rel=\"bookmark\">Weiterlesen &raquo;<span class=\"screen-reader-text\">Trikottag an der M\u00fcnster-Mittelschule<\/span><\/a><\/p>\n","protected":false},"author":1,"featured_media":3917,"comment_status":"closed","ping_status":"closed","sticky":false,"template":"","format":"standard","meta":{"neve_meta_sidebar":"","neve_meta_container":"","neve_meta_enable_content_width":"","neve_meta_content_width":0,"neve_meta_title_alignment":"","neve_meta_author_avatar":"","neve_post_elements_order":"","neve_meta_disable_header":"","neve_meta_disable_footer":"","neve_meta_disable_title":"","footnotes":""},"categories":[1],"tags":[],"class_list":["post-3916","post","type-post","status-publish","format-standard","has-post-thumbnail","hentry","category-uncategorized"],"yoast_head":"<!-- This site is optimized with the Yoast SEO plugin v27.4 - https:\/\/yoast.com\/product\/yoast-seo-wordpress\/ -->\n<title>Trikottag an der M\u00fcnster-Mittelschule - M\u00fcnsterschule<\/title>\n<meta name=\"robots\" content=\"index, follow, max-snippet:-1, max-image-preview:large, max-video-preview:-1\" \/>\n<link rel=\"canonical\" href=\"https:\/\/www.muensterschule-hof.de\/wordpress\/trikottag-an-der-muenster-mittelschule\/\" \/>\n<meta property=\"og:locale\" content=\"de_DE\" \/>\n<meta property=\"og:type\" content=\"article\" \/>\n<meta property=\"og:title\" content=\"Trikottag an der M\u00fcnster-Mittelschule - M\u00fcnsterschule\" \/>\n<meta property=\"og:description\" content=\"Am Dienstag, den 20. Mai 2025, wird es sportlich an unserer Schule: Wir feiern den Trikottag! Alle Sch\u00fclerinnen und Sch\u00fcler sowie Lehrkr\u00e4fte sind eingeladen, an diesem Tag das Trikot ihres Sportvereins zu tragen \u2013 ganz egal ob Fu\u00dfball, Handball, Turnen, Basketball oder eine andere Sportart. Also: Trikot anziehen, stolz sein und mitmachen! Bild von jorono&hellip;&nbsp;Weiterlesen &raquo;Trikottag an der M\u00fcnster-Mittelschule\" \/>\n<meta property=\"og:url\" content=\"https:\/\/www.muensterschule-hof.de\/wordpress\/trikottag-an-der-muenster-mittelschule\/\" \/>\n<meta property=\"og:site_name\" content=\"M\u00fcnsterschule\" \/>\n<meta property=\"article:published_time\" content=\"2025-05-15T13:51:19+00:00\" \/>\n<meta property=\"article:modified_time\" content=\"2025-05-15T13:51:23+00:00\" \/>\n<meta property=\"og:image\" content=\"https:\/\/www.muensterschule-hof.de\/wordpress\/wp-content\/uploads\/2025\/05\/soccer-3813715_640.png\" \/>\n\t<meta property=\"og:image:width\" content=\"640\" \/>\n\t<meta property=\"og:image:height\" content=\"640\" \/>\n\t<meta property=\"og:image:type\" content=\"image\/png\" \/>\n<meta name=\"author\" content=\"wpadmin\" \/>\n<meta name=\"twitter:card\" content=\"summary_large_image\" \/>\n<meta name=\"twitter:label1\" content=\"Verfasst von\" \/>\n\t<meta name=\"twitter:data1\" content=\"wpadmin\" \/>\n\t<meta name=\"twitter:label2\" content=\"Gesch\u00e4tzte Lesezeit\" \/>\n\t<meta name=\"twitter:data2\" content=\"1\u00a0Minute\" \/>\n<script type=\"application\/ld+json\" class=\"yoast-schema-graph\">{\"@context\":\"https:\\\/\\\/schema.org\",\"@graph\":[{\"@type\":\"Article\",\"@id\":\"https:\\\/\\\/www.muensterschule-hof.de\\\/wordpress\\\/trikottag-an-der-muenster-mittelschule\\\/#article\",\"isPartOf\":{\"@id\":\"https:\\\/\\\/www.muensterschule-hof.de\\\/wordpress\\\/trikottag-an-der-muenster-mittelschule\\\/\"},\"author\":{\"name\":\"wpadmin\",\"@id\":\"https:\\\/\\\/www.muensterschule-hof.de\\\/wordpress\\\/#\\\/schema\\\/person\\\/de58534e4cef400557500dff7aaa25b0\"},\"headline\":\"Trikottag an der M\u00fcnster-Mittelschule\",\"datePublished\":\"2025-05-15T13:51:19+00:00\",\"dateModified\":\"2025-05-15T13:51:23+00:00\",\"mainEntityOfPage\":{\"@id\":\"https:\\\/\\\/www.muensterschule-hof.de\\\/wordpress\\\/trikottag-an-der-muenster-mittelschule\\\/\"},\"wordCount\":63,\"publisher\":{\"@id\":\"https:\\\/\\\/www.muensterschule-hof.de\\\/wordpress\\\/#organization\"},\"image\":{\"@id\":\"https:\\\/\\\/www.muensterschule-hof.de\\\/wordpress\\\/trikottag-an-der-muenster-mittelschule\\\/#primaryimage\"},\"thumbnailUrl\":\"https:\\\/\\\/www.muensterschule-hof.de\\\/wordpress\\\/wp-content\\\/uploads\\\/2025\\\/05\\\/soccer-3813715_640.png\",\"articleSection\":[\"Uncategorized\"],\"inLanguage\":\"de\"},{\"@type\":\"WebPage\",\"@id\":\"https:\\\/\\\/www.muensterschule-hof.de\\\/wordpress\\\/trikottag-an-der-muenster-mittelschule\\\/\",\"url\":\"https:\\\/\\\/www.muensterschule-hof.de\\\/wordpress\\\/trikottag-an-der-muenster-mittelschule\\\/\",\"name\":\"Trikottag an der M\u00fcnster-Mittelschule - M\u00fcnsterschule\",\"isPartOf\":{\"@id\":\"https:\\\/\\\/www.muensterschule-hof.de\\\/wordpress\\\/#website\"},\"primaryImageOfPage\":{\"@id\":\"https:\\\/\\\/www.muensterschule-hof.de\\\/wordpress\\\/trikottag-an-der-muenster-mittelschule\\\/#primaryimage\"},\"image\":{\"@id\":\"https:\\\/\\\/www.muensterschule-hof.de\\\/wordpress\\\/trikottag-an-der-muenster-mittelschule\\\/#primaryimage\"},\"thumbnailUrl\":\"https:\\\/\\\/www.muensterschule-hof.de\\\/wordpress\\\/wp-content\\\/uploads\\\/2025\\\/05\\\/soccer-3813715_640.png\",\"datePublished\":\"2025-05-15T13:51:19+00:00\",\"dateModified\":\"2025-05-15T13:51:23+00:00\",\"breadcrumb\":{\"@id\":\"https:\\\/\\\/www.muensterschule-hof.de\\\/wordpress\\\/trikottag-an-der-muenster-mittelschule\\\/#breadcrumb\"},\"inLanguage\":\"de\",\"potentialAction\":[{\"@type\":\"ReadAction\",\"target\":[\"https:\\\/\\\/www.muensterschule-hof.de\\\/wordpress\\\/trikottag-an-der-muenster-mittelschule\\\/\"]}]},{\"@type\":\"ImageObject\",\"inLanguage\":\"de\",\"@id\":\"https:\\\/\\\/www.muensterschule-hof.de\\\/wordpress\\\/trikottag-an-der-muenster-mittelschule\\\/#primaryimage\",\"url\":\"https:\\\/\\\/www.muensterschule-hof.de\\\/wordpress\\\/wp-content\\\/uploads\\\/2025\\\/05\\\/soccer-3813715_640.png\",\"contentUrl\":\"https:\\\/\\\/www.muensterschule-hof.de\\\/wordpress\\\/wp-content\\\/uploads\\\/2025\\\/05\\\/soccer-3813715_640.png\",\"width\":640,\"height\":640},{\"@type\":\"BreadcrumbList\",\"@id\":\"https:\\\/\\\/www.muensterschule-hof.de\\\/wordpress\\\/trikottag-an-der-muenster-mittelschule\\\/#breadcrumb\",\"itemListElement\":[{\"@type\":\"ListItem\",\"position\":1,\"name\":\"Startseite\",\"item\":\"https:\\\/\\\/www.muensterschule-hof.de\\\/wordpress\\\/\"},{\"@type\":\"ListItem\",\"position\":2,\"name\":\"Trikottag an der M\u00fcnster-Mittelschule\"}]},{\"@type\":\"WebSite\",\"@id\":\"https:\\\/\\\/www.muensterschule-hof.de\\\/wordpress\\\/#website\",\"url\":\"https:\\\/\\\/www.muensterschule-hof.de\\\/wordpress\\\/\",\"name\":\"M\u00fcnsterschule\",\"description\":\"Deine Mittelschule in Hof\",\"publisher\":{\"@id\":\"https:\\\/\\\/www.muensterschule-hof.de\\\/wordpress\\\/#organization\"},\"alternateName\":\"MMS Hof\",\"potentialAction\":[{\"@type\":\"SearchAction\",\"target\":{\"@type\":\"EntryPoint\",\"urlTemplate\":\"https:\\\/\\\/www.muensterschule-hof.de\\\/wordpress\\\/?s={search_term_string}\"},\"query-input\":{\"@type\":\"PropertyValueSpecification\",\"valueRequired\":true,\"valueName\":\"search_term_string\"}}],\"inLanguage\":\"de\"},{\"@type\":\"Organization\",\"@id\":\"https:\\\/\\\/www.muensterschule-hof.de\\\/wordpress\\\/#organization\",\"name\":\"M\u00fcnster-Mittelschule Hof\",\"alternateName\":\"MMS Hof\",\"url\":\"https:\\\/\\\/www.muensterschule-hof.de\\\/wordpress\\\/\",\"logo\":{\"@type\":\"ImageObject\",\"inLanguage\":\"de\",\"@id\":\"https:\\\/\\\/www.muensterschule-hof.de\\\/wordpress\\\/#\\\/schema\\\/logo\\\/image\\\/\",\"url\":\"https:\\\/\\\/www.muensterschule-hof.de\\\/wordpress\\\/wp-content\\\/uploads\\\/2018\\\/05\\\/cropped-MMS-Hof-final-1.png\",\"contentUrl\":\"https:\\\/\\\/www.muensterschule-hof.de\\\/wordpress\\\/wp-content\\\/uploads\\\/2018\\\/05\\\/cropped-MMS-Hof-final-1.png\",\"width\":512,\"height\":512,\"caption\":\"M\u00fcnster-Mittelschule Hof\"},\"image\":{\"@id\":\"https:\\\/\\\/www.muensterschule-hof.de\\\/wordpress\\\/#\\\/schema\\\/logo\\\/image\\\/\"}},{\"@type\":\"Person\",\"@id\":\"https:\\\/\\\/www.muensterschule-hof.de\\\/wordpress\\\/#\\\/schema\\\/person\\\/de58534e4cef400557500dff7aaa25b0\",\"name\":\"wpadmin\",\"image\":{\"@type\":\"ImageObject\",\"inLanguage\":\"de\",\"@id\":\"https:\\\/\\\/secure.gravatar.com\\\/avatar\\\/d9cd22045d4ad9ac54235e981c866f9317666429d45f49a3dc409314ab7be359?s=96&d=mm&r=g\",\"url\":\"https:\\\/\\\/secure.gravatar.com\\\/avatar\\\/d9cd22045d4ad9ac54235e981c866f9317666429d45f49a3dc409314ab7be359?s=96&d=mm&r=g\",\"contentUrl\":\"https:\\\/\\\/secure.gravatar.com\\\/avatar\\\/d9cd22045d4ad9ac54235e981c866f9317666429d45f49a3dc409314ab7be359?s=96&d=mm&r=g\",\"caption\":\"wpadmin\"},\"url\":\"https:\\\/\\\/www.muensterschule-hof.de\\\/wordpress\\\/author\\\/wpadmin\\\/\"}]}<\/script>\n<!-- \/ Yoast SEO plugin. -->","yoast_head_json":{"title":"Trikottag an der M\u00fcnster-Mittelschule - M\u00fcnsterschule","robots":{"index":"index","follow":"follow","max-snippet":"max-snippet:-1","max-image-preview":"max-image-preview:large","max-video-preview":"max-video-preview:-1"},"canonical":"https:\/\/www.muensterschule-hof.de\/wordpress\/trikottag-an-der-muenster-mittelschule\/","og_locale":"de_DE","og_type":"article","og_title":"Trikottag an der M\u00fcnster-Mittelschule - M\u00fcnsterschule","og_description":"Am Dienstag, den 20. Mai 2025, wird es sportlich an unserer Schule: Wir feiern den Trikottag! Alle Sch\u00fclerinnen und Sch\u00fcler sowie Lehrkr\u00e4fte sind eingeladen, an diesem Tag das Trikot ihres Sportvereins zu tragen \u2013 ganz egal ob Fu\u00dfball, Handball, Turnen, Basketball oder eine andere Sportart. Also: Trikot anziehen, stolz sein und mitmachen! Bild von jorono&hellip;&nbsp;Weiterlesen &raquo;Trikottag an der M\u00fcnster-Mittelschule","og_url":"https:\/\/www.muensterschule-hof.de\/wordpress\/trikottag-an-der-muenster-mittelschule\/","og_site_name":"M\u00fcnsterschule","article_published_time":"2025-05-15T13:51:19+00:00","article_modified_time":"2025-05-15T13:51:23+00:00","og_image":[{"width":640,"height":640,"url":"https:\/\/www.muensterschule-hof.de\/wordpress\/wp-content\/uploads\/2025\/05\/soccer-3813715_640.png","type":"image\/png"}],"author":"wpadmin","twitter_card":"summary_large_image","twitter_misc":{"Verfasst von":"wpadmin","Gesch\u00e4tzte Lesezeit":"1\u00a0Minute"},"schema":{"@context":"https:\/\/schema.org","@graph":[{"@type":"Article","@id":"https:\/\/www.muensterschule-hof.de\/wordpress\/trikottag-an-der-muenster-mittelschule\/#article","isPartOf":{"@id":"https:\/\/www.muensterschule-hof.de\/wordpress\/trikottag-an-der-muenster-mittelschule\/"},"author":{"name":"wpadmin","@id":"https:\/\/www.muensterschule-hof.de\/wordpress\/#\/schema\/person\/de58534e4cef400557500dff7aaa25b0"},"headline":"Trikottag an der M\u00fcnster-Mittelschule","datePublished":"2025-05-15T13:51:19+00:00","dateModified":"2025-05-15T13:51:23+00:00","mainEntityOfPage":{"@id":"https:\/\/www.muensterschule-hof.de\/wordpress\/trikottag-an-der-muenster-mittelschule\/"},"wordCount":63,"publisher":{"@id":"https:\/\/www.muensterschule-hof.de\/wordpress\/#organization"},"image":{"@id":"https:\/\/www.muensterschule-hof.de\/wordpress\/trikottag-an-der-muenster-mittelschule\/#primaryimage"},"thumbnailUrl":"https:\/\/www.muensterschule-hof.de\/wordpress\/wp-content\/uploads\/2025\/05\/soccer-3813715_640.png","articleSection":["Uncategorized"],"inLanguage":"de"},{"@type":"WebPage","@id":"https:\/\/www.muensterschule-hof.de\/wordpress\/trikottag-an-der-muenster-mittelschule\/","url":"https:\/\/www.muensterschule-hof.de\/wordpress\/trikottag-an-der-muenster-mittelschule\/","name":"Trikottag an der M\u00fcnster-Mittelschule - M\u00fcnsterschule","isPartOf":{"@id":"https:\/\/www.muensterschule-hof.de\/wordpress\/#website"},"primaryImageOfPage":{"@id":"https:\/\/www.muensterschule-hof.de\/wordpress\/trikottag-an-der-muenster-mittelschule\/#primaryimage"},"image":{"@id":"https:\/\/www.muensterschule-hof.de\/wordpress\/trikottag-an-der-muenster-mittelschule\/#primaryimage"},"thumbnailUrl":"https:\/\/www.muensterschule-hof.de\/wordpress\/wp-content\/uploads\/2025\/05\/soccer-3813715_640.png","datePublished":"2025-05-15T13:51:19+00:00","dateModified":"2025-05-15T13:51:23+00:00","breadcrumb":{"@id":"https:\/\/www.muensterschule-hof.de\/wordpress\/trikottag-an-der-muenster-mittelschule\/#breadcrumb"},"inLanguage":"de","potentialAction":[{"@type":"ReadAction","target":["https:\/\/www.muensterschule-hof.de\/wordpress\/trikottag-an-der-muenster-mittelschule\/"]}]},{"@type":"ImageObject","inLanguage":"de","@id":"https:\/\/www.muensterschule-hof.de\/wordpress\/trikottag-an-der-muenster-mittelschule\/#primaryimage","url":"https:\/\/www.muensterschule-hof.de\/wordpress\/wp-content\/uploads\/2025\/05\/soccer-3813715_640.png","contentUrl":"https:\/\/www.muensterschule-hof.de\/wordpress\/wp-content\/uploads\/2025\/05\/soccer-3813715_640.png","width":640,"height":640},{"@type":"BreadcrumbList","@id":"https:\/\/www.muensterschule-hof.de\/wordpress\/trikottag-an-der-muenster-mittelschule\/#breadcrumb","itemListElement":[{"@type":"ListItem","position":1,"name":"Startseite","item":"https:\/\/www.muensterschule-hof.de\/wordpress\/"},{"@type":"ListItem","position":2,"name":"Trikottag an der M\u00fcnster-Mittelschule"}]},{"@type":"WebSite","@id":"https:\/\/www.muensterschule-hof.de\/wordpress\/#website","url":"https:\/\/www.muensterschule-hof.de\/wordpress\/","name":"M\u00fcnsterschule","description":"Deine Mittelschule in Hof","publisher":{"@id":"https:\/\/www.muensterschule-hof.de\/wordpress\/#organization"},"alternateName":"MMS Hof","potentialAction":[{"@type":"SearchAction","target":{"@type":"EntryPoint","urlTemplate":"https:\/\/www.muensterschule-hof.de\/wordpress\/?s={search_term_string}"},"query-input":{"@type":"PropertyValueSpecification","valueRequired":true,"valueName":"search_term_string"}}],"inLanguage":"de"},{"@type":"Organization","@id":"https:\/\/www.muensterschule-hof.de\/wordpress\/#organization","name":"M\u00fcnster-Mittelschule Hof","alternateName":"MMS Hof","url":"https:\/\/www.muensterschule-hof.de\/wordpress\/","logo":{"@type":"ImageObject","inLanguage":"de","@id":"https:\/\/www.muensterschule-hof.de\/wordpress\/#\/schema\/logo\/image\/","url":"https:\/\/www.muensterschule-hof.de\/wordpress\/wp-content\/uploads\/2018\/05\/cropped-MMS-Hof-final-1.png","contentUrl":"https:\/\/www.muensterschule-hof.de\/wordpress\/wp-content\/uploads\/2018\/05\/cropped-MMS-Hof-final-1.png","width":512,"height":512,"caption":"M\u00fcnster-Mittelschule Hof"},"image":{"@id":"https:\/\/www.muensterschule-hof.de\/wordpress\/#\/schema\/logo\/image\/"}},{"@type":"Person","@id":"https:\/\/www.muensterschule-hof.de\/wordpress\/#\/schema\/person\/de58534e4cef400557500dff7aaa25b0","name":"wpadmin","image":{"@type":"ImageObject","inLanguage":"de","@id":"https:\/\/secure.gravatar.com\/avatar\/d9cd22045d4ad9ac54235e981c866f9317666429d45f49a3dc409314ab7be359?s=96&d=mm&r=g","url":"https:\/\/secure.gravatar.com\/avatar\/d9cd22045d4ad9ac54235e981c866f9317666429d45f49a3dc409314ab7be359?s=96&d=mm&r=g","contentUrl":"https:\/\/secure.gravatar.com\/avatar\/d9cd22045d4ad9ac54235e981c866f9317666429d45f49a3dc409314ab7be359?s=96&d=mm&r=g","caption":"wpadmin"},"url":"https:\/\/www.muensterschule-hof.de\/wordpress\/author\/wpadmin\/"}]}},"_links":{"self":[{"href":"https:\/\/www.muensterschule-hof.de\/wordpress\/wp-json\/wp\/v2\/posts\/3916","targetHints":{"allow":["GET"]}}],"collection":[{"href":"https:\/\/www.muensterschule-hof.de\/wordpress\/wp-json\/wp\/v2\/posts"}],"about":[{"href":"https:\/\/www.muensterschule-hof.de\/wordpress\/wp-json\/wp\/v2\/types\/post"}],"author":[{"embeddable":true,"href":"https:\/\/www.muensterschule-hof.de\/wordpress\/wp-json\/wp\/v2\/users\/1"}],"replies":[{"embeddable":true,"href":"https:\/\/www.muensterschule-hof.de\/wordpress\/wp-json\/wp\/v2\/comments?post=3916"}],"version-history":[{"count":1,"href":"https:\/\/www.muensterschule-hof.de\/wordpress\/wp-json\/wp\/v2\/posts\/3916\/revisions"}],"predecessor-version":[{"id":3918,"href":"https:\/\/www.muensterschule-hof.de\/wordpress\/wp-json\/wp\/v2\/posts\/3916\/revisions\/3918"}],"wp:featuredmedia":[{"embeddable":true,"href":"https:\/\/www.muensterschule-hof.de\/wordpress\/wp-json\/wp\/v2\/media\/3917"}],"wp:attachment":[{"href":"https:\/\/www.muensterschule-hof.de\/wordpress\/wp-json\/wp\/v2\/media?parent=3916"}],"wp:term":[{"taxonomy":"category","embeddable":true,"href":"https:\/\/www.muensterschule-hof.de\/wordpress\/wp-json\/wp\/v2\/categories?post=3916"},{"taxonomy":"post_tag","embeddable":true,"href":"https:\/\/www.muensterschule-hof.de\/wordpress\/wp-json\/wp\/v2\/tags?post=3916"}],"curies":[{"name":"wp","href":"https:\/\/api.w.org\/{rel}","templated":true}]}}