{"id":4027,"date":"2025-07-17T21:03:42","date_gmt":"2025-07-17T21:03:42","guid":{"rendered":"https:\/\/www.muensterschule-hof.de\/wordpress\/?p=4027"},"modified":"2025-07-17T21:03:44","modified_gmt":"2025-07-17T21:03:44","slug":"ein-gelungenes-schulfest-an-unser-muenster-mittelschule","status":"publish","type":"post","link":"https:\/\/www.muensterschule-hof.de\/wordpress\/ein-gelungenes-schulfest-an-unser-muenster-mittelschule\/","title":{"rendered":"Ein gelungenes Schulfest an unser M\u00fcnster-Mittelschule\u00a0"},"content":{"rendered":"\n<p>Am 11. Juli 2025 feierte die M\u00fcnster Schulfamlie ihr diesj\u00e4hriges Schulfest mit einem bunten Programm, abwechslungsreichen Aktionen und vielen Leckereien. Sch\u00fclerinnen und Sch\u00fcler, Lehrkr\u00e4fte, Eltern und G\u00e4ste kamen zusammen, um gemeinsam einen fr\u00f6hlichen Nachmittag zu verbringen.&nbsp;<\/p>\n\n\n\n<p>Nach der feierlichen Er\u00f6ffnung durch das Moderatorenteam und herzlichen Gru\u00dfworten der Schulleitung sorgten zwei Sch\u00fclerinnen der Klasse 9a mit einem musikalischen Beitrag f\u00fcr einen schwungvollen Auftakt. Im Rahmen einer kleiner Ehrung wurden einzelne Sch\u00fclerinnen und Sch\u00fcler f\u00fcr besondere Engagement gew\u00fcrdigt. Einen kreativen und t\u00e4nzerischen Beitrag steuerte Sch\u00fclerinnen der Klasse 8c bei.&nbsp;<\/p>\n\n\n\n<p>Auch in diesem Jahr brachten sich die einzelnen Klassen mit viel Einsatz in das Fest ein. Die Klasse 5b organisierte ein Bobbycar-Rennen und Sackh\u00fcpfen, w\u00e4hrend die 5c gemeinsam mit der 8b mit einer Fu\u00dfball-Aktion f\u00fcr sportliche Stimmung sorgte. Die 6b lud zum Geschicklichkeitsspiel ein, bei dem Tischtennisb\u00e4lle von Flaschen geschossen werden mussten, und die 6c hatte eine eigene Kegelbahn aufgebaut. Wer Lust auf St\u00f6bern hatte, wurde beim Flohmarkt der 7a f\u00fcndig. An der Foto-Station der 8c konnten Erinnerungsbilder gemacht werden. Eine Tombola, bei der zahlreiche attraktive Preise auf gl\u00fcckliche Gewinner warteten, wurde von der 9a organisiert. Die Klasse 9c sorgte mit Cornhole-Spielen f\u00fcr Spa\u00df bei Gro\u00df und Klein, w\u00e4hrend sich die 10a mit einem Henna-Tattoo-Angebot kreativ einbrachte.&nbsp;<\/p>\n\n\n\n<p>F\u00fcr das leibliche Wohl war ebenfalls bestens gesorgt: Von internationalen Snacks (5a), Kuchen (6a), Popcorn &amp; Muffins (7a) \u00fcber Bubble Tea (7b), Sandwiches (7c), Getr\u00e4nke (8a &amp; 8b), Brezeln (9a), Eisverkauf und S\u00fc\u00dfigkeiten (9b), Bratw\u00fcrsten (9c) bis hin zu Cocktails von der Deutschklasse \u2013 hier war f\u00fcr jeden Geschmack etwas dabei.&nbsp;<\/p>\n\n\n\n<p>Ein sportlicher H\u00f6hepunkt war das Finalspiel der Fu\u00dfball- Pausen-Klubweltmeisterschaft um 16 Uhr \u2013 inklusive Pokalverleihung f\u00fcr das Team Chelsea (Klasse 8b), die den ersten Platz machten. Nach der offiziellen Verabschiedung um 16:45 Uhr packten schlie\u00dflich viele tatkr\u00e4ftig beim gemeinsamen Abbau mit an und rundeten damit den gelungenen Tag ab.&nbsp;<\/p>\n\n\n\n<p>Ein gro\u00dfes Dankesch\u00f6n an alle Mitwirkenden f\u00fcr ihr Engagement und die tolle Stimmung \u2013 dieses Fest bleibt sicher in sch\u00f6ner Erinnerung!&nbsp;<\/p>\n\n\n\n<figure class=\"wp-block-gallery has-nested-images columns-default is-cropped wp-block-gallery-1 is-layout-flex wp-block-gallery-is-layout-flex\">\n<figure class=\"wp-block-image size-large\"><img loading=\"lazy\" decoding=\"async\" width=\"1024\" height=\"768\" data-id=\"4029\" src=\"https:\/\/www.muensterschule-hof.de\/wordpress\/wp-content\/uploads\/2025\/07\/732CBC66-FBED-40D6-90CB-3215AA029D6F_1_102_o-1024x768.jpeg\" alt=\"\" class=\"wp-image-4029\" srcset=\"https:\/\/www.muensterschule-hof.de\/wordpress\/wp-content\/uploads\/2025\/07\/732CBC66-FBED-40D6-90CB-3215AA029D6F_1_102_o-1024x768.jpeg 1024w, https:\/\/www.muensterschule-hof.de\/wordpress\/wp-content\/uploads\/2025\/07\/732CBC66-FBED-40D6-90CB-3215AA029D6F_1_102_o-1536x1152.jpeg 1536w, https:\/\/www.muensterschule-hof.de\/wordpress\/wp-content\/uploads\/2025\/07\/732CBC66-FBED-40D6-90CB-3215AA029D6F_1_102_o.jpeg 2048w\" sizes=\"auto, (max-width: 1024px) 100vw, 1024px\" \/><\/figure>\n\n\n\n<figure class=\"wp-block-image size-large\"><img loading=\"lazy\" decoding=\"async\" width=\"870\" height=\"908\" data-id=\"4031\" src=\"https:\/\/www.muensterschule-hof.de\/wordpress\/wp-content\/uploads\/2025\/07\/IMG_3003.jpg\" alt=\"\" class=\"wp-image-4031\"\/><\/figure>\n\n\n\n<figure class=\"wp-block-image size-large\"><img loading=\"lazy\" decoding=\"async\" width=\"652\" height=\"1024\" data-id=\"4030\" src=\"https:\/\/www.muensterschule-hof.de\/wordpress\/wp-content\/uploads\/2025\/07\/IMG_3004-652x1024.jpg\" alt=\"\" class=\"wp-image-4030\" srcset=\"https:\/\/www.muensterschule-hof.de\/wordpress\/wp-content\/uploads\/2025\/07\/IMG_3004-652x1024.jpg 652w, https:\/\/www.muensterschule-hof.de\/wordpress\/wp-content\/uploads\/2025\/07\/IMG_3004-978x1536.jpg 978w, https:\/\/www.muensterschule-hof.de\/wordpress\/wp-content\/uploads\/2025\/07\/IMG_3004.jpg 1170w\" sizes=\"auto, (max-width: 652px) 100vw, 652px\" \/><\/figure>\n<\/figure>\n","protected":false},"excerpt":{"rendered":"<p>Am 11. Juli 2025 feierte die M\u00fcnster Schulfamlie ihr diesj\u00e4hriges Schulfest mit einem bunten Programm, abwechslungsreichen Aktionen und vielen Leckereien. Sch\u00fclerinnen und Sch\u00fcler, Lehrkr\u00e4fte, Eltern und G\u00e4ste kamen zusammen, um gemeinsam einen fr\u00f6hlichen Nachmittag zu verbringen.&nbsp; Nach der feierlichen Er\u00f6ffnung durch das Moderatorenteam und herzlichen Gru\u00dfworten der Schulleitung sorgten zwei Sch\u00fclerinnen der Klasse 9a mit&hellip;&nbsp;<a href=\"https:\/\/www.muensterschule-hof.de\/wordpress\/ein-gelungenes-schulfest-an-unser-muenster-mittelschule\/\" rel=\"bookmark\">Weiterlesen &raquo;<span class=\"screen-reader-text\">Ein gelungenes Schulfest an unser M\u00fcnster-Mittelschule\u00a0<\/span><\/a><\/p>\n","protected":false},"author":1,"featured_media":4028,"comment_status":"closed","ping_status":"closed","sticky":false,"template":"","format":"standard","meta":{"neve_meta_sidebar":"","neve_meta_container":"","neve_meta_enable_content_width":"","neve_meta_content_width":0,"neve_meta_title_alignment":"","neve_meta_author_avatar":"","neve_post_elements_order":"","neve_meta_disable_header":"","neve_meta_disable_footer":"","neve_meta_disable_title":"","footnotes":""},"categories":[50],"tags":[106],"class_list":["post-4027","post","type-post","status-publish","format-standard","has-post-thumbnail","hentry","category-aktuelles","tag-schulfest"],"yoast_head":"<!-- This site is optimized with the Yoast SEO plugin v27.4 - https:\/\/yoast.com\/product\/yoast-seo-wordpress\/ -->\n<title>Ein gelungenes Schulfest an unser M\u00fcnster-Mittelschule\u00a0 - M\u00fcnsterschule<\/title>\n<meta name=\"robots\" content=\"index, follow, max-snippet:-1, max-image-preview:large, max-video-preview:-1\" \/>\n<link rel=\"canonical\" href=\"https:\/\/www.muensterschule-hof.de\/wordpress\/ein-gelungenes-schulfest-an-unser-muenster-mittelschule\/\" \/>\n<meta property=\"og:locale\" content=\"de_DE\" \/>\n<meta property=\"og:type\" content=\"article\" \/>\n<meta property=\"og:title\" content=\"Ein gelungenes Schulfest an unser M\u00fcnster-Mittelschule\u00a0 - M\u00fcnsterschule\" \/>\n<meta property=\"og:description\" content=\"Am 11. Juli 2025 feierte die M\u00fcnster Schulfamlie ihr diesj\u00e4hriges Schulfest mit einem bunten Programm, abwechslungsreichen Aktionen und vielen Leckereien. Sch\u00fclerinnen und Sch\u00fcler, Lehrkr\u00e4fte, Eltern und G\u00e4ste kamen zusammen, um gemeinsam einen fr\u00f6hlichen Nachmittag zu verbringen.&nbsp; Nach der feierlichen Er\u00f6ffnung durch das Moderatorenteam und herzlichen Gru\u00dfworten der Schulleitung sorgten zwei Sch\u00fclerinnen der Klasse 9a mit&hellip;&nbsp;Weiterlesen &raquo;Ein gelungenes Schulfest an unser M\u00fcnster-Mittelschule\u00a0\" \/>\n<meta property=\"og:url\" content=\"https:\/\/www.muensterschule-hof.de\/wordpress\/ein-gelungenes-schulfest-an-unser-muenster-mittelschule\/\" \/>\n<meta property=\"og:site_name\" content=\"M\u00fcnsterschule\" \/>\n<meta property=\"article:published_time\" content=\"2025-07-17T21:03:42+00:00\" \/>\n<meta property=\"article:modified_time\" content=\"2025-07-17T21:03:44+00:00\" \/>\n<meta property=\"og:image\" content=\"https:\/\/www.muensterschule-hof.de\/wordpress\/wp-content\/uploads\/2025\/07\/7C4AF0C1-0AD0-4544-A3CC-074FFE1F3B01_4_5005_c.jpeg\" \/>\n\t<meta property=\"og:image:width\" content=\"360\" \/>\n\t<meta property=\"og:image:height\" content=\"480\" \/>\n\t<meta property=\"og:image:type\" content=\"image\/jpeg\" \/>\n<meta name=\"author\" content=\"wpadmin\" \/>\n<meta name=\"twitter:card\" content=\"summary_large_image\" \/>\n<meta name=\"twitter:label1\" content=\"Verfasst von\" \/>\n\t<meta name=\"twitter:data1\" content=\"wpadmin\" \/>\n\t<meta name=\"twitter:label2\" content=\"Gesch\u00e4tzte Lesezeit\" \/>\n\t<meta name=\"twitter:data2\" content=\"3\u00a0Minuten\" \/>\n<script type=\"application\/ld+json\" class=\"yoast-schema-graph\">{\"@context\":\"https:\\\/\\\/schema.org\",\"@graph\":[{\"@type\":\"Article\",\"@id\":\"https:\\\/\\\/www.muensterschule-hof.de\\\/wordpress\\\/ein-gelungenes-schulfest-an-unser-muenster-mittelschule\\\/#article\",\"isPartOf\":{\"@id\":\"https:\\\/\\\/www.muensterschule-hof.de\\\/wordpress\\\/ein-gelungenes-schulfest-an-unser-muenster-mittelschule\\\/\"},\"author\":{\"name\":\"wpadmin\",\"@id\":\"https:\\\/\\\/www.muensterschule-hof.de\\\/wordpress\\\/#\\\/schema\\\/person\\\/de58534e4cef400557500dff7aaa25b0\"},\"headline\":\"Ein gelungenes Schulfest an unser M\u00fcnster-Mittelschule\u00a0\",\"datePublished\":\"2025-07-17T21:03:42+00:00\",\"dateModified\":\"2025-07-17T21:03:44+00:00\",\"mainEntityOfPage\":{\"@id\":\"https:\\\/\\\/www.muensterschule-hof.de\\\/wordpress\\\/ein-gelungenes-schulfest-an-unser-muenster-mittelschule\\\/\"},\"wordCount\":372,\"publisher\":{\"@id\":\"https:\\\/\\\/www.muensterschule-hof.de\\\/wordpress\\\/#organization\"},\"image\":{\"@id\":\"https:\\\/\\\/www.muensterschule-hof.de\\\/wordpress\\\/ein-gelungenes-schulfest-an-unser-muenster-mittelschule\\\/#primaryimage\"},\"thumbnailUrl\":\"https:\\\/\\\/www.muensterschule-hof.de\\\/wordpress\\\/wp-content\\\/uploads\\\/2025\\\/07\\\/7C4AF0C1-0AD0-4544-A3CC-074FFE1F3B01_4_5005_c.jpeg\",\"keywords\":[\"Schulfest\"],\"articleSection\":[\"Aktuelles\"],\"inLanguage\":\"de\"},{\"@type\":\"WebPage\",\"@id\":\"https:\\\/\\\/www.muensterschule-hof.de\\\/wordpress\\\/ein-gelungenes-schulfest-an-unser-muenster-mittelschule\\\/\",\"url\":\"https:\\\/\\\/www.muensterschule-hof.de\\\/wordpress\\\/ein-gelungenes-schulfest-an-unser-muenster-mittelschule\\\/\",\"name\":\"Ein gelungenes Schulfest an unser M\u00fcnster-Mittelschule\u00a0 - M\u00fcnsterschule\",\"isPartOf\":{\"@id\":\"https:\\\/\\\/www.muensterschule-hof.de\\\/wordpress\\\/#website\"},\"primaryImageOfPage\":{\"@id\":\"https:\\\/\\\/www.muensterschule-hof.de\\\/wordpress\\\/ein-gelungenes-schulfest-an-unser-muenster-mittelschule\\\/#primaryimage\"},\"image\":{\"@id\":\"https:\\\/\\\/www.muensterschule-hof.de\\\/wordpress\\\/ein-gelungenes-schulfest-an-unser-muenster-mittelschule\\\/#primaryimage\"},\"thumbnailUrl\":\"https:\\\/\\\/www.muensterschule-hof.de\\\/wordpress\\\/wp-content\\\/uploads\\\/2025\\\/07\\\/7C4AF0C1-0AD0-4544-A3CC-074FFE1F3B01_4_5005_c.jpeg\",\"datePublished\":\"2025-07-17T21:03:42+00:00\",\"dateModified\":\"2025-07-17T21:03:44+00:00\",\"breadcrumb\":{\"@id\":\"https:\\\/\\\/www.muensterschule-hof.de\\\/wordpress\\\/ein-gelungenes-schulfest-an-unser-muenster-mittelschule\\\/#breadcrumb\"},\"inLanguage\":\"de\",\"potentialAction\":[{\"@type\":\"ReadAction\",\"target\":[\"https:\\\/\\\/www.muensterschule-hof.de\\\/wordpress\\\/ein-gelungenes-schulfest-an-unser-muenster-mittelschule\\\/\"]}]},{\"@type\":\"ImageObject\",\"inLanguage\":\"de\",\"@id\":\"https:\\\/\\\/www.muensterschule-hof.de\\\/wordpress\\\/ein-gelungenes-schulfest-an-unser-muenster-mittelschule\\\/#primaryimage\",\"url\":\"https:\\\/\\\/www.muensterschule-hof.de\\\/wordpress\\\/wp-content\\\/uploads\\\/2025\\\/07\\\/7C4AF0C1-0AD0-4544-A3CC-074FFE1F3B01_4_5005_c.jpeg\",\"contentUrl\":\"https:\\\/\\\/www.muensterschule-hof.de\\\/wordpress\\\/wp-content\\\/uploads\\\/2025\\\/07\\\/7C4AF0C1-0AD0-4544-A3CC-074FFE1F3B01_4_5005_c.jpeg\",\"width\":360,\"height\":480},{\"@type\":\"BreadcrumbList\",\"@id\":\"https:\\\/\\\/www.muensterschule-hof.de\\\/wordpress\\\/ein-gelungenes-schulfest-an-unser-muenster-mittelschule\\\/#breadcrumb\",\"itemListElement\":[{\"@type\":\"ListItem\",\"position\":1,\"name\":\"Startseite\",\"item\":\"https:\\\/\\\/www.muensterschule-hof.de\\\/wordpress\\\/\"},{\"@type\":\"ListItem\",\"position\":2,\"name\":\"Ein gelungenes Schulfest an unser M\u00fcnster-Mittelschule\u00a0\"}]},{\"@type\":\"WebSite\",\"@id\":\"https:\\\/\\\/www.muensterschule-hof.de\\\/wordpress\\\/#website\",\"url\":\"https:\\\/\\\/www.muensterschule-hof.de\\\/wordpress\\\/\",\"name\":\"M\u00fcnsterschule\",\"description\":\"Deine Mittelschule in Hof\",\"publisher\":{\"@id\":\"https:\\\/\\\/www.muensterschule-hof.de\\\/wordpress\\\/#organization\"},\"alternateName\":\"MMS Hof\",\"potentialAction\":[{\"@type\":\"SearchAction\",\"target\":{\"@type\":\"EntryPoint\",\"urlTemplate\":\"https:\\\/\\\/www.muensterschule-hof.de\\\/wordpress\\\/?s={search_term_string}\"},\"query-input\":{\"@type\":\"PropertyValueSpecification\",\"valueRequired\":true,\"valueName\":\"search_term_string\"}}],\"inLanguage\":\"de\"},{\"@type\":\"Organization\",\"@id\":\"https:\\\/\\\/www.muensterschule-hof.de\\\/wordpress\\\/#organization\",\"name\":\"M\u00fcnster-Mittelschule Hof\",\"alternateName\":\"MMS Hof\",\"url\":\"https:\\\/\\\/www.muensterschule-hof.de\\\/wordpress\\\/\",\"logo\":{\"@type\":\"ImageObject\",\"inLanguage\":\"de\",\"@id\":\"https:\\\/\\\/www.muensterschule-hof.de\\\/wordpress\\\/#\\\/schema\\\/logo\\\/image\\\/\",\"url\":\"https:\\\/\\\/www.muensterschule-hof.de\\\/wordpress\\\/wp-content\\\/uploads\\\/2018\\\/05\\\/cropped-MMS-Hof-final-1.png\",\"contentUrl\":\"https:\\\/\\\/www.muensterschule-hof.de\\\/wordpress\\\/wp-content\\\/uploads\\\/2018\\\/05\\\/cropped-MMS-Hof-final-1.png\",\"width\":512,\"height\":512,\"caption\":\"M\u00fcnster-Mittelschule Hof\"},\"image\":{\"@id\":\"https:\\\/\\\/www.muensterschule-hof.de\\\/wordpress\\\/#\\\/schema\\\/logo\\\/image\\\/\"}},{\"@type\":\"Person\",\"@id\":\"https:\\\/\\\/www.muensterschule-hof.de\\\/wordpress\\\/#\\\/schema\\\/person\\\/de58534e4cef400557500dff7aaa25b0\",\"name\":\"wpadmin\",\"image\":{\"@type\":\"ImageObject\",\"inLanguage\":\"de\",\"@id\":\"https:\\\/\\\/secure.gravatar.com\\\/avatar\\\/d9cd22045d4ad9ac54235e981c866f9317666429d45f49a3dc409314ab7be359?s=96&d=mm&r=g\",\"url\":\"https:\\\/\\\/secure.gravatar.com\\\/avatar\\\/d9cd22045d4ad9ac54235e981c866f9317666429d45f49a3dc409314ab7be359?s=96&d=mm&r=g\",\"contentUrl\":\"https:\\\/\\\/secure.gravatar.com\\\/avatar\\\/d9cd22045d4ad9ac54235e981c866f9317666429d45f49a3dc409314ab7be359?s=96&d=mm&r=g\",\"caption\":\"wpadmin\"},\"url\":\"https:\\\/\\\/www.muensterschule-hof.de\\\/wordpress\\\/author\\\/wpadmin\\\/\"}]}<\/script>\n<!-- \/ Yoast SEO plugin. -->","yoast_head_json":{"title":"Ein gelungenes Schulfest an unser M\u00fcnster-Mittelschule\u00a0 - M\u00fcnsterschule","robots":{"index":"index","follow":"follow","max-snippet":"max-snippet:-1","max-image-preview":"max-image-preview:large","max-video-preview":"max-video-preview:-1"},"canonical":"https:\/\/www.muensterschule-hof.de\/wordpress\/ein-gelungenes-schulfest-an-unser-muenster-mittelschule\/","og_locale":"de_DE","og_type":"article","og_title":"Ein gelungenes Schulfest an unser M\u00fcnster-Mittelschule\u00a0 - M\u00fcnsterschule","og_description":"Am 11. Juli 2025 feierte die M\u00fcnster Schulfamlie ihr diesj\u00e4hriges Schulfest mit einem bunten Programm, abwechslungsreichen Aktionen und vielen Leckereien. Sch\u00fclerinnen und Sch\u00fcler, Lehrkr\u00e4fte, Eltern und G\u00e4ste kamen zusammen, um gemeinsam einen fr\u00f6hlichen Nachmittag zu verbringen.&nbsp; Nach der feierlichen Er\u00f6ffnung durch das Moderatorenteam und herzlichen Gru\u00dfworten der Schulleitung sorgten zwei Sch\u00fclerinnen der Klasse 9a mit&hellip;&nbsp;Weiterlesen &raquo;Ein gelungenes Schulfest an unser M\u00fcnster-Mittelschule\u00a0","og_url":"https:\/\/www.muensterschule-hof.de\/wordpress\/ein-gelungenes-schulfest-an-unser-muenster-mittelschule\/","og_site_name":"M\u00fcnsterschule","article_published_time":"2025-07-17T21:03:42+00:00","article_modified_time":"2025-07-17T21:03:44+00:00","og_image":[{"width":360,"height":480,"url":"https:\/\/www.muensterschule-hof.de\/wordpress\/wp-content\/uploads\/2025\/07\/7C4AF0C1-0AD0-4544-A3CC-074FFE1F3B01_4_5005_c.jpeg","type":"image\/jpeg"}],"author":"wpadmin","twitter_card":"summary_large_image","twitter_misc":{"Verfasst von":"wpadmin","Gesch\u00e4tzte Lesezeit":"3\u00a0Minuten"},"schema":{"@context":"https:\/\/schema.org","@graph":[{"@type":"Article","@id":"https:\/\/www.muensterschule-hof.de\/wordpress\/ein-gelungenes-schulfest-an-unser-muenster-mittelschule\/#article","isPartOf":{"@id":"https:\/\/www.muensterschule-hof.de\/wordpress\/ein-gelungenes-schulfest-an-unser-muenster-mittelschule\/"},"author":{"name":"wpadmin","@id":"https:\/\/www.muensterschule-hof.de\/wordpress\/#\/schema\/person\/de58534e4cef400557500dff7aaa25b0"},"headline":"Ein gelungenes Schulfest an unser M\u00fcnster-Mittelschule\u00a0","datePublished":"2025-07-17T21:03:42+00:00","dateModified":"2025-07-17T21:03:44+00:00","mainEntityOfPage":{"@id":"https:\/\/www.muensterschule-hof.de\/wordpress\/ein-gelungenes-schulfest-an-unser-muenster-mittelschule\/"},"wordCount":372,"publisher":{"@id":"https:\/\/www.muensterschule-hof.de\/wordpress\/#organization"},"image":{"@id":"https:\/\/www.muensterschule-hof.de\/wordpress\/ein-gelungenes-schulfest-an-unser-muenster-mittelschule\/#primaryimage"},"thumbnailUrl":"https:\/\/www.muensterschule-hof.de\/wordpress\/wp-content\/uploads\/2025\/07\/7C4AF0C1-0AD0-4544-A3CC-074FFE1F3B01_4_5005_c.jpeg","keywords":["Schulfest"],"articleSection":["Aktuelles"],"inLanguage":"de"},{"@type":"WebPage","@id":"https:\/\/www.muensterschule-hof.de\/wordpress\/ein-gelungenes-schulfest-an-unser-muenster-mittelschule\/","url":"https:\/\/www.muensterschule-hof.de\/wordpress\/ein-gelungenes-schulfest-an-unser-muenster-mittelschule\/","name":"Ein gelungenes Schulfest an unser M\u00fcnster-Mittelschule\u00a0 - M\u00fcnsterschule","isPartOf":{"@id":"https:\/\/www.muensterschule-hof.de\/wordpress\/#website"},"primaryImageOfPage":{"@id":"https:\/\/www.muensterschule-hof.de\/wordpress\/ein-gelungenes-schulfest-an-unser-muenster-mittelschule\/#primaryimage"},"image":{"@id":"https:\/\/www.muensterschule-hof.de\/wordpress\/ein-gelungenes-schulfest-an-unser-muenster-mittelschule\/#primaryimage"},"thumbnailUrl":"https:\/\/www.muensterschule-hof.de\/wordpress\/wp-content\/uploads\/2025\/07\/7C4AF0C1-0AD0-4544-A3CC-074FFE1F3B01_4_5005_c.jpeg","datePublished":"2025-07-17T21:03:42+00:00","dateModified":"2025-07-17T21:03:44+00:00","breadcrumb":{"@id":"https:\/\/www.muensterschule-hof.de\/wordpress\/ein-gelungenes-schulfest-an-unser-muenster-mittelschule\/#breadcrumb"},"inLanguage":"de","potentialAction":[{"@type":"ReadAction","target":["https:\/\/www.muensterschule-hof.de\/wordpress\/ein-gelungenes-schulfest-an-unser-muenster-mittelschule\/"]}]},{"@type":"ImageObject","inLanguage":"de","@id":"https:\/\/www.muensterschule-hof.de\/wordpress\/ein-gelungenes-schulfest-an-unser-muenster-mittelschule\/#primaryimage","url":"https:\/\/www.muensterschule-hof.de\/wordpress\/wp-content\/uploads\/2025\/07\/7C4AF0C1-0AD0-4544-A3CC-074FFE1F3B01_4_5005_c.jpeg","contentUrl":"https:\/\/www.muensterschule-hof.de\/wordpress\/wp-content\/uploads\/2025\/07\/7C4AF0C1-0AD0-4544-A3CC-074FFE1F3B01_4_5005_c.jpeg","width":360,"height":480},{"@type":"BreadcrumbList","@id":"https:\/\/www.muensterschule-hof.de\/wordpress\/ein-gelungenes-schulfest-an-unser-muenster-mittelschule\/#breadcrumb","itemListElement":[{"@type":"ListItem","position":1,"name":"Startseite","item":"https:\/\/www.muensterschule-hof.de\/wordpress\/"},{"@type":"ListItem","position":2,"name":"Ein gelungenes Schulfest an unser M\u00fcnster-Mittelschule\u00a0"}]},{"@type":"WebSite","@id":"https:\/\/www.muensterschule-hof.de\/wordpress\/#website","url":"https:\/\/www.muensterschule-hof.de\/wordpress\/","name":"M\u00fcnsterschule","description":"Deine Mittelschule in Hof","publisher":{"@id":"https:\/\/www.muensterschule-hof.de\/wordpress\/#organization"},"alternateName":"MMS Hof","potentialAction":[{"@type":"SearchAction","target":{"@type":"EntryPoint","urlTemplate":"https:\/\/www.muensterschule-hof.de\/wordpress\/?s={search_term_string}"},"query-input":{"@type":"PropertyValueSpecification","valueRequired":true,"valueName":"search_term_string"}}],"inLanguage":"de"},{"@type":"Organization","@id":"https:\/\/www.muensterschule-hof.de\/wordpress\/#organization","name":"M\u00fcnster-Mittelschule Hof","alternateName":"MMS Hof","url":"https:\/\/www.muensterschule-hof.de\/wordpress\/","logo":{"@type":"ImageObject","inLanguage":"de","@id":"https:\/\/www.muensterschule-hof.de\/wordpress\/#\/schema\/logo\/image\/","url":"https:\/\/www.muensterschule-hof.de\/wordpress\/wp-content\/uploads\/2018\/05\/cropped-MMS-Hof-final-1.png","contentUrl":"https:\/\/www.muensterschule-hof.de\/wordpress\/wp-content\/uploads\/2018\/05\/cropped-MMS-Hof-final-1.png","width":512,"height":512,"caption":"M\u00fcnster-Mittelschule Hof"},"image":{"@id":"https:\/\/www.muensterschule-hof.de\/wordpress\/#\/schema\/logo\/image\/"}},{"@type":"Person","@id":"https:\/\/www.muensterschule-hof.de\/wordpress\/#\/schema\/person\/de58534e4cef400557500dff7aaa25b0","name":"wpadmin","image":{"@type":"ImageObject","inLanguage":"de","@id":"https:\/\/secure.gravatar.com\/avatar\/d9cd22045d4ad9ac54235e981c866f9317666429d45f49a3dc409314ab7be359?s=96&d=mm&r=g","url":"https:\/\/secure.gravatar.com\/avatar\/d9cd22045d4ad9ac54235e981c866f9317666429d45f49a3dc409314ab7be359?s=96&d=mm&r=g","contentUrl":"https:\/\/secure.gravatar.com\/avatar\/d9cd22045d4ad9ac54235e981c866f9317666429d45f49a3dc409314ab7be359?s=96&d=mm&r=g","caption":"wpadmin"},"url":"https:\/\/www.muensterschule-hof.de\/wordpress\/author\/wpadmin\/"}]}},"_links":{"self":[{"href":"https:\/\/www.muensterschule-hof.de\/wordpress\/wp-json\/wp\/v2\/posts\/4027","targetHints":{"allow":["GET"]}}],"collection":[{"href":"https:\/\/www.muensterschule-hof.de\/wordpress\/wp-json\/wp\/v2\/posts"}],"about":[{"href":"https:\/\/www.muensterschule-hof.de\/wordpress\/wp-json\/wp\/v2\/types\/post"}],"author":[{"embeddable":true,"href":"https:\/\/www.muensterschule-hof.de\/wordpress\/wp-json\/wp\/v2\/users\/1"}],"replies":[{"embeddable":true,"href":"https:\/\/www.muensterschule-hof.de\/wordpress\/wp-json\/wp\/v2\/comments?post=4027"}],"version-history":[{"count":1,"href":"https:\/\/www.muensterschule-hof.de\/wordpress\/wp-json\/wp\/v2\/posts\/4027\/revisions"}],"predecessor-version":[{"id":4032,"href":"https:\/\/www.muensterschule-hof.de\/wordpress\/wp-json\/wp\/v2\/posts\/4027\/revisions\/4032"}],"wp:featuredmedia":[{"embeddable":true,"href":"https:\/\/www.muensterschule-hof.de\/wordpress\/wp-json\/wp\/v2\/media\/4028"}],"wp:attachment":[{"href":"https:\/\/www.muensterschule-hof.de\/wordpress\/wp-json\/wp\/v2\/media?parent=4027"}],"wp:term":[{"taxonomy":"category","embeddable":true,"href":"https:\/\/www.muensterschule-hof.de\/wordpress\/wp-json\/wp\/v2\/categories?post=4027"},{"taxonomy":"post_tag","embeddable":true,"href":"https:\/\/www.muensterschule-hof.de\/wordpress\/wp-json\/wp\/v2\/tags?post=4027"}],"curies":[{"name":"wp","href":"https:\/\/api.w.org\/{rel}","templated":true}]}}