{"id":4033,"date":"2025-07-17T21:07:46","date_gmt":"2025-07-17T21:07:46","guid":{"rendered":"https:\/\/www.muensterschule-hof.de\/wordpress\/?p=4033"},"modified":"2025-07-17T21:09:02","modified_gmt":"2025-07-17T21:09:02","slug":"volle-begeisterung-am-ball-unsere-fussball-ag-fuer-die-5-und-6-klassen","status":"publish","type":"post","link":"https:\/\/www.muensterschule-hof.de\/wordpress\/volle-begeisterung-am-ball-unsere-fussball-ag-fuer-die-5-und-6-klassen\/","title":{"rendered":"Volle Begeisterung am Ball\u00a0"},"content":{"rendered":"\n<p>Jeden Donnerstag in der 8. und 9. Stunde hie\u00df es f\u00fcr fu\u00dfballbegeisterte Sch\u00fclerinnen und Sch\u00fcler der 5. und 6. Klassen: Trikots an, raus auf den Platz und los geht\u2019s! Beim w\u00f6chentlichen Fu\u00dfballtreff standen neben Spiel und Spa\u00df vor allem die grundlegenden Techniken des Spiels im Mittelpunkt.<\/p>\n\n\n\n<p>Ob Passen, Dribbeln, Torschuss oder Teamspiel \u2013 es wurde flei\u00dfig ge\u00fcbt, ausprobiert und sich immer weiter verbessert. Nat\u00fcrlich kam auch das eigentliche Spiel nie zu kurz,&nbsp;<\/p>\n\n\n\n<p>Ein besonderes Highlight wartete zum Abschluss: <strong>Am 5. Juni war das DFB-Mobil zu Gast an unserer Schule!<\/strong> Mit im Gep\u00e4ck: ein professionelles Training, neue \u00dcbungen, spannende Spielformen und jede Menge Motivation. Die Begeisterung war sp\u00fcrbar \u2013 und f\u00fcr viele war dieser Besuch das absolute Highlight der AG-Zeit.&nbsp;<\/p>\n\n\n\n<figure class=\"wp-block-gallery has-nested-images columns-default is-cropped wp-block-gallery-1 is-layout-flex wp-block-gallery-is-layout-flex\">\n<figure class=\"wp-block-image size-large\"><img loading=\"lazy\" decoding=\"async\" width=\"480\" height=\"360\" data-id=\"4034\" src=\"https:\/\/www.muensterschule-hof.de\/wordpress\/wp-content\/uploads\/2025\/07\/E4FECB1A-C4BE-4B24-8CA0-E7E482B7D3A6_4_5005_c.jpeg\" alt=\"\" class=\"wp-image-4034\"\/><\/figure>\n\n\n\n<figure class=\"wp-block-image size-large\"><img loading=\"lazy\" decoding=\"async\" width=\"480\" height=\"360\" data-id=\"4035\" src=\"https:\/\/www.muensterschule-hof.de\/wordpress\/wp-content\/uploads\/2025\/07\/6711DA5E-BF6A-4F91-AACF-6C10123569FB_4_5005_c.jpeg\" alt=\"\" class=\"wp-image-4035\"\/><\/figure>\n<\/figure>\n","protected":false},"excerpt":{"rendered":"<p>Jeden Donnerstag in der 8. und 9. Stunde hie\u00df es f\u00fcr fu\u00dfballbegeisterte Sch\u00fclerinnen und Sch\u00fcler der 5. und 6. Klassen: Trikots an, raus auf den Platz und los geht\u2019s! Beim w\u00f6chentlichen Fu\u00dfballtreff standen neben Spiel und Spa\u00df vor allem die grundlegenden Techniken des Spiels im Mittelpunkt. Ob Passen, Dribbeln, Torschuss oder Teamspiel \u2013 es wurde&hellip;&nbsp;<a href=\"https:\/\/www.muensterschule-hof.de\/wordpress\/volle-begeisterung-am-ball-unsere-fussball-ag-fuer-die-5-und-6-klassen\/\" rel=\"bookmark\">Weiterlesen &raquo;<span class=\"screen-reader-text\">Volle Begeisterung am Ball\u00a0<\/span><\/a><\/p>\n","protected":false},"author":1,"featured_media":4036,"comment_status":"closed","ping_status":"closed","sticky":false,"template":"","format":"standard","meta":{"neve_meta_sidebar":"","neve_meta_container":"","neve_meta_enable_content_width":"","neve_meta_content_width":0,"neve_meta_title_alignment":"","neve_meta_author_avatar":"","neve_post_elements_order":"","neve_meta_disable_header":"","neve_meta_disable_footer":"","neve_meta_disable_title":"","footnotes":""},"categories":[1],"tags":[142],"class_list":["post-4033","post","type-post","status-publish","format-standard","has-post-thumbnail","hentry","category-uncategorized","tag-fussball"],"yoast_head":"<!-- This site is optimized with the Yoast SEO plugin v27.4 - https:\/\/yoast.com\/product\/yoast-seo-wordpress\/ -->\n<title>Volle Begeisterung am Ball\u00a0 - M\u00fcnsterschule<\/title>\n<meta name=\"robots\" content=\"index, follow, max-snippet:-1, max-image-preview:large, max-video-preview:-1\" \/>\n<link rel=\"canonical\" href=\"https:\/\/www.muensterschule-hof.de\/wordpress\/volle-begeisterung-am-ball-unsere-fussball-ag-fuer-die-5-und-6-klassen\/\" \/>\n<meta property=\"og:locale\" content=\"de_DE\" \/>\n<meta property=\"og:type\" content=\"article\" \/>\n<meta property=\"og:title\" content=\"Volle Begeisterung am Ball\u00a0 - M\u00fcnsterschule\" \/>\n<meta property=\"og:description\" content=\"Jeden Donnerstag in der 8. und 9. Stunde hie\u00df es f\u00fcr fu\u00dfballbegeisterte Sch\u00fclerinnen und Sch\u00fcler der 5. und 6. Klassen: Trikots an, raus auf den Platz und los geht\u2019s! Beim w\u00f6chentlichen Fu\u00dfballtreff standen neben Spiel und Spa\u00df vor allem die grundlegenden Techniken des Spiels im Mittelpunkt. Ob Passen, Dribbeln, Torschuss oder Teamspiel \u2013 es wurde&hellip;&nbsp;Weiterlesen &raquo;Volle Begeisterung am Ball\u00a0\" \/>\n<meta property=\"og:url\" content=\"https:\/\/www.muensterschule-hof.de\/wordpress\/volle-begeisterung-am-ball-unsere-fussball-ag-fuer-die-5-und-6-klassen\/\" \/>\n<meta property=\"og:site_name\" content=\"M\u00fcnsterschule\" \/>\n<meta property=\"article:published_time\" content=\"2025-07-17T21:07:46+00:00\" \/>\n<meta property=\"article:modified_time\" content=\"2025-07-17T21:09:02+00:00\" \/>\n<meta property=\"og:image\" content=\"https:\/\/www.muensterschule-hof.de\/wordpress\/wp-content\/uploads\/2025\/07\/6FD2FFBF-E177-401E-A4CE-CAED850BC708_1_102_o.jpeg\" \/>\n\t<meta property=\"og:image:width\" content=\"2048\" \/>\n\t<meta property=\"og:image:height\" content=\"1536\" \/>\n\t<meta property=\"og:image:type\" content=\"image\/jpeg\" \/>\n<meta name=\"author\" content=\"wpadmin\" \/>\n<meta name=\"twitter:card\" content=\"summary_large_image\" \/>\n<meta name=\"twitter:label1\" content=\"Verfasst von\" \/>\n\t<meta name=\"twitter:data1\" content=\"wpadmin\" \/>\n\t<meta name=\"twitter:label2\" content=\"Gesch\u00e4tzte Lesezeit\" \/>\n\t<meta name=\"twitter:data2\" content=\"2\u00a0Minuten\" \/>\n<script type=\"application\/ld+json\" class=\"yoast-schema-graph\">{\"@context\":\"https:\\\/\\\/schema.org\",\"@graph\":[{\"@type\":\"Article\",\"@id\":\"https:\\\/\\\/www.muensterschule-hof.de\\\/wordpress\\\/volle-begeisterung-am-ball-unsere-fussball-ag-fuer-die-5-und-6-klassen\\\/#article\",\"isPartOf\":{\"@id\":\"https:\\\/\\\/www.muensterschule-hof.de\\\/wordpress\\\/volle-begeisterung-am-ball-unsere-fussball-ag-fuer-die-5-und-6-klassen\\\/\"},\"author\":{\"name\":\"wpadmin\",\"@id\":\"https:\\\/\\\/www.muensterschule-hof.de\\\/wordpress\\\/#\\\/schema\\\/person\\\/de58534e4cef400557500dff7aaa25b0\"},\"headline\":\"Volle Begeisterung am Ball\u00a0\",\"datePublished\":\"2025-07-17T21:07:46+00:00\",\"dateModified\":\"2025-07-17T21:09:02+00:00\",\"mainEntityOfPage\":{\"@id\":\"https:\\\/\\\/www.muensterschule-hof.de\\\/wordpress\\\/volle-begeisterung-am-ball-unsere-fussball-ag-fuer-die-5-und-6-klassen\\\/\"},\"wordCount\":131,\"publisher\":{\"@id\":\"https:\\\/\\\/www.muensterschule-hof.de\\\/wordpress\\\/#organization\"},\"image\":{\"@id\":\"https:\\\/\\\/www.muensterschule-hof.de\\\/wordpress\\\/volle-begeisterung-am-ball-unsere-fussball-ag-fuer-die-5-und-6-klassen\\\/#primaryimage\"},\"thumbnailUrl\":\"https:\\\/\\\/www.muensterschule-hof.de\\\/wordpress\\\/wp-content\\\/uploads\\\/2025\\\/07\\\/6FD2FFBF-E177-401E-A4CE-CAED850BC708_1_102_o.jpeg\",\"keywords\":[\"Fu\u00dfball\"],\"articleSection\":[\"Uncategorized\"],\"inLanguage\":\"de\"},{\"@type\":\"WebPage\",\"@id\":\"https:\\\/\\\/www.muensterschule-hof.de\\\/wordpress\\\/volle-begeisterung-am-ball-unsere-fussball-ag-fuer-die-5-und-6-klassen\\\/\",\"url\":\"https:\\\/\\\/www.muensterschule-hof.de\\\/wordpress\\\/volle-begeisterung-am-ball-unsere-fussball-ag-fuer-die-5-und-6-klassen\\\/\",\"name\":\"Volle Begeisterung am Ball\u00a0 - M\u00fcnsterschule\",\"isPartOf\":{\"@id\":\"https:\\\/\\\/www.muensterschule-hof.de\\\/wordpress\\\/#website\"},\"primaryImageOfPage\":{\"@id\":\"https:\\\/\\\/www.muensterschule-hof.de\\\/wordpress\\\/volle-begeisterung-am-ball-unsere-fussball-ag-fuer-die-5-und-6-klassen\\\/#primaryimage\"},\"image\":{\"@id\":\"https:\\\/\\\/www.muensterschule-hof.de\\\/wordpress\\\/volle-begeisterung-am-ball-unsere-fussball-ag-fuer-die-5-und-6-klassen\\\/#primaryimage\"},\"thumbnailUrl\":\"https:\\\/\\\/www.muensterschule-hof.de\\\/wordpress\\\/wp-content\\\/uploads\\\/2025\\\/07\\\/6FD2FFBF-E177-401E-A4CE-CAED850BC708_1_102_o.jpeg\",\"datePublished\":\"2025-07-17T21:07:46+00:00\",\"dateModified\":\"2025-07-17T21:09:02+00:00\",\"breadcrumb\":{\"@id\":\"https:\\\/\\\/www.muensterschule-hof.de\\\/wordpress\\\/volle-begeisterung-am-ball-unsere-fussball-ag-fuer-die-5-und-6-klassen\\\/#breadcrumb\"},\"inLanguage\":\"de\",\"potentialAction\":[{\"@type\":\"ReadAction\",\"target\":[\"https:\\\/\\\/www.muensterschule-hof.de\\\/wordpress\\\/volle-begeisterung-am-ball-unsere-fussball-ag-fuer-die-5-und-6-klassen\\\/\"]}]},{\"@type\":\"ImageObject\",\"inLanguage\":\"de\",\"@id\":\"https:\\\/\\\/www.muensterschule-hof.de\\\/wordpress\\\/volle-begeisterung-am-ball-unsere-fussball-ag-fuer-die-5-und-6-klassen\\\/#primaryimage\",\"url\":\"https:\\\/\\\/www.muensterschule-hof.de\\\/wordpress\\\/wp-content\\\/uploads\\\/2025\\\/07\\\/6FD2FFBF-E177-401E-A4CE-CAED850BC708_1_102_o.jpeg\",\"contentUrl\":\"https:\\\/\\\/www.muensterschule-hof.de\\\/wordpress\\\/wp-content\\\/uploads\\\/2025\\\/07\\\/6FD2FFBF-E177-401E-A4CE-CAED850BC708_1_102_o.jpeg\",\"width\":2048,\"height\":1536},{\"@type\":\"BreadcrumbList\",\"@id\":\"https:\\\/\\\/www.muensterschule-hof.de\\\/wordpress\\\/volle-begeisterung-am-ball-unsere-fussball-ag-fuer-die-5-und-6-klassen\\\/#breadcrumb\",\"itemListElement\":[{\"@type\":\"ListItem\",\"position\":1,\"name\":\"Startseite\",\"item\":\"https:\\\/\\\/www.muensterschule-hof.de\\\/wordpress\\\/\"},{\"@type\":\"ListItem\",\"position\":2,\"name\":\"Volle Begeisterung am Ball\u00a0\"}]},{\"@type\":\"WebSite\",\"@id\":\"https:\\\/\\\/www.muensterschule-hof.de\\\/wordpress\\\/#website\",\"url\":\"https:\\\/\\\/www.muensterschule-hof.de\\\/wordpress\\\/\",\"name\":\"M\u00fcnsterschule\",\"description\":\"Deine Mittelschule in Hof\",\"publisher\":{\"@id\":\"https:\\\/\\\/www.muensterschule-hof.de\\\/wordpress\\\/#organization\"},\"alternateName\":\"MMS Hof\",\"potentialAction\":[{\"@type\":\"SearchAction\",\"target\":{\"@type\":\"EntryPoint\",\"urlTemplate\":\"https:\\\/\\\/www.muensterschule-hof.de\\\/wordpress\\\/?s={search_term_string}\"},\"query-input\":{\"@type\":\"PropertyValueSpecification\",\"valueRequired\":true,\"valueName\":\"search_term_string\"}}],\"inLanguage\":\"de\"},{\"@type\":\"Organization\",\"@id\":\"https:\\\/\\\/www.muensterschule-hof.de\\\/wordpress\\\/#organization\",\"name\":\"M\u00fcnster-Mittelschule Hof\",\"alternateName\":\"MMS Hof\",\"url\":\"https:\\\/\\\/www.muensterschule-hof.de\\\/wordpress\\\/\",\"logo\":{\"@type\":\"ImageObject\",\"inLanguage\":\"de\",\"@id\":\"https:\\\/\\\/www.muensterschule-hof.de\\\/wordpress\\\/#\\\/schema\\\/logo\\\/image\\\/\",\"url\":\"https:\\\/\\\/www.muensterschule-hof.de\\\/wordpress\\\/wp-content\\\/uploads\\\/2018\\\/05\\\/cropped-MMS-Hof-final-1.png\",\"contentUrl\":\"https:\\\/\\\/www.muensterschule-hof.de\\\/wordpress\\\/wp-content\\\/uploads\\\/2018\\\/05\\\/cropped-MMS-Hof-final-1.png\",\"width\":512,\"height\":512,\"caption\":\"M\u00fcnster-Mittelschule Hof\"},\"image\":{\"@id\":\"https:\\\/\\\/www.muensterschule-hof.de\\\/wordpress\\\/#\\\/schema\\\/logo\\\/image\\\/\"}},{\"@type\":\"Person\",\"@id\":\"https:\\\/\\\/www.muensterschule-hof.de\\\/wordpress\\\/#\\\/schema\\\/person\\\/de58534e4cef400557500dff7aaa25b0\",\"name\":\"wpadmin\",\"image\":{\"@type\":\"ImageObject\",\"inLanguage\":\"de\",\"@id\":\"https:\\\/\\\/secure.gravatar.com\\\/avatar\\\/d9cd22045d4ad9ac54235e981c866f9317666429d45f49a3dc409314ab7be359?s=96&d=mm&r=g\",\"url\":\"https:\\\/\\\/secure.gravatar.com\\\/avatar\\\/d9cd22045d4ad9ac54235e981c866f9317666429d45f49a3dc409314ab7be359?s=96&d=mm&r=g\",\"contentUrl\":\"https:\\\/\\\/secure.gravatar.com\\\/avatar\\\/d9cd22045d4ad9ac54235e981c866f9317666429d45f49a3dc409314ab7be359?s=96&d=mm&r=g\",\"caption\":\"wpadmin\"},\"url\":\"https:\\\/\\\/www.muensterschule-hof.de\\\/wordpress\\\/author\\\/wpadmin\\\/\"}]}<\/script>\n<!-- \/ Yoast SEO plugin. -->","yoast_head_json":{"title":"Volle Begeisterung am Ball\u00a0 - M\u00fcnsterschule","robots":{"index":"index","follow":"follow","max-snippet":"max-snippet:-1","max-image-preview":"max-image-preview:large","max-video-preview":"max-video-preview:-1"},"canonical":"https:\/\/www.muensterschule-hof.de\/wordpress\/volle-begeisterung-am-ball-unsere-fussball-ag-fuer-die-5-und-6-klassen\/","og_locale":"de_DE","og_type":"article","og_title":"Volle Begeisterung am Ball\u00a0 - M\u00fcnsterschule","og_description":"Jeden Donnerstag in der 8. und 9. Stunde hie\u00df es f\u00fcr fu\u00dfballbegeisterte Sch\u00fclerinnen und Sch\u00fcler der 5. und 6. Klassen: Trikots an, raus auf den Platz und los geht\u2019s! Beim w\u00f6chentlichen Fu\u00dfballtreff standen neben Spiel und Spa\u00df vor allem die grundlegenden Techniken des Spiels im Mittelpunkt. Ob Passen, Dribbeln, Torschuss oder Teamspiel \u2013 es wurde&hellip;&nbsp;Weiterlesen &raquo;Volle Begeisterung am Ball\u00a0","og_url":"https:\/\/www.muensterschule-hof.de\/wordpress\/volle-begeisterung-am-ball-unsere-fussball-ag-fuer-die-5-und-6-klassen\/","og_site_name":"M\u00fcnsterschule","article_published_time":"2025-07-17T21:07:46+00:00","article_modified_time":"2025-07-17T21:09:02+00:00","og_image":[{"width":2048,"height":1536,"url":"https:\/\/www.muensterschule-hof.de\/wordpress\/wp-content\/uploads\/2025\/07\/6FD2FFBF-E177-401E-A4CE-CAED850BC708_1_102_o.jpeg","type":"image\/jpeg"}],"author":"wpadmin","twitter_card":"summary_large_image","twitter_misc":{"Verfasst von":"wpadmin","Gesch\u00e4tzte Lesezeit":"2\u00a0Minuten"},"schema":{"@context":"https:\/\/schema.org","@graph":[{"@type":"Article","@id":"https:\/\/www.muensterschule-hof.de\/wordpress\/volle-begeisterung-am-ball-unsere-fussball-ag-fuer-die-5-und-6-klassen\/#article","isPartOf":{"@id":"https:\/\/www.muensterschule-hof.de\/wordpress\/volle-begeisterung-am-ball-unsere-fussball-ag-fuer-die-5-und-6-klassen\/"},"author":{"name":"wpadmin","@id":"https:\/\/www.muensterschule-hof.de\/wordpress\/#\/schema\/person\/de58534e4cef400557500dff7aaa25b0"},"headline":"Volle Begeisterung am Ball\u00a0","datePublished":"2025-07-17T21:07:46+00:00","dateModified":"2025-07-17T21:09:02+00:00","mainEntityOfPage":{"@id":"https:\/\/www.muensterschule-hof.de\/wordpress\/volle-begeisterung-am-ball-unsere-fussball-ag-fuer-die-5-und-6-klassen\/"},"wordCount":131,"publisher":{"@id":"https:\/\/www.muensterschule-hof.de\/wordpress\/#organization"},"image":{"@id":"https:\/\/www.muensterschule-hof.de\/wordpress\/volle-begeisterung-am-ball-unsere-fussball-ag-fuer-die-5-und-6-klassen\/#primaryimage"},"thumbnailUrl":"https:\/\/www.muensterschule-hof.de\/wordpress\/wp-content\/uploads\/2025\/07\/6FD2FFBF-E177-401E-A4CE-CAED850BC708_1_102_o.jpeg","keywords":["Fu\u00dfball"],"articleSection":["Uncategorized"],"inLanguage":"de"},{"@type":"WebPage","@id":"https:\/\/www.muensterschule-hof.de\/wordpress\/volle-begeisterung-am-ball-unsere-fussball-ag-fuer-die-5-und-6-klassen\/","url":"https:\/\/www.muensterschule-hof.de\/wordpress\/volle-begeisterung-am-ball-unsere-fussball-ag-fuer-die-5-und-6-klassen\/","name":"Volle Begeisterung am Ball\u00a0 - M\u00fcnsterschule","isPartOf":{"@id":"https:\/\/www.muensterschule-hof.de\/wordpress\/#website"},"primaryImageOfPage":{"@id":"https:\/\/www.muensterschule-hof.de\/wordpress\/volle-begeisterung-am-ball-unsere-fussball-ag-fuer-die-5-und-6-klassen\/#primaryimage"},"image":{"@id":"https:\/\/www.muensterschule-hof.de\/wordpress\/volle-begeisterung-am-ball-unsere-fussball-ag-fuer-die-5-und-6-klassen\/#primaryimage"},"thumbnailUrl":"https:\/\/www.muensterschule-hof.de\/wordpress\/wp-content\/uploads\/2025\/07\/6FD2FFBF-E177-401E-A4CE-CAED850BC708_1_102_o.jpeg","datePublished":"2025-07-17T21:07:46+00:00","dateModified":"2025-07-17T21:09:02+00:00","breadcrumb":{"@id":"https:\/\/www.muensterschule-hof.de\/wordpress\/volle-begeisterung-am-ball-unsere-fussball-ag-fuer-die-5-und-6-klassen\/#breadcrumb"},"inLanguage":"de","potentialAction":[{"@type":"ReadAction","target":["https:\/\/www.muensterschule-hof.de\/wordpress\/volle-begeisterung-am-ball-unsere-fussball-ag-fuer-die-5-und-6-klassen\/"]}]},{"@type":"ImageObject","inLanguage":"de","@id":"https:\/\/www.muensterschule-hof.de\/wordpress\/volle-begeisterung-am-ball-unsere-fussball-ag-fuer-die-5-und-6-klassen\/#primaryimage","url":"https:\/\/www.muensterschule-hof.de\/wordpress\/wp-content\/uploads\/2025\/07\/6FD2FFBF-E177-401E-A4CE-CAED850BC708_1_102_o.jpeg","contentUrl":"https:\/\/www.muensterschule-hof.de\/wordpress\/wp-content\/uploads\/2025\/07\/6FD2FFBF-E177-401E-A4CE-CAED850BC708_1_102_o.jpeg","width":2048,"height":1536},{"@type":"BreadcrumbList","@id":"https:\/\/www.muensterschule-hof.de\/wordpress\/volle-begeisterung-am-ball-unsere-fussball-ag-fuer-die-5-und-6-klassen\/#breadcrumb","itemListElement":[{"@type":"ListItem","position":1,"name":"Startseite","item":"https:\/\/www.muensterschule-hof.de\/wordpress\/"},{"@type":"ListItem","position":2,"name":"Volle Begeisterung am Ball\u00a0"}]},{"@type":"WebSite","@id":"https:\/\/www.muensterschule-hof.de\/wordpress\/#website","url":"https:\/\/www.muensterschule-hof.de\/wordpress\/","name":"M\u00fcnsterschule","description":"Deine Mittelschule in Hof","publisher":{"@id":"https:\/\/www.muensterschule-hof.de\/wordpress\/#organization"},"alternateName":"MMS Hof","potentialAction":[{"@type":"SearchAction","target":{"@type":"EntryPoint","urlTemplate":"https:\/\/www.muensterschule-hof.de\/wordpress\/?s={search_term_string}"},"query-input":{"@type":"PropertyValueSpecification","valueRequired":true,"valueName":"search_term_string"}}],"inLanguage":"de"},{"@type":"Organization","@id":"https:\/\/www.muensterschule-hof.de\/wordpress\/#organization","name":"M\u00fcnster-Mittelschule Hof","alternateName":"MMS Hof","url":"https:\/\/www.muensterschule-hof.de\/wordpress\/","logo":{"@type":"ImageObject","inLanguage":"de","@id":"https:\/\/www.muensterschule-hof.de\/wordpress\/#\/schema\/logo\/image\/","url":"https:\/\/www.muensterschule-hof.de\/wordpress\/wp-content\/uploads\/2018\/05\/cropped-MMS-Hof-final-1.png","contentUrl":"https:\/\/www.muensterschule-hof.de\/wordpress\/wp-content\/uploads\/2018\/05\/cropped-MMS-Hof-final-1.png","width":512,"height":512,"caption":"M\u00fcnster-Mittelschule Hof"},"image":{"@id":"https:\/\/www.muensterschule-hof.de\/wordpress\/#\/schema\/logo\/image\/"}},{"@type":"Person","@id":"https:\/\/www.muensterschule-hof.de\/wordpress\/#\/schema\/person\/de58534e4cef400557500dff7aaa25b0","name":"wpadmin","image":{"@type":"ImageObject","inLanguage":"de","@id":"https:\/\/secure.gravatar.com\/avatar\/d9cd22045d4ad9ac54235e981c866f9317666429d45f49a3dc409314ab7be359?s=96&d=mm&r=g","url":"https:\/\/secure.gravatar.com\/avatar\/d9cd22045d4ad9ac54235e981c866f9317666429d45f49a3dc409314ab7be359?s=96&d=mm&r=g","contentUrl":"https:\/\/secure.gravatar.com\/avatar\/d9cd22045d4ad9ac54235e981c866f9317666429d45f49a3dc409314ab7be359?s=96&d=mm&r=g","caption":"wpadmin"},"url":"https:\/\/www.muensterschule-hof.de\/wordpress\/author\/wpadmin\/"}]}},"_links":{"self":[{"href":"https:\/\/www.muensterschule-hof.de\/wordpress\/wp-json\/wp\/v2\/posts\/4033","targetHints":{"allow":["GET"]}}],"collection":[{"href":"https:\/\/www.muensterschule-hof.de\/wordpress\/wp-json\/wp\/v2\/posts"}],"about":[{"href":"https:\/\/www.muensterschule-hof.de\/wordpress\/wp-json\/wp\/v2\/types\/post"}],"author":[{"embeddable":true,"href":"https:\/\/www.muensterschule-hof.de\/wordpress\/wp-json\/wp\/v2\/users\/1"}],"replies":[{"embeddable":true,"href":"https:\/\/www.muensterschule-hof.de\/wordpress\/wp-json\/wp\/v2\/comments?post=4033"}],"version-history":[{"count":2,"href":"https:\/\/www.muensterschule-hof.de\/wordpress\/wp-json\/wp\/v2\/posts\/4033\/revisions"}],"predecessor-version":[{"id":4039,"href":"https:\/\/www.muensterschule-hof.de\/wordpress\/wp-json\/wp\/v2\/posts\/4033\/revisions\/4039"}],"wp:featuredmedia":[{"embeddable":true,"href":"https:\/\/www.muensterschule-hof.de\/wordpress\/wp-json\/wp\/v2\/media\/4036"}],"wp:attachment":[{"href":"https:\/\/www.muensterschule-hof.de\/wordpress\/wp-json\/wp\/v2\/media?parent=4033"}],"wp:term":[{"taxonomy":"category","embeddable":true,"href":"https:\/\/www.muensterschule-hof.de\/wordpress\/wp-json\/wp\/v2\/categories?post=4033"},{"taxonomy":"post_tag","embeddable":true,"href":"https:\/\/www.muensterschule-hof.de\/wordpress\/wp-json\/wp\/v2\/tags?post=4033"}],"curies":[{"name":"wp","href":"https:\/\/api.w.org\/{rel}","templated":true}]}}