{"id":4067,"date":"2025-07-23T17:37:52","date_gmt":"2025-07-23T17:37:52","guid":{"rendered":"https:\/\/www.muensterschule-hof.de\/wordpress\/?p=4067"},"modified":"2025-07-23T17:37:55","modified_gmt":"2025-07-23T17:37:55","slug":"sporttag-im-ossecker-stadion","status":"publish","type":"post","link":"https:\/\/www.muensterschule-hof.de\/wordpress\/sporttag-im-ossecker-stadion\/","title":{"rendered":"Sporttag im Ossecker Stadion"},"content":{"rendered":"\n<p>Am <strong>23. Juli 2025<\/strong> fand im <strong>Ossecker Stadion<\/strong> unser diesj\u00e4hriger <strong>Sporttag<\/strong> statt. Bei bestem Wetter traten die Klassen in verschiedenen <strong>Challenges und Spielen<\/strong> gegeneinander an \u2013 mit viel Einsatz, Fairness und guter Laune.<\/p>\n\n\n\n<p>Auf dem Programm standen unter anderem <strong>Weitsprung<\/strong>, <strong>Staffellauf<\/strong> und sogar ein sportliches <strong>Tic Tac Toe<\/strong>. Die Sch\u00fclerinnen und Sch\u00fcler gaben alles und hatten sichtlich <strong>Spa\u00df an Bewegung und Teamwork<\/strong>.<\/p>\n\n\n\n<p>Welche Klasse den Sporttag gewonnen hat, bleibt noch spannend: <strong>Die Siegerklasse wird am Freitag in der ersten Pause bekanntgegeben<\/strong>!<\/p>\n\n\n\n<figure class=\"wp-block-gallery has-nested-images columns-default is-cropped wp-block-gallery-1 is-layout-flex wp-block-gallery-is-layout-flex\">\n<figure class=\"wp-block-image size-large\"><img loading=\"lazy\" decoding=\"async\" width=\"914\" height=\"968\" data-id=\"4069\" src=\"https:\/\/www.muensterschule-hof.de\/wordpress\/wp-content\/uploads\/2025\/07\/Bildschirmfoto-2025-07-23-um-19.38.57.png\" alt=\"\" class=\"wp-image-4069\"\/><\/figure>\n\n\n\n<figure class=\"wp-block-image size-large\"><img loading=\"lazy\" decoding=\"async\" width=\"732\" height=\"824\" data-id=\"4070\" src=\"https:\/\/www.muensterschule-hof.de\/wordpress\/wp-content\/uploads\/2025\/07\/Bildschirmfoto-2025-07-23-um-19.39.10.png\" alt=\"\" class=\"wp-image-4070\"\/><\/figure>\n<\/figure>\n","protected":false},"excerpt":{"rendered":"<p>Am 23. Juli 2025 fand im Ossecker Stadion unser diesj\u00e4hriger Sporttag statt. Bei bestem Wetter traten die Klassen in verschiedenen Challenges und Spielen gegeneinander an \u2013 mit viel Einsatz, Fairness und guter Laune. Auf dem Programm standen unter anderem Weitsprung, Staffellauf und sogar ein sportliches Tic Tac Toe. Die Sch\u00fclerinnen und Sch\u00fcler gaben alles und&hellip;&nbsp;<a href=\"https:\/\/www.muensterschule-hof.de\/wordpress\/sporttag-im-ossecker-stadion\/\" rel=\"bookmark\">Weiterlesen &raquo;<span class=\"screen-reader-text\">Sporttag im Ossecker Stadion<\/span><\/a><\/p>\n","protected":false},"author":1,"featured_media":4068,"comment_status":"closed","ping_status":"closed","sticky":false,"template":"","format":"standard","meta":{"neve_meta_sidebar":"","neve_meta_container":"","neve_meta_enable_content_width":"","neve_meta_content_width":0,"neve_meta_title_alignment":"","neve_meta_author_avatar":"","neve_post_elements_order":"","neve_meta_disable_header":"","neve_meta_disable_footer":"","neve_meta_disable_title":"","footnotes":""},"categories":[50],"tags":[193],"class_list":["post-4067","post","type-post","status-publish","format-standard","has-post-thumbnail","hentry","category-aktuelles","tag-sporttag"],"yoast_head":"<!-- This site is optimized with the Yoast SEO plugin v27.4 - https:\/\/yoast.com\/product\/yoast-seo-wordpress\/ -->\n<title>Sporttag im Ossecker Stadion - M\u00fcnsterschule<\/title>\n<meta name=\"robots\" content=\"index, follow, max-snippet:-1, max-image-preview:large, max-video-preview:-1\" \/>\n<link rel=\"canonical\" href=\"https:\/\/www.muensterschule-hof.de\/wordpress\/sporttag-im-ossecker-stadion\/\" \/>\n<meta property=\"og:locale\" content=\"de_DE\" \/>\n<meta property=\"og:type\" content=\"article\" \/>\n<meta property=\"og:title\" content=\"Sporttag im Ossecker Stadion - M\u00fcnsterschule\" \/>\n<meta property=\"og:description\" content=\"Am 23. Juli 2025 fand im Ossecker Stadion unser diesj\u00e4hriger Sporttag statt. Bei bestem Wetter traten die Klassen in verschiedenen Challenges und Spielen gegeneinander an \u2013 mit viel Einsatz, Fairness und guter Laune. Auf dem Programm standen unter anderem Weitsprung, Staffellauf und sogar ein sportliches Tic Tac Toe. Die Sch\u00fclerinnen und Sch\u00fcler gaben alles und&hellip;&nbsp;Weiterlesen &raquo;Sporttag im Ossecker Stadion\" \/>\n<meta property=\"og:url\" content=\"https:\/\/www.muensterschule-hof.de\/wordpress\/sporttag-im-ossecker-stadion\/\" \/>\n<meta property=\"og:site_name\" content=\"M\u00fcnsterschule\" \/>\n<meta property=\"article:published_time\" content=\"2025-07-23T17:37:52+00:00\" \/>\n<meta property=\"article:modified_time\" content=\"2025-07-23T17:37:55+00:00\" \/>\n<meta property=\"og:image\" content=\"https:\/\/www.muensterschule-hof.de\/wordpress\/wp-content\/uploads\/2025\/07\/Bildschirmfoto-2025-07-23-um-19.38.50.png\" \/>\n\t<meta property=\"og:image:width\" content=\"1366\" \/>\n\t<meta property=\"og:image:height\" content=\"946\" \/>\n\t<meta property=\"og:image:type\" content=\"image\/png\" \/>\n<meta name=\"author\" content=\"wpadmin\" \/>\n<meta name=\"twitter:card\" content=\"summary_large_image\" \/>\n<meta name=\"twitter:label1\" content=\"Verfasst von\" \/>\n\t<meta name=\"twitter:data1\" content=\"wpadmin\" \/>\n\t<meta name=\"twitter:label2\" content=\"Gesch\u00e4tzte Lesezeit\" \/>\n\t<meta name=\"twitter:data2\" content=\"2\u00a0Minuten\" \/>\n<script type=\"application\/ld+json\" class=\"yoast-schema-graph\">{\"@context\":\"https:\\\/\\\/schema.org\",\"@graph\":[{\"@type\":\"Article\",\"@id\":\"https:\\\/\\\/www.muensterschule-hof.de\\\/wordpress\\\/sporttag-im-ossecker-stadion\\\/#article\",\"isPartOf\":{\"@id\":\"https:\\\/\\\/www.muensterschule-hof.de\\\/wordpress\\\/sporttag-im-ossecker-stadion\\\/\"},\"author\":{\"name\":\"wpadmin\",\"@id\":\"https:\\\/\\\/www.muensterschule-hof.de\\\/wordpress\\\/#\\\/schema\\\/person\\\/de58534e4cef400557500dff7aaa25b0\"},\"headline\":\"Sporttag im Ossecker Stadion\",\"datePublished\":\"2025-07-23T17:37:52+00:00\",\"dateModified\":\"2025-07-23T17:37:55+00:00\",\"mainEntityOfPage\":{\"@id\":\"https:\\\/\\\/www.muensterschule-hof.de\\\/wordpress\\\/sporttag-im-ossecker-stadion\\\/\"},\"wordCount\":85,\"publisher\":{\"@id\":\"https:\\\/\\\/www.muensterschule-hof.de\\\/wordpress\\\/#organization\"},\"image\":{\"@id\":\"https:\\\/\\\/www.muensterschule-hof.de\\\/wordpress\\\/sporttag-im-ossecker-stadion\\\/#primaryimage\"},\"thumbnailUrl\":\"https:\\\/\\\/www.muensterschule-hof.de\\\/wordpress\\\/wp-content\\\/uploads\\\/2025\\\/07\\\/Bildschirmfoto-2025-07-23-um-19.38.50.png\",\"keywords\":[\"Sporttag\"],\"articleSection\":[\"Aktuelles\"],\"inLanguage\":\"de\"},{\"@type\":\"WebPage\",\"@id\":\"https:\\\/\\\/www.muensterschule-hof.de\\\/wordpress\\\/sporttag-im-ossecker-stadion\\\/\",\"url\":\"https:\\\/\\\/www.muensterschule-hof.de\\\/wordpress\\\/sporttag-im-ossecker-stadion\\\/\",\"name\":\"Sporttag im Ossecker Stadion - M\u00fcnsterschule\",\"isPartOf\":{\"@id\":\"https:\\\/\\\/www.muensterschule-hof.de\\\/wordpress\\\/#website\"},\"primaryImageOfPage\":{\"@id\":\"https:\\\/\\\/www.muensterschule-hof.de\\\/wordpress\\\/sporttag-im-ossecker-stadion\\\/#primaryimage\"},\"image\":{\"@id\":\"https:\\\/\\\/www.muensterschule-hof.de\\\/wordpress\\\/sporttag-im-ossecker-stadion\\\/#primaryimage\"},\"thumbnailUrl\":\"https:\\\/\\\/www.muensterschule-hof.de\\\/wordpress\\\/wp-content\\\/uploads\\\/2025\\\/07\\\/Bildschirmfoto-2025-07-23-um-19.38.50.png\",\"datePublished\":\"2025-07-23T17:37:52+00:00\",\"dateModified\":\"2025-07-23T17:37:55+00:00\",\"breadcrumb\":{\"@id\":\"https:\\\/\\\/www.muensterschule-hof.de\\\/wordpress\\\/sporttag-im-ossecker-stadion\\\/#breadcrumb\"},\"inLanguage\":\"de\",\"potentialAction\":[{\"@type\":\"ReadAction\",\"target\":[\"https:\\\/\\\/www.muensterschule-hof.de\\\/wordpress\\\/sporttag-im-ossecker-stadion\\\/\"]}]},{\"@type\":\"ImageObject\",\"inLanguage\":\"de\",\"@id\":\"https:\\\/\\\/www.muensterschule-hof.de\\\/wordpress\\\/sporttag-im-ossecker-stadion\\\/#primaryimage\",\"url\":\"https:\\\/\\\/www.muensterschule-hof.de\\\/wordpress\\\/wp-content\\\/uploads\\\/2025\\\/07\\\/Bildschirmfoto-2025-07-23-um-19.38.50.png\",\"contentUrl\":\"https:\\\/\\\/www.muensterschule-hof.de\\\/wordpress\\\/wp-content\\\/uploads\\\/2025\\\/07\\\/Bildschirmfoto-2025-07-23-um-19.38.50.png\",\"width\":1366,\"height\":946},{\"@type\":\"BreadcrumbList\",\"@id\":\"https:\\\/\\\/www.muensterschule-hof.de\\\/wordpress\\\/sporttag-im-ossecker-stadion\\\/#breadcrumb\",\"itemListElement\":[{\"@type\":\"ListItem\",\"position\":1,\"name\":\"Startseite\",\"item\":\"https:\\\/\\\/www.muensterschule-hof.de\\\/wordpress\\\/\"},{\"@type\":\"ListItem\",\"position\":2,\"name\":\"Sporttag im Ossecker Stadion\"}]},{\"@type\":\"WebSite\",\"@id\":\"https:\\\/\\\/www.muensterschule-hof.de\\\/wordpress\\\/#website\",\"url\":\"https:\\\/\\\/www.muensterschule-hof.de\\\/wordpress\\\/\",\"name\":\"M\u00fcnsterschule\",\"description\":\"Deine Mittelschule in Hof\",\"publisher\":{\"@id\":\"https:\\\/\\\/www.muensterschule-hof.de\\\/wordpress\\\/#organization\"},\"alternateName\":\"MMS Hof\",\"potentialAction\":[{\"@type\":\"SearchAction\",\"target\":{\"@type\":\"EntryPoint\",\"urlTemplate\":\"https:\\\/\\\/www.muensterschule-hof.de\\\/wordpress\\\/?s={search_term_string}\"},\"query-input\":{\"@type\":\"PropertyValueSpecification\",\"valueRequired\":true,\"valueName\":\"search_term_string\"}}],\"inLanguage\":\"de\"},{\"@type\":\"Organization\",\"@id\":\"https:\\\/\\\/www.muensterschule-hof.de\\\/wordpress\\\/#organization\",\"name\":\"M\u00fcnster-Mittelschule Hof\",\"alternateName\":\"MMS Hof\",\"url\":\"https:\\\/\\\/www.muensterschule-hof.de\\\/wordpress\\\/\",\"logo\":{\"@type\":\"ImageObject\",\"inLanguage\":\"de\",\"@id\":\"https:\\\/\\\/www.muensterschule-hof.de\\\/wordpress\\\/#\\\/schema\\\/logo\\\/image\\\/\",\"url\":\"https:\\\/\\\/www.muensterschule-hof.de\\\/wordpress\\\/wp-content\\\/uploads\\\/2018\\\/05\\\/cropped-MMS-Hof-final-1.png\",\"contentUrl\":\"https:\\\/\\\/www.muensterschule-hof.de\\\/wordpress\\\/wp-content\\\/uploads\\\/2018\\\/05\\\/cropped-MMS-Hof-final-1.png\",\"width\":512,\"height\":512,\"caption\":\"M\u00fcnster-Mittelschule Hof\"},\"image\":{\"@id\":\"https:\\\/\\\/www.muensterschule-hof.de\\\/wordpress\\\/#\\\/schema\\\/logo\\\/image\\\/\"}},{\"@type\":\"Person\",\"@id\":\"https:\\\/\\\/www.muensterschule-hof.de\\\/wordpress\\\/#\\\/schema\\\/person\\\/de58534e4cef400557500dff7aaa25b0\",\"name\":\"wpadmin\",\"image\":{\"@type\":\"ImageObject\",\"inLanguage\":\"de\",\"@id\":\"https:\\\/\\\/secure.gravatar.com\\\/avatar\\\/d9cd22045d4ad9ac54235e981c866f9317666429d45f49a3dc409314ab7be359?s=96&d=mm&r=g\",\"url\":\"https:\\\/\\\/secure.gravatar.com\\\/avatar\\\/d9cd22045d4ad9ac54235e981c866f9317666429d45f49a3dc409314ab7be359?s=96&d=mm&r=g\",\"contentUrl\":\"https:\\\/\\\/secure.gravatar.com\\\/avatar\\\/d9cd22045d4ad9ac54235e981c866f9317666429d45f49a3dc409314ab7be359?s=96&d=mm&r=g\",\"caption\":\"wpadmin\"},\"url\":\"https:\\\/\\\/www.muensterschule-hof.de\\\/wordpress\\\/author\\\/wpadmin\\\/\"}]}<\/script>\n<!-- \/ Yoast SEO plugin. -->","yoast_head_json":{"title":"Sporttag im Ossecker Stadion - M\u00fcnsterschule","robots":{"index":"index","follow":"follow","max-snippet":"max-snippet:-1","max-image-preview":"max-image-preview:large","max-video-preview":"max-video-preview:-1"},"canonical":"https:\/\/www.muensterschule-hof.de\/wordpress\/sporttag-im-ossecker-stadion\/","og_locale":"de_DE","og_type":"article","og_title":"Sporttag im Ossecker Stadion - M\u00fcnsterschule","og_description":"Am 23. Juli 2025 fand im Ossecker Stadion unser diesj\u00e4hriger Sporttag statt. Bei bestem Wetter traten die Klassen in verschiedenen Challenges und Spielen gegeneinander an \u2013 mit viel Einsatz, Fairness und guter Laune. Auf dem Programm standen unter anderem Weitsprung, Staffellauf und sogar ein sportliches Tic Tac Toe. Die Sch\u00fclerinnen und Sch\u00fcler gaben alles und&hellip;&nbsp;Weiterlesen &raquo;Sporttag im Ossecker Stadion","og_url":"https:\/\/www.muensterschule-hof.de\/wordpress\/sporttag-im-ossecker-stadion\/","og_site_name":"M\u00fcnsterschule","article_published_time":"2025-07-23T17:37:52+00:00","article_modified_time":"2025-07-23T17:37:55+00:00","og_image":[{"width":1366,"height":946,"url":"https:\/\/www.muensterschule-hof.de\/wordpress\/wp-content\/uploads\/2025\/07\/Bildschirmfoto-2025-07-23-um-19.38.50.png","type":"image\/png"}],"author":"wpadmin","twitter_card":"summary_large_image","twitter_misc":{"Verfasst von":"wpadmin","Gesch\u00e4tzte Lesezeit":"2\u00a0Minuten"},"schema":{"@context":"https:\/\/schema.org","@graph":[{"@type":"Article","@id":"https:\/\/www.muensterschule-hof.de\/wordpress\/sporttag-im-ossecker-stadion\/#article","isPartOf":{"@id":"https:\/\/www.muensterschule-hof.de\/wordpress\/sporttag-im-ossecker-stadion\/"},"author":{"name":"wpadmin","@id":"https:\/\/www.muensterschule-hof.de\/wordpress\/#\/schema\/person\/de58534e4cef400557500dff7aaa25b0"},"headline":"Sporttag im Ossecker Stadion","datePublished":"2025-07-23T17:37:52+00:00","dateModified":"2025-07-23T17:37:55+00:00","mainEntityOfPage":{"@id":"https:\/\/www.muensterschule-hof.de\/wordpress\/sporttag-im-ossecker-stadion\/"},"wordCount":85,"publisher":{"@id":"https:\/\/www.muensterschule-hof.de\/wordpress\/#organization"},"image":{"@id":"https:\/\/www.muensterschule-hof.de\/wordpress\/sporttag-im-ossecker-stadion\/#primaryimage"},"thumbnailUrl":"https:\/\/www.muensterschule-hof.de\/wordpress\/wp-content\/uploads\/2025\/07\/Bildschirmfoto-2025-07-23-um-19.38.50.png","keywords":["Sporttag"],"articleSection":["Aktuelles"],"inLanguage":"de"},{"@type":"WebPage","@id":"https:\/\/www.muensterschule-hof.de\/wordpress\/sporttag-im-ossecker-stadion\/","url":"https:\/\/www.muensterschule-hof.de\/wordpress\/sporttag-im-ossecker-stadion\/","name":"Sporttag im Ossecker Stadion - M\u00fcnsterschule","isPartOf":{"@id":"https:\/\/www.muensterschule-hof.de\/wordpress\/#website"},"primaryImageOfPage":{"@id":"https:\/\/www.muensterschule-hof.de\/wordpress\/sporttag-im-ossecker-stadion\/#primaryimage"},"image":{"@id":"https:\/\/www.muensterschule-hof.de\/wordpress\/sporttag-im-ossecker-stadion\/#primaryimage"},"thumbnailUrl":"https:\/\/www.muensterschule-hof.de\/wordpress\/wp-content\/uploads\/2025\/07\/Bildschirmfoto-2025-07-23-um-19.38.50.png","datePublished":"2025-07-23T17:37:52+00:00","dateModified":"2025-07-23T17:37:55+00:00","breadcrumb":{"@id":"https:\/\/www.muensterschule-hof.de\/wordpress\/sporttag-im-ossecker-stadion\/#breadcrumb"},"inLanguage":"de","potentialAction":[{"@type":"ReadAction","target":["https:\/\/www.muensterschule-hof.de\/wordpress\/sporttag-im-ossecker-stadion\/"]}]},{"@type":"ImageObject","inLanguage":"de","@id":"https:\/\/www.muensterschule-hof.de\/wordpress\/sporttag-im-ossecker-stadion\/#primaryimage","url":"https:\/\/www.muensterschule-hof.de\/wordpress\/wp-content\/uploads\/2025\/07\/Bildschirmfoto-2025-07-23-um-19.38.50.png","contentUrl":"https:\/\/www.muensterschule-hof.de\/wordpress\/wp-content\/uploads\/2025\/07\/Bildschirmfoto-2025-07-23-um-19.38.50.png","width":1366,"height":946},{"@type":"BreadcrumbList","@id":"https:\/\/www.muensterschule-hof.de\/wordpress\/sporttag-im-ossecker-stadion\/#breadcrumb","itemListElement":[{"@type":"ListItem","position":1,"name":"Startseite","item":"https:\/\/www.muensterschule-hof.de\/wordpress\/"},{"@type":"ListItem","position":2,"name":"Sporttag im Ossecker Stadion"}]},{"@type":"WebSite","@id":"https:\/\/www.muensterschule-hof.de\/wordpress\/#website","url":"https:\/\/www.muensterschule-hof.de\/wordpress\/","name":"M\u00fcnsterschule","description":"Deine Mittelschule in Hof","publisher":{"@id":"https:\/\/www.muensterschule-hof.de\/wordpress\/#organization"},"alternateName":"MMS Hof","potentialAction":[{"@type":"SearchAction","target":{"@type":"EntryPoint","urlTemplate":"https:\/\/www.muensterschule-hof.de\/wordpress\/?s={search_term_string}"},"query-input":{"@type":"PropertyValueSpecification","valueRequired":true,"valueName":"search_term_string"}}],"inLanguage":"de"},{"@type":"Organization","@id":"https:\/\/www.muensterschule-hof.de\/wordpress\/#organization","name":"M\u00fcnster-Mittelschule Hof","alternateName":"MMS Hof","url":"https:\/\/www.muensterschule-hof.de\/wordpress\/","logo":{"@type":"ImageObject","inLanguage":"de","@id":"https:\/\/www.muensterschule-hof.de\/wordpress\/#\/schema\/logo\/image\/","url":"https:\/\/www.muensterschule-hof.de\/wordpress\/wp-content\/uploads\/2018\/05\/cropped-MMS-Hof-final-1.png","contentUrl":"https:\/\/www.muensterschule-hof.de\/wordpress\/wp-content\/uploads\/2018\/05\/cropped-MMS-Hof-final-1.png","width":512,"height":512,"caption":"M\u00fcnster-Mittelschule Hof"},"image":{"@id":"https:\/\/www.muensterschule-hof.de\/wordpress\/#\/schema\/logo\/image\/"}},{"@type":"Person","@id":"https:\/\/www.muensterschule-hof.de\/wordpress\/#\/schema\/person\/de58534e4cef400557500dff7aaa25b0","name":"wpadmin","image":{"@type":"ImageObject","inLanguage":"de","@id":"https:\/\/secure.gravatar.com\/avatar\/d9cd22045d4ad9ac54235e981c866f9317666429d45f49a3dc409314ab7be359?s=96&d=mm&r=g","url":"https:\/\/secure.gravatar.com\/avatar\/d9cd22045d4ad9ac54235e981c866f9317666429d45f49a3dc409314ab7be359?s=96&d=mm&r=g","contentUrl":"https:\/\/secure.gravatar.com\/avatar\/d9cd22045d4ad9ac54235e981c866f9317666429d45f49a3dc409314ab7be359?s=96&d=mm&r=g","caption":"wpadmin"},"url":"https:\/\/www.muensterschule-hof.de\/wordpress\/author\/wpadmin\/"}]}},"_links":{"self":[{"href":"https:\/\/www.muensterschule-hof.de\/wordpress\/wp-json\/wp\/v2\/posts\/4067","targetHints":{"allow":["GET"]}}],"collection":[{"href":"https:\/\/www.muensterschule-hof.de\/wordpress\/wp-json\/wp\/v2\/posts"}],"about":[{"href":"https:\/\/www.muensterschule-hof.de\/wordpress\/wp-json\/wp\/v2\/types\/post"}],"author":[{"embeddable":true,"href":"https:\/\/www.muensterschule-hof.de\/wordpress\/wp-json\/wp\/v2\/users\/1"}],"replies":[{"embeddable":true,"href":"https:\/\/www.muensterschule-hof.de\/wordpress\/wp-json\/wp\/v2\/comments?post=4067"}],"version-history":[{"count":1,"href":"https:\/\/www.muensterschule-hof.de\/wordpress\/wp-json\/wp\/v2\/posts\/4067\/revisions"}],"predecessor-version":[{"id":4071,"href":"https:\/\/www.muensterschule-hof.de\/wordpress\/wp-json\/wp\/v2\/posts\/4067\/revisions\/4071"}],"wp:featuredmedia":[{"embeddable":true,"href":"https:\/\/www.muensterschule-hof.de\/wordpress\/wp-json\/wp\/v2\/media\/4068"}],"wp:attachment":[{"href":"https:\/\/www.muensterschule-hof.de\/wordpress\/wp-json\/wp\/v2\/media?parent=4067"}],"wp:term":[{"taxonomy":"category","embeddable":true,"href":"https:\/\/www.muensterschule-hof.de\/wordpress\/wp-json\/wp\/v2\/categories?post=4067"},{"taxonomy":"post_tag","embeddable":true,"href":"https:\/\/www.muensterschule-hof.de\/wordpress\/wp-json\/wp\/v2\/tags?post=4067"}],"curies":[{"name":"wp","href":"https:\/\/api.w.org\/{rel}","templated":true}]}}