{"id":4084,"date":"2025-07-26T22:15:41","date_gmt":"2025-07-26T22:15:41","guid":{"rendered":"https:\/\/www.muensterschule-hof.de\/wordpress\/?p=4084"},"modified":"2025-07-26T22:15:44","modified_gmt":"2025-07-26T22:15:44","slug":"abschlussfeier-2025-walk-of-fame-fuer-unsere-absolventinnen-und-absolventen","status":"publish","type":"post","link":"https:\/\/www.muensterschule-hof.de\/wordpress\/abschlussfeier-2025-walk-of-fame-fuer-unsere-absolventinnen-und-absolventen\/","title":{"rendered":"Abschlussfeier 2025 \u2013 \u201eWalk of Fame\u201c f\u00fcr unsere Absolventinnen und Absolventen"},"content":{"rendered":"\n<p>Am 24. Juli 2025 feierten unsere Abschlussklassen ihren gro\u00dfen Tag unter dem glamour\u00f6sen Motto <strong>\u201eWalk of Fame \u2013 Hollywood\u201c<\/strong>. Der Pausenhof verwandelte sich f\u00fcr diesen besonderen Anlass in eine stimmungsvolle Open-Air-B\u00fchne mit echtem Hollywood-Flair.<\/p>\n\n\n\n<p>Um 17 Uhr begann die feierliche Zeugnis\u00fcbergabe, begleitet von Musik, Redebeitr\u00e4gen und vielen emotionalen Momenten. Auf dem Foto sind die Klassenbesten abgebildet, die f\u00fcr ihre hervorragenden Leistungen besonders hervorgehoben wurden.<\/p>\n\n\n\n<p>Als Ehreng\u00e4ste durften wir Frau D\u00f6hla, Oberb\u00fcrgermeisterin der Stadt Hof, sowie unseren Schulrat Herrn Stadelmann begr\u00fc\u00dfen. <\/p>\n\n\n\n<p>Die Organisation der Feier lag in den H\u00e4nden von Frau Schroeder, die mit viel Engagement und Liebe zum Detail f\u00fcr einen rundum gelungenen Abend sorgte.<\/p>\n\n\n\n<p>Ein gro\u00dfes Dankesch\u00f6n geht an alle Mitwirkenden, die diesen besonderen Moment m\u00f6glich gemacht haben \u2013 ein Abschluss mit Sternen auf unserem ganz eigenen \u201eWalk of Fame\u201c.<\/p>\n","protected":false},"excerpt":{"rendered":"<p>Am 24. Juli 2025 feierten unsere Abschlussklassen ihren gro\u00dfen Tag unter dem glamour\u00f6sen Motto \u201eWalk of Fame \u2013 Hollywood\u201c. Der Pausenhof verwandelte sich f\u00fcr diesen besonderen Anlass in eine stimmungsvolle Open-Air-B\u00fchne mit echtem Hollywood-Flair. Um 17 Uhr begann die feierliche Zeugnis\u00fcbergabe, begleitet von Musik, Redebeitr\u00e4gen und vielen emotionalen Momenten. Auf dem Foto sind die Klassenbesten&hellip;&nbsp;<a href=\"https:\/\/www.muensterschule-hof.de\/wordpress\/abschlussfeier-2025-walk-of-fame-fuer-unsere-absolventinnen-und-absolventen\/\" rel=\"bookmark\">Weiterlesen &raquo;<span class=\"screen-reader-text\">Abschlussfeier 2025 \u2013 \u201eWalk of Fame\u201c f\u00fcr unsere Absolventinnen und Absolventen<\/span><\/a><\/p>\n","protected":false},"author":1,"featured_media":4086,"comment_status":"closed","ping_status":"closed","sticky":false,"template":"","format":"standard","meta":{"neve_meta_sidebar":"","neve_meta_container":"","neve_meta_enable_content_width":"","neve_meta_content_width":0,"neve_meta_title_alignment":"","neve_meta_author_avatar":"","neve_post_elements_order":"","neve_meta_disable_header":"","neve_meta_disable_footer":"","neve_meta_disable_title":"","footnotes":""},"categories":[50],"tags":[],"class_list":["post-4084","post","type-post","status-publish","format-standard","has-post-thumbnail","hentry","category-aktuelles"],"yoast_head":"<!-- This site is optimized with the Yoast SEO plugin v27.4 - https:\/\/yoast.com\/product\/yoast-seo-wordpress\/ -->\n<title>Abschlussfeier 2025 \u2013 \u201eWalk of Fame\u201c f\u00fcr unsere Absolventinnen und Absolventen - M\u00fcnsterschule<\/title>\n<meta name=\"robots\" content=\"index, follow, max-snippet:-1, max-image-preview:large, max-video-preview:-1\" \/>\n<link rel=\"canonical\" href=\"https:\/\/www.muensterschule-hof.de\/wordpress\/abschlussfeier-2025-walk-of-fame-fuer-unsere-absolventinnen-und-absolventen\/\" \/>\n<meta property=\"og:locale\" content=\"de_DE\" \/>\n<meta property=\"og:type\" content=\"article\" \/>\n<meta property=\"og:title\" content=\"Abschlussfeier 2025 \u2013 \u201eWalk of Fame\u201c f\u00fcr unsere Absolventinnen und Absolventen - M\u00fcnsterschule\" \/>\n<meta property=\"og:description\" content=\"Am 24. Juli 2025 feierten unsere Abschlussklassen ihren gro\u00dfen Tag unter dem glamour\u00f6sen Motto \u201eWalk of Fame \u2013 Hollywood\u201c. Der Pausenhof verwandelte sich f\u00fcr diesen besonderen Anlass in eine stimmungsvolle Open-Air-B\u00fchne mit echtem Hollywood-Flair. Um 17 Uhr begann die feierliche Zeugnis\u00fcbergabe, begleitet von Musik, Redebeitr\u00e4gen und vielen emotionalen Momenten. Auf dem Foto sind die Klassenbesten&hellip;&nbsp;Weiterlesen &raquo;Abschlussfeier 2025 \u2013 \u201eWalk of Fame\u201c f\u00fcr unsere Absolventinnen und Absolventen\" \/>\n<meta property=\"og:url\" content=\"https:\/\/www.muensterschule-hof.de\/wordpress\/abschlussfeier-2025-walk-of-fame-fuer-unsere-absolventinnen-und-absolventen\/\" \/>\n<meta property=\"og:site_name\" content=\"M\u00fcnsterschule\" \/>\n<meta property=\"article:published_time\" content=\"2025-07-26T22:15:41+00:00\" \/>\n<meta property=\"article:modified_time\" content=\"2025-07-26T22:15:44+00:00\" \/>\n<meta property=\"og:image\" content=\"https:\/\/www.muensterschule-hof.de\/wordpress\/wp-content\/uploads\/2025\/07\/Bildschirmfoto-2025-07-27-um-00.17.51.png\" \/>\n\t<meta property=\"og:image:width\" content=\"744\" \/>\n\t<meta property=\"og:image:height\" content=\"408\" \/>\n\t<meta property=\"og:image:type\" content=\"image\/png\" \/>\n<meta name=\"author\" content=\"wpadmin\" \/>\n<meta name=\"twitter:card\" content=\"summary_large_image\" \/>\n<meta name=\"twitter:label1\" content=\"Verfasst von\" \/>\n\t<meta name=\"twitter:data1\" content=\"wpadmin\" \/>\n\t<meta name=\"twitter:label2\" content=\"Gesch\u00e4tzte Lesezeit\" \/>\n\t<meta name=\"twitter:data2\" content=\"1\u00a0Minute\" \/>\n<script type=\"application\/ld+json\" class=\"yoast-schema-graph\">{\"@context\":\"https:\\\/\\\/schema.org\",\"@graph\":[{\"@type\":\"Article\",\"@id\":\"https:\\\/\\\/www.muensterschule-hof.de\\\/wordpress\\\/abschlussfeier-2025-walk-of-fame-fuer-unsere-absolventinnen-und-absolventen\\\/#article\",\"isPartOf\":{\"@id\":\"https:\\\/\\\/www.muensterschule-hof.de\\\/wordpress\\\/abschlussfeier-2025-walk-of-fame-fuer-unsere-absolventinnen-und-absolventen\\\/\"},\"author\":{\"name\":\"wpadmin\",\"@id\":\"https:\\\/\\\/www.muensterschule-hof.de\\\/wordpress\\\/#\\\/schema\\\/person\\\/de58534e4cef400557500dff7aaa25b0\"},\"headline\":\"Abschlussfeier 2025 \u2013 \u201eWalk of Fame\u201c f\u00fcr unsere Absolventinnen und Absolventen\",\"datePublished\":\"2025-07-26T22:15:41+00:00\",\"dateModified\":\"2025-07-26T22:15:44+00:00\",\"mainEntityOfPage\":{\"@id\":\"https:\\\/\\\/www.muensterschule-hof.de\\\/wordpress\\\/abschlussfeier-2025-walk-of-fame-fuer-unsere-absolventinnen-und-absolventen\\\/\"},\"wordCount\":152,\"publisher\":{\"@id\":\"https:\\\/\\\/www.muensterschule-hof.de\\\/wordpress\\\/#organization\"},\"image\":{\"@id\":\"https:\\\/\\\/www.muensterschule-hof.de\\\/wordpress\\\/abschlussfeier-2025-walk-of-fame-fuer-unsere-absolventinnen-und-absolventen\\\/#primaryimage\"},\"thumbnailUrl\":\"https:\\\/\\\/www.muensterschule-hof.de\\\/wordpress\\\/wp-content\\\/uploads\\\/2025\\\/07\\\/Bildschirmfoto-2025-07-27-um-00.17.51.png\",\"articleSection\":[\"Aktuelles\"],\"inLanguage\":\"de\"},{\"@type\":\"WebPage\",\"@id\":\"https:\\\/\\\/www.muensterschule-hof.de\\\/wordpress\\\/abschlussfeier-2025-walk-of-fame-fuer-unsere-absolventinnen-und-absolventen\\\/\",\"url\":\"https:\\\/\\\/www.muensterschule-hof.de\\\/wordpress\\\/abschlussfeier-2025-walk-of-fame-fuer-unsere-absolventinnen-und-absolventen\\\/\",\"name\":\"Abschlussfeier 2025 \u2013 \u201eWalk of Fame\u201c f\u00fcr unsere Absolventinnen und Absolventen - M\u00fcnsterschule\",\"isPartOf\":{\"@id\":\"https:\\\/\\\/www.muensterschule-hof.de\\\/wordpress\\\/#website\"},\"primaryImageOfPage\":{\"@id\":\"https:\\\/\\\/www.muensterschule-hof.de\\\/wordpress\\\/abschlussfeier-2025-walk-of-fame-fuer-unsere-absolventinnen-und-absolventen\\\/#primaryimage\"},\"image\":{\"@id\":\"https:\\\/\\\/www.muensterschule-hof.de\\\/wordpress\\\/abschlussfeier-2025-walk-of-fame-fuer-unsere-absolventinnen-und-absolventen\\\/#primaryimage\"},\"thumbnailUrl\":\"https:\\\/\\\/www.muensterschule-hof.de\\\/wordpress\\\/wp-content\\\/uploads\\\/2025\\\/07\\\/Bildschirmfoto-2025-07-27-um-00.17.51.png\",\"datePublished\":\"2025-07-26T22:15:41+00:00\",\"dateModified\":\"2025-07-26T22:15:44+00:00\",\"breadcrumb\":{\"@id\":\"https:\\\/\\\/www.muensterschule-hof.de\\\/wordpress\\\/abschlussfeier-2025-walk-of-fame-fuer-unsere-absolventinnen-und-absolventen\\\/#breadcrumb\"},\"inLanguage\":\"de\",\"potentialAction\":[{\"@type\":\"ReadAction\",\"target\":[\"https:\\\/\\\/www.muensterschule-hof.de\\\/wordpress\\\/abschlussfeier-2025-walk-of-fame-fuer-unsere-absolventinnen-und-absolventen\\\/\"]}]},{\"@type\":\"ImageObject\",\"inLanguage\":\"de\",\"@id\":\"https:\\\/\\\/www.muensterschule-hof.de\\\/wordpress\\\/abschlussfeier-2025-walk-of-fame-fuer-unsere-absolventinnen-und-absolventen\\\/#primaryimage\",\"url\":\"https:\\\/\\\/www.muensterschule-hof.de\\\/wordpress\\\/wp-content\\\/uploads\\\/2025\\\/07\\\/Bildschirmfoto-2025-07-27-um-00.17.51.png\",\"contentUrl\":\"https:\\\/\\\/www.muensterschule-hof.de\\\/wordpress\\\/wp-content\\\/uploads\\\/2025\\\/07\\\/Bildschirmfoto-2025-07-27-um-00.17.51.png\",\"width\":744,\"height\":408},{\"@type\":\"BreadcrumbList\",\"@id\":\"https:\\\/\\\/www.muensterschule-hof.de\\\/wordpress\\\/abschlussfeier-2025-walk-of-fame-fuer-unsere-absolventinnen-und-absolventen\\\/#breadcrumb\",\"itemListElement\":[{\"@type\":\"ListItem\",\"position\":1,\"name\":\"Startseite\",\"item\":\"https:\\\/\\\/www.muensterschule-hof.de\\\/wordpress\\\/\"},{\"@type\":\"ListItem\",\"position\":2,\"name\":\"Abschlussfeier 2025 \u2013 \u201eWalk of Fame\u201c f\u00fcr unsere Absolventinnen und Absolventen\"}]},{\"@type\":\"WebSite\",\"@id\":\"https:\\\/\\\/www.muensterschule-hof.de\\\/wordpress\\\/#website\",\"url\":\"https:\\\/\\\/www.muensterschule-hof.de\\\/wordpress\\\/\",\"name\":\"M\u00fcnsterschule\",\"description\":\"Deine Mittelschule in Hof\",\"publisher\":{\"@id\":\"https:\\\/\\\/www.muensterschule-hof.de\\\/wordpress\\\/#organization\"},\"alternateName\":\"MMS Hof\",\"potentialAction\":[{\"@type\":\"SearchAction\",\"target\":{\"@type\":\"EntryPoint\",\"urlTemplate\":\"https:\\\/\\\/www.muensterschule-hof.de\\\/wordpress\\\/?s={search_term_string}\"},\"query-input\":{\"@type\":\"PropertyValueSpecification\",\"valueRequired\":true,\"valueName\":\"search_term_string\"}}],\"inLanguage\":\"de\"},{\"@type\":\"Organization\",\"@id\":\"https:\\\/\\\/www.muensterschule-hof.de\\\/wordpress\\\/#organization\",\"name\":\"M\u00fcnster-Mittelschule Hof\",\"alternateName\":\"MMS Hof\",\"url\":\"https:\\\/\\\/www.muensterschule-hof.de\\\/wordpress\\\/\",\"logo\":{\"@type\":\"ImageObject\",\"inLanguage\":\"de\",\"@id\":\"https:\\\/\\\/www.muensterschule-hof.de\\\/wordpress\\\/#\\\/schema\\\/logo\\\/image\\\/\",\"url\":\"https:\\\/\\\/www.muensterschule-hof.de\\\/wordpress\\\/wp-content\\\/uploads\\\/2018\\\/05\\\/cropped-MMS-Hof-final-1.png\",\"contentUrl\":\"https:\\\/\\\/www.muensterschule-hof.de\\\/wordpress\\\/wp-content\\\/uploads\\\/2018\\\/05\\\/cropped-MMS-Hof-final-1.png\",\"width\":512,\"height\":512,\"caption\":\"M\u00fcnster-Mittelschule Hof\"},\"image\":{\"@id\":\"https:\\\/\\\/www.muensterschule-hof.de\\\/wordpress\\\/#\\\/schema\\\/logo\\\/image\\\/\"}},{\"@type\":\"Person\",\"@id\":\"https:\\\/\\\/www.muensterschule-hof.de\\\/wordpress\\\/#\\\/schema\\\/person\\\/de58534e4cef400557500dff7aaa25b0\",\"name\":\"wpadmin\",\"image\":{\"@type\":\"ImageObject\",\"inLanguage\":\"de\",\"@id\":\"https:\\\/\\\/secure.gravatar.com\\\/avatar\\\/d9cd22045d4ad9ac54235e981c866f9317666429d45f49a3dc409314ab7be359?s=96&d=mm&r=g\",\"url\":\"https:\\\/\\\/secure.gravatar.com\\\/avatar\\\/d9cd22045d4ad9ac54235e981c866f9317666429d45f49a3dc409314ab7be359?s=96&d=mm&r=g\",\"contentUrl\":\"https:\\\/\\\/secure.gravatar.com\\\/avatar\\\/d9cd22045d4ad9ac54235e981c866f9317666429d45f49a3dc409314ab7be359?s=96&d=mm&r=g\",\"caption\":\"wpadmin\"},\"url\":\"https:\\\/\\\/www.muensterschule-hof.de\\\/wordpress\\\/author\\\/wpadmin\\\/\"}]}<\/script>\n<!-- \/ Yoast SEO plugin. -->","yoast_head_json":{"title":"Abschlussfeier 2025 \u2013 \u201eWalk of Fame\u201c f\u00fcr unsere Absolventinnen und Absolventen - M\u00fcnsterschule","robots":{"index":"index","follow":"follow","max-snippet":"max-snippet:-1","max-image-preview":"max-image-preview:large","max-video-preview":"max-video-preview:-1"},"canonical":"https:\/\/www.muensterschule-hof.de\/wordpress\/abschlussfeier-2025-walk-of-fame-fuer-unsere-absolventinnen-und-absolventen\/","og_locale":"de_DE","og_type":"article","og_title":"Abschlussfeier 2025 \u2013 \u201eWalk of Fame\u201c f\u00fcr unsere Absolventinnen und Absolventen - M\u00fcnsterschule","og_description":"Am 24. Juli 2025 feierten unsere Abschlussklassen ihren gro\u00dfen Tag unter dem glamour\u00f6sen Motto \u201eWalk of Fame \u2013 Hollywood\u201c. Der Pausenhof verwandelte sich f\u00fcr diesen besonderen Anlass in eine stimmungsvolle Open-Air-B\u00fchne mit echtem Hollywood-Flair. Um 17 Uhr begann die feierliche Zeugnis\u00fcbergabe, begleitet von Musik, Redebeitr\u00e4gen und vielen emotionalen Momenten. Auf dem Foto sind die Klassenbesten&hellip;&nbsp;Weiterlesen &raquo;Abschlussfeier 2025 \u2013 \u201eWalk of Fame\u201c f\u00fcr unsere Absolventinnen und Absolventen","og_url":"https:\/\/www.muensterschule-hof.de\/wordpress\/abschlussfeier-2025-walk-of-fame-fuer-unsere-absolventinnen-und-absolventen\/","og_site_name":"M\u00fcnsterschule","article_published_time":"2025-07-26T22:15:41+00:00","article_modified_time":"2025-07-26T22:15:44+00:00","og_image":[{"width":744,"height":408,"url":"https:\/\/www.muensterschule-hof.de\/wordpress\/wp-content\/uploads\/2025\/07\/Bildschirmfoto-2025-07-27-um-00.17.51.png","type":"image\/png"}],"author":"wpadmin","twitter_card":"summary_large_image","twitter_misc":{"Verfasst von":"wpadmin","Gesch\u00e4tzte Lesezeit":"1\u00a0Minute"},"schema":{"@context":"https:\/\/schema.org","@graph":[{"@type":"Article","@id":"https:\/\/www.muensterschule-hof.de\/wordpress\/abschlussfeier-2025-walk-of-fame-fuer-unsere-absolventinnen-und-absolventen\/#article","isPartOf":{"@id":"https:\/\/www.muensterschule-hof.de\/wordpress\/abschlussfeier-2025-walk-of-fame-fuer-unsere-absolventinnen-und-absolventen\/"},"author":{"name":"wpadmin","@id":"https:\/\/www.muensterschule-hof.de\/wordpress\/#\/schema\/person\/de58534e4cef400557500dff7aaa25b0"},"headline":"Abschlussfeier 2025 \u2013 \u201eWalk of Fame\u201c f\u00fcr unsere Absolventinnen und Absolventen","datePublished":"2025-07-26T22:15:41+00:00","dateModified":"2025-07-26T22:15:44+00:00","mainEntityOfPage":{"@id":"https:\/\/www.muensterschule-hof.de\/wordpress\/abschlussfeier-2025-walk-of-fame-fuer-unsere-absolventinnen-und-absolventen\/"},"wordCount":152,"publisher":{"@id":"https:\/\/www.muensterschule-hof.de\/wordpress\/#organization"},"image":{"@id":"https:\/\/www.muensterschule-hof.de\/wordpress\/abschlussfeier-2025-walk-of-fame-fuer-unsere-absolventinnen-und-absolventen\/#primaryimage"},"thumbnailUrl":"https:\/\/www.muensterschule-hof.de\/wordpress\/wp-content\/uploads\/2025\/07\/Bildschirmfoto-2025-07-27-um-00.17.51.png","articleSection":["Aktuelles"],"inLanguage":"de"},{"@type":"WebPage","@id":"https:\/\/www.muensterschule-hof.de\/wordpress\/abschlussfeier-2025-walk-of-fame-fuer-unsere-absolventinnen-und-absolventen\/","url":"https:\/\/www.muensterschule-hof.de\/wordpress\/abschlussfeier-2025-walk-of-fame-fuer-unsere-absolventinnen-und-absolventen\/","name":"Abschlussfeier 2025 \u2013 \u201eWalk of Fame\u201c f\u00fcr unsere Absolventinnen und Absolventen - M\u00fcnsterschule","isPartOf":{"@id":"https:\/\/www.muensterschule-hof.de\/wordpress\/#website"},"primaryImageOfPage":{"@id":"https:\/\/www.muensterschule-hof.de\/wordpress\/abschlussfeier-2025-walk-of-fame-fuer-unsere-absolventinnen-und-absolventen\/#primaryimage"},"image":{"@id":"https:\/\/www.muensterschule-hof.de\/wordpress\/abschlussfeier-2025-walk-of-fame-fuer-unsere-absolventinnen-und-absolventen\/#primaryimage"},"thumbnailUrl":"https:\/\/www.muensterschule-hof.de\/wordpress\/wp-content\/uploads\/2025\/07\/Bildschirmfoto-2025-07-27-um-00.17.51.png","datePublished":"2025-07-26T22:15:41+00:00","dateModified":"2025-07-26T22:15:44+00:00","breadcrumb":{"@id":"https:\/\/www.muensterschule-hof.de\/wordpress\/abschlussfeier-2025-walk-of-fame-fuer-unsere-absolventinnen-und-absolventen\/#breadcrumb"},"inLanguage":"de","potentialAction":[{"@type":"ReadAction","target":["https:\/\/www.muensterschule-hof.de\/wordpress\/abschlussfeier-2025-walk-of-fame-fuer-unsere-absolventinnen-und-absolventen\/"]}]},{"@type":"ImageObject","inLanguage":"de","@id":"https:\/\/www.muensterschule-hof.de\/wordpress\/abschlussfeier-2025-walk-of-fame-fuer-unsere-absolventinnen-und-absolventen\/#primaryimage","url":"https:\/\/www.muensterschule-hof.de\/wordpress\/wp-content\/uploads\/2025\/07\/Bildschirmfoto-2025-07-27-um-00.17.51.png","contentUrl":"https:\/\/www.muensterschule-hof.de\/wordpress\/wp-content\/uploads\/2025\/07\/Bildschirmfoto-2025-07-27-um-00.17.51.png","width":744,"height":408},{"@type":"BreadcrumbList","@id":"https:\/\/www.muensterschule-hof.de\/wordpress\/abschlussfeier-2025-walk-of-fame-fuer-unsere-absolventinnen-und-absolventen\/#breadcrumb","itemListElement":[{"@type":"ListItem","position":1,"name":"Startseite","item":"https:\/\/www.muensterschule-hof.de\/wordpress\/"},{"@type":"ListItem","position":2,"name":"Abschlussfeier 2025 \u2013 \u201eWalk of Fame\u201c f\u00fcr unsere Absolventinnen und Absolventen"}]},{"@type":"WebSite","@id":"https:\/\/www.muensterschule-hof.de\/wordpress\/#website","url":"https:\/\/www.muensterschule-hof.de\/wordpress\/","name":"M\u00fcnsterschule","description":"Deine Mittelschule in Hof","publisher":{"@id":"https:\/\/www.muensterschule-hof.de\/wordpress\/#organization"},"alternateName":"MMS Hof","potentialAction":[{"@type":"SearchAction","target":{"@type":"EntryPoint","urlTemplate":"https:\/\/www.muensterschule-hof.de\/wordpress\/?s={search_term_string}"},"query-input":{"@type":"PropertyValueSpecification","valueRequired":true,"valueName":"search_term_string"}}],"inLanguage":"de"},{"@type":"Organization","@id":"https:\/\/www.muensterschule-hof.de\/wordpress\/#organization","name":"M\u00fcnster-Mittelschule Hof","alternateName":"MMS Hof","url":"https:\/\/www.muensterschule-hof.de\/wordpress\/","logo":{"@type":"ImageObject","inLanguage":"de","@id":"https:\/\/www.muensterschule-hof.de\/wordpress\/#\/schema\/logo\/image\/","url":"https:\/\/www.muensterschule-hof.de\/wordpress\/wp-content\/uploads\/2018\/05\/cropped-MMS-Hof-final-1.png","contentUrl":"https:\/\/www.muensterschule-hof.de\/wordpress\/wp-content\/uploads\/2018\/05\/cropped-MMS-Hof-final-1.png","width":512,"height":512,"caption":"M\u00fcnster-Mittelschule Hof"},"image":{"@id":"https:\/\/www.muensterschule-hof.de\/wordpress\/#\/schema\/logo\/image\/"}},{"@type":"Person","@id":"https:\/\/www.muensterschule-hof.de\/wordpress\/#\/schema\/person\/de58534e4cef400557500dff7aaa25b0","name":"wpadmin","image":{"@type":"ImageObject","inLanguage":"de","@id":"https:\/\/secure.gravatar.com\/avatar\/d9cd22045d4ad9ac54235e981c866f9317666429d45f49a3dc409314ab7be359?s=96&d=mm&r=g","url":"https:\/\/secure.gravatar.com\/avatar\/d9cd22045d4ad9ac54235e981c866f9317666429d45f49a3dc409314ab7be359?s=96&d=mm&r=g","contentUrl":"https:\/\/secure.gravatar.com\/avatar\/d9cd22045d4ad9ac54235e981c866f9317666429d45f49a3dc409314ab7be359?s=96&d=mm&r=g","caption":"wpadmin"},"url":"https:\/\/www.muensterschule-hof.de\/wordpress\/author\/wpadmin\/"}]}},"_links":{"self":[{"href":"https:\/\/www.muensterschule-hof.de\/wordpress\/wp-json\/wp\/v2\/posts\/4084","targetHints":{"allow":["GET"]}}],"collection":[{"href":"https:\/\/www.muensterschule-hof.de\/wordpress\/wp-json\/wp\/v2\/posts"}],"about":[{"href":"https:\/\/www.muensterschule-hof.de\/wordpress\/wp-json\/wp\/v2\/types\/post"}],"author":[{"embeddable":true,"href":"https:\/\/www.muensterschule-hof.de\/wordpress\/wp-json\/wp\/v2\/users\/1"}],"replies":[{"embeddable":true,"href":"https:\/\/www.muensterschule-hof.de\/wordpress\/wp-json\/wp\/v2\/comments?post=4084"}],"version-history":[{"count":1,"href":"https:\/\/www.muensterschule-hof.de\/wordpress\/wp-json\/wp\/v2\/posts\/4084\/revisions"}],"predecessor-version":[{"id":4087,"href":"https:\/\/www.muensterschule-hof.de\/wordpress\/wp-json\/wp\/v2\/posts\/4084\/revisions\/4087"}],"wp:featuredmedia":[{"embeddable":true,"href":"https:\/\/www.muensterschule-hof.de\/wordpress\/wp-json\/wp\/v2\/media\/4086"}],"wp:attachment":[{"href":"https:\/\/www.muensterschule-hof.de\/wordpress\/wp-json\/wp\/v2\/media?parent=4084"}],"wp:term":[{"taxonomy":"category","embeddable":true,"href":"https:\/\/www.muensterschule-hof.de\/wordpress\/wp-json\/wp\/v2\/categories?post=4084"},{"taxonomy":"post_tag","embeddable":true,"href":"https:\/\/www.muensterschule-hof.de\/wordpress\/wp-json\/wp\/v2\/tags?post=4084"}],"curies":[{"name":"wp","href":"https:\/\/api.w.org\/{rel}","templated":true}]}}