{"id":4114,"date":"2025-09-24T12:50:53","date_gmt":"2025-09-24T12:50:53","guid":{"rendered":"https:\/\/www.muensterschule-hof.de\/wordpress\/?p=4114"},"modified":"2025-09-24T12:50:56","modified_gmt":"2025-09-24T12:50:56","slug":"ein-gelungener-wandertag-am-untreusee-klassen-5-abc-7a","status":"publish","type":"post","link":"https:\/\/www.muensterschule-hof.de\/wordpress\/ein-gelungener-wandertag-am-untreusee-klassen-5-abc-7a\/","title":{"rendered":"Ein gelungener Wandertag am Untreusee (Klassen 5 abc, 7a)"},"content":{"rendered":"\n<p>Am Mittwoch (24.09.2025) machten sich die f\u00fcnften Klassen der M\u00fcnster-Mittelschule sowie die 7a gemeinsam mit ihren Lehrkr\u00e4ften auf den Weg zum Untreusee. Schon am Morgen war die Stimmung fr\u00f6hlich und erwartungsvoll \u2013 schlie\u00dflich stand ein ganzer Tag drau\u00dfen in der Natur bevor. <\/p>\n\n\n\n<p>Nach dem Fu\u00dfmarsch zum See konnten sich die Sch\u00fclerinnen und Sch\u00fcler zun\u00e4chst mit einer Brotzeit st\u00e4rken. Danach gab es viele M\u00f6glichkeiten, den Vormittag zu gestalten: Einige tobten sich auf dem gro\u00dfen Spielplatz aus, kletterten und spielten. Andere hatten B\u00e4lle mitgebracht und nutzten den Sportplatz, um spannende Fu\u00dfballspiele auszutragen. Wer lieber kreativ werden wollte, konnte an einer Bastel-Aktion teilnehmen. Dort wurden flei\u00dfig bunte Schl\u00fcsselanh\u00e4nger hergestellt \u2013 sie sollen sp\u00e4ter auf dem Weihnachtsmarkt verkauft werden. <\/p>\n\n\n\n<p>Gegen Mittag machten sich alle gemeinsam wieder auf den R\u00fcckweg zur Schule. Dort endete der Wandertag \u2013 m\u00fcde, aber zufrieden wurden die Sch\u00fclerinnen und Sch\u00fcler nach Hause entlassen. <\/p>\n\n\n\n<p>Der Ausflug zum Untreusee war ein voller Erfolg: abwechslungsreich, aktiv und gesellig. Viele Kinder konnten neue Kontakte kn\u00fcpfen, Klassenverb\u00e4nde wuchsen enger zusammen, und am Ende waren sich alle einig \u2013 so ein Wandertag darf gerne wiederholt werden. <\/p>\n","protected":false},"excerpt":{"rendered":"<p>Am Mittwoch (24.09.2025) machten sich die f\u00fcnften Klassen der M\u00fcnster-Mittelschule sowie die 7a gemeinsam mit ihren Lehrkr\u00e4ften auf den Weg zum Untreusee. Schon am Morgen war die Stimmung fr\u00f6hlich und erwartungsvoll \u2013 schlie\u00dflich stand ein ganzer Tag drau\u00dfen in der Natur bevor. Nach dem Fu\u00dfmarsch zum See konnten sich die Sch\u00fclerinnen und Sch\u00fcler zun\u00e4chst mit&hellip;&nbsp;<a href=\"https:\/\/www.muensterschule-hof.de\/wordpress\/ein-gelungener-wandertag-am-untreusee-klassen-5-abc-7a\/\" rel=\"bookmark\">Weiterlesen &raquo;<span class=\"screen-reader-text\">Ein gelungener Wandertag am Untreusee (Klassen 5 abc, 7a)<\/span><\/a><\/p>\n","protected":false},"author":1,"featured_media":4115,"comment_status":"closed","ping_status":"closed","sticky":false,"template":"","format":"standard","meta":{"neve_meta_sidebar":"","neve_meta_container":"","neve_meta_enable_content_width":"","neve_meta_content_width":0,"neve_meta_title_alignment":"","neve_meta_author_avatar":"","neve_post_elements_order":"","neve_meta_disable_header":"","neve_meta_disable_footer":"","neve_meta_disable_title":"","footnotes":""},"categories":[50],"tags":[],"class_list":["post-4114","post","type-post","status-publish","format-standard","has-post-thumbnail","hentry","category-aktuelles"],"yoast_head":"<!-- This site is optimized with the Yoast SEO plugin v27.4 - https:\/\/yoast.com\/product\/yoast-seo-wordpress\/ -->\n<title>Ein gelungener Wandertag am Untreusee (Klassen 5 abc, 7a) - M\u00fcnsterschule<\/title>\n<meta name=\"robots\" content=\"index, follow, max-snippet:-1, max-image-preview:large, max-video-preview:-1\" \/>\n<link rel=\"canonical\" href=\"https:\/\/www.muensterschule-hof.de\/wordpress\/ein-gelungener-wandertag-am-untreusee-klassen-5-abc-7a\/\" \/>\n<meta property=\"og:locale\" content=\"de_DE\" \/>\n<meta property=\"og:type\" content=\"article\" \/>\n<meta property=\"og:title\" content=\"Ein gelungener Wandertag am Untreusee (Klassen 5 abc, 7a) - M\u00fcnsterschule\" \/>\n<meta property=\"og:description\" content=\"Am Mittwoch (24.09.2025) machten sich die f\u00fcnften Klassen der M\u00fcnster-Mittelschule sowie die 7a gemeinsam mit ihren Lehrkr\u00e4ften auf den Weg zum Untreusee. Schon am Morgen war die Stimmung fr\u00f6hlich und erwartungsvoll \u2013 schlie\u00dflich stand ein ganzer Tag drau\u00dfen in der Natur bevor. Nach dem Fu\u00dfmarsch zum See konnten sich die Sch\u00fclerinnen und Sch\u00fcler zun\u00e4chst mit&hellip;&nbsp;Weiterlesen &raquo;Ein gelungener Wandertag am Untreusee (Klassen 5 abc, 7a)\" \/>\n<meta property=\"og:url\" content=\"https:\/\/www.muensterschule-hof.de\/wordpress\/ein-gelungener-wandertag-am-untreusee-klassen-5-abc-7a\/\" \/>\n<meta property=\"og:site_name\" content=\"M\u00fcnsterschule\" \/>\n<meta property=\"article:published_time\" content=\"2025-09-24T12:50:53+00:00\" \/>\n<meta property=\"article:modified_time\" content=\"2025-09-24T12:50:56+00:00\" \/>\n<meta property=\"og:image\" content=\"https:\/\/www.muensterschule-hof.de\/wordpress\/wp-content\/uploads\/2025\/09\/IMG_0927.jpeg\" \/>\n\t<meta property=\"og:image:width\" content=\"1614\" \/>\n\t<meta property=\"og:image:height\" content=\"1607\" \/>\n\t<meta property=\"og:image:type\" content=\"image\/jpeg\" \/>\n<meta name=\"author\" content=\"wpadmin\" \/>\n<meta name=\"twitter:card\" content=\"summary_large_image\" \/>\n<meta name=\"twitter:label1\" content=\"Verfasst von\" \/>\n\t<meta name=\"twitter:data1\" content=\"wpadmin\" \/>\n\t<meta name=\"twitter:label2\" content=\"Gesch\u00e4tzte Lesezeit\" \/>\n\t<meta name=\"twitter:data2\" content=\"2\u00a0Minuten\" \/>\n<script type=\"application\/ld+json\" class=\"yoast-schema-graph\">{\"@context\":\"https:\\\/\\\/schema.org\",\"@graph\":[{\"@type\":\"Article\",\"@id\":\"https:\\\/\\\/www.muensterschule-hof.de\\\/wordpress\\\/ein-gelungener-wandertag-am-untreusee-klassen-5-abc-7a\\\/#article\",\"isPartOf\":{\"@id\":\"https:\\\/\\\/www.muensterschule-hof.de\\\/wordpress\\\/ein-gelungener-wandertag-am-untreusee-klassen-5-abc-7a\\\/\"},\"author\":{\"name\":\"wpadmin\",\"@id\":\"https:\\\/\\\/www.muensterschule-hof.de\\\/wordpress\\\/#\\\/schema\\\/person\\\/de58534e4cef400557500dff7aaa25b0\"},\"headline\":\"Ein gelungener Wandertag am Untreusee (Klassen 5 abc, 7a)\",\"datePublished\":\"2025-09-24T12:50:53+00:00\",\"dateModified\":\"2025-09-24T12:50:56+00:00\",\"mainEntityOfPage\":{\"@id\":\"https:\\\/\\\/www.muensterschule-hof.de\\\/wordpress\\\/ein-gelungener-wandertag-am-untreusee-klassen-5-abc-7a\\\/\"},\"wordCount\":208,\"publisher\":{\"@id\":\"https:\\\/\\\/www.muensterschule-hof.de\\\/wordpress\\\/#organization\"},\"image\":{\"@id\":\"https:\\\/\\\/www.muensterschule-hof.de\\\/wordpress\\\/ein-gelungener-wandertag-am-untreusee-klassen-5-abc-7a\\\/#primaryimage\"},\"thumbnailUrl\":\"https:\\\/\\\/www.muensterschule-hof.de\\\/wordpress\\\/wp-content\\\/uploads\\\/2025\\\/09\\\/IMG_0927.jpeg\",\"articleSection\":[\"Aktuelles\"],\"inLanguage\":\"de\"},{\"@type\":\"WebPage\",\"@id\":\"https:\\\/\\\/www.muensterschule-hof.de\\\/wordpress\\\/ein-gelungener-wandertag-am-untreusee-klassen-5-abc-7a\\\/\",\"url\":\"https:\\\/\\\/www.muensterschule-hof.de\\\/wordpress\\\/ein-gelungener-wandertag-am-untreusee-klassen-5-abc-7a\\\/\",\"name\":\"Ein gelungener Wandertag am Untreusee (Klassen 5 abc, 7a) - M\u00fcnsterschule\",\"isPartOf\":{\"@id\":\"https:\\\/\\\/www.muensterschule-hof.de\\\/wordpress\\\/#website\"},\"primaryImageOfPage\":{\"@id\":\"https:\\\/\\\/www.muensterschule-hof.de\\\/wordpress\\\/ein-gelungener-wandertag-am-untreusee-klassen-5-abc-7a\\\/#primaryimage\"},\"image\":{\"@id\":\"https:\\\/\\\/www.muensterschule-hof.de\\\/wordpress\\\/ein-gelungener-wandertag-am-untreusee-klassen-5-abc-7a\\\/#primaryimage\"},\"thumbnailUrl\":\"https:\\\/\\\/www.muensterschule-hof.de\\\/wordpress\\\/wp-content\\\/uploads\\\/2025\\\/09\\\/IMG_0927.jpeg\",\"datePublished\":\"2025-09-24T12:50:53+00:00\",\"dateModified\":\"2025-09-24T12:50:56+00:00\",\"breadcrumb\":{\"@id\":\"https:\\\/\\\/www.muensterschule-hof.de\\\/wordpress\\\/ein-gelungener-wandertag-am-untreusee-klassen-5-abc-7a\\\/#breadcrumb\"},\"inLanguage\":\"de\",\"potentialAction\":[{\"@type\":\"ReadAction\",\"target\":[\"https:\\\/\\\/www.muensterschule-hof.de\\\/wordpress\\\/ein-gelungener-wandertag-am-untreusee-klassen-5-abc-7a\\\/\"]}]},{\"@type\":\"ImageObject\",\"inLanguage\":\"de\",\"@id\":\"https:\\\/\\\/www.muensterschule-hof.de\\\/wordpress\\\/ein-gelungener-wandertag-am-untreusee-klassen-5-abc-7a\\\/#primaryimage\",\"url\":\"https:\\\/\\\/www.muensterschule-hof.de\\\/wordpress\\\/wp-content\\\/uploads\\\/2025\\\/09\\\/IMG_0927.jpeg\",\"contentUrl\":\"https:\\\/\\\/www.muensterschule-hof.de\\\/wordpress\\\/wp-content\\\/uploads\\\/2025\\\/09\\\/IMG_0927.jpeg\",\"width\":1614,\"height\":1607,\"caption\":\"Screenshot\"},{\"@type\":\"BreadcrumbList\",\"@id\":\"https:\\\/\\\/www.muensterschule-hof.de\\\/wordpress\\\/ein-gelungener-wandertag-am-untreusee-klassen-5-abc-7a\\\/#breadcrumb\",\"itemListElement\":[{\"@type\":\"ListItem\",\"position\":1,\"name\":\"Startseite\",\"item\":\"https:\\\/\\\/www.muensterschule-hof.de\\\/wordpress\\\/\"},{\"@type\":\"ListItem\",\"position\":2,\"name\":\"Ein gelungener Wandertag am Untreusee (Klassen 5 abc, 7a)\"}]},{\"@type\":\"WebSite\",\"@id\":\"https:\\\/\\\/www.muensterschule-hof.de\\\/wordpress\\\/#website\",\"url\":\"https:\\\/\\\/www.muensterschule-hof.de\\\/wordpress\\\/\",\"name\":\"M\u00fcnsterschule\",\"description\":\"Deine Mittelschule in Hof\",\"publisher\":{\"@id\":\"https:\\\/\\\/www.muensterschule-hof.de\\\/wordpress\\\/#organization\"},\"alternateName\":\"MMS Hof\",\"potentialAction\":[{\"@type\":\"SearchAction\",\"target\":{\"@type\":\"EntryPoint\",\"urlTemplate\":\"https:\\\/\\\/www.muensterschule-hof.de\\\/wordpress\\\/?s={search_term_string}\"},\"query-input\":{\"@type\":\"PropertyValueSpecification\",\"valueRequired\":true,\"valueName\":\"search_term_string\"}}],\"inLanguage\":\"de\"},{\"@type\":\"Organization\",\"@id\":\"https:\\\/\\\/www.muensterschule-hof.de\\\/wordpress\\\/#organization\",\"name\":\"M\u00fcnster-Mittelschule Hof\",\"alternateName\":\"MMS Hof\",\"url\":\"https:\\\/\\\/www.muensterschule-hof.de\\\/wordpress\\\/\",\"logo\":{\"@type\":\"ImageObject\",\"inLanguage\":\"de\",\"@id\":\"https:\\\/\\\/www.muensterschule-hof.de\\\/wordpress\\\/#\\\/schema\\\/logo\\\/image\\\/\",\"url\":\"https:\\\/\\\/www.muensterschule-hof.de\\\/wordpress\\\/wp-content\\\/uploads\\\/2018\\\/05\\\/cropped-MMS-Hof-final-1.png\",\"contentUrl\":\"https:\\\/\\\/www.muensterschule-hof.de\\\/wordpress\\\/wp-content\\\/uploads\\\/2018\\\/05\\\/cropped-MMS-Hof-final-1.png\",\"width\":512,\"height\":512,\"caption\":\"M\u00fcnster-Mittelschule Hof\"},\"image\":{\"@id\":\"https:\\\/\\\/www.muensterschule-hof.de\\\/wordpress\\\/#\\\/schema\\\/logo\\\/image\\\/\"}},{\"@type\":\"Person\",\"@id\":\"https:\\\/\\\/www.muensterschule-hof.de\\\/wordpress\\\/#\\\/schema\\\/person\\\/de58534e4cef400557500dff7aaa25b0\",\"name\":\"wpadmin\",\"image\":{\"@type\":\"ImageObject\",\"inLanguage\":\"de\",\"@id\":\"https:\\\/\\\/secure.gravatar.com\\\/avatar\\\/d9cd22045d4ad9ac54235e981c866f9317666429d45f49a3dc409314ab7be359?s=96&d=mm&r=g\",\"url\":\"https:\\\/\\\/secure.gravatar.com\\\/avatar\\\/d9cd22045d4ad9ac54235e981c866f9317666429d45f49a3dc409314ab7be359?s=96&d=mm&r=g\",\"contentUrl\":\"https:\\\/\\\/secure.gravatar.com\\\/avatar\\\/d9cd22045d4ad9ac54235e981c866f9317666429d45f49a3dc409314ab7be359?s=96&d=mm&r=g\",\"caption\":\"wpadmin\"},\"url\":\"https:\\\/\\\/www.muensterschule-hof.de\\\/wordpress\\\/author\\\/wpadmin\\\/\"}]}<\/script>\n<!-- \/ Yoast SEO plugin. -->","yoast_head_json":{"title":"Ein gelungener Wandertag am Untreusee (Klassen 5 abc, 7a) - M\u00fcnsterschule","robots":{"index":"index","follow":"follow","max-snippet":"max-snippet:-1","max-image-preview":"max-image-preview:large","max-video-preview":"max-video-preview:-1"},"canonical":"https:\/\/www.muensterschule-hof.de\/wordpress\/ein-gelungener-wandertag-am-untreusee-klassen-5-abc-7a\/","og_locale":"de_DE","og_type":"article","og_title":"Ein gelungener Wandertag am Untreusee (Klassen 5 abc, 7a) - M\u00fcnsterschule","og_description":"Am Mittwoch (24.09.2025) machten sich die f\u00fcnften Klassen der M\u00fcnster-Mittelschule sowie die 7a gemeinsam mit ihren Lehrkr\u00e4ften auf den Weg zum Untreusee. Schon am Morgen war die Stimmung fr\u00f6hlich und erwartungsvoll \u2013 schlie\u00dflich stand ein ganzer Tag drau\u00dfen in der Natur bevor. Nach dem Fu\u00dfmarsch zum See konnten sich die Sch\u00fclerinnen und Sch\u00fcler zun\u00e4chst mit&hellip;&nbsp;Weiterlesen &raquo;Ein gelungener Wandertag am Untreusee (Klassen 5 abc, 7a)","og_url":"https:\/\/www.muensterschule-hof.de\/wordpress\/ein-gelungener-wandertag-am-untreusee-klassen-5-abc-7a\/","og_site_name":"M\u00fcnsterschule","article_published_time":"2025-09-24T12:50:53+00:00","article_modified_time":"2025-09-24T12:50:56+00:00","og_image":[{"width":1614,"height":1607,"url":"https:\/\/www.muensterschule-hof.de\/wordpress\/wp-content\/uploads\/2025\/09\/IMG_0927.jpeg","type":"image\/jpeg"}],"author":"wpadmin","twitter_card":"summary_large_image","twitter_misc":{"Verfasst von":"wpadmin","Gesch\u00e4tzte Lesezeit":"2\u00a0Minuten"},"schema":{"@context":"https:\/\/schema.org","@graph":[{"@type":"Article","@id":"https:\/\/www.muensterschule-hof.de\/wordpress\/ein-gelungener-wandertag-am-untreusee-klassen-5-abc-7a\/#article","isPartOf":{"@id":"https:\/\/www.muensterschule-hof.de\/wordpress\/ein-gelungener-wandertag-am-untreusee-klassen-5-abc-7a\/"},"author":{"name":"wpadmin","@id":"https:\/\/www.muensterschule-hof.de\/wordpress\/#\/schema\/person\/de58534e4cef400557500dff7aaa25b0"},"headline":"Ein gelungener Wandertag am Untreusee (Klassen 5 abc, 7a)","datePublished":"2025-09-24T12:50:53+00:00","dateModified":"2025-09-24T12:50:56+00:00","mainEntityOfPage":{"@id":"https:\/\/www.muensterschule-hof.de\/wordpress\/ein-gelungener-wandertag-am-untreusee-klassen-5-abc-7a\/"},"wordCount":208,"publisher":{"@id":"https:\/\/www.muensterschule-hof.de\/wordpress\/#organization"},"image":{"@id":"https:\/\/www.muensterschule-hof.de\/wordpress\/ein-gelungener-wandertag-am-untreusee-klassen-5-abc-7a\/#primaryimage"},"thumbnailUrl":"https:\/\/www.muensterschule-hof.de\/wordpress\/wp-content\/uploads\/2025\/09\/IMG_0927.jpeg","articleSection":["Aktuelles"],"inLanguage":"de"},{"@type":"WebPage","@id":"https:\/\/www.muensterschule-hof.de\/wordpress\/ein-gelungener-wandertag-am-untreusee-klassen-5-abc-7a\/","url":"https:\/\/www.muensterschule-hof.de\/wordpress\/ein-gelungener-wandertag-am-untreusee-klassen-5-abc-7a\/","name":"Ein gelungener Wandertag am Untreusee (Klassen 5 abc, 7a) - M\u00fcnsterschule","isPartOf":{"@id":"https:\/\/www.muensterschule-hof.de\/wordpress\/#website"},"primaryImageOfPage":{"@id":"https:\/\/www.muensterschule-hof.de\/wordpress\/ein-gelungener-wandertag-am-untreusee-klassen-5-abc-7a\/#primaryimage"},"image":{"@id":"https:\/\/www.muensterschule-hof.de\/wordpress\/ein-gelungener-wandertag-am-untreusee-klassen-5-abc-7a\/#primaryimage"},"thumbnailUrl":"https:\/\/www.muensterschule-hof.de\/wordpress\/wp-content\/uploads\/2025\/09\/IMG_0927.jpeg","datePublished":"2025-09-24T12:50:53+00:00","dateModified":"2025-09-24T12:50:56+00:00","breadcrumb":{"@id":"https:\/\/www.muensterschule-hof.de\/wordpress\/ein-gelungener-wandertag-am-untreusee-klassen-5-abc-7a\/#breadcrumb"},"inLanguage":"de","potentialAction":[{"@type":"ReadAction","target":["https:\/\/www.muensterschule-hof.de\/wordpress\/ein-gelungener-wandertag-am-untreusee-klassen-5-abc-7a\/"]}]},{"@type":"ImageObject","inLanguage":"de","@id":"https:\/\/www.muensterschule-hof.de\/wordpress\/ein-gelungener-wandertag-am-untreusee-klassen-5-abc-7a\/#primaryimage","url":"https:\/\/www.muensterschule-hof.de\/wordpress\/wp-content\/uploads\/2025\/09\/IMG_0927.jpeg","contentUrl":"https:\/\/www.muensterschule-hof.de\/wordpress\/wp-content\/uploads\/2025\/09\/IMG_0927.jpeg","width":1614,"height":1607,"caption":"Screenshot"},{"@type":"BreadcrumbList","@id":"https:\/\/www.muensterschule-hof.de\/wordpress\/ein-gelungener-wandertag-am-untreusee-klassen-5-abc-7a\/#breadcrumb","itemListElement":[{"@type":"ListItem","position":1,"name":"Startseite","item":"https:\/\/www.muensterschule-hof.de\/wordpress\/"},{"@type":"ListItem","position":2,"name":"Ein gelungener Wandertag am Untreusee (Klassen 5 abc, 7a)"}]},{"@type":"WebSite","@id":"https:\/\/www.muensterschule-hof.de\/wordpress\/#website","url":"https:\/\/www.muensterschule-hof.de\/wordpress\/","name":"M\u00fcnsterschule","description":"Deine Mittelschule in Hof","publisher":{"@id":"https:\/\/www.muensterschule-hof.de\/wordpress\/#organization"},"alternateName":"MMS Hof","potentialAction":[{"@type":"SearchAction","target":{"@type":"EntryPoint","urlTemplate":"https:\/\/www.muensterschule-hof.de\/wordpress\/?s={search_term_string}"},"query-input":{"@type":"PropertyValueSpecification","valueRequired":true,"valueName":"search_term_string"}}],"inLanguage":"de"},{"@type":"Organization","@id":"https:\/\/www.muensterschule-hof.de\/wordpress\/#organization","name":"M\u00fcnster-Mittelschule Hof","alternateName":"MMS Hof","url":"https:\/\/www.muensterschule-hof.de\/wordpress\/","logo":{"@type":"ImageObject","inLanguage":"de","@id":"https:\/\/www.muensterschule-hof.de\/wordpress\/#\/schema\/logo\/image\/","url":"https:\/\/www.muensterschule-hof.de\/wordpress\/wp-content\/uploads\/2018\/05\/cropped-MMS-Hof-final-1.png","contentUrl":"https:\/\/www.muensterschule-hof.de\/wordpress\/wp-content\/uploads\/2018\/05\/cropped-MMS-Hof-final-1.png","width":512,"height":512,"caption":"M\u00fcnster-Mittelschule Hof"},"image":{"@id":"https:\/\/www.muensterschule-hof.de\/wordpress\/#\/schema\/logo\/image\/"}},{"@type":"Person","@id":"https:\/\/www.muensterschule-hof.de\/wordpress\/#\/schema\/person\/de58534e4cef400557500dff7aaa25b0","name":"wpadmin","image":{"@type":"ImageObject","inLanguage":"de","@id":"https:\/\/secure.gravatar.com\/avatar\/d9cd22045d4ad9ac54235e981c866f9317666429d45f49a3dc409314ab7be359?s=96&d=mm&r=g","url":"https:\/\/secure.gravatar.com\/avatar\/d9cd22045d4ad9ac54235e981c866f9317666429d45f49a3dc409314ab7be359?s=96&d=mm&r=g","contentUrl":"https:\/\/secure.gravatar.com\/avatar\/d9cd22045d4ad9ac54235e981c866f9317666429d45f49a3dc409314ab7be359?s=96&d=mm&r=g","caption":"wpadmin"},"url":"https:\/\/www.muensterschule-hof.de\/wordpress\/author\/wpadmin\/"}]}},"_links":{"self":[{"href":"https:\/\/www.muensterschule-hof.de\/wordpress\/wp-json\/wp\/v2\/posts\/4114","targetHints":{"allow":["GET"]}}],"collection":[{"href":"https:\/\/www.muensterschule-hof.de\/wordpress\/wp-json\/wp\/v2\/posts"}],"about":[{"href":"https:\/\/www.muensterschule-hof.de\/wordpress\/wp-json\/wp\/v2\/types\/post"}],"author":[{"embeddable":true,"href":"https:\/\/www.muensterschule-hof.de\/wordpress\/wp-json\/wp\/v2\/users\/1"}],"replies":[{"embeddable":true,"href":"https:\/\/www.muensterschule-hof.de\/wordpress\/wp-json\/wp\/v2\/comments?post=4114"}],"version-history":[{"count":1,"href":"https:\/\/www.muensterschule-hof.de\/wordpress\/wp-json\/wp\/v2\/posts\/4114\/revisions"}],"predecessor-version":[{"id":4116,"href":"https:\/\/www.muensterschule-hof.de\/wordpress\/wp-json\/wp\/v2\/posts\/4114\/revisions\/4116"}],"wp:featuredmedia":[{"embeddable":true,"href":"https:\/\/www.muensterschule-hof.de\/wordpress\/wp-json\/wp\/v2\/media\/4115"}],"wp:attachment":[{"href":"https:\/\/www.muensterschule-hof.de\/wordpress\/wp-json\/wp\/v2\/media?parent=4114"}],"wp:term":[{"taxonomy":"category","embeddable":true,"href":"https:\/\/www.muensterschule-hof.de\/wordpress\/wp-json\/wp\/v2\/categories?post=4114"},{"taxonomy":"post_tag","embeddable":true,"href":"https:\/\/www.muensterschule-hof.de\/wordpress\/wp-json\/wp\/v2\/tags?post=4114"}],"curies":[{"name":"wp","href":"https:\/\/api.w.org\/{rel}","templated":true}]}}