{"id":4152,"date":"2025-10-15T11:54:34","date_gmt":"2025-10-15T11:54:34","guid":{"rendered":"https:\/\/www.muensterschule-hof.de\/wordpress\/?p=4152"},"modified":"2025-10-15T11:54:38","modified_gmt":"2025-10-15T11:54:38","slug":"kunstaktion-der-kreativklasse-8a-was-bedeutet-frieden-fuer-mich","status":"publish","type":"post","link":"https:\/\/www.muensterschule-hof.de\/wordpress\/kunstaktion-der-kreativklasse-8a-was-bedeutet-frieden-fuer-mich\/","title":{"rendered":"Kunstaktion der Kreativklasse 8a \u2013 \u201eWas bedeutet Frieden f\u00fcr mich?\u201c"},"content":{"rendered":"\n<p>Im Rahmen einer besonderen\u00a0<strong>Kunstaktion<\/strong>\u00a0gestaltete die Kreativklasse 8a ein gro\u00dfes\u00a0<strong>Friedenszeichen aus bunten Fingerabdr\u00fccken<\/strong>. Jede Sch\u00fclerin und jeder Sch\u00fcler setzte dabei ein ganz pers\u00f6nliches Zeichen f\u00fcr <strong>Frieden, Gemeinschaft und Zusammenhalt<\/strong>.<\/p>\n\n\n\n<p>Die gemeinsame Aktion entstand als Abschluss zum Thema&nbsp;<strong>\u201eWas bedeutet Frieden f\u00fcr mich?\u201c<\/strong>&nbsp;und zeigt eindrucksvoll, wie vielf\u00e4ltig und farbenfroh Frieden sein kann.<\/p>\n\n\n\n<p><\/p>\n","protected":false},"excerpt":{"rendered":"<p>Im Rahmen einer besonderen\u00a0Kunstaktion\u00a0gestaltete die Kreativklasse 8a ein gro\u00dfes\u00a0Friedenszeichen aus bunten Fingerabdr\u00fccken. Jede Sch\u00fclerin und jeder Sch\u00fcler setzte dabei ein ganz pers\u00f6nliches Zeichen f\u00fcr Frieden, Gemeinschaft und Zusammenhalt. Die gemeinsame Aktion entstand als Abschluss zum Thema&nbsp;\u201eWas bedeutet Frieden f\u00fcr mich?\u201c&nbsp;und zeigt eindrucksvoll, wie vielf\u00e4ltig und farbenfroh Frieden sein kann.<\/p>\n","protected":false},"author":1,"featured_media":4153,"comment_status":"closed","ping_status":"closed","sticky":false,"template":"","format":"standard","meta":{"neve_meta_sidebar":"","neve_meta_container":"","neve_meta_enable_content_width":"","neve_meta_content_width":0,"neve_meta_title_alignment":"","neve_meta_author_avatar":"","neve_post_elements_order":"","neve_meta_disable_header":"","neve_meta_disable_footer":"","neve_meta_disable_title":"","footnotes":""},"categories":[50],"tags":[80,51],"class_list":["post-4152","post","type-post","status-publish","format-standard","has-post-thumbnail","hentry","category-aktuelles","tag-8a","tag-kreativklasse"],"yoast_head":"<!-- This site is optimized with the Yoast SEO plugin v27.4 - https:\/\/yoast.com\/product\/yoast-seo-wordpress\/ -->\n<title>Kunstaktion der Kreativklasse 8a \u2013 \u201eWas bedeutet Frieden f\u00fcr mich?\u201c - M\u00fcnsterschule<\/title>\n<meta name=\"robots\" content=\"index, follow, max-snippet:-1, max-image-preview:large, max-video-preview:-1\" \/>\n<link rel=\"canonical\" href=\"https:\/\/www.muensterschule-hof.de\/wordpress\/kunstaktion-der-kreativklasse-8a-was-bedeutet-frieden-fuer-mich\/\" \/>\n<meta property=\"og:locale\" content=\"de_DE\" \/>\n<meta property=\"og:type\" content=\"article\" \/>\n<meta property=\"og:title\" content=\"Kunstaktion der Kreativklasse 8a \u2013 \u201eWas bedeutet Frieden f\u00fcr mich?\u201c - M\u00fcnsterschule\" \/>\n<meta property=\"og:description\" content=\"Im Rahmen einer besonderen\u00a0Kunstaktion\u00a0gestaltete die Kreativklasse 8a ein gro\u00dfes\u00a0Friedenszeichen aus bunten Fingerabdr\u00fccken. Jede Sch\u00fclerin und jeder Sch\u00fcler setzte dabei ein ganz pers\u00f6nliches Zeichen f\u00fcr Frieden, Gemeinschaft und Zusammenhalt. Die gemeinsame Aktion entstand als Abschluss zum Thema&nbsp;\u201eWas bedeutet Frieden f\u00fcr mich?\u201c&nbsp;und zeigt eindrucksvoll, wie vielf\u00e4ltig und farbenfroh Frieden sein kann.\" \/>\n<meta property=\"og:url\" content=\"https:\/\/www.muensterschule-hof.de\/wordpress\/kunstaktion-der-kreativklasse-8a-was-bedeutet-frieden-fuer-mich\/\" \/>\n<meta property=\"og:site_name\" content=\"M\u00fcnsterschule\" \/>\n<meta property=\"article:published_time\" content=\"2025-10-15T11:54:34+00:00\" \/>\n<meta property=\"article:modified_time\" content=\"2025-10-15T11:54:38+00:00\" \/>\n<meta property=\"og:image\" content=\"https:\/\/www.muensterschule-hof.de\/wordpress\/wp-content\/uploads\/2025\/10\/IMG_3414.jpeg\" \/>\n\t<meta property=\"og:image:width\" content=\"686\" \/>\n\t<meta property=\"og:image:height\" content=\"979\" \/>\n\t<meta property=\"og:image:type\" content=\"image\/jpeg\" \/>\n<meta name=\"author\" content=\"wpadmin\" \/>\n<meta name=\"twitter:card\" content=\"summary_large_image\" \/>\n<meta name=\"twitter:label1\" content=\"Verfasst von\" \/>\n\t<meta name=\"twitter:data1\" content=\"wpadmin\" \/>\n\t<meta name=\"twitter:label2\" content=\"Gesch\u00e4tzte Lesezeit\" \/>\n\t<meta name=\"twitter:data2\" content=\"1\u00a0Minute\" \/>\n<script type=\"application\/ld+json\" class=\"yoast-schema-graph\">{\"@context\":\"https:\\\/\\\/schema.org\",\"@graph\":[{\"@type\":\"Article\",\"@id\":\"https:\\\/\\\/www.muensterschule-hof.de\\\/wordpress\\\/kunstaktion-der-kreativklasse-8a-was-bedeutet-frieden-fuer-mich\\\/#article\",\"isPartOf\":{\"@id\":\"https:\\\/\\\/www.muensterschule-hof.de\\\/wordpress\\\/kunstaktion-der-kreativklasse-8a-was-bedeutet-frieden-fuer-mich\\\/\"},\"author\":{\"name\":\"wpadmin\",\"@id\":\"https:\\\/\\\/www.muensterschule-hof.de\\\/wordpress\\\/#\\\/schema\\\/person\\\/de58534e4cef400557500dff7aaa25b0\"},\"headline\":\"Kunstaktion der Kreativklasse 8a \u2013 \u201eWas bedeutet Frieden f\u00fcr mich?\u201c\",\"datePublished\":\"2025-10-15T11:54:34+00:00\",\"dateModified\":\"2025-10-15T11:54:38+00:00\",\"mainEntityOfPage\":{\"@id\":\"https:\\\/\\\/www.muensterschule-hof.de\\\/wordpress\\\/kunstaktion-der-kreativklasse-8a-was-bedeutet-frieden-fuer-mich\\\/\"},\"wordCount\":74,\"publisher\":{\"@id\":\"https:\\\/\\\/www.muensterschule-hof.de\\\/wordpress\\\/#organization\"},\"image\":{\"@id\":\"https:\\\/\\\/www.muensterschule-hof.de\\\/wordpress\\\/kunstaktion-der-kreativklasse-8a-was-bedeutet-frieden-fuer-mich\\\/#primaryimage\"},\"thumbnailUrl\":\"https:\\\/\\\/www.muensterschule-hof.de\\\/wordpress\\\/wp-content\\\/uploads\\\/2025\\\/10\\\/IMG_3414.jpeg\",\"keywords\":[\"8a\",\"Kreativklasse\"],\"articleSection\":[\"Aktuelles\"],\"inLanguage\":\"de\"},{\"@type\":\"WebPage\",\"@id\":\"https:\\\/\\\/www.muensterschule-hof.de\\\/wordpress\\\/kunstaktion-der-kreativklasse-8a-was-bedeutet-frieden-fuer-mich\\\/\",\"url\":\"https:\\\/\\\/www.muensterschule-hof.de\\\/wordpress\\\/kunstaktion-der-kreativklasse-8a-was-bedeutet-frieden-fuer-mich\\\/\",\"name\":\"Kunstaktion der Kreativklasse 8a \u2013 \u201eWas bedeutet Frieden f\u00fcr mich?\u201c - M\u00fcnsterschule\",\"isPartOf\":{\"@id\":\"https:\\\/\\\/www.muensterschule-hof.de\\\/wordpress\\\/#website\"},\"primaryImageOfPage\":{\"@id\":\"https:\\\/\\\/www.muensterschule-hof.de\\\/wordpress\\\/kunstaktion-der-kreativklasse-8a-was-bedeutet-frieden-fuer-mich\\\/#primaryimage\"},\"image\":{\"@id\":\"https:\\\/\\\/www.muensterschule-hof.de\\\/wordpress\\\/kunstaktion-der-kreativklasse-8a-was-bedeutet-frieden-fuer-mich\\\/#primaryimage\"},\"thumbnailUrl\":\"https:\\\/\\\/www.muensterschule-hof.de\\\/wordpress\\\/wp-content\\\/uploads\\\/2025\\\/10\\\/IMG_3414.jpeg\",\"datePublished\":\"2025-10-15T11:54:34+00:00\",\"dateModified\":\"2025-10-15T11:54:38+00:00\",\"breadcrumb\":{\"@id\":\"https:\\\/\\\/www.muensterschule-hof.de\\\/wordpress\\\/kunstaktion-der-kreativklasse-8a-was-bedeutet-frieden-fuer-mich\\\/#breadcrumb\"},\"inLanguage\":\"de\",\"potentialAction\":[{\"@type\":\"ReadAction\",\"target\":[\"https:\\\/\\\/www.muensterschule-hof.de\\\/wordpress\\\/kunstaktion-der-kreativklasse-8a-was-bedeutet-frieden-fuer-mich\\\/\"]}]},{\"@type\":\"ImageObject\",\"inLanguage\":\"de\",\"@id\":\"https:\\\/\\\/www.muensterschule-hof.de\\\/wordpress\\\/kunstaktion-der-kreativklasse-8a-was-bedeutet-frieden-fuer-mich\\\/#primaryimage\",\"url\":\"https:\\\/\\\/www.muensterschule-hof.de\\\/wordpress\\\/wp-content\\\/uploads\\\/2025\\\/10\\\/IMG_3414.jpeg\",\"contentUrl\":\"https:\\\/\\\/www.muensterschule-hof.de\\\/wordpress\\\/wp-content\\\/uploads\\\/2025\\\/10\\\/IMG_3414.jpeg\",\"width\":686,\"height\":979},{\"@type\":\"BreadcrumbList\",\"@id\":\"https:\\\/\\\/www.muensterschule-hof.de\\\/wordpress\\\/kunstaktion-der-kreativklasse-8a-was-bedeutet-frieden-fuer-mich\\\/#breadcrumb\",\"itemListElement\":[{\"@type\":\"ListItem\",\"position\":1,\"name\":\"Startseite\",\"item\":\"https:\\\/\\\/www.muensterschule-hof.de\\\/wordpress\\\/\"},{\"@type\":\"ListItem\",\"position\":2,\"name\":\"Kunstaktion der Kreativklasse 8a \u2013 \u201eWas bedeutet Frieden f\u00fcr mich?\u201c\"}]},{\"@type\":\"WebSite\",\"@id\":\"https:\\\/\\\/www.muensterschule-hof.de\\\/wordpress\\\/#website\",\"url\":\"https:\\\/\\\/www.muensterschule-hof.de\\\/wordpress\\\/\",\"name\":\"M\u00fcnsterschule\",\"description\":\"Deine Mittelschule in Hof\",\"publisher\":{\"@id\":\"https:\\\/\\\/www.muensterschule-hof.de\\\/wordpress\\\/#organization\"},\"alternateName\":\"MMS Hof\",\"potentialAction\":[{\"@type\":\"SearchAction\",\"target\":{\"@type\":\"EntryPoint\",\"urlTemplate\":\"https:\\\/\\\/www.muensterschule-hof.de\\\/wordpress\\\/?s={search_term_string}\"},\"query-input\":{\"@type\":\"PropertyValueSpecification\",\"valueRequired\":true,\"valueName\":\"search_term_string\"}}],\"inLanguage\":\"de\"},{\"@type\":\"Organization\",\"@id\":\"https:\\\/\\\/www.muensterschule-hof.de\\\/wordpress\\\/#organization\",\"name\":\"M\u00fcnster-Mittelschule Hof\",\"alternateName\":\"MMS Hof\",\"url\":\"https:\\\/\\\/www.muensterschule-hof.de\\\/wordpress\\\/\",\"logo\":{\"@type\":\"ImageObject\",\"inLanguage\":\"de\",\"@id\":\"https:\\\/\\\/www.muensterschule-hof.de\\\/wordpress\\\/#\\\/schema\\\/logo\\\/image\\\/\",\"url\":\"https:\\\/\\\/www.muensterschule-hof.de\\\/wordpress\\\/wp-content\\\/uploads\\\/2018\\\/05\\\/cropped-MMS-Hof-final-1.png\",\"contentUrl\":\"https:\\\/\\\/www.muensterschule-hof.de\\\/wordpress\\\/wp-content\\\/uploads\\\/2018\\\/05\\\/cropped-MMS-Hof-final-1.png\",\"width\":512,\"height\":512,\"caption\":\"M\u00fcnster-Mittelschule Hof\"},\"image\":{\"@id\":\"https:\\\/\\\/www.muensterschule-hof.de\\\/wordpress\\\/#\\\/schema\\\/logo\\\/image\\\/\"}},{\"@type\":\"Person\",\"@id\":\"https:\\\/\\\/www.muensterschule-hof.de\\\/wordpress\\\/#\\\/schema\\\/person\\\/de58534e4cef400557500dff7aaa25b0\",\"name\":\"wpadmin\",\"image\":{\"@type\":\"ImageObject\",\"inLanguage\":\"de\",\"@id\":\"https:\\\/\\\/secure.gravatar.com\\\/avatar\\\/d9cd22045d4ad9ac54235e981c866f9317666429d45f49a3dc409314ab7be359?s=96&d=mm&r=g\",\"url\":\"https:\\\/\\\/secure.gravatar.com\\\/avatar\\\/d9cd22045d4ad9ac54235e981c866f9317666429d45f49a3dc409314ab7be359?s=96&d=mm&r=g\",\"contentUrl\":\"https:\\\/\\\/secure.gravatar.com\\\/avatar\\\/d9cd22045d4ad9ac54235e981c866f9317666429d45f49a3dc409314ab7be359?s=96&d=mm&r=g\",\"caption\":\"wpadmin\"},\"url\":\"https:\\\/\\\/www.muensterschule-hof.de\\\/wordpress\\\/author\\\/wpadmin\\\/\"}]}<\/script>\n<!-- \/ Yoast SEO plugin. -->","yoast_head_json":{"title":"Kunstaktion der Kreativklasse 8a \u2013 \u201eWas bedeutet Frieden f\u00fcr mich?\u201c - M\u00fcnsterschule","robots":{"index":"index","follow":"follow","max-snippet":"max-snippet:-1","max-image-preview":"max-image-preview:large","max-video-preview":"max-video-preview:-1"},"canonical":"https:\/\/www.muensterschule-hof.de\/wordpress\/kunstaktion-der-kreativklasse-8a-was-bedeutet-frieden-fuer-mich\/","og_locale":"de_DE","og_type":"article","og_title":"Kunstaktion der Kreativklasse 8a \u2013 \u201eWas bedeutet Frieden f\u00fcr mich?\u201c - M\u00fcnsterschule","og_description":"Im Rahmen einer besonderen\u00a0Kunstaktion\u00a0gestaltete die Kreativklasse 8a ein gro\u00dfes\u00a0Friedenszeichen aus bunten Fingerabdr\u00fccken. Jede Sch\u00fclerin und jeder Sch\u00fcler setzte dabei ein ganz pers\u00f6nliches Zeichen f\u00fcr Frieden, Gemeinschaft und Zusammenhalt. Die gemeinsame Aktion entstand als Abschluss zum Thema&nbsp;\u201eWas bedeutet Frieden f\u00fcr mich?\u201c&nbsp;und zeigt eindrucksvoll, wie vielf\u00e4ltig und farbenfroh Frieden sein kann.","og_url":"https:\/\/www.muensterschule-hof.de\/wordpress\/kunstaktion-der-kreativklasse-8a-was-bedeutet-frieden-fuer-mich\/","og_site_name":"M\u00fcnsterschule","article_published_time":"2025-10-15T11:54:34+00:00","article_modified_time":"2025-10-15T11:54:38+00:00","og_image":[{"width":686,"height":979,"url":"https:\/\/www.muensterschule-hof.de\/wordpress\/wp-content\/uploads\/2025\/10\/IMG_3414.jpeg","type":"image\/jpeg"}],"author":"wpadmin","twitter_card":"summary_large_image","twitter_misc":{"Verfasst von":"wpadmin","Gesch\u00e4tzte Lesezeit":"1\u00a0Minute"},"schema":{"@context":"https:\/\/schema.org","@graph":[{"@type":"Article","@id":"https:\/\/www.muensterschule-hof.de\/wordpress\/kunstaktion-der-kreativklasse-8a-was-bedeutet-frieden-fuer-mich\/#article","isPartOf":{"@id":"https:\/\/www.muensterschule-hof.de\/wordpress\/kunstaktion-der-kreativklasse-8a-was-bedeutet-frieden-fuer-mich\/"},"author":{"name":"wpadmin","@id":"https:\/\/www.muensterschule-hof.de\/wordpress\/#\/schema\/person\/de58534e4cef400557500dff7aaa25b0"},"headline":"Kunstaktion der Kreativklasse 8a \u2013 \u201eWas bedeutet Frieden f\u00fcr mich?\u201c","datePublished":"2025-10-15T11:54:34+00:00","dateModified":"2025-10-15T11:54:38+00:00","mainEntityOfPage":{"@id":"https:\/\/www.muensterschule-hof.de\/wordpress\/kunstaktion-der-kreativklasse-8a-was-bedeutet-frieden-fuer-mich\/"},"wordCount":74,"publisher":{"@id":"https:\/\/www.muensterschule-hof.de\/wordpress\/#organization"},"image":{"@id":"https:\/\/www.muensterschule-hof.de\/wordpress\/kunstaktion-der-kreativklasse-8a-was-bedeutet-frieden-fuer-mich\/#primaryimage"},"thumbnailUrl":"https:\/\/www.muensterschule-hof.de\/wordpress\/wp-content\/uploads\/2025\/10\/IMG_3414.jpeg","keywords":["8a","Kreativklasse"],"articleSection":["Aktuelles"],"inLanguage":"de"},{"@type":"WebPage","@id":"https:\/\/www.muensterschule-hof.de\/wordpress\/kunstaktion-der-kreativklasse-8a-was-bedeutet-frieden-fuer-mich\/","url":"https:\/\/www.muensterschule-hof.de\/wordpress\/kunstaktion-der-kreativklasse-8a-was-bedeutet-frieden-fuer-mich\/","name":"Kunstaktion der Kreativklasse 8a \u2013 \u201eWas bedeutet Frieden f\u00fcr mich?\u201c - M\u00fcnsterschule","isPartOf":{"@id":"https:\/\/www.muensterschule-hof.de\/wordpress\/#website"},"primaryImageOfPage":{"@id":"https:\/\/www.muensterschule-hof.de\/wordpress\/kunstaktion-der-kreativklasse-8a-was-bedeutet-frieden-fuer-mich\/#primaryimage"},"image":{"@id":"https:\/\/www.muensterschule-hof.de\/wordpress\/kunstaktion-der-kreativklasse-8a-was-bedeutet-frieden-fuer-mich\/#primaryimage"},"thumbnailUrl":"https:\/\/www.muensterschule-hof.de\/wordpress\/wp-content\/uploads\/2025\/10\/IMG_3414.jpeg","datePublished":"2025-10-15T11:54:34+00:00","dateModified":"2025-10-15T11:54:38+00:00","breadcrumb":{"@id":"https:\/\/www.muensterschule-hof.de\/wordpress\/kunstaktion-der-kreativklasse-8a-was-bedeutet-frieden-fuer-mich\/#breadcrumb"},"inLanguage":"de","potentialAction":[{"@type":"ReadAction","target":["https:\/\/www.muensterschule-hof.de\/wordpress\/kunstaktion-der-kreativklasse-8a-was-bedeutet-frieden-fuer-mich\/"]}]},{"@type":"ImageObject","inLanguage":"de","@id":"https:\/\/www.muensterschule-hof.de\/wordpress\/kunstaktion-der-kreativklasse-8a-was-bedeutet-frieden-fuer-mich\/#primaryimage","url":"https:\/\/www.muensterschule-hof.de\/wordpress\/wp-content\/uploads\/2025\/10\/IMG_3414.jpeg","contentUrl":"https:\/\/www.muensterschule-hof.de\/wordpress\/wp-content\/uploads\/2025\/10\/IMG_3414.jpeg","width":686,"height":979},{"@type":"BreadcrumbList","@id":"https:\/\/www.muensterschule-hof.de\/wordpress\/kunstaktion-der-kreativklasse-8a-was-bedeutet-frieden-fuer-mich\/#breadcrumb","itemListElement":[{"@type":"ListItem","position":1,"name":"Startseite","item":"https:\/\/www.muensterschule-hof.de\/wordpress\/"},{"@type":"ListItem","position":2,"name":"Kunstaktion der Kreativklasse 8a \u2013 \u201eWas bedeutet Frieden f\u00fcr mich?\u201c"}]},{"@type":"WebSite","@id":"https:\/\/www.muensterschule-hof.de\/wordpress\/#website","url":"https:\/\/www.muensterschule-hof.de\/wordpress\/","name":"M\u00fcnsterschule","description":"Deine Mittelschule in Hof","publisher":{"@id":"https:\/\/www.muensterschule-hof.de\/wordpress\/#organization"},"alternateName":"MMS Hof","potentialAction":[{"@type":"SearchAction","target":{"@type":"EntryPoint","urlTemplate":"https:\/\/www.muensterschule-hof.de\/wordpress\/?s={search_term_string}"},"query-input":{"@type":"PropertyValueSpecification","valueRequired":true,"valueName":"search_term_string"}}],"inLanguage":"de"},{"@type":"Organization","@id":"https:\/\/www.muensterschule-hof.de\/wordpress\/#organization","name":"M\u00fcnster-Mittelschule Hof","alternateName":"MMS Hof","url":"https:\/\/www.muensterschule-hof.de\/wordpress\/","logo":{"@type":"ImageObject","inLanguage":"de","@id":"https:\/\/www.muensterschule-hof.de\/wordpress\/#\/schema\/logo\/image\/","url":"https:\/\/www.muensterschule-hof.de\/wordpress\/wp-content\/uploads\/2018\/05\/cropped-MMS-Hof-final-1.png","contentUrl":"https:\/\/www.muensterschule-hof.de\/wordpress\/wp-content\/uploads\/2018\/05\/cropped-MMS-Hof-final-1.png","width":512,"height":512,"caption":"M\u00fcnster-Mittelschule Hof"},"image":{"@id":"https:\/\/www.muensterschule-hof.de\/wordpress\/#\/schema\/logo\/image\/"}},{"@type":"Person","@id":"https:\/\/www.muensterschule-hof.de\/wordpress\/#\/schema\/person\/de58534e4cef400557500dff7aaa25b0","name":"wpadmin","image":{"@type":"ImageObject","inLanguage":"de","@id":"https:\/\/secure.gravatar.com\/avatar\/d9cd22045d4ad9ac54235e981c866f9317666429d45f49a3dc409314ab7be359?s=96&d=mm&r=g","url":"https:\/\/secure.gravatar.com\/avatar\/d9cd22045d4ad9ac54235e981c866f9317666429d45f49a3dc409314ab7be359?s=96&d=mm&r=g","contentUrl":"https:\/\/secure.gravatar.com\/avatar\/d9cd22045d4ad9ac54235e981c866f9317666429d45f49a3dc409314ab7be359?s=96&d=mm&r=g","caption":"wpadmin"},"url":"https:\/\/www.muensterschule-hof.de\/wordpress\/author\/wpadmin\/"}]}},"_links":{"self":[{"href":"https:\/\/www.muensterschule-hof.de\/wordpress\/wp-json\/wp\/v2\/posts\/4152","targetHints":{"allow":["GET"]}}],"collection":[{"href":"https:\/\/www.muensterschule-hof.de\/wordpress\/wp-json\/wp\/v2\/posts"}],"about":[{"href":"https:\/\/www.muensterschule-hof.de\/wordpress\/wp-json\/wp\/v2\/types\/post"}],"author":[{"embeddable":true,"href":"https:\/\/www.muensterschule-hof.de\/wordpress\/wp-json\/wp\/v2\/users\/1"}],"replies":[{"embeddable":true,"href":"https:\/\/www.muensterschule-hof.de\/wordpress\/wp-json\/wp\/v2\/comments?post=4152"}],"version-history":[{"count":1,"href":"https:\/\/www.muensterschule-hof.de\/wordpress\/wp-json\/wp\/v2\/posts\/4152\/revisions"}],"predecessor-version":[{"id":4154,"href":"https:\/\/www.muensterschule-hof.de\/wordpress\/wp-json\/wp\/v2\/posts\/4152\/revisions\/4154"}],"wp:featuredmedia":[{"embeddable":true,"href":"https:\/\/www.muensterschule-hof.de\/wordpress\/wp-json\/wp\/v2\/media\/4153"}],"wp:attachment":[{"href":"https:\/\/www.muensterschule-hof.de\/wordpress\/wp-json\/wp\/v2\/media?parent=4152"}],"wp:term":[{"taxonomy":"category","embeddable":true,"href":"https:\/\/www.muensterschule-hof.de\/wordpress\/wp-json\/wp\/v2\/categories?post=4152"},{"taxonomy":"post_tag","embeddable":true,"href":"https:\/\/www.muensterschule-hof.de\/wordpress\/wp-json\/wp\/v2\/tags?post=4152"}],"curies":[{"name":"wp","href":"https:\/\/api.w.org\/{rel}","templated":true}]}}