{"id":4207,"date":"2025-11-12T21:29:17","date_gmt":"2025-11-12T21:29:17","guid":{"rendered":"https:\/\/www.muensterschule-hof.de\/wordpress\/?p=4207"},"modified":"2025-11-12T21:29:34","modified_gmt":"2025-11-12T21:29:34","slug":"pflanzaktion-der-klasse-8a","status":"publish","type":"post","link":"https:\/\/www.muensterschule-hof.de\/wordpress\/pflanzaktion-der-klasse-8a\/","title":{"rendered":"Pflanzaktion der Klasse 8a"},"content":{"rendered":"\n<p>Unter dem Motto \u201eViele H\u00e4nde, schnelles Ende\u201c f\u00fchrte die Klasse 8a gemeinsam mit Bauer Bruno und dessen Frau Anja eine besondere Forstaktion durch. Begleitet wurde das Projekt von Claudia Wagner und ihrer Klassenlehrerin Iris Fischer.<br><br>Mit gro\u00dfem Einsatz pflanzten die Sch\u00fclerinnen und Sch\u00fcler in nur zwei Stunden 150 junge B\u00e4ume \u2013 Buchen, Linden, Esskastanien und Eichen. Dabei ging es nicht nur um den Beitrag zum Umweltschutz, sondern vor allem um das Miteinander in der Klasse.<br><br>Die Jugendlichen lernten, aus Draht Schutzvorrichtungen f\u00fcr die B\u00e4umchen zu bauen, um sie vor Wildverbiss zu sch\u00fctzen. In immer wieder neu zusammengesetzten Gruppen arbeiteten sie Hand in Hand und erfuhren, wie wichtig Teamarbeit, Kommunikation und gegenseitige Unterst\u00fctzung sind.<br><br>Solche Aktionen st\u00e4rken das Klassengef\u00fcge, weil die Sch\u00fcler:innen au\u00dferhalb des Unterrichts neue Seiten aneinander kennenlernen, Vertrauen aufbauen und Verantwortung \u00fcbernehmen. Das gemeinsame Arbeiten in der Natur f\u00f6rdert zudem Achtsamkeit gegen\u00fcber der Umwelt und untereinander.<br><br>Am Ende blickten alle stolz auf die frisch bepflanzte Fl\u00e4che \u2013 ein sichtbares Zeichen f\u00fcr Engagement, Zusammenhalt und gelebte Nachhaltigkeit.<\/p>\n\n\n\n<figure class=\"wp-block-gallery has-nested-images columns-default is-cropped wp-block-gallery-1 is-layout-flex wp-block-gallery-is-layout-flex\">\n<figure class=\"wp-block-image size-large\"><img loading=\"lazy\" decoding=\"async\" width=\"584\" height=\"796\" data-id=\"4209\" src=\"https:\/\/www.muensterschule-hof.de\/wordpress\/wp-content\/uploads\/2025\/11\/Bildschirmfoto-2025-11-12-um-22.32.40.png\" alt=\"\" class=\"wp-image-4209\"\/><\/figure>\n<\/figure>\n","protected":false},"excerpt":{"rendered":"<p>Unter dem Motto \u201eViele H\u00e4nde, schnelles Ende\u201c f\u00fchrte die Klasse 8a gemeinsam mit Bauer Bruno und dessen Frau Anja eine besondere Forstaktion durch. Begleitet wurde das Projekt von Claudia Wagner und ihrer Klassenlehrerin Iris Fischer. Mit gro\u00dfem Einsatz pflanzten die Sch\u00fclerinnen und Sch\u00fcler in nur zwei Stunden 150 junge B\u00e4ume \u2013 Buchen, Linden, Esskastanien und&hellip;&nbsp;<a href=\"https:\/\/www.muensterschule-hof.de\/wordpress\/pflanzaktion-der-klasse-8a\/\" rel=\"bookmark\">Weiterlesen &raquo;<span class=\"screen-reader-text\">Pflanzaktion der Klasse 8a<\/span><\/a><\/p>\n","protected":false},"author":1,"featured_media":4208,"comment_status":"closed","ping_status":"closed","sticky":false,"template":"","format":"standard","meta":{"neve_meta_sidebar":"","neve_meta_container":"","neve_meta_enable_content_width":"","neve_meta_content_width":0,"neve_meta_title_alignment":"","neve_meta_author_avatar":"","neve_post_elements_order":"","neve_meta_disable_header":"","neve_meta_disable_footer":"","neve_meta_disable_title":"","footnotes":""},"categories":[50],"tags":[80,51,10],"class_list":["post-4207","post","type-post","status-publish","format-standard","has-post-thumbnail","hentry","category-aktuelles","tag-8a","tag-kreativklasse","tag-umweltschule"],"yoast_head":"<!-- This site is optimized with the Yoast SEO plugin v27.4 - https:\/\/yoast.com\/product\/yoast-seo-wordpress\/ -->\n<title>Pflanzaktion der Klasse 8a - M\u00fcnsterschule<\/title>\n<meta name=\"robots\" content=\"index, follow, max-snippet:-1, max-image-preview:large, max-video-preview:-1\" \/>\n<link rel=\"canonical\" href=\"https:\/\/www.muensterschule-hof.de\/wordpress\/pflanzaktion-der-klasse-8a\/\" \/>\n<meta property=\"og:locale\" content=\"de_DE\" \/>\n<meta property=\"og:type\" content=\"article\" \/>\n<meta property=\"og:title\" content=\"Pflanzaktion der Klasse 8a - M\u00fcnsterschule\" \/>\n<meta property=\"og:description\" content=\"Unter dem Motto \u201eViele H\u00e4nde, schnelles Ende\u201c f\u00fchrte die Klasse 8a gemeinsam mit Bauer Bruno und dessen Frau Anja eine besondere Forstaktion durch. Begleitet wurde das Projekt von Claudia Wagner und ihrer Klassenlehrerin Iris Fischer. Mit gro\u00dfem Einsatz pflanzten die Sch\u00fclerinnen und Sch\u00fcler in nur zwei Stunden 150 junge B\u00e4ume \u2013 Buchen, Linden, Esskastanien und&hellip;&nbsp;Weiterlesen &raquo;Pflanzaktion der Klasse 8a\" \/>\n<meta property=\"og:url\" content=\"https:\/\/www.muensterschule-hof.de\/wordpress\/pflanzaktion-der-klasse-8a\/\" \/>\n<meta property=\"og:site_name\" content=\"M\u00fcnsterschule\" \/>\n<meta property=\"article:published_time\" content=\"2025-11-12T21:29:17+00:00\" \/>\n<meta property=\"article:modified_time\" content=\"2025-11-12T21:29:34+00:00\" \/>\n<meta property=\"og:image\" content=\"https:\/\/www.muensterschule-hof.de\/wordpress\/wp-content\/uploads\/2025\/11\/Bildschirmfoto-2025-11-12-um-22.31.13.png\" \/>\n\t<meta property=\"og:image:width\" content=\"1052\" \/>\n\t<meta property=\"og:image:height\" content=\"786\" \/>\n\t<meta property=\"og:image:type\" content=\"image\/png\" \/>\n<meta name=\"author\" content=\"wpadmin\" \/>\n<meta name=\"twitter:card\" content=\"summary_large_image\" \/>\n<meta name=\"twitter:label1\" content=\"Verfasst von\" \/>\n\t<meta name=\"twitter:data1\" content=\"wpadmin\" \/>\n\t<meta name=\"twitter:label2\" content=\"Gesch\u00e4tzte Lesezeit\" \/>\n\t<meta name=\"twitter:data2\" content=\"2\u00a0Minuten\" \/>\n<script type=\"application\/ld+json\" class=\"yoast-schema-graph\">{\"@context\":\"https:\\\/\\\/schema.org\",\"@graph\":[{\"@type\":\"Article\",\"@id\":\"https:\\\/\\\/www.muensterschule-hof.de\\\/wordpress\\\/pflanzaktion-der-klasse-8a\\\/#article\",\"isPartOf\":{\"@id\":\"https:\\\/\\\/www.muensterschule-hof.de\\\/wordpress\\\/pflanzaktion-der-klasse-8a\\\/\"},\"author\":{\"name\":\"wpadmin\",\"@id\":\"https:\\\/\\\/www.muensterschule-hof.de\\\/wordpress\\\/#\\\/schema\\\/person\\\/de58534e4cef400557500dff7aaa25b0\"},\"headline\":\"Pflanzaktion der Klasse 8a\",\"datePublished\":\"2025-11-12T21:29:17+00:00\",\"dateModified\":\"2025-11-12T21:29:34+00:00\",\"mainEntityOfPage\":{\"@id\":\"https:\\\/\\\/www.muensterschule-hof.de\\\/wordpress\\\/pflanzaktion-der-klasse-8a\\\/\"},\"wordCount\":187,\"publisher\":{\"@id\":\"https:\\\/\\\/www.muensterschule-hof.de\\\/wordpress\\\/#organization\"},\"image\":{\"@id\":\"https:\\\/\\\/www.muensterschule-hof.de\\\/wordpress\\\/pflanzaktion-der-klasse-8a\\\/#primaryimage\"},\"thumbnailUrl\":\"https:\\\/\\\/www.muensterschule-hof.de\\\/wordpress\\\/wp-content\\\/uploads\\\/2025\\\/11\\\/Bildschirmfoto-2025-11-12-um-22.31.13.png\",\"keywords\":[\"8a\",\"Kreativklasse\",\"Umweltschule\"],\"articleSection\":[\"Aktuelles\"],\"inLanguage\":\"de\"},{\"@type\":\"WebPage\",\"@id\":\"https:\\\/\\\/www.muensterschule-hof.de\\\/wordpress\\\/pflanzaktion-der-klasse-8a\\\/\",\"url\":\"https:\\\/\\\/www.muensterschule-hof.de\\\/wordpress\\\/pflanzaktion-der-klasse-8a\\\/\",\"name\":\"Pflanzaktion der Klasse 8a - M\u00fcnsterschule\",\"isPartOf\":{\"@id\":\"https:\\\/\\\/www.muensterschule-hof.de\\\/wordpress\\\/#website\"},\"primaryImageOfPage\":{\"@id\":\"https:\\\/\\\/www.muensterschule-hof.de\\\/wordpress\\\/pflanzaktion-der-klasse-8a\\\/#primaryimage\"},\"image\":{\"@id\":\"https:\\\/\\\/www.muensterschule-hof.de\\\/wordpress\\\/pflanzaktion-der-klasse-8a\\\/#primaryimage\"},\"thumbnailUrl\":\"https:\\\/\\\/www.muensterschule-hof.de\\\/wordpress\\\/wp-content\\\/uploads\\\/2025\\\/11\\\/Bildschirmfoto-2025-11-12-um-22.31.13.png\",\"datePublished\":\"2025-11-12T21:29:17+00:00\",\"dateModified\":\"2025-11-12T21:29:34+00:00\",\"breadcrumb\":{\"@id\":\"https:\\\/\\\/www.muensterschule-hof.de\\\/wordpress\\\/pflanzaktion-der-klasse-8a\\\/#breadcrumb\"},\"inLanguage\":\"de\",\"potentialAction\":[{\"@type\":\"ReadAction\",\"target\":[\"https:\\\/\\\/www.muensterschule-hof.de\\\/wordpress\\\/pflanzaktion-der-klasse-8a\\\/\"]}]},{\"@type\":\"ImageObject\",\"inLanguage\":\"de\",\"@id\":\"https:\\\/\\\/www.muensterschule-hof.de\\\/wordpress\\\/pflanzaktion-der-klasse-8a\\\/#primaryimage\",\"url\":\"https:\\\/\\\/www.muensterschule-hof.de\\\/wordpress\\\/wp-content\\\/uploads\\\/2025\\\/11\\\/Bildschirmfoto-2025-11-12-um-22.31.13.png\",\"contentUrl\":\"https:\\\/\\\/www.muensterschule-hof.de\\\/wordpress\\\/wp-content\\\/uploads\\\/2025\\\/11\\\/Bildschirmfoto-2025-11-12-um-22.31.13.png\",\"width\":1052,\"height\":786},{\"@type\":\"BreadcrumbList\",\"@id\":\"https:\\\/\\\/www.muensterschule-hof.de\\\/wordpress\\\/pflanzaktion-der-klasse-8a\\\/#breadcrumb\",\"itemListElement\":[{\"@type\":\"ListItem\",\"position\":1,\"name\":\"Startseite\",\"item\":\"https:\\\/\\\/www.muensterschule-hof.de\\\/wordpress\\\/\"},{\"@type\":\"ListItem\",\"position\":2,\"name\":\"Pflanzaktion der Klasse 8a\"}]},{\"@type\":\"WebSite\",\"@id\":\"https:\\\/\\\/www.muensterschule-hof.de\\\/wordpress\\\/#website\",\"url\":\"https:\\\/\\\/www.muensterschule-hof.de\\\/wordpress\\\/\",\"name\":\"M\u00fcnsterschule\",\"description\":\"Deine Mittelschule in Hof\",\"publisher\":{\"@id\":\"https:\\\/\\\/www.muensterschule-hof.de\\\/wordpress\\\/#organization\"},\"alternateName\":\"MMS Hof\",\"potentialAction\":[{\"@type\":\"SearchAction\",\"target\":{\"@type\":\"EntryPoint\",\"urlTemplate\":\"https:\\\/\\\/www.muensterschule-hof.de\\\/wordpress\\\/?s={search_term_string}\"},\"query-input\":{\"@type\":\"PropertyValueSpecification\",\"valueRequired\":true,\"valueName\":\"search_term_string\"}}],\"inLanguage\":\"de\"},{\"@type\":\"Organization\",\"@id\":\"https:\\\/\\\/www.muensterschule-hof.de\\\/wordpress\\\/#organization\",\"name\":\"M\u00fcnster-Mittelschule Hof\",\"alternateName\":\"MMS Hof\",\"url\":\"https:\\\/\\\/www.muensterschule-hof.de\\\/wordpress\\\/\",\"logo\":{\"@type\":\"ImageObject\",\"inLanguage\":\"de\",\"@id\":\"https:\\\/\\\/www.muensterschule-hof.de\\\/wordpress\\\/#\\\/schema\\\/logo\\\/image\\\/\",\"url\":\"https:\\\/\\\/www.muensterschule-hof.de\\\/wordpress\\\/wp-content\\\/uploads\\\/2018\\\/05\\\/cropped-MMS-Hof-final-1.png\",\"contentUrl\":\"https:\\\/\\\/www.muensterschule-hof.de\\\/wordpress\\\/wp-content\\\/uploads\\\/2018\\\/05\\\/cropped-MMS-Hof-final-1.png\",\"width\":512,\"height\":512,\"caption\":\"M\u00fcnster-Mittelschule Hof\"},\"image\":{\"@id\":\"https:\\\/\\\/www.muensterschule-hof.de\\\/wordpress\\\/#\\\/schema\\\/logo\\\/image\\\/\"}},{\"@type\":\"Person\",\"@id\":\"https:\\\/\\\/www.muensterschule-hof.de\\\/wordpress\\\/#\\\/schema\\\/person\\\/de58534e4cef400557500dff7aaa25b0\",\"name\":\"wpadmin\",\"image\":{\"@type\":\"ImageObject\",\"inLanguage\":\"de\",\"@id\":\"https:\\\/\\\/secure.gravatar.com\\\/avatar\\\/d9cd22045d4ad9ac54235e981c866f9317666429d45f49a3dc409314ab7be359?s=96&d=mm&r=g\",\"url\":\"https:\\\/\\\/secure.gravatar.com\\\/avatar\\\/d9cd22045d4ad9ac54235e981c866f9317666429d45f49a3dc409314ab7be359?s=96&d=mm&r=g\",\"contentUrl\":\"https:\\\/\\\/secure.gravatar.com\\\/avatar\\\/d9cd22045d4ad9ac54235e981c866f9317666429d45f49a3dc409314ab7be359?s=96&d=mm&r=g\",\"caption\":\"wpadmin\"},\"url\":\"https:\\\/\\\/www.muensterschule-hof.de\\\/wordpress\\\/author\\\/wpadmin\\\/\"}]}<\/script>\n<!-- \/ Yoast SEO plugin. -->","yoast_head_json":{"title":"Pflanzaktion der Klasse 8a - M\u00fcnsterschule","robots":{"index":"index","follow":"follow","max-snippet":"max-snippet:-1","max-image-preview":"max-image-preview:large","max-video-preview":"max-video-preview:-1"},"canonical":"https:\/\/www.muensterschule-hof.de\/wordpress\/pflanzaktion-der-klasse-8a\/","og_locale":"de_DE","og_type":"article","og_title":"Pflanzaktion der Klasse 8a - M\u00fcnsterschule","og_description":"Unter dem Motto \u201eViele H\u00e4nde, schnelles Ende\u201c f\u00fchrte die Klasse 8a gemeinsam mit Bauer Bruno und dessen Frau Anja eine besondere Forstaktion durch. Begleitet wurde das Projekt von Claudia Wagner und ihrer Klassenlehrerin Iris Fischer. Mit gro\u00dfem Einsatz pflanzten die Sch\u00fclerinnen und Sch\u00fcler in nur zwei Stunden 150 junge B\u00e4ume \u2013 Buchen, Linden, Esskastanien und&hellip;&nbsp;Weiterlesen &raquo;Pflanzaktion der Klasse 8a","og_url":"https:\/\/www.muensterschule-hof.de\/wordpress\/pflanzaktion-der-klasse-8a\/","og_site_name":"M\u00fcnsterschule","article_published_time":"2025-11-12T21:29:17+00:00","article_modified_time":"2025-11-12T21:29:34+00:00","og_image":[{"width":1052,"height":786,"url":"https:\/\/www.muensterschule-hof.de\/wordpress\/wp-content\/uploads\/2025\/11\/Bildschirmfoto-2025-11-12-um-22.31.13.png","type":"image\/png"}],"author":"wpadmin","twitter_card":"summary_large_image","twitter_misc":{"Verfasst von":"wpadmin","Gesch\u00e4tzte Lesezeit":"2\u00a0Minuten"},"schema":{"@context":"https:\/\/schema.org","@graph":[{"@type":"Article","@id":"https:\/\/www.muensterschule-hof.de\/wordpress\/pflanzaktion-der-klasse-8a\/#article","isPartOf":{"@id":"https:\/\/www.muensterschule-hof.de\/wordpress\/pflanzaktion-der-klasse-8a\/"},"author":{"name":"wpadmin","@id":"https:\/\/www.muensterschule-hof.de\/wordpress\/#\/schema\/person\/de58534e4cef400557500dff7aaa25b0"},"headline":"Pflanzaktion der Klasse 8a","datePublished":"2025-11-12T21:29:17+00:00","dateModified":"2025-11-12T21:29:34+00:00","mainEntityOfPage":{"@id":"https:\/\/www.muensterschule-hof.de\/wordpress\/pflanzaktion-der-klasse-8a\/"},"wordCount":187,"publisher":{"@id":"https:\/\/www.muensterschule-hof.de\/wordpress\/#organization"},"image":{"@id":"https:\/\/www.muensterschule-hof.de\/wordpress\/pflanzaktion-der-klasse-8a\/#primaryimage"},"thumbnailUrl":"https:\/\/www.muensterschule-hof.de\/wordpress\/wp-content\/uploads\/2025\/11\/Bildschirmfoto-2025-11-12-um-22.31.13.png","keywords":["8a","Kreativklasse","Umweltschule"],"articleSection":["Aktuelles"],"inLanguage":"de"},{"@type":"WebPage","@id":"https:\/\/www.muensterschule-hof.de\/wordpress\/pflanzaktion-der-klasse-8a\/","url":"https:\/\/www.muensterschule-hof.de\/wordpress\/pflanzaktion-der-klasse-8a\/","name":"Pflanzaktion der Klasse 8a - M\u00fcnsterschule","isPartOf":{"@id":"https:\/\/www.muensterschule-hof.de\/wordpress\/#website"},"primaryImageOfPage":{"@id":"https:\/\/www.muensterschule-hof.de\/wordpress\/pflanzaktion-der-klasse-8a\/#primaryimage"},"image":{"@id":"https:\/\/www.muensterschule-hof.de\/wordpress\/pflanzaktion-der-klasse-8a\/#primaryimage"},"thumbnailUrl":"https:\/\/www.muensterschule-hof.de\/wordpress\/wp-content\/uploads\/2025\/11\/Bildschirmfoto-2025-11-12-um-22.31.13.png","datePublished":"2025-11-12T21:29:17+00:00","dateModified":"2025-11-12T21:29:34+00:00","breadcrumb":{"@id":"https:\/\/www.muensterschule-hof.de\/wordpress\/pflanzaktion-der-klasse-8a\/#breadcrumb"},"inLanguage":"de","potentialAction":[{"@type":"ReadAction","target":["https:\/\/www.muensterschule-hof.de\/wordpress\/pflanzaktion-der-klasse-8a\/"]}]},{"@type":"ImageObject","inLanguage":"de","@id":"https:\/\/www.muensterschule-hof.de\/wordpress\/pflanzaktion-der-klasse-8a\/#primaryimage","url":"https:\/\/www.muensterschule-hof.de\/wordpress\/wp-content\/uploads\/2025\/11\/Bildschirmfoto-2025-11-12-um-22.31.13.png","contentUrl":"https:\/\/www.muensterschule-hof.de\/wordpress\/wp-content\/uploads\/2025\/11\/Bildschirmfoto-2025-11-12-um-22.31.13.png","width":1052,"height":786},{"@type":"BreadcrumbList","@id":"https:\/\/www.muensterschule-hof.de\/wordpress\/pflanzaktion-der-klasse-8a\/#breadcrumb","itemListElement":[{"@type":"ListItem","position":1,"name":"Startseite","item":"https:\/\/www.muensterschule-hof.de\/wordpress\/"},{"@type":"ListItem","position":2,"name":"Pflanzaktion der Klasse 8a"}]},{"@type":"WebSite","@id":"https:\/\/www.muensterschule-hof.de\/wordpress\/#website","url":"https:\/\/www.muensterschule-hof.de\/wordpress\/","name":"M\u00fcnsterschule","description":"Deine Mittelschule in Hof","publisher":{"@id":"https:\/\/www.muensterschule-hof.de\/wordpress\/#organization"},"alternateName":"MMS Hof","potentialAction":[{"@type":"SearchAction","target":{"@type":"EntryPoint","urlTemplate":"https:\/\/www.muensterschule-hof.de\/wordpress\/?s={search_term_string}"},"query-input":{"@type":"PropertyValueSpecification","valueRequired":true,"valueName":"search_term_string"}}],"inLanguage":"de"},{"@type":"Organization","@id":"https:\/\/www.muensterschule-hof.de\/wordpress\/#organization","name":"M\u00fcnster-Mittelschule Hof","alternateName":"MMS Hof","url":"https:\/\/www.muensterschule-hof.de\/wordpress\/","logo":{"@type":"ImageObject","inLanguage":"de","@id":"https:\/\/www.muensterschule-hof.de\/wordpress\/#\/schema\/logo\/image\/","url":"https:\/\/www.muensterschule-hof.de\/wordpress\/wp-content\/uploads\/2018\/05\/cropped-MMS-Hof-final-1.png","contentUrl":"https:\/\/www.muensterschule-hof.de\/wordpress\/wp-content\/uploads\/2018\/05\/cropped-MMS-Hof-final-1.png","width":512,"height":512,"caption":"M\u00fcnster-Mittelschule Hof"},"image":{"@id":"https:\/\/www.muensterschule-hof.de\/wordpress\/#\/schema\/logo\/image\/"}},{"@type":"Person","@id":"https:\/\/www.muensterschule-hof.de\/wordpress\/#\/schema\/person\/de58534e4cef400557500dff7aaa25b0","name":"wpadmin","image":{"@type":"ImageObject","inLanguage":"de","@id":"https:\/\/secure.gravatar.com\/avatar\/d9cd22045d4ad9ac54235e981c866f9317666429d45f49a3dc409314ab7be359?s=96&d=mm&r=g","url":"https:\/\/secure.gravatar.com\/avatar\/d9cd22045d4ad9ac54235e981c866f9317666429d45f49a3dc409314ab7be359?s=96&d=mm&r=g","contentUrl":"https:\/\/secure.gravatar.com\/avatar\/d9cd22045d4ad9ac54235e981c866f9317666429d45f49a3dc409314ab7be359?s=96&d=mm&r=g","caption":"wpadmin"},"url":"https:\/\/www.muensterschule-hof.de\/wordpress\/author\/wpadmin\/"}]}},"_links":{"self":[{"href":"https:\/\/www.muensterschule-hof.de\/wordpress\/wp-json\/wp\/v2\/posts\/4207","targetHints":{"allow":["GET"]}}],"collection":[{"href":"https:\/\/www.muensterschule-hof.de\/wordpress\/wp-json\/wp\/v2\/posts"}],"about":[{"href":"https:\/\/www.muensterschule-hof.de\/wordpress\/wp-json\/wp\/v2\/types\/post"}],"author":[{"embeddable":true,"href":"https:\/\/www.muensterschule-hof.de\/wordpress\/wp-json\/wp\/v2\/users\/1"}],"replies":[{"embeddable":true,"href":"https:\/\/www.muensterschule-hof.de\/wordpress\/wp-json\/wp\/v2\/comments?post=4207"}],"version-history":[{"count":1,"href":"https:\/\/www.muensterschule-hof.de\/wordpress\/wp-json\/wp\/v2\/posts\/4207\/revisions"}],"predecessor-version":[{"id":4210,"href":"https:\/\/www.muensterschule-hof.de\/wordpress\/wp-json\/wp\/v2\/posts\/4207\/revisions\/4210"}],"wp:featuredmedia":[{"embeddable":true,"href":"https:\/\/www.muensterschule-hof.de\/wordpress\/wp-json\/wp\/v2\/media\/4208"}],"wp:attachment":[{"href":"https:\/\/www.muensterschule-hof.de\/wordpress\/wp-json\/wp\/v2\/media?parent=4207"}],"wp:term":[{"taxonomy":"category","embeddable":true,"href":"https:\/\/www.muensterschule-hof.de\/wordpress\/wp-json\/wp\/v2\/categories?post=4207"},{"taxonomy":"post_tag","embeddable":true,"href":"https:\/\/www.muensterschule-hof.de\/wordpress\/wp-json\/wp\/v2\/tags?post=4207"}],"curies":[{"name":"wp","href":"https:\/\/api.w.org\/{rel}","templated":true}]}}