{"id":4212,"date":"2025-11-17T22:31:41","date_gmt":"2025-11-17T22:31:41","guid":{"rendered":"https:\/\/www.muensterschule-hof.de\/wordpress\/?p=4212"},"modified":"2025-11-17T22:31:43","modified_gmt":"2025-11-17T22:31:43","slug":"betriebsbesichtigung-bei-dachser-in-hof","status":"publish","type":"post","link":"https:\/\/www.muensterschule-hof.de\/wordpress\/betriebsbesichtigung-bei-dachser-in-hof\/","title":{"rendered":"Betriebsbesichtigung bei DACHSER in Hof"},"content":{"rendered":"\n<p>Am\u00a0<strong>17. November 2025<\/strong>\u00a0besuchten die Klassen\u00a0<strong>10a und 10b<\/strong>\u00a0am Vormittag im Rahmen des Fachs\u00a0<strong>Wirtschaft und Beruf (WiB)<\/strong>\u00a0den Logistikstandort\u00a0<strong>DACHSER in Hof<\/strong>. Die Sch\u00fclerinnen und Sch\u00fcler erhielten einen \u00dcberblick \u00fcber verschiedene Arbeitsfelder des Unternehmens und konnten Abl\u00e4ufe in der Logistik direkt vor Ort kennenlernen.<\/p>\n\n\n\n<p>W\u00e4hrend der F\u00fchrung wurde unter anderem das&nbsp;<strong>Hochregallager<\/strong>&nbsp;besichtigt, in dem die Lager- und Transportprozesse erl\u00e4utert wurden. Die Besichtigung vermittelte den Klassen praktische Einblicke in die Organisation und Arbeitsweise eines modernen Logistikbetriebs.<\/p>\n","protected":false},"excerpt":{"rendered":"<p>Am\u00a017. November 2025\u00a0besuchten die Klassen\u00a010a und 10b\u00a0am Vormittag im Rahmen des Fachs\u00a0Wirtschaft und Beruf (WiB)\u00a0den Logistikstandort\u00a0DACHSER in Hof. Die Sch\u00fclerinnen und Sch\u00fcler erhielten einen \u00dcberblick \u00fcber verschiedene Arbeitsfelder des Unternehmens und konnten Abl\u00e4ufe in der Logistik direkt vor Ort kennenlernen. W\u00e4hrend der F\u00fchrung wurde unter anderem das&nbsp;Hochregallager&nbsp;besichtigt, in dem die Lager- und Transportprozesse erl\u00e4utert wurden.&hellip;&nbsp;<a href=\"https:\/\/www.muensterschule-hof.de\/wordpress\/betriebsbesichtigung-bei-dachser-in-hof\/\" rel=\"bookmark\">Weiterlesen &raquo;<span class=\"screen-reader-text\">Betriebsbesichtigung bei DACHSER in Hof<\/span><\/a><\/p>\n","protected":false},"author":1,"featured_media":4213,"comment_status":"closed","ping_status":"closed","sticky":false,"template":"","format":"standard","meta":{"neve_meta_sidebar":"","neve_meta_container":"","neve_meta_enable_content_width":"","neve_meta_content_width":0,"neve_meta_title_alignment":"","neve_meta_author_avatar":"","neve_post_elements_order":"","neve_meta_disable_header":"","neve_meta_disable_footer":"","neve_meta_disable_title":"","footnotes":""},"categories":[50],"tags":[],"class_list":["post-4212","post","type-post","status-publish","format-standard","has-post-thumbnail","hentry","category-aktuelles"],"yoast_head":"<!-- This site is optimized with the Yoast SEO plugin v27.4 - https:\/\/yoast.com\/product\/yoast-seo-wordpress\/ -->\n<title>Betriebsbesichtigung bei DACHSER in Hof - M\u00fcnsterschule<\/title>\n<meta name=\"robots\" content=\"index, follow, max-snippet:-1, max-image-preview:large, max-video-preview:-1\" \/>\n<link rel=\"canonical\" href=\"https:\/\/www.muensterschule-hof.de\/wordpress\/betriebsbesichtigung-bei-dachser-in-hof\/\" \/>\n<meta property=\"og:locale\" content=\"de_DE\" \/>\n<meta property=\"og:type\" content=\"article\" \/>\n<meta property=\"og:title\" content=\"Betriebsbesichtigung bei DACHSER in Hof - M\u00fcnsterschule\" \/>\n<meta property=\"og:description\" content=\"Am\u00a017. November 2025\u00a0besuchten die Klassen\u00a010a und 10b\u00a0am Vormittag im Rahmen des Fachs\u00a0Wirtschaft und Beruf (WiB)\u00a0den Logistikstandort\u00a0DACHSER in Hof. Die Sch\u00fclerinnen und Sch\u00fcler erhielten einen \u00dcberblick \u00fcber verschiedene Arbeitsfelder des Unternehmens und konnten Abl\u00e4ufe in der Logistik direkt vor Ort kennenlernen. W\u00e4hrend der F\u00fchrung wurde unter anderem das&nbsp;Hochregallager&nbsp;besichtigt, in dem die Lager- und Transportprozesse erl\u00e4utert wurden.&hellip;&nbsp;Weiterlesen &raquo;Betriebsbesichtigung bei DACHSER in Hof\" \/>\n<meta property=\"og:url\" content=\"https:\/\/www.muensterschule-hof.de\/wordpress\/betriebsbesichtigung-bei-dachser-in-hof\/\" \/>\n<meta property=\"og:site_name\" content=\"M\u00fcnsterschule\" \/>\n<meta property=\"article:published_time\" content=\"2025-11-17T22:31:41+00:00\" \/>\n<meta property=\"article:modified_time\" content=\"2025-11-17T22:31:43+00:00\" \/>\n<meta property=\"og:image\" content=\"https:\/\/www.muensterschule-hof.de\/wordpress\/wp-content\/uploads\/2025\/11\/Bildschirmfoto-2025-11-17-um-23.35.06.png\" \/>\n\t<meta property=\"og:image:width\" content=\"874\" \/>\n\t<meta property=\"og:image:height\" content=\"942\" \/>\n\t<meta property=\"og:image:type\" content=\"image\/png\" \/>\n<meta name=\"author\" content=\"wpadmin\" \/>\n<meta name=\"twitter:card\" content=\"summary_large_image\" \/>\n<meta name=\"twitter:label1\" content=\"Verfasst von\" \/>\n\t<meta name=\"twitter:data1\" content=\"wpadmin\" \/>\n\t<meta name=\"twitter:label2\" content=\"Gesch\u00e4tzte Lesezeit\" \/>\n\t<meta name=\"twitter:data2\" content=\"1\u00a0Minute\" \/>\n<script type=\"application\/ld+json\" class=\"yoast-schema-graph\">{\"@context\":\"https:\\\/\\\/schema.org\",\"@graph\":[{\"@type\":\"Article\",\"@id\":\"https:\\\/\\\/www.muensterschule-hof.de\\\/wordpress\\\/betriebsbesichtigung-bei-dachser-in-hof\\\/#article\",\"isPartOf\":{\"@id\":\"https:\\\/\\\/www.muensterschule-hof.de\\\/wordpress\\\/betriebsbesichtigung-bei-dachser-in-hof\\\/\"},\"author\":{\"name\":\"wpadmin\",\"@id\":\"https:\\\/\\\/www.muensterschule-hof.de\\\/wordpress\\\/#\\\/schema\\\/person\\\/de58534e4cef400557500dff7aaa25b0\"},\"headline\":\"Betriebsbesichtigung bei DACHSER in Hof\",\"datePublished\":\"2025-11-17T22:31:41+00:00\",\"dateModified\":\"2025-11-17T22:31:43+00:00\",\"mainEntityOfPage\":{\"@id\":\"https:\\\/\\\/www.muensterschule-hof.de\\\/wordpress\\\/betriebsbesichtigung-bei-dachser-in-hof\\\/\"},\"wordCount\":90,\"publisher\":{\"@id\":\"https:\\\/\\\/www.muensterschule-hof.de\\\/wordpress\\\/#organization\"},\"image\":{\"@id\":\"https:\\\/\\\/www.muensterschule-hof.de\\\/wordpress\\\/betriebsbesichtigung-bei-dachser-in-hof\\\/#primaryimage\"},\"thumbnailUrl\":\"https:\\\/\\\/www.muensterschule-hof.de\\\/wordpress\\\/wp-content\\\/uploads\\\/2025\\\/11\\\/Bildschirmfoto-2025-11-17-um-23.35.06.png\",\"articleSection\":[\"Aktuelles\"],\"inLanguage\":\"de\"},{\"@type\":\"WebPage\",\"@id\":\"https:\\\/\\\/www.muensterschule-hof.de\\\/wordpress\\\/betriebsbesichtigung-bei-dachser-in-hof\\\/\",\"url\":\"https:\\\/\\\/www.muensterschule-hof.de\\\/wordpress\\\/betriebsbesichtigung-bei-dachser-in-hof\\\/\",\"name\":\"Betriebsbesichtigung bei DACHSER in Hof - M\u00fcnsterschule\",\"isPartOf\":{\"@id\":\"https:\\\/\\\/www.muensterschule-hof.de\\\/wordpress\\\/#website\"},\"primaryImageOfPage\":{\"@id\":\"https:\\\/\\\/www.muensterschule-hof.de\\\/wordpress\\\/betriebsbesichtigung-bei-dachser-in-hof\\\/#primaryimage\"},\"image\":{\"@id\":\"https:\\\/\\\/www.muensterschule-hof.de\\\/wordpress\\\/betriebsbesichtigung-bei-dachser-in-hof\\\/#primaryimage\"},\"thumbnailUrl\":\"https:\\\/\\\/www.muensterschule-hof.de\\\/wordpress\\\/wp-content\\\/uploads\\\/2025\\\/11\\\/Bildschirmfoto-2025-11-17-um-23.35.06.png\",\"datePublished\":\"2025-11-17T22:31:41+00:00\",\"dateModified\":\"2025-11-17T22:31:43+00:00\",\"breadcrumb\":{\"@id\":\"https:\\\/\\\/www.muensterschule-hof.de\\\/wordpress\\\/betriebsbesichtigung-bei-dachser-in-hof\\\/#breadcrumb\"},\"inLanguage\":\"de\",\"potentialAction\":[{\"@type\":\"ReadAction\",\"target\":[\"https:\\\/\\\/www.muensterschule-hof.de\\\/wordpress\\\/betriebsbesichtigung-bei-dachser-in-hof\\\/\"]}]},{\"@type\":\"ImageObject\",\"inLanguage\":\"de\",\"@id\":\"https:\\\/\\\/www.muensterschule-hof.de\\\/wordpress\\\/betriebsbesichtigung-bei-dachser-in-hof\\\/#primaryimage\",\"url\":\"https:\\\/\\\/www.muensterschule-hof.de\\\/wordpress\\\/wp-content\\\/uploads\\\/2025\\\/11\\\/Bildschirmfoto-2025-11-17-um-23.35.06.png\",\"contentUrl\":\"https:\\\/\\\/www.muensterschule-hof.de\\\/wordpress\\\/wp-content\\\/uploads\\\/2025\\\/11\\\/Bildschirmfoto-2025-11-17-um-23.35.06.png\",\"width\":874,\"height\":942},{\"@type\":\"BreadcrumbList\",\"@id\":\"https:\\\/\\\/www.muensterschule-hof.de\\\/wordpress\\\/betriebsbesichtigung-bei-dachser-in-hof\\\/#breadcrumb\",\"itemListElement\":[{\"@type\":\"ListItem\",\"position\":1,\"name\":\"Startseite\",\"item\":\"https:\\\/\\\/www.muensterschule-hof.de\\\/wordpress\\\/\"},{\"@type\":\"ListItem\",\"position\":2,\"name\":\"Betriebsbesichtigung bei DACHSER in Hof\"}]},{\"@type\":\"WebSite\",\"@id\":\"https:\\\/\\\/www.muensterschule-hof.de\\\/wordpress\\\/#website\",\"url\":\"https:\\\/\\\/www.muensterschule-hof.de\\\/wordpress\\\/\",\"name\":\"M\u00fcnsterschule\",\"description\":\"Deine Mittelschule in Hof\",\"publisher\":{\"@id\":\"https:\\\/\\\/www.muensterschule-hof.de\\\/wordpress\\\/#organization\"},\"alternateName\":\"MMS Hof\",\"potentialAction\":[{\"@type\":\"SearchAction\",\"target\":{\"@type\":\"EntryPoint\",\"urlTemplate\":\"https:\\\/\\\/www.muensterschule-hof.de\\\/wordpress\\\/?s={search_term_string}\"},\"query-input\":{\"@type\":\"PropertyValueSpecification\",\"valueRequired\":true,\"valueName\":\"search_term_string\"}}],\"inLanguage\":\"de\"},{\"@type\":\"Organization\",\"@id\":\"https:\\\/\\\/www.muensterschule-hof.de\\\/wordpress\\\/#organization\",\"name\":\"M\u00fcnster-Mittelschule Hof\",\"alternateName\":\"MMS Hof\",\"url\":\"https:\\\/\\\/www.muensterschule-hof.de\\\/wordpress\\\/\",\"logo\":{\"@type\":\"ImageObject\",\"inLanguage\":\"de\",\"@id\":\"https:\\\/\\\/www.muensterschule-hof.de\\\/wordpress\\\/#\\\/schema\\\/logo\\\/image\\\/\",\"url\":\"https:\\\/\\\/www.muensterschule-hof.de\\\/wordpress\\\/wp-content\\\/uploads\\\/2018\\\/05\\\/cropped-MMS-Hof-final-1.png\",\"contentUrl\":\"https:\\\/\\\/www.muensterschule-hof.de\\\/wordpress\\\/wp-content\\\/uploads\\\/2018\\\/05\\\/cropped-MMS-Hof-final-1.png\",\"width\":512,\"height\":512,\"caption\":\"M\u00fcnster-Mittelschule Hof\"},\"image\":{\"@id\":\"https:\\\/\\\/www.muensterschule-hof.de\\\/wordpress\\\/#\\\/schema\\\/logo\\\/image\\\/\"}},{\"@type\":\"Person\",\"@id\":\"https:\\\/\\\/www.muensterschule-hof.de\\\/wordpress\\\/#\\\/schema\\\/person\\\/de58534e4cef400557500dff7aaa25b0\",\"name\":\"wpadmin\",\"image\":{\"@type\":\"ImageObject\",\"inLanguage\":\"de\",\"@id\":\"https:\\\/\\\/secure.gravatar.com\\\/avatar\\\/d9cd22045d4ad9ac54235e981c866f9317666429d45f49a3dc409314ab7be359?s=96&d=mm&r=g\",\"url\":\"https:\\\/\\\/secure.gravatar.com\\\/avatar\\\/d9cd22045d4ad9ac54235e981c866f9317666429d45f49a3dc409314ab7be359?s=96&d=mm&r=g\",\"contentUrl\":\"https:\\\/\\\/secure.gravatar.com\\\/avatar\\\/d9cd22045d4ad9ac54235e981c866f9317666429d45f49a3dc409314ab7be359?s=96&d=mm&r=g\",\"caption\":\"wpadmin\"},\"url\":\"https:\\\/\\\/www.muensterschule-hof.de\\\/wordpress\\\/author\\\/wpadmin\\\/\"}]}<\/script>\n<!-- \/ Yoast SEO plugin. -->","yoast_head_json":{"title":"Betriebsbesichtigung bei DACHSER in Hof - M\u00fcnsterschule","robots":{"index":"index","follow":"follow","max-snippet":"max-snippet:-1","max-image-preview":"max-image-preview:large","max-video-preview":"max-video-preview:-1"},"canonical":"https:\/\/www.muensterschule-hof.de\/wordpress\/betriebsbesichtigung-bei-dachser-in-hof\/","og_locale":"de_DE","og_type":"article","og_title":"Betriebsbesichtigung bei DACHSER in Hof - M\u00fcnsterschule","og_description":"Am\u00a017. November 2025\u00a0besuchten die Klassen\u00a010a und 10b\u00a0am Vormittag im Rahmen des Fachs\u00a0Wirtschaft und Beruf (WiB)\u00a0den Logistikstandort\u00a0DACHSER in Hof. Die Sch\u00fclerinnen und Sch\u00fcler erhielten einen \u00dcberblick \u00fcber verschiedene Arbeitsfelder des Unternehmens und konnten Abl\u00e4ufe in der Logistik direkt vor Ort kennenlernen. W\u00e4hrend der F\u00fchrung wurde unter anderem das&nbsp;Hochregallager&nbsp;besichtigt, in dem die Lager- und Transportprozesse erl\u00e4utert wurden.&hellip;&nbsp;Weiterlesen &raquo;Betriebsbesichtigung bei DACHSER in Hof","og_url":"https:\/\/www.muensterschule-hof.de\/wordpress\/betriebsbesichtigung-bei-dachser-in-hof\/","og_site_name":"M\u00fcnsterschule","article_published_time":"2025-11-17T22:31:41+00:00","article_modified_time":"2025-11-17T22:31:43+00:00","og_image":[{"width":874,"height":942,"url":"https:\/\/www.muensterschule-hof.de\/wordpress\/wp-content\/uploads\/2025\/11\/Bildschirmfoto-2025-11-17-um-23.35.06.png","type":"image\/png"}],"author":"wpadmin","twitter_card":"summary_large_image","twitter_misc":{"Verfasst von":"wpadmin","Gesch\u00e4tzte Lesezeit":"1\u00a0Minute"},"schema":{"@context":"https:\/\/schema.org","@graph":[{"@type":"Article","@id":"https:\/\/www.muensterschule-hof.de\/wordpress\/betriebsbesichtigung-bei-dachser-in-hof\/#article","isPartOf":{"@id":"https:\/\/www.muensterschule-hof.de\/wordpress\/betriebsbesichtigung-bei-dachser-in-hof\/"},"author":{"name":"wpadmin","@id":"https:\/\/www.muensterschule-hof.de\/wordpress\/#\/schema\/person\/de58534e4cef400557500dff7aaa25b0"},"headline":"Betriebsbesichtigung bei DACHSER in Hof","datePublished":"2025-11-17T22:31:41+00:00","dateModified":"2025-11-17T22:31:43+00:00","mainEntityOfPage":{"@id":"https:\/\/www.muensterschule-hof.de\/wordpress\/betriebsbesichtigung-bei-dachser-in-hof\/"},"wordCount":90,"publisher":{"@id":"https:\/\/www.muensterschule-hof.de\/wordpress\/#organization"},"image":{"@id":"https:\/\/www.muensterschule-hof.de\/wordpress\/betriebsbesichtigung-bei-dachser-in-hof\/#primaryimage"},"thumbnailUrl":"https:\/\/www.muensterschule-hof.de\/wordpress\/wp-content\/uploads\/2025\/11\/Bildschirmfoto-2025-11-17-um-23.35.06.png","articleSection":["Aktuelles"],"inLanguage":"de"},{"@type":"WebPage","@id":"https:\/\/www.muensterschule-hof.de\/wordpress\/betriebsbesichtigung-bei-dachser-in-hof\/","url":"https:\/\/www.muensterschule-hof.de\/wordpress\/betriebsbesichtigung-bei-dachser-in-hof\/","name":"Betriebsbesichtigung bei DACHSER in Hof - M\u00fcnsterschule","isPartOf":{"@id":"https:\/\/www.muensterschule-hof.de\/wordpress\/#website"},"primaryImageOfPage":{"@id":"https:\/\/www.muensterschule-hof.de\/wordpress\/betriebsbesichtigung-bei-dachser-in-hof\/#primaryimage"},"image":{"@id":"https:\/\/www.muensterschule-hof.de\/wordpress\/betriebsbesichtigung-bei-dachser-in-hof\/#primaryimage"},"thumbnailUrl":"https:\/\/www.muensterschule-hof.de\/wordpress\/wp-content\/uploads\/2025\/11\/Bildschirmfoto-2025-11-17-um-23.35.06.png","datePublished":"2025-11-17T22:31:41+00:00","dateModified":"2025-11-17T22:31:43+00:00","breadcrumb":{"@id":"https:\/\/www.muensterschule-hof.de\/wordpress\/betriebsbesichtigung-bei-dachser-in-hof\/#breadcrumb"},"inLanguage":"de","potentialAction":[{"@type":"ReadAction","target":["https:\/\/www.muensterschule-hof.de\/wordpress\/betriebsbesichtigung-bei-dachser-in-hof\/"]}]},{"@type":"ImageObject","inLanguage":"de","@id":"https:\/\/www.muensterschule-hof.de\/wordpress\/betriebsbesichtigung-bei-dachser-in-hof\/#primaryimage","url":"https:\/\/www.muensterschule-hof.de\/wordpress\/wp-content\/uploads\/2025\/11\/Bildschirmfoto-2025-11-17-um-23.35.06.png","contentUrl":"https:\/\/www.muensterschule-hof.de\/wordpress\/wp-content\/uploads\/2025\/11\/Bildschirmfoto-2025-11-17-um-23.35.06.png","width":874,"height":942},{"@type":"BreadcrumbList","@id":"https:\/\/www.muensterschule-hof.de\/wordpress\/betriebsbesichtigung-bei-dachser-in-hof\/#breadcrumb","itemListElement":[{"@type":"ListItem","position":1,"name":"Startseite","item":"https:\/\/www.muensterschule-hof.de\/wordpress\/"},{"@type":"ListItem","position":2,"name":"Betriebsbesichtigung bei DACHSER in Hof"}]},{"@type":"WebSite","@id":"https:\/\/www.muensterschule-hof.de\/wordpress\/#website","url":"https:\/\/www.muensterschule-hof.de\/wordpress\/","name":"M\u00fcnsterschule","description":"Deine Mittelschule in Hof","publisher":{"@id":"https:\/\/www.muensterschule-hof.de\/wordpress\/#organization"},"alternateName":"MMS Hof","potentialAction":[{"@type":"SearchAction","target":{"@type":"EntryPoint","urlTemplate":"https:\/\/www.muensterschule-hof.de\/wordpress\/?s={search_term_string}"},"query-input":{"@type":"PropertyValueSpecification","valueRequired":true,"valueName":"search_term_string"}}],"inLanguage":"de"},{"@type":"Organization","@id":"https:\/\/www.muensterschule-hof.de\/wordpress\/#organization","name":"M\u00fcnster-Mittelschule Hof","alternateName":"MMS Hof","url":"https:\/\/www.muensterschule-hof.de\/wordpress\/","logo":{"@type":"ImageObject","inLanguage":"de","@id":"https:\/\/www.muensterschule-hof.de\/wordpress\/#\/schema\/logo\/image\/","url":"https:\/\/www.muensterschule-hof.de\/wordpress\/wp-content\/uploads\/2018\/05\/cropped-MMS-Hof-final-1.png","contentUrl":"https:\/\/www.muensterschule-hof.de\/wordpress\/wp-content\/uploads\/2018\/05\/cropped-MMS-Hof-final-1.png","width":512,"height":512,"caption":"M\u00fcnster-Mittelschule Hof"},"image":{"@id":"https:\/\/www.muensterschule-hof.de\/wordpress\/#\/schema\/logo\/image\/"}},{"@type":"Person","@id":"https:\/\/www.muensterschule-hof.de\/wordpress\/#\/schema\/person\/de58534e4cef400557500dff7aaa25b0","name":"wpadmin","image":{"@type":"ImageObject","inLanguage":"de","@id":"https:\/\/secure.gravatar.com\/avatar\/d9cd22045d4ad9ac54235e981c866f9317666429d45f49a3dc409314ab7be359?s=96&d=mm&r=g","url":"https:\/\/secure.gravatar.com\/avatar\/d9cd22045d4ad9ac54235e981c866f9317666429d45f49a3dc409314ab7be359?s=96&d=mm&r=g","contentUrl":"https:\/\/secure.gravatar.com\/avatar\/d9cd22045d4ad9ac54235e981c866f9317666429d45f49a3dc409314ab7be359?s=96&d=mm&r=g","caption":"wpadmin"},"url":"https:\/\/www.muensterschule-hof.de\/wordpress\/author\/wpadmin\/"}]}},"_links":{"self":[{"href":"https:\/\/www.muensterschule-hof.de\/wordpress\/wp-json\/wp\/v2\/posts\/4212","targetHints":{"allow":["GET"]}}],"collection":[{"href":"https:\/\/www.muensterschule-hof.de\/wordpress\/wp-json\/wp\/v2\/posts"}],"about":[{"href":"https:\/\/www.muensterschule-hof.de\/wordpress\/wp-json\/wp\/v2\/types\/post"}],"author":[{"embeddable":true,"href":"https:\/\/www.muensterschule-hof.de\/wordpress\/wp-json\/wp\/v2\/users\/1"}],"replies":[{"embeddable":true,"href":"https:\/\/www.muensterschule-hof.de\/wordpress\/wp-json\/wp\/v2\/comments?post=4212"}],"version-history":[{"count":1,"href":"https:\/\/www.muensterschule-hof.de\/wordpress\/wp-json\/wp\/v2\/posts\/4212\/revisions"}],"predecessor-version":[{"id":4214,"href":"https:\/\/www.muensterschule-hof.de\/wordpress\/wp-json\/wp\/v2\/posts\/4212\/revisions\/4214"}],"wp:featuredmedia":[{"embeddable":true,"href":"https:\/\/www.muensterschule-hof.de\/wordpress\/wp-json\/wp\/v2\/media\/4213"}],"wp:attachment":[{"href":"https:\/\/www.muensterschule-hof.de\/wordpress\/wp-json\/wp\/v2\/media?parent=4212"}],"wp:term":[{"taxonomy":"category","embeddable":true,"href":"https:\/\/www.muensterschule-hof.de\/wordpress\/wp-json\/wp\/v2\/categories?post=4212"},{"taxonomy":"post_tag","embeddable":true,"href":"https:\/\/www.muensterschule-hof.de\/wordpress\/wp-json\/wp\/v2\/tags?post=4212"}],"curies":[{"name":"wp","href":"https:\/\/api.w.org\/{rel}","templated":true}]}}