{"id":4215,"date":"2025-11-18T09:19:19","date_gmt":"2025-11-18T09:19:19","guid":{"rendered":"https:\/\/www.muensterschule-hof.de\/wordpress\/?p=4215"},"modified":"2025-11-18T09:19:22","modified_gmt":"2025-11-18T09:19:22","slug":"jugendliche-smartphones-ki","status":"publish","type":"post","link":"https:\/\/www.muensterschule-hof.de\/wordpress\/jugendliche-smartphones-ki\/","title":{"rendered":"Jugendliche, Smartphones &amp; KI"},"content":{"rendered":"\n<p>Am 17. und 18. November besuchten die Polizei und eine Staatsanw\u00e4ltin unsere 6. Klassen, um mit den Sch\u00fclerinnen und Sch\u00fclern \u00fcber den sicheren Umgang mit Smartphone, Social Media und K\u00fcnstlicher Intelligenz zu sprechen. Die aktuelle JIM-Studie 2025 zeigt deutlich, wie intensiv Jugendliche digitale Medien nutzen und wie wichtig Medienerziehung heute ist.<\/p>\n\n\n\n<p>95 % der Jugendlichen zwischen 12 und 19 Jahren besitzen ein eigenes Smartphone und nutzen es im Schnitt 231 Minuten t\u00e4glich. Viele verbringen dabei mehr Zeit am Handy, als ihnen guttut, und fast ein Drittel f\u00fchlt sich morgens m\u00fcde, weil sie abends zu lange online waren.<\/p>\n\n\n\n<p>Bei den beliebtesten Apps liegt WhatsApp deutlich vorn, gefolgt von Instagram, Snapchat und TikTok. Social Media dient Jugendlichen l\u00e4ngst nicht mehr nur zur Unterhaltung, sondern zunehmend auch als Nachrichtenquelle.<\/p>\n\n\n\n<p>91 % der Jugendlichen nutzen inzwischen mindestens ein KI-Tool, vor allem f\u00fcr Hausaufgaben und zur Informationssuche. Gleichzeitig verlassen sich 57 % unkritisch auf KI-Antworten \u2013 ein Punkt, der im Unterricht und in der Medienerziehung immer wichtiger wird.<\/p>\n\n\n\n<p>Viele Jugendliche begegnen regelm\u00e4\u00dfig problematischen Inhalten:<\/p>\n\n\n\n<p>\u2022 67 % sehen Fake News,<\/p>\n\n\n\n<p>\u2022 64 % erleben Beleidigungen,<\/p>\n\n\n\n<p>\u2022 47 % werden mit Hassbotschaften konfrontiert.<\/p>\n\n\n\n<p>Umso wichtiger ist es, jungen Menschen Strategien zum Schutz und zur kritischen Bewertung von Informationen zu vermitteln.<\/p>\n\n\n\n<p>Gemeinsam mit Polizei und Staatsanw\u00e4ltin lernten die 6. Klassen:<\/p>\n\n\n\n<p>\u2022 welche sozialen Netzwerke sie nutzen d\u00fcrfen,<\/p>\n\n\n\n<p>\u2022 was AGB bedeuten,<\/p>\n\n\n\n<p>\u2022 welche Bilder sie machen und teilen d\u00fcrfen,<\/p>\n\n\n\n<p>\u2022 wie sie sich bei Cybermobbing sch\u00fctzen k\u00f6nnen,<\/p>\n\n\n\n<p>\u2022 und warum digitale Dienste selten wirklich \u201ekostenlos\u201c sind.<\/p>\n\n\n\n<p>Der Besuch zeigte eindrucksvoll, wie wichtig Medienkompetenz ist \u2013 und wie wir unsere Sch\u00fclerinnen und Sch\u00fcler dabei unterst\u00fctzen, sicher und verantwortungsvoll in der digitalen Welt unterwegs zu sein.<\/p>\n","protected":false},"excerpt":{"rendered":"<p>Am 17. und 18. November besuchten die Polizei und eine Staatsanw\u00e4ltin unsere 6. Klassen, um mit den Sch\u00fclerinnen und Sch\u00fclern \u00fcber den sicheren Umgang mit Smartphone, Social Media und K\u00fcnstlicher Intelligenz zu sprechen. Die aktuelle JIM-Studie 2025 zeigt deutlich, wie intensiv Jugendliche digitale Medien nutzen und wie wichtig Medienerziehung heute ist. 95 % der Jugendlichen&hellip;&nbsp;<a href=\"https:\/\/www.muensterschule-hof.de\/wordpress\/jugendliche-smartphones-ki\/\" rel=\"bookmark\">Weiterlesen &raquo;<span class=\"screen-reader-text\">Jugendliche, Smartphones &amp; KI<\/span><\/a><\/p>\n","protected":false},"author":1,"featured_media":4216,"comment_status":"closed","ping_status":"closed","sticky":false,"template":"","format":"standard","meta":{"neve_meta_sidebar":"","neve_meta_container":"","neve_meta_enable_content_width":"","neve_meta_content_width":0,"neve_meta_title_alignment":"","neve_meta_author_avatar":"","neve_post_elements_order":"","neve_meta_disable_header":"","neve_meta_disable_footer":"","neve_meta_disable_title":"","footnotes":""},"categories":[1],"tags":[],"class_list":["post-4215","post","type-post","status-publish","format-standard","has-post-thumbnail","hentry","category-uncategorized"],"yoast_head":"<!-- This site is optimized with the Yoast SEO plugin v27.4 - https:\/\/yoast.com\/product\/yoast-seo-wordpress\/ -->\n<title>Jugendliche, Smartphones &amp; KI - M\u00fcnsterschule<\/title>\n<meta name=\"robots\" content=\"index, follow, max-snippet:-1, max-image-preview:large, max-video-preview:-1\" \/>\n<link rel=\"canonical\" href=\"https:\/\/www.muensterschule-hof.de\/wordpress\/jugendliche-smartphones-ki\/\" \/>\n<meta property=\"og:locale\" content=\"de_DE\" \/>\n<meta property=\"og:type\" content=\"article\" \/>\n<meta property=\"og:title\" content=\"Jugendliche, Smartphones &amp; KI - M\u00fcnsterschule\" \/>\n<meta property=\"og:description\" content=\"Am 17. und 18. November besuchten die Polizei und eine Staatsanw\u00e4ltin unsere 6. Klassen, um mit den Sch\u00fclerinnen und Sch\u00fclern \u00fcber den sicheren Umgang mit Smartphone, Social Media und K\u00fcnstlicher Intelligenz zu sprechen. Die aktuelle JIM-Studie 2025 zeigt deutlich, wie intensiv Jugendliche digitale Medien nutzen und wie wichtig Medienerziehung heute ist. 95 % der Jugendlichen&hellip;&nbsp;Weiterlesen &raquo;Jugendliche, Smartphones &amp; KI\" \/>\n<meta property=\"og:url\" content=\"https:\/\/www.muensterschule-hof.de\/wordpress\/jugendliche-smartphones-ki\/\" \/>\n<meta property=\"og:site_name\" content=\"M\u00fcnsterschule\" \/>\n<meta property=\"article:published_time\" content=\"2025-11-18T09:19:19+00:00\" \/>\n<meta property=\"article:modified_time\" content=\"2025-11-18T09:19:22+00:00\" \/>\n<meta property=\"og:image\" content=\"https:\/\/www.muensterschule-hof.de\/wordpress\/wp-content\/uploads\/2025\/11\/IMG_1082.jpeg\" \/>\n\t<meta property=\"og:image:width\" content=\"630\" \/>\n\t<meta property=\"og:image:height\" content=\"935\" \/>\n\t<meta property=\"og:image:type\" content=\"image\/jpeg\" \/>\n<meta name=\"author\" content=\"wpadmin\" \/>\n<meta name=\"twitter:card\" content=\"summary_large_image\" \/>\n<meta name=\"twitter:label1\" content=\"Verfasst von\" \/>\n\t<meta name=\"twitter:data1\" content=\"wpadmin\" \/>\n\t<meta name=\"twitter:label2\" content=\"Gesch\u00e4tzte Lesezeit\" \/>\n\t<meta name=\"twitter:data2\" content=\"2\u00a0Minuten\" \/>\n<script type=\"application\/ld+json\" class=\"yoast-schema-graph\">{\"@context\":\"https:\\\/\\\/schema.org\",\"@graph\":[{\"@type\":\"Article\",\"@id\":\"https:\\\/\\\/www.muensterschule-hof.de\\\/wordpress\\\/jugendliche-smartphones-ki\\\/#article\",\"isPartOf\":{\"@id\":\"https:\\\/\\\/www.muensterschule-hof.de\\\/wordpress\\\/jugendliche-smartphones-ki\\\/\"},\"author\":{\"name\":\"wpadmin\",\"@id\":\"https:\\\/\\\/www.muensterschule-hof.de\\\/wordpress\\\/#\\\/schema\\\/person\\\/de58534e4cef400557500dff7aaa25b0\"},\"headline\":\"Jugendliche, Smartphones &amp; KI\",\"datePublished\":\"2025-11-18T09:19:19+00:00\",\"dateModified\":\"2025-11-18T09:19:22+00:00\",\"mainEntityOfPage\":{\"@id\":\"https:\\\/\\\/www.muensterschule-hof.de\\\/wordpress\\\/jugendliche-smartphones-ki\\\/\"},\"wordCount\":269,\"publisher\":{\"@id\":\"https:\\\/\\\/www.muensterschule-hof.de\\\/wordpress\\\/#organization\"},\"image\":{\"@id\":\"https:\\\/\\\/www.muensterschule-hof.de\\\/wordpress\\\/jugendliche-smartphones-ki\\\/#primaryimage\"},\"thumbnailUrl\":\"https:\\\/\\\/www.muensterschule-hof.de\\\/wordpress\\\/wp-content\\\/uploads\\\/2025\\\/11\\\/IMG_1082.jpeg\",\"articleSection\":[\"Uncategorized\"],\"inLanguage\":\"de\"},{\"@type\":\"WebPage\",\"@id\":\"https:\\\/\\\/www.muensterschule-hof.de\\\/wordpress\\\/jugendliche-smartphones-ki\\\/\",\"url\":\"https:\\\/\\\/www.muensterschule-hof.de\\\/wordpress\\\/jugendliche-smartphones-ki\\\/\",\"name\":\"Jugendliche, Smartphones &amp; KI - M\u00fcnsterschule\",\"isPartOf\":{\"@id\":\"https:\\\/\\\/www.muensterschule-hof.de\\\/wordpress\\\/#website\"},\"primaryImageOfPage\":{\"@id\":\"https:\\\/\\\/www.muensterschule-hof.de\\\/wordpress\\\/jugendliche-smartphones-ki\\\/#primaryimage\"},\"image\":{\"@id\":\"https:\\\/\\\/www.muensterschule-hof.de\\\/wordpress\\\/jugendliche-smartphones-ki\\\/#primaryimage\"},\"thumbnailUrl\":\"https:\\\/\\\/www.muensterschule-hof.de\\\/wordpress\\\/wp-content\\\/uploads\\\/2025\\\/11\\\/IMG_1082.jpeg\",\"datePublished\":\"2025-11-18T09:19:19+00:00\",\"dateModified\":\"2025-11-18T09:19:22+00:00\",\"breadcrumb\":{\"@id\":\"https:\\\/\\\/www.muensterschule-hof.de\\\/wordpress\\\/jugendliche-smartphones-ki\\\/#breadcrumb\"},\"inLanguage\":\"de\",\"potentialAction\":[{\"@type\":\"ReadAction\",\"target\":[\"https:\\\/\\\/www.muensterschule-hof.de\\\/wordpress\\\/jugendliche-smartphones-ki\\\/\"]}]},{\"@type\":\"ImageObject\",\"inLanguage\":\"de\",\"@id\":\"https:\\\/\\\/www.muensterschule-hof.de\\\/wordpress\\\/jugendliche-smartphones-ki\\\/#primaryimage\",\"url\":\"https:\\\/\\\/www.muensterschule-hof.de\\\/wordpress\\\/wp-content\\\/uploads\\\/2025\\\/11\\\/IMG_1082.jpeg\",\"contentUrl\":\"https:\\\/\\\/www.muensterschule-hof.de\\\/wordpress\\\/wp-content\\\/uploads\\\/2025\\\/11\\\/IMG_1082.jpeg\",\"width\":630,\"height\":935,\"caption\":\"Screenshot\"},{\"@type\":\"BreadcrumbList\",\"@id\":\"https:\\\/\\\/www.muensterschule-hof.de\\\/wordpress\\\/jugendliche-smartphones-ki\\\/#breadcrumb\",\"itemListElement\":[{\"@type\":\"ListItem\",\"position\":1,\"name\":\"Startseite\",\"item\":\"https:\\\/\\\/www.muensterschule-hof.de\\\/wordpress\\\/\"},{\"@type\":\"ListItem\",\"position\":2,\"name\":\"Jugendliche, Smartphones &amp; KI\"}]},{\"@type\":\"WebSite\",\"@id\":\"https:\\\/\\\/www.muensterschule-hof.de\\\/wordpress\\\/#website\",\"url\":\"https:\\\/\\\/www.muensterschule-hof.de\\\/wordpress\\\/\",\"name\":\"M\u00fcnsterschule\",\"description\":\"Deine Mittelschule in Hof\",\"publisher\":{\"@id\":\"https:\\\/\\\/www.muensterschule-hof.de\\\/wordpress\\\/#organization\"},\"alternateName\":\"MMS Hof\",\"potentialAction\":[{\"@type\":\"SearchAction\",\"target\":{\"@type\":\"EntryPoint\",\"urlTemplate\":\"https:\\\/\\\/www.muensterschule-hof.de\\\/wordpress\\\/?s={search_term_string}\"},\"query-input\":{\"@type\":\"PropertyValueSpecification\",\"valueRequired\":true,\"valueName\":\"search_term_string\"}}],\"inLanguage\":\"de\"},{\"@type\":\"Organization\",\"@id\":\"https:\\\/\\\/www.muensterschule-hof.de\\\/wordpress\\\/#organization\",\"name\":\"M\u00fcnster-Mittelschule Hof\",\"alternateName\":\"MMS Hof\",\"url\":\"https:\\\/\\\/www.muensterschule-hof.de\\\/wordpress\\\/\",\"logo\":{\"@type\":\"ImageObject\",\"inLanguage\":\"de\",\"@id\":\"https:\\\/\\\/www.muensterschule-hof.de\\\/wordpress\\\/#\\\/schema\\\/logo\\\/image\\\/\",\"url\":\"https:\\\/\\\/www.muensterschule-hof.de\\\/wordpress\\\/wp-content\\\/uploads\\\/2018\\\/05\\\/cropped-MMS-Hof-final-1.png\",\"contentUrl\":\"https:\\\/\\\/www.muensterschule-hof.de\\\/wordpress\\\/wp-content\\\/uploads\\\/2018\\\/05\\\/cropped-MMS-Hof-final-1.png\",\"width\":512,\"height\":512,\"caption\":\"M\u00fcnster-Mittelschule Hof\"},\"image\":{\"@id\":\"https:\\\/\\\/www.muensterschule-hof.de\\\/wordpress\\\/#\\\/schema\\\/logo\\\/image\\\/\"}},{\"@type\":\"Person\",\"@id\":\"https:\\\/\\\/www.muensterschule-hof.de\\\/wordpress\\\/#\\\/schema\\\/person\\\/de58534e4cef400557500dff7aaa25b0\",\"name\":\"wpadmin\",\"image\":{\"@type\":\"ImageObject\",\"inLanguage\":\"de\",\"@id\":\"https:\\\/\\\/secure.gravatar.com\\\/avatar\\\/d9cd22045d4ad9ac54235e981c866f9317666429d45f49a3dc409314ab7be359?s=96&d=mm&r=g\",\"url\":\"https:\\\/\\\/secure.gravatar.com\\\/avatar\\\/d9cd22045d4ad9ac54235e981c866f9317666429d45f49a3dc409314ab7be359?s=96&d=mm&r=g\",\"contentUrl\":\"https:\\\/\\\/secure.gravatar.com\\\/avatar\\\/d9cd22045d4ad9ac54235e981c866f9317666429d45f49a3dc409314ab7be359?s=96&d=mm&r=g\",\"caption\":\"wpadmin\"},\"url\":\"https:\\\/\\\/www.muensterschule-hof.de\\\/wordpress\\\/author\\\/wpadmin\\\/\"}]}<\/script>\n<!-- \/ Yoast SEO plugin. -->","yoast_head_json":{"title":"Jugendliche, Smartphones &amp; KI - M\u00fcnsterschule","robots":{"index":"index","follow":"follow","max-snippet":"max-snippet:-1","max-image-preview":"max-image-preview:large","max-video-preview":"max-video-preview:-1"},"canonical":"https:\/\/www.muensterschule-hof.de\/wordpress\/jugendliche-smartphones-ki\/","og_locale":"de_DE","og_type":"article","og_title":"Jugendliche, Smartphones &amp; KI - M\u00fcnsterschule","og_description":"Am 17. und 18. November besuchten die Polizei und eine Staatsanw\u00e4ltin unsere 6. Klassen, um mit den Sch\u00fclerinnen und Sch\u00fclern \u00fcber den sicheren Umgang mit Smartphone, Social Media und K\u00fcnstlicher Intelligenz zu sprechen. Die aktuelle JIM-Studie 2025 zeigt deutlich, wie intensiv Jugendliche digitale Medien nutzen und wie wichtig Medienerziehung heute ist. 95 % der Jugendlichen&hellip;&nbsp;Weiterlesen &raquo;Jugendliche, Smartphones &amp; KI","og_url":"https:\/\/www.muensterschule-hof.de\/wordpress\/jugendliche-smartphones-ki\/","og_site_name":"M\u00fcnsterschule","article_published_time":"2025-11-18T09:19:19+00:00","article_modified_time":"2025-11-18T09:19:22+00:00","og_image":[{"width":630,"height":935,"url":"https:\/\/www.muensterschule-hof.de\/wordpress\/wp-content\/uploads\/2025\/11\/IMG_1082.jpeg","type":"image\/jpeg"}],"author":"wpadmin","twitter_card":"summary_large_image","twitter_misc":{"Verfasst von":"wpadmin","Gesch\u00e4tzte Lesezeit":"2\u00a0Minuten"},"schema":{"@context":"https:\/\/schema.org","@graph":[{"@type":"Article","@id":"https:\/\/www.muensterschule-hof.de\/wordpress\/jugendliche-smartphones-ki\/#article","isPartOf":{"@id":"https:\/\/www.muensterschule-hof.de\/wordpress\/jugendliche-smartphones-ki\/"},"author":{"name":"wpadmin","@id":"https:\/\/www.muensterschule-hof.de\/wordpress\/#\/schema\/person\/de58534e4cef400557500dff7aaa25b0"},"headline":"Jugendliche, Smartphones &amp; KI","datePublished":"2025-11-18T09:19:19+00:00","dateModified":"2025-11-18T09:19:22+00:00","mainEntityOfPage":{"@id":"https:\/\/www.muensterschule-hof.de\/wordpress\/jugendliche-smartphones-ki\/"},"wordCount":269,"publisher":{"@id":"https:\/\/www.muensterschule-hof.de\/wordpress\/#organization"},"image":{"@id":"https:\/\/www.muensterschule-hof.de\/wordpress\/jugendliche-smartphones-ki\/#primaryimage"},"thumbnailUrl":"https:\/\/www.muensterschule-hof.de\/wordpress\/wp-content\/uploads\/2025\/11\/IMG_1082.jpeg","articleSection":["Uncategorized"],"inLanguage":"de"},{"@type":"WebPage","@id":"https:\/\/www.muensterschule-hof.de\/wordpress\/jugendliche-smartphones-ki\/","url":"https:\/\/www.muensterschule-hof.de\/wordpress\/jugendliche-smartphones-ki\/","name":"Jugendliche, Smartphones &amp; KI - M\u00fcnsterschule","isPartOf":{"@id":"https:\/\/www.muensterschule-hof.de\/wordpress\/#website"},"primaryImageOfPage":{"@id":"https:\/\/www.muensterschule-hof.de\/wordpress\/jugendliche-smartphones-ki\/#primaryimage"},"image":{"@id":"https:\/\/www.muensterschule-hof.de\/wordpress\/jugendliche-smartphones-ki\/#primaryimage"},"thumbnailUrl":"https:\/\/www.muensterschule-hof.de\/wordpress\/wp-content\/uploads\/2025\/11\/IMG_1082.jpeg","datePublished":"2025-11-18T09:19:19+00:00","dateModified":"2025-11-18T09:19:22+00:00","breadcrumb":{"@id":"https:\/\/www.muensterschule-hof.de\/wordpress\/jugendliche-smartphones-ki\/#breadcrumb"},"inLanguage":"de","potentialAction":[{"@type":"ReadAction","target":["https:\/\/www.muensterschule-hof.de\/wordpress\/jugendliche-smartphones-ki\/"]}]},{"@type":"ImageObject","inLanguage":"de","@id":"https:\/\/www.muensterschule-hof.de\/wordpress\/jugendliche-smartphones-ki\/#primaryimage","url":"https:\/\/www.muensterschule-hof.de\/wordpress\/wp-content\/uploads\/2025\/11\/IMG_1082.jpeg","contentUrl":"https:\/\/www.muensterschule-hof.de\/wordpress\/wp-content\/uploads\/2025\/11\/IMG_1082.jpeg","width":630,"height":935,"caption":"Screenshot"},{"@type":"BreadcrumbList","@id":"https:\/\/www.muensterschule-hof.de\/wordpress\/jugendliche-smartphones-ki\/#breadcrumb","itemListElement":[{"@type":"ListItem","position":1,"name":"Startseite","item":"https:\/\/www.muensterschule-hof.de\/wordpress\/"},{"@type":"ListItem","position":2,"name":"Jugendliche, Smartphones &amp; KI"}]},{"@type":"WebSite","@id":"https:\/\/www.muensterschule-hof.de\/wordpress\/#website","url":"https:\/\/www.muensterschule-hof.de\/wordpress\/","name":"M\u00fcnsterschule","description":"Deine Mittelschule in Hof","publisher":{"@id":"https:\/\/www.muensterschule-hof.de\/wordpress\/#organization"},"alternateName":"MMS Hof","potentialAction":[{"@type":"SearchAction","target":{"@type":"EntryPoint","urlTemplate":"https:\/\/www.muensterschule-hof.de\/wordpress\/?s={search_term_string}"},"query-input":{"@type":"PropertyValueSpecification","valueRequired":true,"valueName":"search_term_string"}}],"inLanguage":"de"},{"@type":"Organization","@id":"https:\/\/www.muensterschule-hof.de\/wordpress\/#organization","name":"M\u00fcnster-Mittelschule Hof","alternateName":"MMS Hof","url":"https:\/\/www.muensterschule-hof.de\/wordpress\/","logo":{"@type":"ImageObject","inLanguage":"de","@id":"https:\/\/www.muensterschule-hof.de\/wordpress\/#\/schema\/logo\/image\/","url":"https:\/\/www.muensterschule-hof.de\/wordpress\/wp-content\/uploads\/2018\/05\/cropped-MMS-Hof-final-1.png","contentUrl":"https:\/\/www.muensterschule-hof.de\/wordpress\/wp-content\/uploads\/2018\/05\/cropped-MMS-Hof-final-1.png","width":512,"height":512,"caption":"M\u00fcnster-Mittelschule Hof"},"image":{"@id":"https:\/\/www.muensterschule-hof.de\/wordpress\/#\/schema\/logo\/image\/"}},{"@type":"Person","@id":"https:\/\/www.muensterschule-hof.de\/wordpress\/#\/schema\/person\/de58534e4cef400557500dff7aaa25b0","name":"wpadmin","image":{"@type":"ImageObject","inLanguage":"de","@id":"https:\/\/secure.gravatar.com\/avatar\/d9cd22045d4ad9ac54235e981c866f9317666429d45f49a3dc409314ab7be359?s=96&d=mm&r=g","url":"https:\/\/secure.gravatar.com\/avatar\/d9cd22045d4ad9ac54235e981c866f9317666429d45f49a3dc409314ab7be359?s=96&d=mm&r=g","contentUrl":"https:\/\/secure.gravatar.com\/avatar\/d9cd22045d4ad9ac54235e981c866f9317666429d45f49a3dc409314ab7be359?s=96&d=mm&r=g","caption":"wpadmin"},"url":"https:\/\/www.muensterschule-hof.de\/wordpress\/author\/wpadmin\/"}]}},"_links":{"self":[{"href":"https:\/\/www.muensterschule-hof.de\/wordpress\/wp-json\/wp\/v2\/posts\/4215","targetHints":{"allow":["GET"]}}],"collection":[{"href":"https:\/\/www.muensterschule-hof.de\/wordpress\/wp-json\/wp\/v2\/posts"}],"about":[{"href":"https:\/\/www.muensterschule-hof.de\/wordpress\/wp-json\/wp\/v2\/types\/post"}],"author":[{"embeddable":true,"href":"https:\/\/www.muensterschule-hof.de\/wordpress\/wp-json\/wp\/v2\/users\/1"}],"replies":[{"embeddable":true,"href":"https:\/\/www.muensterschule-hof.de\/wordpress\/wp-json\/wp\/v2\/comments?post=4215"}],"version-history":[{"count":1,"href":"https:\/\/www.muensterschule-hof.de\/wordpress\/wp-json\/wp\/v2\/posts\/4215\/revisions"}],"predecessor-version":[{"id":4218,"href":"https:\/\/www.muensterschule-hof.de\/wordpress\/wp-json\/wp\/v2\/posts\/4215\/revisions\/4218"}],"wp:featuredmedia":[{"embeddable":true,"href":"https:\/\/www.muensterschule-hof.de\/wordpress\/wp-json\/wp\/v2\/media\/4216"}],"wp:attachment":[{"href":"https:\/\/www.muensterschule-hof.de\/wordpress\/wp-json\/wp\/v2\/media?parent=4215"}],"wp:term":[{"taxonomy":"category","embeddable":true,"href":"https:\/\/www.muensterschule-hof.de\/wordpress\/wp-json\/wp\/v2\/categories?post=4215"},{"taxonomy":"post_tag","embeddable":true,"href":"https:\/\/www.muensterschule-hof.de\/wordpress\/wp-json\/wp\/v2\/tags?post=4215"}],"curies":[{"name":"wp","href":"https:\/\/api.w.org\/{rel}","templated":true}]}}