{"id":4219,"date":"2025-11-19T08:48:16","date_gmt":"2025-11-19T08:48:16","guid":{"rendered":"https:\/\/www.muensterschule-hof.de\/wordpress\/?p=4219"},"modified":"2025-11-19T08:48:19","modified_gmt":"2025-11-19T08:48:19","slug":"wissen-verantwortung-und-respekt-projekttage-zum-thema-sexualitaet","status":"publish","type":"post","link":"https:\/\/www.muensterschule-hof.de\/wordpress\/wissen-verantwortung-und-respekt-projekttage-zum-thema-sexualitaet\/","title":{"rendered":"Wissen, Verantwortung und Respekt -Projekttage zum Thema \u201eSexualit\u00e4t\u201c"},"content":{"rendered":"\n<p><strong>Projekttage zum Thema \u201eSexualit\u00e4t\u201c \u2013 Wissen, Verantwortung und Respekt<\/strong><br>In der Woche nach den Herbstferien stand f\u00fcr unsere Sch\u00fclerinnen und Sch\u00fcler der 8. Klassen ein wichtiges und zugleich sensibles Thema im Mittelpunkt: <strong>\u201eSexualit\u00e4t\u201c<\/strong>.<br>Dazu besuchten uns die <strong>Kolleginnen der Schwangerschaftsberatung<\/strong>, die das Thema mit viel Erfahrung, Offenheit und Einf\u00fchlungsverm\u00f6gen vermittelten.<br>In verschiedenen Modulen setzten sich die Jugendlichen spielerisch und altersgerecht mit Themen wie <strong>K\u00f6rper, Gef\u00fchle, Beziehungen, Verh\u00fctung und Verantwortung<\/strong> auseinander. Dabei ging es nicht nur um biologische Fakten, sondern vor allem um Fragen des <strong>Respekts, der Selbstbestimmung und des achtsamen Umgangs miteinander<\/strong>.<br>Gerade in einer Zeit, in der Jugendliche \u00fcber soziale Medien, Filme oder Gespr\u00e4che im Freundeskreis viele \u2013 teils widerspr\u00fcchliche \u2013 Informationen erhalten, ist es besonders wichtig, <strong>seri\u00f6se und altersgerechte Aufkl\u00e4rung<\/strong> zu bieten.<br>Die Jugendlichen zeigten gro\u00dfes Interesse und beteiligten sich aktiv an Gespr\u00e4chen und Spielen.<br>Ein herzliches Dankesch\u00f6n gilt den <strong>Mitarbeiterinnen der Diakonie Hochfranken<\/strong>, die mit gro\u00dfem Engagement dazu beitrugen, dass diese Projekttage zu einer bereichernden und wichtigen Erfahrung wurden.<\/p>\n","protected":false},"excerpt":{"rendered":"<p>Projekttage zum Thema \u201eSexualit\u00e4t\u201c \u2013 Wissen, Verantwortung und RespektIn der Woche nach den Herbstferien stand f\u00fcr unsere Sch\u00fclerinnen und Sch\u00fcler der 8. Klassen ein wichtiges und zugleich sensibles Thema im Mittelpunkt: \u201eSexualit\u00e4t\u201c.Dazu besuchten uns die Kolleginnen der Schwangerschaftsberatung, die das Thema mit viel Erfahrung, Offenheit und Einf\u00fchlungsverm\u00f6gen vermittelten.In verschiedenen Modulen setzten sich die Jugendlichen spielerisch&hellip;&nbsp;<a href=\"https:\/\/www.muensterschule-hof.de\/wordpress\/wissen-verantwortung-und-respekt-projekttage-zum-thema-sexualitaet\/\" rel=\"bookmark\">Weiterlesen &raquo;<span class=\"screen-reader-text\">Wissen, Verantwortung und Respekt -Projekttage zum Thema \u201eSexualit\u00e4t\u201c<\/span><\/a><\/p>\n","protected":false},"author":1,"featured_media":4220,"comment_status":"closed","ping_status":"closed","sticky":false,"template":"","format":"standard","meta":{"neve_meta_sidebar":"","neve_meta_container":"","neve_meta_enable_content_width":"","neve_meta_content_width":0,"neve_meta_title_alignment":"","neve_meta_author_avatar":"","neve_post_elements_order":"","neve_meta_disable_header":"","neve_meta_disable_footer":"","neve_meta_disable_title":"","footnotes":""},"categories":[1],"tags":[],"class_list":["post-4219","post","type-post","status-publish","format-standard","has-post-thumbnail","hentry","category-uncategorized"],"yoast_head":"<!-- This site is optimized with the Yoast SEO plugin v27.4 - https:\/\/yoast.com\/product\/yoast-seo-wordpress\/ -->\n<title>Wissen, Verantwortung und Respekt -Projekttage zum Thema \u201eSexualit\u00e4t\u201c - M\u00fcnsterschule<\/title>\n<meta name=\"robots\" content=\"index, follow, max-snippet:-1, max-image-preview:large, max-video-preview:-1\" \/>\n<link rel=\"canonical\" href=\"https:\/\/www.muensterschule-hof.de\/wordpress\/wissen-verantwortung-und-respekt-projekttage-zum-thema-sexualitaet\/\" \/>\n<meta property=\"og:locale\" content=\"de_DE\" \/>\n<meta property=\"og:type\" content=\"article\" \/>\n<meta property=\"og:title\" content=\"Wissen, Verantwortung und Respekt -Projekttage zum Thema \u201eSexualit\u00e4t\u201c - M\u00fcnsterschule\" \/>\n<meta property=\"og:description\" content=\"Projekttage zum Thema \u201eSexualit\u00e4t\u201c \u2013 Wissen, Verantwortung und RespektIn der Woche nach den Herbstferien stand f\u00fcr unsere Sch\u00fclerinnen und Sch\u00fcler der 8. Klassen ein wichtiges und zugleich sensibles Thema im Mittelpunkt: \u201eSexualit\u00e4t\u201c.Dazu besuchten uns die Kolleginnen der Schwangerschaftsberatung, die das Thema mit viel Erfahrung, Offenheit und Einf\u00fchlungsverm\u00f6gen vermittelten.In verschiedenen Modulen setzten sich die Jugendlichen spielerisch&hellip;&nbsp;Weiterlesen &raquo;Wissen, Verantwortung und Respekt -Projekttage zum Thema \u201eSexualit\u00e4t\u201c\" \/>\n<meta property=\"og:url\" content=\"https:\/\/www.muensterschule-hof.de\/wordpress\/wissen-verantwortung-und-respekt-projekttage-zum-thema-sexualitaet\/\" \/>\n<meta property=\"og:site_name\" content=\"M\u00fcnsterschule\" \/>\n<meta property=\"article:published_time\" content=\"2025-11-19T08:48:16+00:00\" \/>\n<meta property=\"article:modified_time\" content=\"2025-11-19T08:48:19+00:00\" \/>\n<meta property=\"og:image\" content=\"https:\/\/www.muensterschule-hof.de\/wordpress\/wp-content\/uploads\/2025\/11\/IMG_1085.jpeg\" \/>\n\t<meta property=\"og:image:width\" content=\"625\" \/>\n\t<meta property=\"og:image:height\" content=\"588\" \/>\n\t<meta property=\"og:image:type\" content=\"image\/jpeg\" \/>\n<meta name=\"author\" content=\"wpadmin\" \/>\n<meta name=\"twitter:card\" content=\"summary_large_image\" \/>\n<meta name=\"twitter:label1\" content=\"Verfasst von\" \/>\n\t<meta name=\"twitter:data1\" content=\"wpadmin\" \/>\n\t<meta name=\"twitter:label2\" content=\"Gesch\u00e4tzte Lesezeit\" \/>\n\t<meta name=\"twitter:data2\" content=\"2\u00a0Minuten\" \/>\n<script type=\"application\/ld+json\" class=\"yoast-schema-graph\">{\"@context\":\"https:\\\/\\\/schema.org\",\"@graph\":[{\"@type\":\"Article\",\"@id\":\"https:\\\/\\\/www.muensterschule-hof.de\\\/wordpress\\\/wissen-verantwortung-und-respekt-projekttage-zum-thema-sexualitaet\\\/#article\",\"isPartOf\":{\"@id\":\"https:\\\/\\\/www.muensterschule-hof.de\\\/wordpress\\\/wissen-verantwortung-und-respekt-projekttage-zum-thema-sexualitaet\\\/\"},\"author\":{\"name\":\"wpadmin\",\"@id\":\"https:\\\/\\\/www.muensterschule-hof.de\\\/wordpress\\\/#\\\/schema\\\/person\\\/de58534e4cef400557500dff7aaa25b0\"},\"headline\":\"Wissen, Verantwortung und Respekt -Projekttage zum Thema \u201eSexualit\u00e4t\u201c\",\"datePublished\":\"2025-11-19T08:48:16+00:00\",\"dateModified\":\"2025-11-19T08:48:19+00:00\",\"mainEntityOfPage\":{\"@id\":\"https:\\\/\\\/www.muensterschule-hof.de\\\/wordpress\\\/wissen-verantwortung-und-respekt-projekttage-zum-thema-sexualitaet\\\/\"},\"wordCount\":185,\"publisher\":{\"@id\":\"https:\\\/\\\/www.muensterschule-hof.de\\\/wordpress\\\/#organization\"},\"image\":{\"@id\":\"https:\\\/\\\/www.muensterschule-hof.de\\\/wordpress\\\/wissen-verantwortung-und-respekt-projekttage-zum-thema-sexualitaet\\\/#primaryimage\"},\"thumbnailUrl\":\"https:\\\/\\\/www.muensterschule-hof.de\\\/wordpress\\\/wp-content\\\/uploads\\\/2025\\\/11\\\/IMG_1085.jpeg\",\"articleSection\":[\"Uncategorized\"],\"inLanguage\":\"de\"},{\"@type\":\"WebPage\",\"@id\":\"https:\\\/\\\/www.muensterschule-hof.de\\\/wordpress\\\/wissen-verantwortung-und-respekt-projekttage-zum-thema-sexualitaet\\\/\",\"url\":\"https:\\\/\\\/www.muensterschule-hof.de\\\/wordpress\\\/wissen-verantwortung-und-respekt-projekttage-zum-thema-sexualitaet\\\/\",\"name\":\"Wissen, Verantwortung und Respekt -Projekttage zum Thema \u201eSexualit\u00e4t\u201c - M\u00fcnsterschule\",\"isPartOf\":{\"@id\":\"https:\\\/\\\/www.muensterschule-hof.de\\\/wordpress\\\/#website\"},\"primaryImageOfPage\":{\"@id\":\"https:\\\/\\\/www.muensterschule-hof.de\\\/wordpress\\\/wissen-verantwortung-und-respekt-projekttage-zum-thema-sexualitaet\\\/#primaryimage\"},\"image\":{\"@id\":\"https:\\\/\\\/www.muensterschule-hof.de\\\/wordpress\\\/wissen-verantwortung-und-respekt-projekttage-zum-thema-sexualitaet\\\/#primaryimage\"},\"thumbnailUrl\":\"https:\\\/\\\/www.muensterschule-hof.de\\\/wordpress\\\/wp-content\\\/uploads\\\/2025\\\/11\\\/IMG_1085.jpeg\",\"datePublished\":\"2025-11-19T08:48:16+00:00\",\"dateModified\":\"2025-11-19T08:48:19+00:00\",\"breadcrumb\":{\"@id\":\"https:\\\/\\\/www.muensterschule-hof.de\\\/wordpress\\\/wissen-verantwortung-und-respekt-projekttage-zum-thema-sexualitaet\\\/#breadcrumb\"},\"inLanguage\":\"de\",\"potentialAction\":[{\"@type\":\"ReadAction\",\"target\":[\"https:\\\/\\\/www.muensterschule-hof.de\\\/wordpress\\\/wissen-verantwortung-und-respekt-projekttage-zum-thema-sexualitaet\\\/\"]}]},{\"@type\":\"ImageObject\",\"inLanguage\":\"de\",\"@id\":\"https:\\\/\\\/www.muensterschule-hof.de\\\/wordpress\\\/wissen-verantwortung-und-respekt-projekttage-zum-thema-sexualitaet\\\/#primaryimage\",\"url\":\"https:\\\/\\\/www.muensterschule-hof.de\\\/wordpress\\\/wp-content\\\/uploads\\\/2025\\\/11\\\/IMG_1085.jpeg\",\"contentUrl\":\"https:\\\/\\\/www.muensterschule-hof.de\\\/wordpress\\\/wp-content\\\/uploads\\\/2025\\\/11\\\/IMG_1085.jpeg\",\"width\":625,\"height\":588,\"caption\":\"Screenshot\"},{\"@type\":\"BreadcrumbList\",\"@id\":\"https:\\\/\\\/www.muensterschule-hof.de\\\/wordpress\\\/wissen-verantwortung-und-respekt-projekttage-zum-thema-sexualitaet\\\/#breadcrumb\",\"itemListElement\":[{\"@type\":\"ListItem\",\"position\":1,\"name\":\"Startseite\",\"item\":\"https:\\\/\\\/www.muensterschule-hof.de\\\/wordpress\\\/\"},{\"@type\":\"ListItem\",\"position\":2,\"name\":\"Wissen, Verantwortung und Respekt -Projekttage zum Thema \u201eSexualit\u00e4t\u201c\"}]},{\"@type\":\"WebSite\",\"@id\":\"https:\\\/\\\/www.muensterschule-hof.de\\\/wordpress\\\/#website\",\"url\":\"https:\\\/\\\/www.muensterschule-hof.de\\\/wordpress\\\/\",\"name\":\"M\u00fcnsterschule\",\"description\":\"Deine Mittelschule in Hof\",\"publisher\":{\"@id\":\"https:\\\/\\\/www.muensterschule-hof.de\\\/wordpress\\\/#organization\"},\"alternateName\":\"MMS Hof\",\"potentialAction\":[{\"@type\":\"SearchAction\",\"target\":{\"@type\":\"EntryPoint\",\"urlTemplate\":\"https:\\\/\\\/www.muensterschule-hof.de\\\/wordpress\\\/?s={search_term_string}\"},\"query-input\":{\"@type\":\"PropertyValueSpecification\",\"valueRequired\":true,\"valueName\":\"search_term_string\"}}],\"inLanguage\":\"de\"},{\"@type\":\"Organization\",\"@id\":\"https:\\\/\\\/www.muensterschule-hof.de\\\/wordpress\\\/#organization\",\"name\":\"M\u00fcnster-Mittelschule Hof\",\"alternateName\":\"MMS Hof\",\"url\":\"https:\\\/\\\/www.muensterschule-hof.de\\\/wordpress\\\/\",\"logo\":{\"@type\":\"ImageObject\",\"inLanguage\":\"de\",\"@id\":\"https:\\\/\\\/www.muensterschule-hof.de\\\/wordpress\\\/#\\\/schema\\\/logo\\\/image\\\/\",\"url\":\"https:\\\/\\\/www.muensterschule-hof.de\\\/wordpress\\\/wp-content\\\/uploads\\\/2018\\\/05\\\/cropped-MMS-Hof-final-1.png\",\"contentUrl\":\"https:\\\/\\\/www.muensterschule-hof.de\\\/wordpress\\\/wp-content\\\/uploads\\\/2018\\\/05\\\/cropped-MMS-Hof-final-1.png\",\"width\":512,\"height\":512,\"caption\":\"M\u00fcnster-Mittelschule Hof\"},\"image\":{\"@id\":\"https:\\\/\\\/www.muensterschule-hof.de\\\/wordpress\\\/#\\\/schema\\\/logo\\\/image\\\/\"}},{\"@type\":\"Person\",\"@id\":\"https:\\\/\\\/www.muensterschule-hof.de\\\/wordpress\\\/#\\\/schema\\\/person\\\/de58534e4cef400557500dff7aaa25b0\",\"name\":\"wpadmin\",\"image\":{\"@type\":\"ImageObject\",\"inLanguage\":\"de\",\"@id\":\"https:\\\/\\\/secure.gravatar.com\\\/avatar\\\/d9cd22045d4ad9ac54235e981c866f9317666429d45f49a3dc409314ab7be359?s=96&d=mm&r=g\",\"url\":\"https:\\\/\\\/secure.gravatar.com\\\/avatar\\\/d9cd22045d4ad9ac54235e981c866f9317666429d45f49a3dc409314ab7be359?s=96&d=mm&r=g\",\"contentUrl\":\"https:\\\/\\\/secure.gravatar.com\\\/avatar\\\/d9cd22045d4ad9ac54235e981c866f9317666429d45f49a3dc409314ab7be359?s=96&d=mm&r=g\",\"caption\":\"wpadmin\"},\"url\":\"https:\\\/\\\/www.muensterschule-hof.de\\\/wordpress\\\/author\\\/wpadmin\\\/\"}]}<\/script>\n<!-- \/ Yoast SEO plugin. -->","yoast_head_json":{"title":"Wissen, Verantwortung und Respekt -Projekttage zum Thema \u201eSexualit\u00e4t\u201c - M\u00fcnsterschule","robots":{"index":"index","follow":"follow","max-snippet":"max-snippet:-1","max-image-preview":"max-image-preview:large","max-video-preview":"max-video-preview:-1"},"canonical":"https:\/\/www.muensterschule-hof.de\/wordpress\/wissen-verantwortung-und-respekt-projekttage-zum-thema-sexualitaet\/","og_locale":"de_DE","og_type":"article","og_title":"Wissen, Verantwortung und Respekt -Projekttage zum Thema \u201eSexualit\u00e4t\u201c - M\u00fcnsterschule","og_description":"Projekttage zum Thema \u201eSexualit\u00e4t\u201c \u2013 Wissen, Verantwortung und RespektIn der Woche nach den Herbstferien stand f\u00fcr unsere Sch\u00fclerinnen und Sch\u00fcler der 8. Klassen ein wichtiges und zugleich sensibles Thema im Mittelpunkt: \u201eSexualit\u00e4t\u201c.Dazu besuchten uns die Kolleginnen der Schwangerschaftsberatung, die das Thema mit viel Erfahrung, Offenheit und Einf\u00fchlungsverm\u00f6gen vermittelten.In verschiedenen Modulen setzten sich die Jugendlichen spielerisch&hellip;&nbsp;Weiterlesen &raquo;Wissen, Verantwortung und Respekt -Projekttage zum Thema \u201eSexualit\u00e4t\u201c","og_url":"https:\/\/www.muensterschule-hof.de\/wordpress\/wissen-verantwortung-und-respekt-projekttage-zum-thema-sexualitaet\/","og_site_name":"M\u00fcnsterschule","article_published_time":"2025-11-19T08:48:16+00:00","article_modified_time":"2025-11-19T08:48:19+00:00","og_image":[{"width":625,"height":588,"url":"https:\/\/www.muensterschule-hof.de\/wordpress\/wp-content\/uploads\/2025\/11\/IMG_1085.jpeg","type":"image\/jpeg"}],"author":"wpadmin","twitter_card":"summary_large_image","twitter_misc":{"Verfasst von":"wpadmin","Gesch\u00e4tzte Lesezeit":"2\u00a0Minuten"},"schema":{"@context":"https:\/\/schema.org","@graph":[{"@type":"Article","@id":"https:\/\/www.muensterschule-hof.de\/wordpress\/wissen-verantwortung-und-respekt-projekttage-zum-thema-sexualitaet\/#article","isPartOf":{"@id":"https:\/\/www.muensterschule-hof.de\/wordpress\/wissen-verantwortung-und-respekt-projekttage-zum-thema-sexualitaet\/"},"author":{"name":"wpadmin","@id":"https:\/\/www.muensterschule-hof.de\/wordpress\/#\/schema\/person\/de58534e4cef400557500dff7aaa25b0"},"headline":"Wissen, Verantwortung und Respekt -Projekttage zum Thema \u201eSexualit\u00e4t\u201c","datePublished":"2025-11-19T08:48:16+00:00","dateModified":"2025-11-19T08:48:19+00:00","mainEntityOfPage":{"@id":"https:\/\/www.muensterschule-hof.de\/wordpress\/wissen-verantwortung-und-respekt-projekttage-zum-thema-sexualitaet\/"},"wordCount":185,"publisher":{"@id":"https:\/\/www.muensterschule-hof.de\/wordpress\/#organization"},"image":{"@id":"https:\/\/www.muensterschule-hof.de\/wordpress\/wissen-verantwortung-und-respekt-projekttage-zum-thema-sexualitaet\/#primaryimage"},"thumbnailUrl":"https:\/\/www.muensterschule-hof.de\/wordpress\/wp-content\/uploads\/2025\/11\/IMG_1085.jpeg","articleSection":["Uncategorized"],"inLanguage":"de"},{"@type":"WebPage","@id":"https:\/\/www.muensterschule-hof.de\/wordpress\/wissen-verantwortung-und-respekt-projekttage-zum-thema-sexualitaet\/","url":"https:\/\/www.muensterschule-hof.de\/wordpress\/wissen-verantwortung-und-respekt-projekttage-zum-thema-sexualitaet\/","name":"Wissen, Verantwortung und Respekt -Projekttage zum Thema \u201eSexualit\u00e4t\u201c - M\u00fcnsterschule","isPartOf":{"@id":"https:\/\/www.muensterschule-hof.de\/wordpress\/#website"},"primaryImageOfPage":{"@id":"https:\/\/www.muensterschule-hof.de\/wordpress\/wissen-verantwortung-und-respekt-projekttage-zum-thema-sexualitaet\/#primaryimage"},"image":{"@id":"https:\/\/www.muensterschule-hof.de\/wordpress\/wissen-verantwortung-und-respekt-projekttage-zum-thema-sexualitaet\/#primaryimage"},"thumbnailUrl":"https:\/\/www.muensterschule-hof.de\/wordpress\/wp-content\/uploads\/2025\/11\/IMG_1085.jpeg","datePublished":"2025-11-19T08:48:16+00:00","dateModified":"2025-11-19T08:48:19+00:00","breadcrumb":{"@id":"https:\/\/www.muensterschule-hof.de\/wordpress\/wissen-verantwortung-und-respekt-projekttage-zum-thema-sexualitaet\/#breadcrumb"},"inLanguage":"de","potentialAction":[{"@type":"ReadAction","target":["https:\/\/www.muensterschule-hof.de\/wordpress\/wissen-verantwortung-und-respekt-projekttage-zum-thema-sexualitaet\/"]}]},{"@type":"ImageObject","inLanguage":"de","@id":"https:\/\/www.muensterschule-hof.de\/wordpress\/wissen-verantwortung-und-respekt-projekttage-zum-thema-sexualitaet\/#primaryimage","url":"https:\/\/www.muensterschule-hof.de\/wordpress\/wp-content\/uploads\/2025\/11\/IMG_1085.jpeg","contentUrl":"https:\/\/www.muensterschule-hof.de\/wordpress\/wp-content\/uploads\/2025\/11\/IMG_1085.jpeg","width":625,"height":588,"caption":"Screenshot"},{"@type":"BreadcrumbList","@id":"https:\/\/www.muensterschule-hof.de\/wordpress\/wissen-verantwortung-und-respekt-projekttage-zum-thema-sexualitaet\/#breadcrumb","itemListElement":[{"@type":"ListItem","position":1,"name":"Startseite","item":"https:\/\/www.muensterschule-hof.de\/wordpress\/"},{"@type":"ListItem","position":2,"name":"Wissen, Verantwortung und Respekt -Projekttage zum Thema \u201eSexualit\u00e4t\u201c"}]},{"@type":"WebSite","@id":"https:\/\/www.muensterschule-hof.de\/wordpress\/#website","url":"https:\/\/www.muensterschule-hof.de\/wordpress\/","name":"M\u00fcnsterschule","description":"Deine Mittelschule in Hof","publisher":{"@id":"https:\/\/www.muensterschule-hof.de\/wordpress\/#organization"},"alternateName":"MMS Hof","potentialAction":[{"@type":"SearchAction","target":{"@type":"EntryPoint","urlTemplate":"https:\/\/www.muensterschule-hof.de\/wordpress\/?s={search_term_string}"},"query-input":{"@type":"PropertyValueSpecification","valueRequired":true,"valueName":"search_term_string"}}],"inLanguage":"de"},{"@type":"Organization","@id":"https:\/\/www.muensterschule-hof.de\/wordpress\/#organization","name":"M\u00fcnster-Mittelschule Hof","alternateName":"MMS Hof","url":"https:\/\/www.muensterschule-hof.de\/wordpress\/","logo":{"@type":"ImageObject","inLanguage":"de","@id":"https:\/\/www.muensterschule-hof.de\/wordpress\/#\/schema\/logo\/image\/","url":"https:\/\/www.muensterschule-hof.de\/wordpress\/wp-content\/uploads\/2018\/05\/cropped-MMS-Hof-final-1.png","contentUrl":"https:\/\/www.muensterschule-hof.de\/wordpress\/wp-content\/uploads\/2018\/05\/cropped-MMS-Hof-final-1.png","width":512,"height":512,"caption":"M\u00fcnster-Mittelschule Hof"},"image":{"@id":"https:\/\/www.muensterschule-hof.de\/wordpress\/#\/schema\/logo\/image\/"}},{"@type":"Person","@id":"https:\/\/www.muensterschule-hof.de\/wordpress\/#\/schema\/person\/de58534e4cef400557500dff7aaa25b0","name":"wpadmin","image":{"@type":"ImageObject","inLanguage":"de","@id":"https:\/\/secure.gravatar.com\/avatar\/d9cd22045d4ad9ac54235e981c866f9317666429d45f49a3dc409314ab7be359?s=96&d=mm&r=g","url":"https:\/\/secure.gravatar.com\/avatar\/d9cd22045d4ad9ac54235e981c866f9317666429d45f49a3dc409314ab7be359?s=96&d=mm&r=g","contentUrl":"https:\/\/secure.gravatar.com\/avatar\/d9cd22045d4ad9ac54235e981c866f9317666429d45f49a3dc409314ab7be359?s=96&d=mm&r=g","caption":"wpadmin"},"url":"https:\/\/www.muensterschule-hof.de\/wordpress\/author\/wpadmin\/"}]}},"_links":{"self":[{"href":"https:\/\/www.muensterschule-hof.de\/wordpress\/wp-json\/wp\/v2\/posts\/4219","targetHints":{"allow":["GET"]}}],"collection":[{"href":"https:\/\/www.muensterschule-hof.de\/wordpress\/wp-json\/wp\/v2\/posts"}],"about":[{"href":"https:\/\/www.muensterschule-hof.de\/wordpress\/wp-json\/wp\/v2\/types\/post"}],"author":[{"embeddable":true,"href":"https:\/\/www.muensterschule-hof.de\/wordpress\/wp-json\/wp\/v2\/users\/1"}],"replies":[{"embeddable":true,"href":"https:\/\/www.muensterschule-hof.de\/wordpress\/wp-json\/wp\/v2\/comments?post=4219"}],"version-history":[{"count":1,"href":"https:\/\/www.muensterschule-hof.de\/wordpress\/wp-json\/wp\/v2\/posts\/4219\/revisions"}],"predecessor-version":[{"id":4221,"href":"https:\/\/www.muensterschule-hof.de\/wordpress\/wp-json\/wp\/v2\/posts\/4219\/revisions\/4221"}],"wp:featuredmedia":[{"embeddable":true,"href":"https:\/\/www.muensterschule-hof.de\/wordpress\/wp-json\/wp\/v2\/media\/4220"}],"wp:attachment":[{"href":"https:\/\/www.muensterschule-hof.de\/wordpress\/wp-json\/wp\/v2\/media?parent=4219"}],"wp:term":[{"taxonomy":"category","embeddable":true,"href":"https:\/\/www.muensterschule-hof.de\/wordpress\/wp-json\/wp\/v2\/categories?post=4219"},{"taxonomy":"post_tag","embeddable":true,"href":"https:\/\/www.muensterschule-hof.de\/wordpress\/wp-json\/wp\/v2\/tags?post=4219"}],"curies":[{"name":"wp","href":"https:\/\/api.w.org\/{rel}","templated":true}]}}