{"id":4253,"date":"2025-12-01T10:14:05","date_gmt":"2025-12-01T10:14:05","guid":{"rendered":"https:\/\/www.muensterschule-hof.de\/wordpress\/?p=4253"},"modified":"2025-12-01T10:14:12","modified_gmt":"2025-12-01T10:14:12","slug":"respekt-wir-reden-darueber","status":"publish","type":"post","link":"https:\/\/www.muensterschule-hof.de\/wordpress\/respekt-wir-reden-darueber\/","title":{"rendered":"Respekt &#8211; wir reden dar\u00fcber!"},"content":{"rendered":"\n<p>In den Respekt-Workshops haben unsere Sch\u00fclerinnen und Sch\u00fcler der 6. Klassen gemeinsam mit Julian Heinze, Bildungsreferent des Erzbisch\u00f6flichen Jugendamtes, erarbeitet, was Respekt eigentlich bedeutet und warum er im Alltag so wichtig ist.<br><strong>Wirst du respektiert?<\/strong><br>Viele stellten fest: Respekt f\u00fchlt sich nach Zuh\u00f6ren, Ernstgenommenwerden und Grenzen akzeptieren an.<br><strong>Wen respektierst du?<\/strong><br>Antworten reichten von Freundinnen und Freunde \u00fcber Lehrkr\u00e4fte bis zu Menschen, die mutig, ehrlich oder hilfsbereit sind.<br><strong>Warum respektierst du jemanden?<\/strong><br>Weil sie fair handeln, zu ihrem Wort stehen und anderen mit Freundlichkeit begegnen.<br><strong>Was tun, wenn jemand nicht respektiert wird?<\/strong><br>Die Sch\u00fclerinnen und Sch\u00fcler nannten: Einschreiten, Unterst\u00fctzung anbieten, Hilfe holen, klare Haltung zeigen.<br><strong>Wie \u201everdiene\u201c ich mir Respekt?<\/strong><br>Durch Authentizit\u00e4t, Wertsch\u00e4tzung, Zuverl\u00e4ssigkeit \u2013 und indem man selbst respektvoll mit anderen umgeht.<br><\/p>\n\n\n\n<p class=\"has-text-align-center\"><strong> Unser Fazit: Respekt beginnt bei uns selbst \u2013 und st\u00e4rkt unsere Gemeinschaft.<\/strong><\/p>\n","protected":false},"excerpt":{"rendered":"<p>In den Respekt-Workshops haben unsere Sch\u00fclerinnen und Sch\u00fcler der 6. Klassen gemeinsam mit Julian Heinze, Bildungsreferent des Erzbisch\u00f6flichen Jugendamtes, erarbeitet, was Respekt eigentlich bedeutet und warum er im Alltag so wichtig ist.Wirst du respektiert?Viele stellten fest: Respekt f\u00fchlt sich nach Zuh\u00f6ren, Ernstgenommenwerden und Grenzen akzeptieren an.Wen respektierst du?Antworten reichten von Freundinnen und Freunde \u00fcber Lehrkr\u00e4fte&hellip;&nbsp;<a href=\"https:\/\/www.muensterschule-hof.de\/wordpress\/respekt-wir-reden-darueber\/\" rel=\"bookmark\">Weiterlesen &raquo;<span class=\"screen-reader-text\">Respekt &#8211; wir reden dar\u00fcber!<\/span><\/a><\/p>\n","protected":false},"author":1,"featured_media":4254,"comment_status":"closed","ping_status":"closed","sticky":false,"template":"","format":"standard","meta":{"neve_meta_sidebar":"","neve_meta_container":"","neve_meta_enable_content_width":"","neve_meta_content_width":0,"neve_meta_title_alignment":"","neve_meta_author_avatar":"","neve_post_elements_order":"","neve_meta_disable_header":"","neve_meta_disable_footer":"","neve_meta_disable_title":"","footnotes":""},"categories":[1],"tags":[],"class_list":["post-4253","post","type-post","status-publish","format-standard","has-post-thumbnail","hentry","category-uncategorized"],"yoast_head":"<!-- This site is optimized with the Yoast SEO plugin v27.4 - https:\/\/yoast.com\/product\/yoast-seo-wordpress\/ -->\n<title>Respekt - wir reden dar\u00fcber! - M\u00fcnsterschule<\/title>\n<meta name=\"robots\" content=\"index, follow, max-snippet:-1, max-image-preview:large, max-video-preview:-1\" \/>\n<link rel=\"canonical\" href=\"https:\/\/www.muensterschule-hof.de\/wordpress\/respekt-wir-reden-darueber\/\" \/>\n<meta property=\"og:locale\" content=\"de_DE\" \/>\n<meta property=\"og:type\" content=\"article\" \/>\n<meta property=\"og:title\" content=\"Respekt - wir reden dar\u00fcber! - M\u00fcnsterschule\" \/>\n<meta property=\"og:description\" content=\"In den Respekt-Workshops haben unsere Sch\u00fclerinnen und Sch\u00fcler der 6. Klassen gemeinsam mit Julian Heinze, Bildungsreferent des Erzbisch\u00f6flichen Jugendamtes, erarbeitet, was Respekt eigentlich bedeutet und warum er im Alltag so wichtig ist.Wirst du respektiert?Viele stellten fest: Respekt f\u00fchlt sich nach Zuh\u00f6ren, Ernstgenommenwerden und Grenzen akzeptieren an.Wen respektierst du?Antworten reichten von Freundinnen und Freunde \u00fcber Lehrkr\u00e4fte&hellip;&nbsp;Weiterlesen &raquo;Respekt &#8211; wir reden dar\u00fcber!\" \/>\n<meta property=\"og:url\" content=\"https:\/\/www.muensterschule-hof.de\/wordpress\/respekt-wir-reden-darueber\/\" \/>\n<meta property=\"og:site_name\" content=\"M\u00fcnsterschule\" \/>\n<meta property=\"article:published_time\" content=\"2025-12-01T10:14:05+00:00\" \/>\n<meta property=\"article:modified_time\" content=\"2025-12-01T10:14:12+00:00\" \/>\n<meta property=\"og:image\" content=\"https:\/\/www.muensterschule-hof.de\/wordpress\/wp-content\/uploads\/2025\/12\/IMG_1130.jpeg\" \/>\n\t<meta property=\"og:image:width\" content=\"593\" \/>\n\t<meta property=\"og:image:height\" content=\"301\" \/>\n\t<meta property=\"og:image:type\" content=\"image\/jpeg\" \/>\n<meta name=\"author\" content=\"wpadmin\" \/>\n<meta name=\"twitter:card\" content=\"summary_large_image\" \/>\n<meta name=\"twitter:label1\" content=\"Verfasst von\" \/>\n\t<meta name=\"twitter:data1\" content=\"wpadmin\" \/>\n\t<meta name=\"twitter:label2\" content=\"Gesch\u00e4tzte Lesezeit\" \/>\n\t<meta name=\"twitter:data2\" content=\"1\u00a0Minute\" \/>\n<script type=\"application\/ld+json\" class=\"yoast-schema-graph\">{\"@context\":\"https:\\\/\\\/schema.org\",\"@graph\":[{\"@type\":\"Article\",\"@id\":\"https:\\\/\\\/www.muensterschule-hof.de\\\/wordpress\\\/respekt-wir-reden-darueber\\\/#article\",\"isPartOf\":{\"@id\":\"https:\\\/\\\/www.muensterschule-hof.de\\\/wordpress\\\/respekt-wir-reden-darueber\\\/\"},\"author\":{\"name\":\"wpadmin\",\"@id\":\"https:\\\/\\\/www.muensterschule-hof.de\\\/wordpress\\\/#\\\/schema\\\/person\\\/de58534e4cef400557500dff7aaa25b0\"},\"headline\":\"Respekt &#8211; wir reden dar\u00fcber!\",\"datePublished\":\"2025-12-01T10:14:05+00:00\",\"dateModified\":\"2025-12-01T10:14:12+00:00\",\"mainEntityOfPage\":{\"@id\":\"https:\\\/\\\/www.muensterschule-hof.de\\\/wordpress\\\/respekt-wir-reden-darueber\\\/\"},\"wordCount\":151,\"publisher\":{\"@id\":\"https:\\\/\\\/www.muensterschule-hof.de\\\/wordpress\\\/#organization\"},\"image\":{\"@id\":\"https:\\\/\\\/www.muensterschule-hof.de\\\/wordpress\\\/respekt-wir-reden-darueber\\\/#primaryimage\"},\"thumbnailUrl\":\"https:\\\/\\\/www.muensterschule-hof.de\\\/wordpress\\\/wp-content\\\/uploads\\\/2025\\\/12\\\/IMG_1130.jpeg\",\"articleSection\":[\"Uncategorized\"],\"inLanguage\":\"de\"},{\"@type\":\"WebPage\",\"@id\":\"https:\\\/\\\/www.muensterschule-hof.de\\\/wordpress\\\/respekt-wir-reden-darueber\\\/\",\"url\":\"https:\\\/\\\/www.muensterschule-hof.de\\\/wordpress\\\/respekt-wir-reden-darueber\\\/\",\"name\":\"Respekt - wir reden dar\u00fcber! - M\u00fcnsterschule\",\"isPartOf\":{\"@id\":\"https:\\\/\\\/www.muensterschule-hof.de\\\/wordpress\\\/#website\"},\"primaryImageOfPage\":{\"@id\":\"https:\\\/\\\/www.muensterschule-hof.de\\\/wordpress\\\/respekt-wir-reden-darueber\\\/#primaryimage\"},\"image\":{\"@id\":\"https:\\\/\\\/www.muensterschule-hof.de\\\/wordpress\\\/respekt-wir-reden-darueber\\\/#primaryimage\"},\"thumbnailUrl\":\"https:\\\/\\\/www.muensterschule-hof.de\\\/wordpress\\\/wp-content\\\/uploads\\\/2025\\\/12\\\/IMG_1130.jpeg\",\"datePublished\":\"2025-12-01T10:14:05+00:00\",\"dateModified\":\"2025-12-01T10:14:12+00:00\",\"breadcrumb\":{\"@id\":\"https:\\\/\\\/www.muensterschule-hof.de\\\/wordpress\\\/respekt-wir-reden-darueber\\\/#breadcrumb\"},\"inLanguage\":\"de\",\"potentialAction\":[{\"@type\":\"ReadAction\",\"target\":[\"https:\\\/\\\/www.muensterschule-hof.de\\\/wordpress\\\/respekt-wir-reden-darueber\\\/\"]}]},{\"@type\":\"ImageObject\",\"inLanguage\":\"de\",\"@id\":\"https:\\\/\\\/www.muensterschule-hof.de\\\/wordpress\\\/respekt-wir-reden-darueber\\\/#primaryimage\",\"url\":\"https:\\\/\\\/www.muensterschule-hof.de\\\/wordpress\\\/wp-content\\\/uploads\\\/2025\\\/12\\\/IMG_1130.jpeg\",\"contentUrl\":\"https:\\\/\\\/www.muensterschule-hof.de\\\/wordpress\\\/wp-content\\\/uploads\\\/2025\\\/12\\\/IMG_1130.jpeg\",\"width\":593,\"height\":301,\"caption\":\"Screenshot\"},{\"@type\":\"BreadcrumbList\",\"@id\":\"https:\\\/\\\/www.muensterschule-hof.de\\\/wordpress\\\/respekt-wir-reden-darueber\\\/#breadcrumb\",\"itemListElement\":[{\"@type\":\"ListItem\",\"position\":1,\"name\":\"Startseite\",\"item\":\"https:\\\/\\\/www.muensterschule-hof.de\\\/wordpress\\\/\"},{\"@type\":\"ListItem\",\"position\":2,\"name\":\"Respekt &#8211; wir reden dar\u00fcber!\"}]},{\"@type\":\"WebSite\",\"@id\":\"https:\\\/\\\/www.muensterschule-hof.de\\\/wordpress\\\/#website\",\"url\":\"https:\\\/\\\/www.muensterschule-hof.de\\\/wordpress\\\/\",\"name\":\"M\u00fcnsterschule\",\"description\":\"Deine Mittelschule in Hof\",\"publisher\":{\"@id\":\"https:\\\/\\\/www.muensterschule-hof.de\\\/wordpress\\\/#organization\"},\"alternateName\":\"MMS Hof\",\"potentialAction\":[{\"@type\":\"SearchAction\",\"target\":{\"@type\":\"EntryPoint\",\"urlTemplate\":\"https:\\\/\\\/www.muensterschule-hof.de\\\/wordpress\\\/?s={search_term_string}\"},\"query-input\":{\"@type\":\"PropertyValueSpecification\",\"valueRequired\":true,\"valueName\":\"search_term_string\"}}],\"inLanguage\":\"de\"},{\"@type\":\"Organization\",\"@id\":\"https:\\\/\\\/www.muensterschule-hof.de\\\/wordpress\\\/#organization\",\"name\":\"M\u00fcnster-Mittelschule Hof\",\"alternateName\":\"MMS Hof\",\"url\":\"https:\\\/\\\/www.muensterschule-hof.de\\\/wordpress\\\/\",\"logo\":{\"@type\":\"ImageObject\",\"inLanguage\":\"de\",\"@id\":\"https:\\\/\\\/www.muensterschule-hof.de\\\/wordpress\\\/#\\\/schema\\\/logo\\\/image\\\/\",\"url\":\"https:\\\/\\\/www.muensterschule-hof.de\\\/wordpress\\\/wp-content\\\/uploads\\\/2018\\\/05\\\/cropped-MMS-Hof-final-1.png\",\"contentUrl\":\"https:\\\/\\\/www.muensterschule-hof.de\\\/wordpress\\\/wp-content\\\/uploads\\\/2018\\\/05\\\/cropped-MMS-Hof-final-1.png\",\"width\":512,\"height\":512,\"caption\":\"M\u00fcnster-Mittelschule Hof\"},\"image\":{\"@id\":\"https:\\\/\\\/www.muensterschule-hof.de\\\/wordpress\\\/#\\\/schema\\\/logo\\\/image\\\/\"}},{\"@type\":\"Person\",\"@id\":\"https:\\\/\\\/www.muensterschule-hof.de\\\/wordpress\\\/#\\\/schema\\\/person\\\/de58534e4cef400557500dff7aaa25b0\",\"name\":\"wpadmin\",\"image\":{\"@type\":\"ImageObject\",\"inLanguage\":\"de\",\"@id\":\"https:\\\/\\\/secure.gravatar.com\\\/avatar\\\/d9cd22045d4ad9ac54235e981c866f9317666429d45f49a3dc409314ab7be359?s=96&d=mm&r=g\",\"url\":\"https:\\\/\\\/secure.gravatar.com\\\/avatar\\\/d9cd22045d4ad9ac54235e981c866f9317666429d45f49a3dc409314ab7be359?s=96&d=mm&r=g\",\"contentUrl\":\"https:\\\/\\\/secure.gravatar.com\\\/avatar\\\/d9cd22045d4ad9ac54235e981c866f9317666429d45f49a3dc409314ab7be359?s=96&d=mm&r=g\",\"caption\":\"wpadmin\"},\"url\":\"https:\\\/\\\/www.muensterschule-hof.de\\\/wordpress\\\/author\\\/wpadmin\\\/\"}]}<\/script>\n<!-- \/ Yoast SEO plugin. -->","yoast_head_json":{"title":"Respekt - wir reden dar\u00fcber! - M\u00fcnsterschule","robots":{"index":"index","follow":"follow","max-snippet":"max-snippet:-1","max-image-preview":"max-image-preview:large","max-video-preview":"max-video-preview:-1"},"canonical":"https:\/\/www.muensterschule-hof.de\/wordpress\/respekt-wir-reden-darueber\/","og_locale":"de_DE","og_type":"article","og_title":"Respekt - wir reden dar\u00fcber! - M\u00fcnsterschule","og_description":"In den Respekt-Workshops haben unsere Sch\u00fclerinnen und Sch\u00fcler der 6. Klassen gemeinsam mit Julian Heinze, Bildungsreferent des Erzbisch\u00f6flichen Jugendamtes, erarbeitet, was Respekt eigentlich bedeutet und warum er im Alltag so wichtig ist.Wirst du respektiert?Viele stellten fest: Respekt f\u00fchlt sich nach Zuh\u00f6ren, Ernstgenommenwerden und Grenzen akzeptieren an.Wen respektierst du?Antworten reichten von Freundinnen und Freunde \u00fcber Lehrkr\u00e4fte&hellip;&nbsp;Weiterlesen &raquo;Respekt &#8211; wir reden dar\u00fcber!","og_url":"https:\/\/www.muensterschule-hof.de\/wordpress\/respekt-wir-reden-darueber\/","og_site_name":"M\u00fcnsterschule","article_published_time":"2025-12-01T10:14:05+00:00","article_modified_time":"2025-12-01T10:14:12+00:00","og_image":[{"width":593,"height":301,"url":"https:\/\/www.muensterschule-hof.de\/wordpress\/wp-content\/uploads\/2025\/12\/IMG_1130.jpeg","type":"image\/jpeg"}],"author":"wpadmin","twitter_card":"summary_large_image","twitter_misc":{"Verfasst von":"wpadmin","Gesch\u00e4tzte Lesezeit":"1\u00a0Minute"},"schema":{"@context":"https:\/\/schema.org","@graph":[{"@type":"Article","@id":"https:\/\/www.muensterschule-hof.de\/wordpress\/respekt-wir-reden-darueber\/#article","isPartOf":{"@id":"https:\/\/www.muensterschule-hof.de\/wordpress\/respekt-wir-reden-darueber\/"},"author":{"name":"wpadmin","@id":"https:\/\/www.muensterschule-hof.de\/wordpress\/#\/schema\/person\/de58534e4cef400557500dff7aaa25b0"},"headline":"Respekt &#8211; wir reden dar\u00fcber!","datePublished":"2025-12-01T10:14:05+00:00","dateModified":"2025-12-01T10:14:12+00:00","mainEntityOfPage":{"@id":"https:\/\/www.muensterschule-hof.de\/wordpress\/respekt-wir-reden-darueber\/"},"wordCount":151,"publisher":{"@id":"https:\/\/www.muensterschule-hof.de\/wordpress\/#organization"},"image":{"@id":"https:\/\/www.muensterschule-hof.de\/wordpress\/respekt-wir-reden-darueber\/#primaryimage"},"thumbnailUrl":"https:\/\/www.muensterschule-hof.de\/wordpress\/wp-content\/uploads\/2025\/12\/IMG_1130.jpeg","articleSection":["Uncategorized"],"inLanguage":"de"},{"@type":"WebPage","@id":"https:\/\/www.muensterschule-hof.de\/wordpress\/respekt-wir-reden-darueber\/","url":"https:\/\/www.muensterschule-hof.de\/wordpress\/respekt-wir-reden-darueber\/","name":"Respekt - wir reden dar\u00fcber! - M\u00fcnsterschule","isPartOf":{"@id":"https:\/\/www.muensterschule-hof.de\/wordpress\/#website"},"primaryImageOfPage":{"@id":"https:\/\/www.muensterschule-hof.de\/wordpress\/respekt-wir-reden-darueber\/#primaryimage"},"image":{"@id":"https:\/\/www.muensterschule-hof.de\/wordpress\/respekt-wir-reden-darueber\/#primaryimage"},"thumbnailUrl":"https:\/\/www.muensterschule-hof.de\/wordpress\/wp-content\/uploads\/2025\/12\/IMG_1130.jpeg","datePublished":"2025-12-01T10:14:05+00:00","dateModified":"2025-12-01T10:14:12+00:00","breadcrumb":{"@id":"https:\/\/www.muensterschule-hof.de\/wordpress\/respekt-wir-reden-darueber\/#breadcrumb"},"inLanguage":"de","potentialAction":[{"@type":"ReadAction","target":["https:\/\/www.muensterschule-hof.de\/wordpress\/respekt-wir-reden-darueber\/"]}]},{"@type":"ImageObject","inLanguage":"de","@id":"https:\/\/www.muensterschule-hof.de\/wordpress\/respekt-wir-reden-darueber\/#primaryimage","url":"https:\/\/www.muensterschule-hof.de\/wordpress\/wp-content\/uploads\/2025\/12\/IMG_1130.jpeg","contentUrl":"https:\/\/www.muensterschule-hof.de\/wordpress\/wp-content\/uploads\/2025\/12\/IMG_1130.jpeg","width":593,"height":301,"caption":"Screenshot"},{"@type":"BreadcrumbList","@id":"https:\/\/www.muensterschule-hof.de\/wordpress\/respekt-wir-reden-darueber\/#breadcrumb","itemListElement":[{"@type":"ListItem","position":1,"name":"Startseite","item":"https:\/\/www.muensterschule-hof.de\/wordpress\/"},{"@type":"ListItem","position":2,"name":"Respekt &#8211; wir reden dar\u00fcber!"}]},{"@type":"WebSite","@id":"https:\/\/www.muensterschule-hof.de\/wordpress\/#website","url":"https:\/\/www.muensterschule-hof.de\/wordpress\/","name":"M\u00fcnsterschule","description":"Deine Mittelschule in Hof","publisher":{"@id":"https:\/\/www.muensterschule-hof.de\/wordpress\/#organization"},"alternateName":"MMS Hof","potentialAction":[{"@type":"SearchAction","target":{"@type":"EntryPoint","urlTemplate":"https:\/\/www.muensterschule-hof.de\/wordpress\/?s={search_term_string}"},"query-input":{"@type":"PropertyValueSpecification","valueRequired":true,"valueName":"search_term_string"}}],"inLanguage":"de"},{"@type":"Organization","@id":"https:\/\/www.muensterschule-hof.de\/wordpress\/#organization","name":"M\u00fcnster-Mittelschule Hof","alternateName":"MMS Hof","url":"https:\/\/www.muensterschule-hof.de\/wordpress\/","logo":{"@type":"ImageObject","inLanguage":"de","@id":"https:\/\/www.muensterschule-hof.de\/wordpress\/#\/schema\/logo\/image\/","url":"https:\/\/www.muensterschule-hof.de\/wordpress\/wp-content\/uploads\/2018\/05\/cropped-MMS-Hof-final-1.png","contentUrl":"https:\/\/www.muensterschule-hof.de\/wordpress\/wp-content\/uploads\/2018\/05\/cropped-MMS-Hof-final-1.png","width":512,"height":512,"caption":"M\u00fcnster-Mittelschule Hof"},"image":{"@id":"https:\/\/www.muensterschule-hof.de\/wordpress\/#\/schema\/logo\/image\/"}},{"@type":"Person","@id":"https:\/\/www.muensterschule-hof.de\/wordpress\/#\/schema\/person\/de58534e4cef400557500dff7aaa25b0","name":"wpadmin","image":{"@type":"ImageObject","inLanguage":"de","@id":"https:\/\/secure.gravatar.com\/avatar\/d9cd22045d4ad9ac54235e981c866f9317666429d45f49a3dc409314ab7be359?s=96&d=mm&r=g","url":"https:\/\/secure.gravatar.com\/avatar\/d9cd22045d4ad9ac54235e981c866f9317666429d45f49a3dc409314ab7be359?s=96&d=mm&r=g","contentUrl":"https:\/\/secure.gravatar.com\/avatar\/d9cd22045d4ad9ac54235e981c866f9317666429d45f49a3dc409314ab7be359?s=96&d=mm&r=g","caption":"wpadmin"},"url":"https:\/\/www.muensterschule-hof.de\/wordpress\/author\/wpadmin\/"}]}},"_links":{"self":[{"href":"https:\/\/www.muensterschule-hof.de\/wordpress\/wp-json\/wp\/v2\/posts\/4253","targetHints":{"allow":["GET"]}}],"collection":[{"href":"https:\/\/www.muensterschule-hof.de\/wordpress\/wp-json\/wp\/v2\/posts"}],"about":[{"href":"https:\/\/www.muensterschule-hof.de\/wordpress\/wp-json\/wp\/v2\/types\/post"}],"author":[{"embeddable":true,"href":"https:\/\/www.muensterschule-hof.de\/wordpress\/wp-json\/wp\/v2\/users\/1"}],"replies":[{"embeddable":true,"href":"https:\/\/www.muensterschule-hof.de\/wordpress\/wp-json\/wp\/v2\/comments?post=4253"}],"version-history":[{"count":1,"href":"https:\/\/www.muensterschule-hof.de\/wordpress\/wp-json\/wp\/v2\/posts\/4253\/revisions"}],"predecessor-version":[{"id":4255,"href":"https:\/\/www.muensterschule-hof.de\/wordpress\/wp-json\/wp\/v2\/posts\/4253\/revisions\/4255"}],"wp:featuredmedia":[{"embeddable":true,"href":"https:\/\/www.muensterschule-hof.de\/wordpress\/wp-json\/wp\/v2\/media\/4254"}],"wp:attachment":[{"href":"https:\/\/www.muensterschule-hof.de\/wordpress\/wp-json\/wp\/v2\/media?parent=4253"}],"wp:term":[{"taxonomy":"category","embeddable":true,"href":"https:\/\/www.muensterschule-hof.de\/wordpress\/wp-json\/wp\/v2\/categories?post=4253"},{"taxonomy":"post_tag","embeddable":true,"href":"https:\/\/www.muensterschule-hof.de\/wordpress\/wp-json\/wp\/v2\/tags?post=4253"}],"curies":[{"name":"wp","href":"https:\/\/api.w.org\/{rel}","templated":true}]}}