{"id":4263,"date":"2025-12-08T19:28:34","date_gmt":"2025-12-08T19:28:34","guid":{"rendered":"https:\/\/www.muensterschule-hof.de\/wordpress\/?p=4263"},"modified":"2025-12-08T19:28:37","modified_gmt":"2025-12-08T19:28:37","slug":"pausenengel-verantwortung-uebernehmen-gemeinschaft-staerken","status":"publish","type":"post","link":"https:\/\/www.muensterschule-hof.de\/wordpress\/pausenengel-verantwortung-uebernehmen-gemeinschaft-staerken\/","title":{"rendered":"\u201ePausenengel\u201c \u2013 Verantwortung \u00fcbernehmen, Gemeinschaft st\u00e4rken"},"content":{"rendered":"\n<p>Seit diesem Schuljahr gibt es an unserer Schule das Projekt <strong>\u201ePausenengel\u201c<\/strong>. Dabei \u00fcbernehmen ausgew\u00e4hlte Sch\u00fclerinnen und Sch\u00fcler eine besondere Rolle im Schulalltag: Sie setzen sich aktiv f\u00fcr ein respektvolles, friedliches Miteinander auf dem Pausenhof ein und tragen so zu einem positiven Schulklima bei.<br><strong>Was machen Pausenengel?<\/strong><br>Die Pausenengel unterst\u00fctzen ihre Mitsch\u00fclerinnen und Mitsch\u00fcler w\u00e4hrend der Pausen. Sie \u2026<\/p>\n\n\n\n<ul class=\"wp-block-list\">\n<li>helfen bei kleinen Sorgen oder Missverst\u00e4ndnissen,<\/li>\n\n\n\n<li>h\u00f6ren zu und spenden Trost,<\/li>\n\n\n\n<li>f\u00f6rdern ein r\u00fccksichtsvolleres Miteinander,<\/li>\n\n\n\n<li>handeln auf Augenh\u00f6he und st\u00e4rken den sozialen Zusammenhalt.<\/li>\n<\/ul>\n\n\n\n<p>Sie ersetzen keine Lehrkr\u00e4fte und greifen nicht erziehend ein \u2013 sie sind vielmehr Ansprechpartnerinnen und Ansprechpartner auf freundschaftlicher Ebene.<br><strong>Wie werden sie darauf vorbereitet?<\/strong><br>Bevor die Kinder ihren Dienst antreten, absolvieren sie eine gezielte Ausbildung. Dort lernen sie:<\/p>\n\n\n\n<ul class=\"wp-block-list\">\n<li>gewaltfreie Kommunikation,<\/li>\n\n\n\n<li>konstruktive Konfliktl\u00f6sung,<\/li>\n\n\n\n<li>Teamarbeit und Empathie,<\/li>\n\n\n\n<li>angemessene Hilfsangebote zu machen.<\/li>\n<\/ul>\n\n\n\n<p>Wichtig ist auch zu wissen, <strong>wo die eigenen Grenzen liegen<\/strong>: Bei Verletzungen, k\u00f6rperlichen Auseinandersetzungen oder ernsteren Konflikten informieren die Pausenengel sofort eine Lehrkraft.<br><strong>Begleitung f\u00fcr nachhaltiges Lernen<\/strong><br>Auch nach der Ausbildung werden die Pausenengel weiterhin regelm\u00e4\u00dfig begleitet. In Austauschtreffen reflektieren sie ihre Erlebnisse, erhalten Unterst\u00fctzung durch die Jugendsozialarbeit an Schulen sowie das Lehrkr\u00e4fteteam und werden in ihrer Rolle gest\u00e4rkt.<br><strong>Warum Pausenengel?<\/strong><br>Das Projekt f\u00f6rdert:<\/p>\n\n\n\n<ul class=\"wp-block-list\">\n<li>die sozialen Kompetenzen der teilnehmenden Kinder,<\/li>\n\n\n\n<li>Verantwortungsbewusstsein und Selbstwirksamkeit,<\/li>\n\n\n\n<li>ein respektvolles, wertsch\u00e4tzendes Miteinander auf dem Schulhof.<\/li>\n<\/ul>\n\n\n\n<p>Davon profitieren alle Sch\u00fclerinnen und Sch\u00fcler unserer Schule.<br><strong>Wir sagen Danke!<\/strong><br>Wir sind sehr stolz auf das Engagement unserer Pausenengel und freuen uns, dass sie jeden Tag dazu beitragen, unseren Pausenhof zu einem Ort des Miteinanders und der R\u00fccksichtnahme zu machen.<\/p>\n\n\n\n<p>Bild von <a href=\"https:\/\/pixabay.com\/de\/users\/openclipart-vectors-30363\/?utm_source=link-attribution&amp;utm_medium=referral&amp;utm_campaign=image&amp;utm_content=1300520\">OpenClipart-Vectors<\/a> auf <a href=\"https:\/\/pixabay.com\/de\/\/?utm_source=link-attribution&amp;utm_medium=referral&amp;utm_campaign=image&amp;utm_content=1300520\">Pixabay<\/a><\/p>\n\n\n\n<p><\/p>\n","protected":false},"excerpt":{"rendered":"<p>Seit diesem Schuljahr gibt es an unserer Schule das Projekt \u201ePausenengel\u201c. Dabei \u00fcbernehmen ausgew\u00e4hlte Sch\u00fclerinnen und Sch\u00fcler eine besondere Rolle im Schulalltag: Sie setzen sich aktiv f\u00fcr ein respektvolles, friedliches Miteinander auf dem Pausenhof ein und tragen so zu einem positiven Schulklima bei.Was machen Pausenengel?Die Pausenengel unterst\u00fctzen ihre Mitsch\u00fclerinnen und Mitsch\u00fcler w\u00e4hrend der Pausen. Sie&hellip;&nbsp;<a href=\"https:\/\/www.muensterschule-hof.de\/wordpress\/pausenengel-verantwortung-uebernehmen-gemeinschaft-staerken\/\" rel=\"bookmark\">Weiterlesen &raquo;<span class=\"screen-reader-text\">\u201ePausenengel\u201c \u2013 Verantwortung \u00fcbernehmen, Gemeinschaft st\u00e4rken<\/span><\/a><\/p>\n","protected":false},"author":1,"featured_media":4264,"comment_status":"closed","ping_status":"closed","sticky":false,"template":"","format":"standard","meta":{"neve_meta_sidebar":"","neve_meta_container":"","neve_meta_enable_content_width":"","neve_meta_content_width":0,"neve_meta_title_alignment":"","neve_meta_author_avatar":"","neve_post_elements_order":"","neve_meta_disable_header":"","neve_meta_disable_footer":"","neve_meta_disable_title":"","footnotes":""},"categories":[50],"tags":[194],"class_list":["post-4263","post","type-post","status-publish","format-standard","has-post-thumbnail","hentry","category-aktuelles","tag-pausenengel"],"yoast_head":"<!-- This site is optimized with the Yoast SEO plugin v27.4 - https:\/\/yoast.com\/product\/yoast-seo-wordpress\/ -->\n<title>\u201ePausenengel\u201c \u2013 Verantwortung \u00fcbernehmen, Gemeinschaft st\u00e4rken - M\u00fcnsterschule<\/title>\n<meta name=\"robots\" content=\"index, follow, max-snippet:-1, max-image-preview:large, max-video-preview:-1\" \/>\n<link rel=\"canonical\" href=\"https:\/\/www.muensterschule-hof.de\/wordpress\/pausenengel-verantwortung-uebernehmen-gemeinschaft-staerken\/\" \/>\n<meta property=\"og:locale\" content=\"de_DE\" \/>\n<meta property=\"og:type\" content=\"article\" \/>\n<meta property=\"og:title\" content=\"\u201ePausenengel\u201c \u2013 Verantwortung \u00fcbernehmen, Gemeinschaft st\u00e4rken - M\u00fcnsterschule\" \/>\n<meta property=\"og:description\" content=\"Seit diesem Schuljahr gibt es an unserer Schule das Projekt \u201ePausenengel\u201c. Dabei \u00fcbernehmen ausgew\u00e4hlte Sch\u00fclerinnen und Sch\u00fcler eine besondere Rolle im Schulalltag: Sie setzen sich aktiv f\u00fcr ein respektvolles, friedliches Miteinander auf dem Pausenhof ein und tragen so zu einem positiven Schulklima bei.Was machen Pausenengel?Die Pausenengel unterst\u00fctzen ihre Mitsch\u00fclerinnen und Mitsch\u00fcler w\u00e4hrend der Pausen. Sie&hellip;&nbsp;Weiterlesen &raquo;\u201ePausenengel\u201c \u2013 Verantwortung \u00fcbernehmen, Gemeinschaft st\u00e4rken\" \/>\n<meta property=\"og:url\" content=\"https:\/\/www.muensterschule-hof.de\/wordpress\/pausenengel-verantwortung-uebernehmen-gemeinschaft-staerken\/\" \/>\n<meta property=\"og:site_name\" content=\"M\u00fcnsterschule\" \/>\n<meta property=\"article:published_time\" content=\"2025-12-08T19:28:34+00:00\" \/>\n<meta property=\"article:modified_time\" content=\"2025-12-08T19:28:37+00:00\" \/>\n<meta property=\"og:image\" content=\"https:\/\/www.muensterschule-hof.de\/wordpress\/wp-content\/uploads\/2025\/12\/Bildschirmfoto-2025-12-08-um-20.34.32.png\" \/>\n\t<meta property=\"og:image:width\" content=\"1268\" \/>\n\t<meta property=\"og:image:height\" content=\"1236\" \/>\n\t<meta property=\"og:image:type\" content=\"image\/png\" \/>\n<meta name=\"author\" content=\"wpadmin\" \/>\n<meta name=\"twitter:card\" content=\"summary_large_image\" \/>\n<meta name=\"twitter:label1\" content=\"Verfasst von\" \/>\n\t<meta name=\"twitter:data1\" content=\"wpadmin\" \/>\n\t<meta name=\"twitter:label2\" content=\"Gesch\u00e4tzte Lesezeit\" \/>\n\t<meta name=\"twitter:data2\" content=\"2\u00a0Minuten\" \/>\n<script type=\"application\/ld+json\" class=\"yoast-schema-graph\">{\"@context\":\"https:\\\/\\\/schema.org\",\"@graph\":[{\"@type\":\"Article\",\"@id\":\"https:\\\/\\\/www.muensterschule-hof.de\\\/wordpress\\\/pausenengel-verantwortung-uebernehmen-gemeinschaft-staerken\\\/#article\",\"isPartOf\":{\"@id\":\"https:\\\/\\\/www.muensterschule-hof.de\\\/wordpress\\\/pausenengel-verantwortung-uebernehmen-gemeinschaft-staerken\\\/\"},\"author\":{\"name\":\"wpadmin\",\"@id\":\"https:\\\/\\\/www.muensterschule-hof.de\\\/wordpress\\\/#\\\/schema\\\/person\\\/de58534e4cef400557500dff7aaa25b0\"},\"headline\":\"\u201ePausenengel\u201c \u2013 Verantwortung \u00fcbernehmen, Gemeinschaft st\u00e4rken\",\"datePublished\":\"2025-12-08T19:28:34+00:00\",\"dateModified\":\"2025-12-08T19:28:37+00:00\",\"mainEntityOfPage\":{\"@id\":\"https:\\\/\\\/www.muensterschule-hof.de\\\/wordpress\\\/pausenengel-verantwortung-uebernehmen-gemeinschaft-staerken\\\/\"},\"wordCount\":287,\"publisher\":{\"@id\":\"https:\\\/\\\/www.muensterschule-hof.de\\\/wordpress\\\/#organization\"},\"image\":{\"@id\":\"https:\\\/\\\/www.muensterschule-hof.de\\\/wordpress\\\/pausenengel-verantwortung-uebernehmen-gemeinschaft-staerken\\\/#primaryimage\"},\"thumbnailUrl\":\"https:\\\/\\\/www.muensterschule-hof.de\\\/wordpress\\\/wp-content\\\/uploads\\\/2025\\\/12\\\/Bildschirmfoto-2025-12-08-um-20.34.32.png\",\"keywords\":[\"Pausenengel\"],\"articleSection\":[\"Aktuelles\"],\"inLanguage\":\"de\"},{\"@type\":\"WebPage\",\"@id\":\"https:\\\/\\\/www.muensterschule-hof.de\\\/wordpress\\\/pausenengel-verantwortung-uebernehmen-gemeinschaft-staerken\\\/\",\"url\":\"https:\\\/\\\/www.muensterschule-hof.de\\\/wordpress\\\/pausenengel-verantwortung-uebernehmen-gemeinschaft-staerken\\\/\",\"name\":\"\u201ePausenengel\u201c \u2013 Verantwortung \u00fcbernehmen, Gemeinschaft st\u00e4rken - M\u00fcnsterschule\",\"isPartOf\":{\"@id\":\"https:\\\/\\\/www.muensterschule-hof.de\\\/wordpress\\\/#website\"},\"primaryImageOfPage\":{\"@id\":\"https:\\\/\\\/www.muensterschule-hof.de\\\/wordpress\\\/pausenengel-verantwortung-uebernehmen-gemeinschaft-staerken\\\/#primaryimage\"},\"image\":{\"@id\":\"https:\\\/\\\/www.muensterschule-hof.de\\\/wordpress\\\/pausenengel-verantwortung-uebernehmen-gemeinschaft-staerken\\\/#primaryimage\"},\"thumbnailUrl\":\"https:\\\/\\\/www.muensterschule-hof.de\\\/wordpress\\\/wp-content\\\/uploads\\\/2025\\\/12\\\/Bildschirmfoto-2025-12-08-um-20.34.32.png\",\"datePublished\":\"2025-12-08T19:28:34+00:00\",\"dateModified\":\"2025-12-08T19:28:37+00:00\",\"breadcrumb\":{\"@id\":\"https:\\\/\\\/www.muensterschule-hof.de\\\/wordpress\\\/pausenengel-verantwortung-uebernehmen-gemeinschaft-staerken\\\/#breadcrumb\"},\"inLanguage\":\"de\",\"potentialAction\":[{\"@type\":\"ReadAction\",\"target\":[\"https:\\\/\\\/www.muensterschule-hof.de\\\/wordpress\\\/pausenengel-verantwortung-uebernehmen-gemeinschaft-staerken\\\/\"]}]},{\"@type\":\"ImageObject\",\"inLanguage\":\"de\",\"@id\":\"https:\\\/\\\/www.muensterschule-hof.de\\\/wordpress\\\/pausenengel-verantwortung-uebernehmen-gemeinschaft-staerken\\\/#primaryimage\",\"url\":\"https:\\\/\\\/www.muensterschule-hof.de\\\/wordpress\\\/wp-content\\\/uploads\\\/2025\\\/12\\\/Bildschirmfoto-2025-12-08-um-20.34.32.png\",\"contentUrl\":\"https:\\\/\\\/www.muensterschule-hof.de\\\/wordpress\\\/wp-content\\\/uploads\\\/2025\\\/12\\\/Bildschirmfoto-2025-12-08-um-20.34.32.png\",\"width\":1268,\"height\":1236},{\"@type\":\"BreadcrumbList\",\"@id\":\"https:\\\/\\\/www.muensterschule-hof.de\\\/wordpress\\\/pausenengel-verantwortung-uebernehmen-gemeinschaft-staerken\\\/#breadcrumb\",\"itemListElement\":[{\"@type\":\"ListItem\",\"position\":1,\"name\":\"Startseite\",\"item\":\"https:\\\/\\\/www.muensterschule-hof.de\\\/wordpress\\\/\"},{\"@type\":\"ListItem\",\"position\":2,\"name\":\"\u201ePausenengel\u201c \u2013 Verantwortung \u00fcbernehmen, Gemeinschaft st\u00e4rken\"}]},{\"@type\":\"WebSite\",\"@id\":\"https:\\\/\\\/www.muensterschule-hof.de\\\/wordpress\\\/#website\",\"url\":\"https:\\\/\\\/www.muensterschule-hof.de\\\/wordpress\\\/\",\"name\":\"M\u00fcnsterschule\",\"description\":\"Deine Mittelschule in Hof\",\"publisher\":{\"@id\":\"https:\\\/\\\/www.muensterschule-hof.de\\\/wordpress\\\/#organization\"},\"alternateName\":\"MMS Hof\",\"potentialAction\":[{\"@type\":\"SearchAction\",\"target\":{\"@type\":\"EntryPoint\",\"urlTemplate\":\"https:\\\/\\\/www.muensterschule-hof.de\\\/wordpress\\\/?s={search_term_string}\"},\"query-input\":{\"@type\":\"PropertyValueSpecification\",\"valueRequired\":true,\"valueName\":\"search_term_string\"}}],\"inLanguage\":\"de\"},{\"@type\":\"Organization\",\"@id\":\"https:\\\/\\\/www.muensterschule-hof.de\\\/wordpress\\\/#organization\",\"name\":\"M\u00fcnster-Mittelschule Hof\",\"alternateName\":\"MMS Hof\",\"url\":\"https:\\\/\\\/www.muensterschule-hof.de\\\/wordpress\\\/\",\"logo\":{\"@type\":\"ImageObject\",\"inLanguage\":\"de\",\"@id\":\"https:\\\/\\\/www.muensterschule-hof.de\\\/wordpress\\\/#\\\/schema\\\/logo\\\/image\\\/\",\"url\":\"https:\\\/\\\/www.muensterschule-hof.de\\\/wordpress\\\/wp-content\\\/uploads\\\/2018\\\/05\\\/cropped-MMS-Hof-final-1.png\",\"contentUrl\":\"https:\\\/\\\/www.muensterschule-hof.de\\\/wordpress\\\/wp-content\\\/uploads\\\/2018\\\/05\\\/cropped-MMS-Hof-final-1.png\",\"width\":512,\"height\":512,\"caption\":\"M\u00fcnster-Mittelschule Hof\"},\"image\":{\"@id\":\"https:\\\/\\\/www.muensterschule-hof.de\\\/wordpress\\\/#\\\/schema\\\/logo\\\/image\\\/\"}},{\"@type\":\"Person\",\"@id\":\"https:\\\/\\\/www.muensterschule-hof.de\\\/wordpress\\\/#\\\/schema\\\/person\\\/de58534e4cef400557500dff7aaa25b0\",\"name\":\"wpadmin\",\"image\":{\"@type\":\"ImageObject\",\"inLanguage\":\"de\",\"@id\":\"https:\\\/\\\/secure.gravatar.com\\\/avatar\\\/d9cd22045d4ad9ac54235e981c866f9317666429d45f49a3dc409314ab7be359?s=96&d=mm&r=g\",\"url\":\"https:\\\/\\\/secure.gravatar.com\\\/avatar\\\/d9cd22045d4ad9ac54235e981c866f9317666429d45f49a3dc409314ab7be359?s=96&d=mm&r=g\",\"contentUrl\":\"https:\\\/\\\/secure.gravatar.com\\\/avatar\\\/d9cd22045d4ad9ac54235e981c866f9317666429d45f49a3dc409314ab7be359?s=96&d=mm&r=g\",\"caption\":\"wpadmin\"},\"url\":\"https:\\\/\\\/www.muensterschule-hof.de\\\/wordpress\\\/author\\\/wpadmin\\\/\"}]}<\/script>\n<!-- \/ Yoast SEO plugin. -->","yoast_head_json":{"title":"\u201ePausenengel\u201c \u2013 Verantwortung \u00fcbernehmen, Gemeinschaft st\u00e4rken - M\u00fcnsterschule","robots":{"index":"index","follow":"follow","max-snippet":"max-snippet:-1","max-image-preview":"max-image-preview:large","max-video-preview":"max-video-preview:-1"},"canonical":"https:\/\/www.muensterschule-hof.de\/wordpress\/pausenengel-verantwortung-uebernehmen-gemeinschaft-staerken\/","og_locale":"de_DE","og_type":"article","og_title":"\u201ePausenengel\u201c \u2013 Verantwortung \u00fcbernehmen, Gemeinschaft st\u00e4rken - M\u00fcnsterschule","og_description":"Seit diesem Schuljahr gibt es an unserer Schule das Projekt \u201ePausenengel\u201c. Dabei \u00fcbernehmen ausgew\u00e4hlte Sch\u00fclerinnen und Sch\u00fcler eine besondere Rolle im Schulalltag: Sie setzen sich aktiv f\u00fcr ein respektvolles, friedliches Miteinander auf dem Pausenhof ein und tragen so zu einem positiven Schulklima bei.Was machen Pausenengel?Die Pausenengel unterst\u00fctzen ihre Mitsch\u00fclerinnen und Mitsch\u00fcler w\u00e4hrend der Pausen. Sie&hellip;&nbsp;Weiterlesen &raquo;\u201ePausenengel\u201c \u2013 Verantwortung \u00fcbernehmen, Gemeinschaft st\u00e4rken","og_url":"https:\/\/www.muensterschule-hof.de\/wordpress\/pausenengel-verantwortung-uebernehmen-gemeinschaft-staerken\/","og_site_name":"M\u00fcnsterschule","article_published_time":"2025-12-08T19:28:34+00:00","article_modified_time":"2025-12-08T19:28:37+00:00","og_image":[{"width":1268,"height":1236,"url":"https:\/\/www.muensterschule-hof.de\/wordpress\/wp-content\/uploads\/2025\/12\/Bildschirmfoto-2025-12-08-um-20.34.32.png","type":"image\/png"}],"author":"wpadmin","twitter_card":"summary_large_image","twitter_misc":{"Verfasst von":"wpadmin","Gesch\u00e4tzte Lesezeit":"2\u00a0Minuten"},"schema":{"@context":"https:\/\/schema.org","@graph":[{"@type":"Article","@id":"https:\/\/www.muensterschule-hof.de\/wordpress\/pausenengel-verantwortung-uebernehmen-gemeinschaft-staerken\/#article","isPartOf":{"@id":"https:\/\/www.muensterschule-hof.de\/wordpress\/pausenengel-verantwortung-uebernehmen-gemeinschaft-staerken\/"},"author":{"name":"wpadmin","@id":"https:\/\/www.muensterschule-hof.de\/wordpress\/#\/schema\/person\/de58534e4cef400557500dff7aaa25b0"},"headline":"\u201ePausenengel\u201c \u2013 Verantwortung \u00fcbernehmen, Gemeinschaft st\u00e4rken","datePublished":"2025-12-08T19:28:34+00:00","dateModified":"2025-12-08T19:28:37+00:00","mainEntityOfPage":{"@id":"https:\/\/www.muensterschule-hof.de\/wordpress\/pausenengel-verantwortung-uebernehmen-gemeinschaft-staerken\/"},"wordCount":287,"publisher":{"@id":"https:\/\/www.muensterschule-hof.de\/wordpress\/#organization"},"image":{"@id":"https:\/\/www.muensterschule-hof.de\/wordpress\/pausenengel-verantwortung-uebernehmen-gemeinschaft-staerken\/#primaryimage"},"thumbnailUrl":"https:\/\/www.muensterschule-hof.de\/wordpress\/wp-content\/uploads\/2025\/12\/Bildschirmfoto-2025-12-08-um-20.34.32.png","keywords":["Pausenengel"],"articleSection":["Aktuelles"],"inLanguage":"de"},{"@type":"WebPage","@id":"https:\/\/www.muensterschule-hof.de\/wordpress\/pausenengel-verantwortung-uebernehmen-gemeinschaft-staerken\/","url":"https:\/\/www.muensterschule-hof.de\/wordpress\/pausenengel-verantwortung-uebernehmen-gemeinschaft-staerken\/","name":"\u201ePausenengel\u201c \u2013 Verantwortung \u00fcbernehmen, Gemeinschaft st\u00e4rken - M\u00fcnsterschule","isPartOf":{"@id":"https:\/\/www.muensterschule-hof.de\/wordpress\/#website"},"primaryImageOfPage":{"@id":"https:\/\/www.muensterschule-hof.de\/wordpress\/pausenengel-verantwortung-uebernehmen-gemeinschaft-staerken\/#primaryimage"},"image":{"@id":"https:\/\/www.muensterschule-hof.de\/wordpress\/pausenengel-verantwortung-uebernehmen-gemeinschaft-staerken\/#primaryimage"},"thumbnailUrl":"https:\/\/www.muensterschule-hof.de\/wordpress\/wp-content\/uploads\/2025\/12\/Bildschirmfoto-2025-12-08-um-20.34.32.png","datePublished":"2025-12-08T19:28:34+00:00","dateModified":"2025-12-08T19:28:37+00:00","breadcrumb":{"@id":"https:\/\/www.muensterschule-hof.de\/wordpress\/pausenengel-verantwortung-uebernehmen-gemeinschaft-staerken\/#breadcrumb"},"inLanguage":"de","potentialAction":[{"@type":"ReadAction","target":["https:\/\/www.muensterschule-hof.de\/wordpress\/pausenengel-verantwortung-uebernehmen-gemeinschaft-staerken\/"]}]},{"@type":"ImageObject","inLanguage":"de","@id":"https:\/\/www.muensterschule-hof.de\/wordpress\/pausenengel-verantwortung-uebernehmen-gemeinschaft-staerken\/#primaryimage","url":"https:\/\/www.muensterschule-hof.de\/wordpress\/wp-content\/uploads\/2025\/12\/Bildschirmfoto-2025-12-08-um-20.34.32.png","contentUrl":"https:\/\/www.muensterschule-hof.de\/wordpress\/wp-content\/uploads\/2025\/12\/Bildschirmfoto-2025-12-08-um-20.34.32.png","width":1268,"height":1236},{"@type":"BreadcrumbList","@id":"https:\/\/www.muensterschule-hof.de\/wordpress\/pausenengel-verantwortung-uebernehmen-gemeinschaft-staerken\/#breadcrumb","itemListElement":[{"@type":"ListItem","position":1,"name":"Startseite","item":"https:\/\/www.muensterschule-hof.de\/wordpress\/"},{"@type":"ListItem","position":2,"name":"\u201ePausenengel\u201c \u2013 Verantwortung \u00fcbernehmen, Gemeinschaft st\u00e4rken"}]},{"@type":"WebSite","@id":"https:\/\/www.muensterschule-hof.de\/wordpress\/#website","url":"https:\/\/www.muensterschule-hof.de\/wordpress\/","name":"M\u00fcnsterschule","description":"Deine Mittelschule in Hof","publisher":{"@id":"https:\/\/www.muensterschule-hof.de\/wordpress\/#organization"},"alternateName":"MMS Hof","potentialAction":[{"@type":"SearchAction","target":{"@type":"EntryPoint","urlTemplate":"https:\/\/www.muensterschule-hof.de\/wordpress\/?s={search_term_string}"},"query-input":{"@type":"PropertyValueSpecification","valueRequired":true,"valueName":"search_term_string"}}],"inLanguage":"de"},{"@type":"Organization","@id":"https:\/\/www.muensterschule-hof.de\/wordpress\/#organization","name":"M\u00fcnster-Mittelschule Hof","alternateName":"MMS Hof","url":"https:\/\/www.muensterschule-hof.de\/wordpress\/","logo":{"@type":"ImageObject","inLanguage":"de","@id":"https:\/\/www.muensterschule-hof.de\/wordpress\/#\/schema\/logo\/image\/","url":"https:\/\/www.muensterschule-hof.de\/wordpress\/wp-content\/uploads\/2018\/05\/cropped-MMS-Hof-final-1.png","contentUrl":"https:\/\/www.muensterschule-hof.de\/wordpress\/wp-content\/uploads\/2018\/05\/cropped-MMS-Hof-final-1.png","width":512,"height":512,"caption":"M\u00fcnster-Mittelschule Hof"},"image":{"@id":"https:\/\/www.muensterschule-hof.de\/wordpress\/#\/schema\/logo\/image\/"}},{"@type":"Person","@id":"https:\/\/www.muensterschule-hof.de\/wordpress\/#\/schema\/person\/de58534e4cef400557500dff7aaa25b0","name":"wpadmin","image":{"@type":"ImageObject","inLanguage":"de","@id":"https:\/\/secure.gravatar.com\/avatar\/d9cd22045d4ad9ac54235e981c866f9317666429d45f49a3dc409314ab7be359?s=96&d=mm&r=g","url":"https:\/\/secure.gravatar.com\/avatar\/d9cd22045d4ad9ac54235e981c866f9317666429d45f49a3dc409314ab7be359?s=96&d=mm&r=g","contentUrl":"https:\/\/secure.gravatar.com\/avatar\/d9cd22045d4ad9ac54235e981c866f9317666429d45f49a3dc409314ab7be359?s=96&d=mm&r=g","caption":"wpadmin"},"url":"https:\/\/www.muensterschule-hof.de\/wordpress\/author\/wpadmin\/"}]}},"_links":{"self":[{"href":"https:\/\/www.muensterschule-hof.de\/wordpress\/wp-json\/wp\/v2\/posts\/4263","targetHints":{"allow":["GET"]}}],"collection":[{"href":"https:\/\/www.muensterschule-hof.de\/wordpress\/wp-json\/wp\/v2\/posts"}],"about":[{"href":"https:\/\/www.muensterschule-hof.de\/wordpress\/wp-json\/wp\/v2\/types\/post"}],"author":[{"embeddable":true,"href":"https:\/\/www.muensterschule-hof.de\/wordpress\/wp-json\/wp\/v2\/users\/1"}],"replies":[{"embeddable":true,"href":"https:\/\/www.muensterschule-hof.de\/wordpress\/wp-json\/wp\/v2\/comments?post=4263"}],"version-history":[{"count":1,"href":"https:\/\/www.muensterschule-hof.de\/wordpress\/wp-json\/wp\/v2\/posts\/4263\/revisions"}],"predecessor-version":[{"id":4265,"href":"https:\/\/www.muensterschule-hof.de\/wordpress\/wp-json\/wp\/v2\/posts\/4263\/revisions\/4265"}],"wp:featuredmedia":[{"embeddable":true,"href":"https:\/\/www.muensterschule-hof.de\/wordpress\/wp-json\/wp\/v2\/media\/4264"}],"wp:attachment":[{"href":"https:\/\/www.muensterschule-hof.de\/wordpress\/wp-json\/wp\/v2\/media?parent=4263"}],"wp:term":[{"taxonomy":"category","embeddable":true,"href":"https:\/\/www.muensterschule-hof.de\/wordpress\/wp-json\/wp\/v2\/categories?post=4263"},{"taxonomy":"post_tag","embeddable":true,"href":"https:\/\/www.muensterschule-hof.de\/wordpress\/wp-json\/wp\/v2\/tags?post=4263"}],"curies":[{"name":"wp","href":"https:\/\/api.w.org\/{rel}","templated":true}]}}