{"id":4288,"date":"2025-12-15T20:48:00","date_gmt":"2025-12-15T20:48:00","guid":{"rendered":"https:\/\/www.muensterschule-hof.de\/wordpress\/?p=4288"},"modified":"2025-12-15T20:48:00","modified_gmt":"2025-12-15T20:48:00","slug":"weihnachtliche-stimmung-an-der-muenster-mittelschule","status":"publish","type":"post","link":"https:\/\/www.muensterschule-hof.de\/wordpress\/weihnachtliche-stimmung-an-der-muenster-mittelschule\/","title":{"rendered":"Weihnachtliche Stimmung an der M\u00fcnster-Mittelschule"},"content":{"rendered":"\n<p>In der Vorweihnachtszeit kam auch an der M\u00fcnster-Mittelschule festliche Stimmung auf. Die <strong>Klasse 10bM<\/strong> besuchte den <strong>Bayreuther Weihnachtsmarkt<\/strong> sowie das festlich geschm\u00fcckte <strong>Rotmain-Center<\/strong>.<\/p>\n\n\n\n<p>Die Klassen <strong>7a, 7cM, 6b, 8cM<\/strong> und die <strong>DK<\/strong> waren gemeinsam im Kino und sahen den Film <strong>\u201eZoomania 2\u201c<\/strong>.<\/p>\n\n\n\n<p>Solche gemeinsamen Aktivit\u00e4ten sorgen f\u00fcr Abwechslung und eine sch\u00f6ne Einstimmung auf die Weihnachtszeit.<\/p>\n\n\n\n<p>F\u00fcr weihnachtliche Atmosph\u00e4re sirgt au\u00dferdem das <strong>liebevoll geschm\u00fcckte Schulhaus<\/strong>, das die Vorfreude auf Weihnachten sp\u00fcrbar macht.<\/p>\n\n\n\n<figure class=\"wp-block-gallery has-nested-images columns-default is-cropped wp-block-gallery-1 is-layout-flex wp-block-gallery-is-layout-flex\">\n<figure class=\"wp-block-image size-large\"><img loading=\"lazy\" decoding=\"async\" width=\"594\" height=\"530\" data-id=\"4290\" src=\"https:\/\/www.muensterschule-hof.de\/wordpress\/wp-content\/uploads\/2025\/12\/Bildschirmfoto-2025-12-15-um-21.53.54.png\" alt=\"\" class=\"wp-image-4290\"\/><\/figure>\n\n\n\n<figure class=\"wp-block-image size-large\"><img loading=\"lazy\" decoding=\"async\" width=\"922\" height=\"954\" data-id=\"4291\" src=\"https:\/\/www.muensterschule-hof.de\/wordpress\/wp-content\/uploads\/2025\/12\/Bildschirmfoto-2025-12-15-um-21.54.06.png\" alt=\"\" class=\"wp-image-4291\"\/><\/figure>\n\n\n\n<figure class=\"wp-block-image size-large\"><img loading=\"lazy\" decoding=\"async\" width=\"696\" height=\"384\" data-id=\"4292\" src=\"https:\/\/www.muensterschule-hof.de\/wordpress\/wp-content\/uploads\/2025\/12\/Bildschirmfoto-2025-12-15-um-21.54.42.png\" alt=\"\" class=\"wp-image-4292\"\/><\/figure>\n<\/figure>\n","protected":false},"excerpt":{"rendered":"<p>In der Vorweihnachtszeit kam auch an der M\u00fcnster-Mittelschule festliche Stimmung auf. Die Klasse 10bM besuchte den Bayreuther Weihnachtsmarkt sowie das festlich geschm\u00fcckte Rotmain-Center. Die Klassen 7a, 7cM, 6b, 8cM und die DK waren gemeinsam im Kino und sahen den Film \u201eZoomania 2\u201c. Solche gemeinsamen Aktivit\u00e4ten sorgen f\u00fcr Abwechslung und eine sch\u00f6ne Einstimmung auf die Weihnachtszeit.&hellip;&nbsp;<a href=\"https:\/\/www.muensterschule-hof.de\/wordpress\/weihnachtliche-stimmung-an-der-muenster-mittelschule\/\" rel=\"bookmark\">Weiterlesen &raquo;<span class=\"screen-reader-text\">Weihnachtliche Stimmung an der M\u00fcnster-Mittelschule<\/span><\/a><\/p>\n","protected":false},"author":1,"featured_media":4289,"comment_status":"closed","ping_status":"closed","sticky":false,"template":"","format":"standard","meta":{"neve_meta_sidebar":"","neve_meta_container":"","neve_meta_enable_content_width":"","neve_meta_content_width":0,"neve_meta_title_alignment":"","neve_meta_author_avatar":"","neve_post_elements_order":"","neve_meta_disable_header":"","neve_meta_disable_footer":"","neve_meta_disable_title":"","footnotes":""},"categories":[50],"tags":[],"class_list":["post-4288","post","type-post","status-publish","format-standard","has-post-thumbnail","hentry","category-aktuelles"],"yoast_head":"<!-- This site is optimized with the Yoast SEO plugin v27.4 - https:\/\/yoast.com\/product\/yoast-seo-wordpress\/ -->\n<title>Weihnachtliche Stimmung an der M\u00fcnster-Mittelschule - M\u00fcnsterschule<\/title>\n<meta name=\"robots\" content=\"index, follow, max-snippet:-1, max-image-preview:large, max-video-preview:-1\" \/>\n<link rel=\"canonical\" href=\"https:\/\/www.muensterschule-hof.de\/wordpress\/weihnachtliche-stimmung-an-der-muenster-mittelschule\/\" \/>\n<meta property=\"og:locale\" content=\"de_DE\" \/>\n<meta property=\"og:type\" content=\"article\" \/>\n<meta property=\"og:title\" content=\"Weihnachtliche Stimmung an der M\u00fcnster-Mittelschule - M\u00fcnsterschule\" \/>\n<meta property=\"og:description\" content=\"In der Vorweihnachtszeit kam auch an der M\u00fcnster-Mittelschule festliche Stimmung auf. Die Klasse 10bM besuchte den Bayreuther Weihnachtsmarkt sowie das festlich geschm\u00fcckte Rotmain-Center. Die Klassen 7a, 7cM, 6b, 8cM und die DK waren gemeinsam im Kino und sahen den Film \u201eZoomania 2\u201c. Solche gemeinsamen Aktivit\u00e4ten sorgen f\u00fcr Abwechslung und eine sch\u00f6ne Einstimmung auf die Weihnachtszeit.&hellip;&nbsp;Weiterlesen &raquo;Weihnachtliche Stimmung an der M\u00fcnster-Mittelschule\" \/>\n<meta property=\"og:url\" content=\"https:\/\/www.muensterschule-hof.de\/wordpress\/weihnachtliche-stimmung-an-der-muenster-mittelschule\/\" \/>\n<meta property=\"og:site_name\" content=\"M\u00fcnsterschule\" \/>\n<meta property=\"article:published_time\" content=\"2025-12-15T20:48:00+00:00\" \/>\n<meta property=\"og:image\" content=\"https:\/\/www.muensterschule-hof.de\/wordpress\/wp-content\/uploads\/2025\/12\/Bildschirmfoto-2025-12-15-um-21.53.39.png\" \/>\n\t<meta property=\"og:image:width\" content=\"554\" \/>\n\t<meta property=\"og:image:height\" content=\"772\" \/>\n\t<meta property=\"og:image:type\" content=\"image\/png\" \/>\n<meta name=\"author\" content=\"wpadmin\" \/>\n<meta name=\"twitter:card\" content=\"summary_large_image\" \/>\n<meta name=\"twitter:label1\" content=\"Verfasst von\" \/>\n\t<meta name=\"twitter:data1\" content=\"wpadmin\" \/>\n\t<meta name=\"twitter:label2\" content=\"Gesch\u00e4tzte Lesezeit\" \/>\n\t<meta name=\"twitter:data2\" content=\"2\u00a0Minuten\" \/>\n<script type=\"application\/ld+json\" class=\"yoast-schema-graph\">{\"@context\":\"https:\\\/\\\/schema.org\",\"@graph\":[{\"@type\":\"Article\",\"@id\":\"https:\\\/\\\/www.muensterschule-hof.de\\\/wordpress\\\/weihnachtliche-stimmung-an-der-muenster-mittelschule\\\/#article\",\"isPartOf\":{\"@id\":\"https:\\\/\\\/www.muensterschule-hof.de\\\/wordpress\\\/weihnachtliche-stimmung-an-der-muenster-mittelschule\\\/\"},\"author\":{\"name\":\"wpadmin\",\"@id\":\"https:\\\/\\\/www.muensterschule-hof.de\\\/wordpress\\\/#\\\/schema\\\/person\\\/de58534e4cef400557500dff7aaa25b0\"},\"headline\":\"Weihnachtliche Stimmung an der M\u00fcnster-Mittelschule\",\"datePublished\":\"2025-12-15T20:48:00+00:00\",\"mainEntityOfPage\":{\"@id\":\"https:\\\/\\\/www.muensterschule-hof.de\\\/wordpress\\\/weihnachtliche-stimmung-an-der-muenster-mittelschule\\\/\"},\"wordCount\":86,\"publisher\":{\"@id\":\"https:\\\/\\\/www.muensterschule-hof.de\\\/wordpress\\\/#organization\"},\"image\":{\"@id\":\"https:\\\/\\\/www.muensterschule-hof.de\\\/wordpress\\\/weihnachtliche-stimmung-an-der-muenster-mittelschule\\\/#primaryimage\"},\"thumbnailUrl\":\"https:\\\/\\\/www.muensterschule-hof.de\\\/wordpress\\\/wp-content\\\/uploads\\\/2025\\\/12\\\/Bildschirmfoto-2025-12-15-um-21.53.39.png\",\"articleSection\":[\"Aktuelles\"],\"inLanguage\":\"de\"},{\"@type\":\"WebPage\",\"@id\":\"https:\\\/\\\/www.muensterschule-hof.de\\\/wordpress\\\/weihnachtliche-stimmung-an-der-muenster-mittelschule\\\/\",\"url\":\"https:\\\/\\\/www.muensterschule-hof.de\\\/wordpress\\\/weihnachtliche-stimmung-an-der-muenster-mittelschule\\\/\",\"name\":\"Weihnachtliche Stimmung an der M\u00fcnster-Mittelschule - M\u00fcnsterschule\",\"isPartOf\":{\"@id\":\"https:\\\/\\\/www.muensterschule-hof.de\\\/wordpress\\\/#website\"},\"primaryImageOfPage\":{\"@id\":\"https:\\\/\\\/www.muensterschule-hof.de\\\/wordpress\\\/weihnachtliche-stimmung-an-der-muenster-mittelschule\\\/#primaryimage\"},\"image\":{\"@id\":\"https:\\\/\\\/www.muensterschule-hof.de\\\/wordpress\\\/weihnachtliche-stimmung-an-der-muenster-mittelschule\\\/#primaryimage\"},\"thumbnailUrl\":\"https:\\\/\\\/www.muensterschule-hof.de\\\/wordpress\\\/wp-content\\\/uploads\\\/2025\\\/12\\\/Bildschirmfoto-2025-12-15-um-21.53.39.png\",\"datePublished\":\"2025-12-15T20:48:00+00:00\",\"breadcrumb\":{\"@id\":\"https:\\\/\\\/www.muensterschule-hof.de\\\/wordpress\\\/weihnachtliche-stimmung-an-der-muenster-mittelschule\\\/#breadcrumb\"},\"inLanguage\":\"de\",\"potentialAction\":[{\"@type\":\"ReadAction\",\"target\":[\"https:\\\/\\\/www.muensterschule-hof.de\\\/wordpress\\\/weihnachtliche-stimmung-an-der-muenster-mittelschule\\\/\"]}]},{\"@type\":\"ImageObject\",\"inLanguage\":\"de\",\"@id\":\"https:\\\/\\\/www.muensterschule-hof.de\\\/wordpress\\\/weihnachtliche-stimmung-an-der-muenster-mittelschule\\\/#primaryimage\",\"url\":\"https:\\\/\\\/www.muensterschule-hof.de\\\/wordpress\\\/wp-content\\\/uploads\\\/2025\\\/12\\\/Bildschirmfoto-2025-12-15-um-21.53.39.png\",\"contentUrl\":\"https:\\\/\\\/www.muensterschule-hof.de\\\/wordpress\\\/wp-content\\\/uploads\\\/2025\\\/12\\\/Bildschirmfoto-2025-12-15-um-21.53.39.png\",\"width\":554,\"height\":772},{\"@type\":\"BreadcrumbList\",\"@id\":\"https:\\\/\\\/www.muensterschule-hof.de\\\/wordpress\\\/weihnachtliche-stimmung-an-der-muenster-mittelschule\\\/#breadcrumb\",\"itemListElement\":[{\"@type\":\"ListItem\",\"position\":1,\"name\":\"Startseite\",\"item\":\"https:\\\/\\\/www.muensterschule-hof.de\\\/wordpress\\\/\"},{\"@type\":\"ListItem\",\"position\":2,\"name\":\"Weihnachtliche Stimmung an der M\u00fcnster-Mittelschule\"}]},{\"@type\":\"WebSite\",\"@id\":\"https:\\\/\\\/www.muensterschule-hof.de\\\/wordpress\\\/#website\",\"url\":\"https:\\\/\\\/www.muensterschule-hof.de\\\/wordpress\\\/\",\"name\":\"M\u00fcnsterschule\",\"description\":\"Deine Mittelschule in Hof\",\"publisher\":{\"@id\":\"https:\\\/\\\/www.muensterschule-hof.de\\\/wordpress\\\/#organization\"},\"alternateName\":\"MMS Hof\",\"potentialAction\":[{\"@type\":\"SearchAction\",\"target\":{\"@type\":\"EntryPoint\",\"urlTemplate\":\"https:\\\/\\\/www.muensterschule-hof.de\\\/wordpress\\\/?s={search_term_string}\"},\"query-input\":{\"@type\":\"PropertyValueSpecification\",\"valueRequired\":true,\"valueName\":\"search_term_string\"}}],\"inLanguage\":\"de\"},{\"@type\":\"Organization\",\"@id\":\"https:\\\/\\\/www.muensterschule-hof.de\\\/wordpress\\\/#organization\",\"name\":\"M\u00fcnster-Mittelschule Hof\",\"alternateName\":\"MMS Hof\",\"url\":\"https:\\\/\\\/www.muensterschule-hof.de\\\/wordpress\\\/\",\"logo\":{\"@type\":\"ImageObject\",\"inLanguage\":\"de\",\"@id\":\"https:\\\/\\\/www.muensterschule-hof.de\\\/wordpress\\\/#\\\/schema\\\/logo\\\/image\\\/\",\"url\":\"https:\\\/\\\/www.muensterschule-hof.de\\\/wordpress\\\/wp-content\\\/uploads\\\/2018\\\/05\\\/cropped-MMS-Hof-final-1.png\",\"contentUrl\":\"https:\\\/\\\/www.muensterschule-hof.de\\\/wordpress\\\/wp-content\\\/uploads\\\/2018\\\/05\\\/cropped-MMS-Hof-final-1.png\",\"width\":512,\"height\":512,\"caption\":\"M\u00fcnster-Mittelschule Hof\"},\"image\":{\"@id\":\"https:\\\/\\\/www.muensterschule-hof.de\\\/wordpress\\\/#\\\/schema\\\/logo\\\/image\\\/\"}},{\"@type\":\"Person\",\"@id\":\"https:\\\/\\\/www.muensterschule-hof.de\\\/wordpress\\\/#\\\/schema\\\/person\\\/de58534e4cef400557500dff7aaa25b0\",\"name\":\"wpadmin\",\"image\":{\"@type\":\"ImageObject\",\"inLanguage\":\"de\",\"@id\":\"https:\\\/\\\/secure.gravatar.com\\\/avatar\\\/d9cd22045d4ad9ac54235e981c866f9317666429d45f49a3dc409314ab7be359?s=96&d=mm&r=g\",\"url\":\"https:\\\/\\\/secure.gravatar.com\\\/avatar\\\/d9cd22045d4ad9ac54235e981c866f9317666429d45f49a3dc409314ab7be359?s=96&d=mm&r=g\",\"contentUrl\":\"https:\\\/\\\/secure.gravatar.com\\\/avatar\\\/d9cd22045d4ad9ac54235e981c866f9317666429d45f49a3dc409314ab7be359?s=96&d=mm&r=g\",\"caption\":\"wpadmin\"},\"url\":\"https:\\\/\\\/www.muensterschule-hof.de\\\/wordpress\\\/author\\\/wpadmin\\\/\"}]}<\/script>\n<!-- \/ Yoast SEO plugin. -->","yoast_head_json":{"title":"Weihnachtliche Stimmung an der M\u00fcnster-Mittelschule - M\u00fcnsterschule","robots":{"index":"index","follow":"follow","max-snippet":"max-snippet:-1","max-image-preview":"max-image-preview:large","max-video-preview":"max-video-preview:-1"},"canonical":"https:\/\/www.muensterschule-hof.de\/wordpress\/weihnachtliche-stimmung-an-der-muenster-mittelschule\/","og_locale":"de_DE","og_type":"article","og_title":"Weihnachtliche Stimmung an der M\u00fcnster-Mittelschule - M\u00fcnsterschule","og_description":"In der Vorweihnachtszeit kam auch an der M\u00fcnster-Mittelschule festliche Stimmung auf. Die Klasse 10bM besuchte den Bayreuther Weihnachtsmarkt sowie das festlich geschm\u00fcckte Rotmain-Center. Die Klassen 7a, 7cM, 6b, 8cM und die DK waren gemeinsam im Kino und sahen den Film \u201eZoomania 2\u201c. Solche gemeinsamen Aktivit\u00e4ten sorgen f\u00fcr Abwechslung und eine sch\u00f6ne Einstimmung auf die Weihnachtszeit.&hellip;&nbsp;Weiterlesen &raquo;Weihnachtliche Stimmung an der M\u00fcnster-Mittelschule","og_url":"https:\/\/www.muensterschule-hof.de\/wordpress\/weihnachtliche-stimmung-an-der-muenster-mittelschule\/","og_site_name":"M\u00fcnsterschule","article_published_time":"2025-12-15T20:48:00+00:00","og_image":[{"width":554,"height":772,"url":"https:\/\/www.muensterschule-hof.de\/wordpress\/wp-content\/uploads\/2025\/12\/Bildschirmfoto-2025-12-15-um-21.53.39.png","type":"image\/png"}],"author":"wpadmin","twitter_card":"summary_large_image","twitter_misc":{"Verfasst von":"wpadmin","Gesch\u00e4tzte Lesezeit":"2\u00a0Minuten"},"schema":{"@context":"https:\/\/schema.org","@graph":[{"@type":"Article","@id":"https:\/\/www.muensterschule-hof.de\/wordpress\/weihnachtliche-stimmung-an-der-muenster-mittelschule\/#article","isPartOf":{"@id":"https:\/\/www.muensterschule-hof.de\/wordpress\/weihnachtliche-stimmung-an-der-muenster-mittelschule\/"},"author":{"name":"wpadmin","@id":"https:\/\/www.muensterschule-hof.de\/wordpress\/#\/schema\/person\/de58534e4cef400557500dff7aaa25b0"},"headline":"Weihnachtliche Stimmung an der M\u00fcnster-Mittelschule","datePublished":"2025-12-15T20:48:00+00:00","mainEntityOfPage":{"@id":"https:\/\/www.muensterschule-hof.de\/wordpress\/weihnachtliche-stimmung-an-der-muenster-mittelschule\/"},"wordCount":86,"publisher":{"@id":"https:\/\/www.muensterschule-hof.de\/wordpress\/#organization"},"image":{"@id":"https:\/\/www.muensterschule-hof.de\/wordpress\/weihnachtliche-stimmung-an-der-muenster-mittelschule\/#primaryimage"},"thumbnailUrl":"https:\/\/www.muensterschule-hof.de\/wordpress\/wp-content\/uploads\/2025\/12\/Bildschirmfoto-2025-12-15-um-21.53.39.png","articleSection":["Aktuelles"],"inLanguage":"de"},{"@type":"WebPage","@id":"https:\/\/www.muensterschule-hof.de\/wordpress\/weihnachtliche-stimmung-an-der-muenster-mittelschule\/","url":"https:\/\/www.muensterschule-hof.de\/wordpress\/weihnachtliche-stimmung-an-der-muenster-mittelschule\/","name":"Weihnachtliche Stimmung an der M\u00fcnster-Mittelschule - M\u00fcnsterschule","isPartOf":{"@id":"https:\/\/www.muensterschule-hof.de\/wordpress\/#website"},"primaryImageOfPage":{"@id":"https:\/\/www.muensterschule-hof.de\/wordpress\/weihnachtliche-stimmung-an-der-muenster-mittelschule\/#primaryimage"},"image":{"@id":"https:\/\/www.muensterschule-hof.de\/wordpress\/weihnachtliche-stimmung-an-der-muenster-mittelschule\/#primaryimage"},"thumbnailUrl":"https:\/\/www.muensterschule-hof.de\/wordpress\/wp-content\/uploads\/2025\/12\/Bildschirmfoto-2025-12-15-um-21.53.39.png","datePublished":"2025-12-15T20:48:00+00:00","breadcrumb":{"@id":"https:\/\/www.muensterschule-hof.de\/wordpress\/weihnachtliche-stimmung-an-der-muenster-mittelschule\/#breadcrumb"},"inLanguage":"de","potentialAction":[{"@type":"ReadAction","target":["https:\/\/www.muensterschule-hof.de\/wordpress\/weihnachtliche-stimmung-an-der-muenster-mittelschule\/"]}]},{"@type":"ImageObject","inLanguage":"de","@id":"https:\/\/www.muensterschule-hof.de\/wordpress\/weihnachtliche-stimmung-an-der-muenster-mittelschule\/#primaryimage","url":"https:\/\/www.muensterschule-hof.de\/wordpress\/wp-content\/uploads\/2025\/12\/Bildschirmfoto-2025-12-15-um-21.53.39.png","contentUrl":"https:\/\/www.muensterschule-hof.de\/wordpress\/wp-content\/uploads\/2025\/12\/Bildschirmfoto-2025-12-15-um-21.53.39.png","width":554,"height":772},{"@type":"BreadcrumbList","@id":"https:\/\/www.muensterschule-hof.de\/wordpress\/weihnachtliche-stimmung-an-der-muenster-mittelschule\/#breadcrumb","itemListElement":[{"@type":"ListItem","position":1,"name":"Startseite","item":"https:\/\/www.muensterschule-hof.de\/wordpress\/"},{"@type":"ListItem","position":2,"name":"Weihnachtliche Stimmung an der M\u00fcnster-Mittelschule"}]},{"@type":"WebSite","@id":"https:\/\/www.muensterschule-hof.de\/wordpress\/#website","url":"https:\/\/www.muensterschule-hof.de\/wordpress\/","name":"M\u00fcnsterschule","description":"Deine Mittelschule in Hof","publisher":{"@id":"https:\/\/www.muensterschule-hof.de\/wordpress\/#organization"},"alternateName":"MMS Hof","potentialAction":[{"@type":"SearchAction","target":{"@type":"EntryPoint","urlTemplate":"https:\/\/www.muensterschule-hof.de\/wordpress\/?s={search_term_string}"},"query-input":{"@type":"PropertyValueSpecification","valueRequired":true,"valueName":"search_term_string"}}],"inLanguage":"de"},{"@type":"Organization","@id":"https:\/\/www.muensterschule-hof.de\/wordpress\/#organization","name":"M\u00fcnster-Mittelschule Hof","alternateName":"MMS Hof","url":"https:\/\/www.muensterschule-hof.de\/wordpress\/","logo":{"@type":"ImageObject","inLanguage":"de","@id":"https:\/\/www.muensterschule-hof.de\/wordpress\/#\/schema\/logo\/image\/","url":"https:\/\/www.muensterschule-hof.de\/wordpress\/wp-content\/uploads\/2018\/05\/cropped-MMS-Hof-final-1.png","contentUrl":"https:\/\/www.muensterschule-hof.de\/wordpress\/wp-content\/uploads\/2018\/05\/cropped-MMS-Hof-final-1.png","width":512,"height":512,"caption":"M\u00fcnster-Mittelschule Hof"},"image":{"@id":"https:\/\/www.muensterschule-hof.de\/wordpress\/#\/schema\/logo\/image\/"}},{"@type":"Person","@id":"https:\/\/www.muensterschule-hof.de\/wordpress\/#\/schema\/person\/de58534e4cef400557500dff7aaa25b0","name":"wpadmin","image":{"@type":"ImageObject","inLanguage":"de","@id":"https:\/\/secure.gravatar.com\/avatar\/d9cd22045d4ad9ac54235e981c866f9317666429d45f49a3dc409314ab7be359?s=96&d=mm&r=g","url":"https:\/\/secure.gravatar.com\/avatar\/d9cd22045d4ad9ac54235e981c866f9317666429d45f49a3dc409314ab7be359?s=96&d=mm&r=g","contentUrl":"https:\/\/secure.gravatar.com\/avatar\/d9cd22045d4ad9ac54235e981c866f9317666429d45f49a3dc409314ab7be359?s=96&d=mm&r=g","caption":"wpadmin"},"url":"https:\/\/www.muensterschule-hof.de\/wordpress\/author\/wpadmin\/"}]}},"_links":{"self":[{"href":"https:\/\/www.muensterschule-hof.de\/wordpress\/wp-json\/wp\/v2\/posts\/4288","targetHints":{"allow":["GET"]}}],"collection":[{"href":"https:\/\/www.muensterschule-hof.de\/wordpress\/wp-json\/wp\/v2\/posts"}],"about":[{"href":"https:\/\/www.muensterschule-hof.de\/wordpress\/wp-json\/wp\/v2\/types\/post"}],"author":[{"embeddable":true,"href":"https:\/\/www.muensterschule-hof.de\/wordpress\/wp-json\/wp\/v2\/users\/1"}],"replies":[{"embeddable":true,"href":"https:\/\/www.muensterschule-hof.de\/wordpress\/wp-json\/wp\/v2\/comments?post=4288"}],"version-history":[{"count":1,"href":"https:\/\/www.muensterschule-hof.de\/wordpress\/wp-json\/wp\/v2\/posts\/4288\/revisions"}],"predecessor-version":[{"id":4293,"href":"https:\/\/www.muensterschule-hof.de\/wordpress\/wp-json\/wp\/v2\/posts\/4288\/revisions\/4293"}],"wp:featuredmedia":[{"embeddable":true,"href":"https:\/\/www.muensterschule-hof.de\/wordpress\/wp-json\/wp\/v2\/media\/4289"}],"wp:attachment":[{"href":"https:\/\/www.muensterschule-hof.de\/wordpress\/wp-json\/wp\/v2\/media?parent=4288"}],"wp:term":[{"taxonomy":"category","embeddable":true,"href":"https:\/\/www.muensterschule-hof.de\/wordpress\/wp-json\/wp\/v2\/categories?post=4288"},{"taxonomy":"post_tag","embeddable":true,"href":"https:\/\/www.muensterschule-hof.de\/wordpress\/wp-json\/wp\/v2\/tags?post=4288"}],"curies":[{"name":"wp","href":"https:\/\/api.w.org\/{rel}","templated":true}]}}