{"id":4345,"date":"2026-01-29T19:52:34","date_gmt":"2026-01-29T19:52:34","guid":{"rendered":"https:\/\/www.muensterschule-hof.de\/wordpress\/?p=4345"},"modified":"2026-01-29T19:52:37","modified_gmt":"2026-01-29T19:52:37","slug":"besuch-der-kz-gedenkstaette-flossenbuerg","status":"publish","type":"post","link":"https:\/\/www.muensterschule-hof.de\/wordpress\/besuch-der-kz-gedenkstaette-flossenbuerg\/","title":{"rendered":"Besuch der KZ-Gedenkst\u00e4tte Flossenb\u00fcrg"},"content":{"rendered":"\n<p>Am&nbsp;<strong>15.01.2026<\/strong>&nbsp;besuchten die neunten und zehnten Klassen unserer Schule die&nbsp;<strong>KZ-Gedenkst\u00e4tte Flossenb\u00fcrg<\/strong>. Bei einer F\u00fchrung erfuhren die Sch\u00fclerinnen und Sch\u00fcler mehr \u00fcber die Entstehung des Konzentrationslagers, den Lageralltag und die schwere k\u00f6rperliche Arbeit der H\u00e4ftlinge.<\/p>\n\n\n\n<p>Besonders deutlich wurde, unter welch unmenschlichen Bedingungen die Menschen dort leben mussten. Hunger, Gewalt und Zwangsarbeit bestimmten den Alltag vieler Gefangener. Der Besuch machte die Vergangenheit des Ortes und das Leid der Opfer nachvollziehbarer.<\/p>\n\n\n\n<p><\/p>\n","protected":false},"excerpt":{"rendered":"<p>Am&nbsp;15.01.2026&nbsp;besuchten die neunten und zehnten Klassen unserer Schule die&nbsp;KZ-Gedenkst\u00e4tte Flossenb\u00fcrg. Bei einer F\u00fchrung erfuhren die Sch\u00fclerinnen und Sch\u00fcler mehr \u00fcber die Entstehung des Konzentrationslagers, den Lageralltag und die schwere k\u00f6rperliche Arbeit der H\u00e4ftlinge. Besonders deutlich wurde, unter welch unmenschlichen Bedingungen die Menschen dort leben mussten. Hunger, Gewalt und Zwangsarbeit bestimmten den Alltag vieler Gefangener. Der&hellip;&nbsp;<a href=\"https:\/\/www.muensterschule-hof.de\/wordpress\/besuch-der-kz-gedenkstaette-flossenbuerg\/\" rel=\"bookmark\">Weiterlesen &raquo;<span class=\"screen-reader-text\">Besuch der KZ-Gedenkst\u00e4tte Flossenb\u00fcrg<\/span><\/a><\/p>\n","protected":false},"author":1,"featured_media":4346,"comment_status":"closed","ping_status":"closed","sticky":false,"template":"","format":"standard","meta":{"neve_meta_sidebar":"","neve_meta_container":"","neve_meta_enable_content_width":"","neve_meta_content_width":0,"neve_meta_title_alignment":"","neve_meta_author_avatar":"","neve_post_elements_order":"","neve_meta_disable_header":"","neve_meta_disable_footer":"","neve_meta_disable_title":"","footnotes":""},"categories":[50],"tags":[],"class_list":["post-4345","post","type-post","status-publish","format-standard","has-post-thumbnail","hentry","category-aktuelles"],"yoast_head":"<!-- This site is optimized with the Yoast SEO plugin v27.4 - https:\/\/yoast.com\/product\/yoast-seo-wordpress\/ -->\n<title>Besuch der KZ-Gedenkst\u00e4tte Flossenb\u00fcrg - M\u00fcnsterschule<\/title>\n<meta name=\"robots\" content=\"index, follow, max-snippet:-1, max-image-preview:large, max-video-preview:-1\" \/>\n<link rel=\"canonical\" href=\"https:\/\/www.muensterschule-hof.de\/wordpress\/besuch-der-kz-gedenkstaette-flossenbuerg\/\" \/>\n<meta property=\"og:locale\" content=\"de_DE\" \/>\n<meta property=\"og:type\" content=\"article\" \/>\n<meta property=\"og:title\" content=\"Besuch der KZ-Gedenkst\u00e4tte Flossenb\u00fcrg - M\u00fcnsterschule\" \/>\n<meta property=\"og:description\" content=\"Am&nbsp;15.01.2026&nbsp;besuchten die neunten und zehnten Klassen unserer Schule die&nbsp;KZ-Gedenkst\u00e4tte Flossenb\u00fcrg. Bei einer F\u00fchrung erfuhren die Sch\u00fclerinnen und Sch\u00fcler mehr \u00fcber die Entstehung des Konzentrationslagers, den Lageralltag und die schwere k\u00f6rperliche Arbeit der H\u00e4ftlinge. Besonders deutlich wurde, unter welch unmenschlichen Bedingungen die Menschen dort leben mussten. Hunger, Gewalt und Zwangsarbeit bestimmten den Alltag vieler Gefangener. Der&hellip;&nbsp;Weiterlesen &raquo;Besuch der KZ-Gedenkst\u00e4tte Flossenb\u00fcrg\" \/>\n<meta property=\"og:url\" content=\"https:\/\/www.muensterschule-hof.de\/wordpress\/besuch-der-kz-gedenkstaette-flossenbuerg\/\" \/>\n<meta property=\"og:site_name\" content=\"M\u00fcnsterschule\" \/>\n<meta property=\"article:published_time\" content=\"2026-01-29T19:52:34+00:00\" \/>\n<meta property=\"article:modified_time\" content=\"2026-01-29T19:52:37+00:00\" \/>\n<meta property=\"og:image\" content=\"https:\/\/www.muensterschule-hof.de\/wordpress\/wp-content\/uploads\/2026\/01\/Bildschirmfoto-2026-01-29-um-21.00.17.png\" \/>\n\t<meta property=\"og:image:width\" content=\"600\" \/>\n\t<meta property=\"og:image:height\" content=\"398\" \/>\n\t<meta property=\"og:image:type\" content=\"image\/png\" \/>\n<meta name=\"author\" content=\"wpadmin\" \/>\n<meta name=\"twitter:card\" content=\"summary_large_image\" \/>\n<meta name=\"twitter:label1\" content=\"Verfasst von\" \/>\n\t<meta name=\"twitter:data1\" content=\"wpadmin\" \/>\n\t<meta name=\"twitter:label2\" content=\"Gesch\u00e4tzte Lesezeit\" \/>\n\t<meta name=\"twitter:data2\" content=\"1\u00a0Minute\" \/>\n<script type=\"application\/ld+json\" class=\"yoast-schema-graph\">{\"@context\":\"https:\\\/\\\/schema.org\",\"@graph\":[{\"@type\":\"Article\",\"@id\":\"https:\\\/\\\/www.muensterschule-hof.de\\\/wordpress\\\/besuch-der-kz-gedenkstaette-flossenbuerg\\\/#article\",\"isPartOf\":{\"@id\":\"https:\\\/\\\/www.muensterschule-hof.de\\\/wordpress\\\/besuch-der-kz-gedenkstaette-flossenbuerg\\\/\"},\"author\":{\"name\":\"wpadmin\",\"@id\":\"https:\\\/\\\/www.muensterschule-hof.de\\\/wordpress\\\/#\\\/schema\\\/person\\\/de58534e4cef400557500dff7aaa25b0\"},\"headline\":\"Besuch der KZ-Gedenkst\u00e4tte Flossenb\u00fcrg\",\"datePublished\":\"2026-01-29T19:52:34+00:00\",\"dateModified\":\"2026-01-29T19:52:37+00:00\",\"mainEntityOfPage\":{\"@id\":\"https:\\\/\\\/www.muensterschule-hof.de\\\/wordpress\\\/besuch-der-kz-gedenkstaette-flossenbuerg\\\/\"},\"wordCount\":85,\"publisher\":{\"@id\":\"https:\\\/\\\/www.muensterschule-hof.de\\\/wordpress\\\/#organization\"},\"image\":{\"@id\":\"https:\\\/\\\/www.muensterschule-hof.de\\\/wordpress\\\/besuch-der-kz-gedenkstaette-flossenbuerg\\\/#primaryimage\"},\"thumbnailUrl\":\"https:\\\/\\\/www.muensterschule-hof.de\\\/wordpress\\\/wp-content\\\/uploads\\\/2026\\\/01\\\/Bildschirmfoto-2026-01-29-um-21.00.17.png\",\"articleSection\":[\"Aktuelles\"],\"inLanguage\":\"de\"},{\"@type\":\"WebPage\",\"@id\":\"https:\\\/\\\/www.muensterschule-hof.de\\\/wordpress\\\/besuch-der-kz-gedenkstaette-flossenbuerg\\\/\",\"url\":\"https:\\\/\\\/www.muensterschule-hof.de\\\/wordpress\\\/besuch-der-kz-gedenkstaette-flossenbuerg\\\/\",\"name\":\"Besuch der KZ-Gedenkst\u00e4tte Flossenb\u00fcrg - M\u00fcnsterschule\",\"isPartOf\":{\"@id\":\"https:\\\/\\\/www.muensterschule-hof.de\\\/wordpress\\\/#website\"},\"primaryImageOfPage\":{\"@id\":\"https:\\\/\\\/www.muensterschule-hof.de\\\/wordpress\\\/besuch-der-kz-gedenkstaette-flossenbuerg\\\/#primaryimage\"},\"image\":{\"@id\":\"https:\\\/\\\/www.muensterschule-hof.de\\\/wordpress\\\/besuch-der-kz-gedenkstaette-flossenbuerg\\\/#primaryimage\"},\"thumbnailUrl\":\"https:\\\/\\\/www.muensterschule-hof.de\\\/wordpress\\\/wp-content\\\/uploads\\\/2026\\\/01\\\/Bildschirmfoto-2026-01-29-um-21.00.17.png\",\"datePublished\":\"2026-01-29T19:52:34+00:00\",\"dateModified\":\"2026-01-29T19:52:37+00:00\",\"breadcrumb\":{\"@id\":\"https:\\\/\\\/www.muensterschule-hof.de\\\/wordpress\\\/besuch-der-kz-gedenkstaette-flossenbuerg\\\/#breadcrumb\"},\"inLanguage\":\"de\",\"potentialAction\":[{\"@type\":\"ReadAction\",\"target\":[\"https:\\\/\\\/www.muensterschule-hof.de\\\/wordpress\\\/besuch-der-kz-gedenkstaette-flossenbuerg\\\/\"]}]},{\"@type\":\"ImageObject\",\"inLanguage\":\"de\",\"@id\":\"https:\\\/\\\/www.muensterschule-hof.de\\\/wordpress\\\/besuch-der-kz-gedenkstaette-flossenbuerg\\\/#primaryimage\",\"url\":\"https:\\\/\\\/www.muensterschule-hof.de\\\/wordpress\\\/wp-content\\\/uploads\\\/2026\\\/01\\\/Bildschirmfoto-2026-01-29-um-21.00.17.png\",\"contentUrl\":\"https:\\\/\\\/www.muensterschule-hof.de\\\/wordpress\\\/wp-content\\\/uploads\\\/2026\\\/01\\\/Bildschirmfoto-2026-01-29-um-21.00.17.png\",\"width\":600,\"height\":398},{\"@type\":\"BreadcrumbList\",\"@id\":\"https:\\\/\\\/www.muensterschule-hof.de\\\/wordpress\\\/besuch-der-kz-gedenkstaette-flossenbuerg\\\/#breadcrumb\",\"itemListElement\":[{\"@type\":\"ListItem\",\"position\":1,\"name\":\"Startseite\",\"item\":\"https:\\\/\\\/www.muensterschule-hof.de\\\/wordpress\\\/\"},{\"@type\":\"ListItem\",\"position\":2,\"name\":\"Besuch der KZ-Gedenkst\u00e4tte Flossenb\u00fcrg\"}]},{\"@type\":\"WebSite\",\"@id\":\"https:\\\/\\\/www.muensterschule-hof.de\\\/wordpress\\\/#website\",\"url\":\"https:\\\/\\\/www.muensterschule-hof.de\\\/wordpress\\\/\",\"name\":\"M\u00fcnsterschule\",\"description\":\"Deine Mittelschule in Hof\",\"publisher\":{\"@id\":\"https:\\\/\\\/www.muensterschule-hof.de\\\/wordpress\\\/#organization\"},\"alternateName\":\"MMS Hof\",\"potentialAction\":[{\"@type\":\"SearchAction\",\"target\":{\"@type\":\"EntryPoint\",\"urlTemplate\":\"https:\\\/\\\/www.muensterschule-hof.de\\\/wordpress\\\/?s={search_term_string}\"},\"query-input\":{\"@type\":\"PropertyValueSpecification\",\"valueRequired\":true,\"valueName\":\"search_term_string\"}}],\"inLanguage\":\"de\"},{\"@type\":\"Organization\",\"@id\":\"https:\\\/\\\/www.muensterschule-hof.de\\\/wordpress\\\/#organization\",\"name\":\"M\u00fcnster-Mittelschule Hof\",\"alternateName\":\"MMS Hof\",\"url\":\"https:\\\/\\\/www.muensterschule-hof.de\\\/wordpress\\\/\",\"logo\":{\"@type\":\"ImageObject\",\"inLanguage\":\"de\",\"@id\":\"https:\\\/\\\/www.muensterschule-hof.de\\\/wordpress\\\/#\\\/schema\\\/logo\\\/image\\\/\",\"url\":\"https:\\\/\\\/www.muensterschule-hof.de\\\/wordpress\\\/wp-content\\\/uploads\\\/2018\\\/05\\\/cropped-MMS-Hof-final-1.png\",\"contentUrl\":\"https:\\\/\\\/www.muensterschule-hof.de\\\/wordpress\\\/wp-content\\\/uploads\\\/2018\\\/05\\\/cropped-MMS-Hof-final-1.png\",\"width\":512,\"height\":512,\"caption\":\"M\u00fcnster-Mittelschule Hof\"},\"image\":{\"@id\":\"https:\\\/\\\/www.muensterschule-hof.de\\\/wordpress\\\/#\\\/schema\\\/logo\\\/image\\\/\"}},{\"@type\":\"Person\",\"@id\":\"https:\\\/\\\/www.muensterschule-hof.de\\\/wordpress\\\/#\\\/schema\\\/person\\\/de58534e4cef400557500dff7aaa25b0\",\"name\":\"wpadmin\",\"image\":{\"@type\":\"ImageObject\",\"inLanguage\":\"de\",\"@id\":\"https:\\\/\\\/secure.gravatar.com\\\/avatar\\\/d9cd22045d4ad9ac54235e981c866f9317666429d45f49a3dc409314ab7be359?s=96&d=mm&r=g\",\"url\":\"https:\\\/\\\/secure.gravatar.com\\\/avatar\\\/d9cd22045d4ad9ac54235e981c866f9317666429d45f49a3dc409314ab7be359?s=96&d=mm&r=g\",\"contentUrl\":\"https:\\\/\\\/secure.gravatar.com\\\/avatar\\\/d9cd22045d4ad9ac54235e981c866f9317666429d45f49a3dc409314ab7be359?s=96&d=mm&r=g\",\"caption\":\"wpadmin\"},\"url\":\"https:\\\/\\\/www.muensterschule-hof.de\\\/wordpress\\\/author\\\/wpadmin\\\/\"}]}<\/script>\n<!-- \/ Yoast SEO plugin. -->","yoast_head_json":{"title":"Besuch der KZ-Gedenkst\u00e4tte Flossenb\u00fcrg - M\u00fcnsterschule","robots":{"index":"index","follow":"follow","max-snippet":"max-snippet:-1","max-image-preview":"max-image-preview:large","max-video-preview":"max-video-preview:-1"},"canonical":"https:\/\/www.muensterschule-hof.de\/wordpress\/besuch-der-kz-gedenkstaette-flossenbuerg\/","og_locale":"de_DE","og_type":"article","og_title":"Besuch der KZ-Gedenkst\u00e4tte Flossenb\u00fcrg - M\u00fcnsterschule","og_description":"Am&nbsp;15.01.2026&nbsp;besuchten die neunten und zehnten Klassen unserer Schule die&nbsp;KZ-Gedenkst\u00e4tte Flossenb\u00fcrg. Bei einer F\u00fchrung erfuhren die Sch\u00fclerinnen und Sch\u00fcler mehr \u00fcber die Entstehung des Konzentrationslagers, den Lageralltag und die schwere k\u00f6rperliche Arbeit der H\u00e4ftlinge. Besonders deutlich wurde, unter welch unmenschlichen Bedingungen die Menschen dort leben mussten. Hunger, Gewalt und Zwangsarbeit bestimmten den Alltag vieler Gefangener. Der&hellip;&nbsp;Weiterlesen &raquo;Besuch der KZ-Gedenkst\u00e4tte Flossenb\u00fcrg","og_url":"https:\/\/www.muensterschule-hof.de\/wordpress\/besuch-der-kz-gedenkstaette-flossenbuerg\/","og_site_name":"M\u00fcnsterschule","article_published_time":"2026-01-29T19:52:34+00:00","article_modified_time":"2026-01-29T19:52:37+00:00","og_image":[{"width":600,"height":398,"url":"https:\/\/www.muensterschule-hof.de\/wordpress\/wp-content\/uploads\/2026\/01\/Bildschirmfoto-2026-01-29-um-21.00.17.png","type":"image\/png"}],"author":"wpadmin","twitter_card":"summary_large_image","twitter_misc":{"Verfasst von":"wpadmin","Gesch\u00e4tzte Lesezeit":"1\u00a0Minute"},"schema":{"@context":"https:\/\/schema.org","@graph":[{"@type":"Article","@id":"https:\/\/www.muensterschule-hof.de\/wordpress\/besuch-der-kz-gedenkstaette-flossenbuerg\/#article","isPartOf":{"@id":"https:\/\/www.muensterschule-hof.de\/wordpress\/besuch-der-kz-gedenkstaette-flossenbuerg\/"},"author":{"name":"wpadmin","@id":"https:\/\/www.muensterschule-hof.de\/wordpress\/#\/schema\/person\/de58534e4cef400557500dff7aaa25b0"},"headline":"Besuch der KZ-Gedenkst\u00e4tte Flossenb\u00fcrg","datePublished":"2026-01-29T19:52:34+00:00","dateModified":"2026-01-29T19:52:37+00:00","mainEntityOfPage":{"@id":"https:\/\/www.muensterschule-hof.de\/wordpress\/besuch-der-kz-gedenkstaette-flossenbuerg\/"},"wordCount":85,"publisher":{"@id":"https:\/\/www.muensterschule-hof.de\/wordpress\/#organization"},"image":{"@id":"https:\/\/www.muensterschule-hof.de\/wordpress\/besuch-der-kz-gedenkstaette-flossenbuerg\/#primaryimage"},"thumbnailUrl":"https:\/\/www.muensterschule-hof.de\/wordpress\/wp-content\/uploads\/2026\/01\/Bildschirmfoto-2026-01-29-um-21.00.17.png","articleSection":["Aktuelles"],"inLanguage":"de"},{"@type":"WebPage","@id":"https:\/\/www.muensterschule-hof.de\/wordpress\/besuch-der-kz-gedenkstaette-flossenbuerg\/","url":"https:\/\/www.muensterschule-hof.de\/wordpress\/besuch-der-kz-gedenkstaette-flossenbuerg\/","name":"Besuch der KZ-Gedenkst\u00e4tte Flossenb\u00fcrg - M\u00fcnsterschule","isPartOf":{"@id":"https:\/\/www.muensterschule-hof.de\/wordpress\/#website"},"primaryImageOfPage":{"@id":"https:\/\/www.muensterschule-hof.de\/wordpress\/besuch-der-kz-gedenkstaette-flossenbuerg\/#primaryimage"},"image":{"@id":"https:\/\/www.muensterschule-hof.de\/wordpress\/besuch-der-kz-gedenkstaette-flossenbuerg\/#primaryimage"},"thumbnailUrl":"https:\/\/www.muensterschule-hof.de\/wordpress\/wp-content\/uploads\/2026\/01\/Bildschirmfoto-2026-01-29-um-21.00.17.png","datePublished":"2026-01-29T19:52:34+00:00","dateModified":"2026-01-29T19:52:37+00:00","breadcrumb":{"@id":"https:\/\/www.muensterschule-hof.de\/wordpress\/besuch-der-kz-gedenkstaette-flossenbuerg\/#breadcrumb"},"inLanguage":"de","potentialAction":[{"@type":"ReadAction","target":["https:\/\/www.muensterschule-hof.de\/wordpress\/besuch-der-kz-gedenkstaette-flossenbuerg\/"]}]},{"@type":"ImageObject","inLanguage":"de","@id":"https:\/\/www.muensterschule-hof.de\/wordpress\/besuch-der-kz-gedenkstaette-flossenbuerg\/#primaryimage","url":"https:\/\/www.muensterschule-hof.de\/wordpress\/wp-content\/uploads\/2026\/01\/Bildschirmfoto-2026-01-29-um-21.00.17.png","contentUrl":"https:\/\/www.muensterschule-hof.de\/wordpress\/wp-content\/uploads\/2026\/01\/Bildschirmfoto-2026-01-29-um-21.00.17.png","width":600,"height":398},{"@type":"BreadcrumbList","@id":"https:\/\/www.muensterschule-hof.de\/wordpress\/besuch-der-kz-gedenkstaette-flossenbuerg\/#breadcrumb","itemListElement":[{"@type":"ListItem","position":1,"name":"Startseite","item":"https:\/\/www.muensterschule-hof.de\/wordpress\/"},{"@type":"ListItem","position":2,"name":"Besuch der KZ-Gedenkst\u00e4tte Flossenb\u00fcrg"}]},{"@type":"WebSite","@id":"https:\/\/www.muensterschule-hof.de\/wordpress\/#website","url":"https:\/\/www.muensterschule-hof.de\/wordpress\/","name":"M\u00fcnsterschule","description":"Deine Mittelschule in Hof","publisher":{"@id":"https:\/\/www.muensterschule-hof.de\/wordpress\/#organization"},"alternateName":"MMS Hof","potentialAction":[{"@type":"SearchAction","target":{"@type":"EntryPoint","urlTemplate":"https:\/\/www.muensterschule-hof.de\/wordpress\/?s={search_term_string}"},"query-input":{"@type":"PropertyValueSpecification","valueRequired":true,"valueName":"search_term_string"}}],"inLanguage":"de"},{"@type":"Organization","@id":"https:\/\/www.muensterschule-hof.de\/wordpress\/#organization","name":"M\u00fcnster-Mittelschule Hof","alternateName":"MMS Hof","url":"https:\/\/www.muensterschule-hof.de\/wordpress\/","logo":{"@type":"ImageObject","inLanguage":"de","@id":"https:\/\/www.muensterschule-hof.de\/wordpress\/#\/schema\/logo\/image\/","url":"https:\/\/www.muensterschule-hof.de\/wordpress\/wp-content\/uploads\/2018\/05\/cropped-MMS-Hof-final-1.png","contentUrl":"https:\/\/www.muensterschule-hof.de\/wordpress\/wp-content\/uploads\/2018\/05\/cropped-MMS-Hof-final-1.png","width":512,"height":512,"caption":"M\u00fcnster-Mittelschule Hof"},"image":{"@id":"https:\/\/www.muensterschule-hof.de\/wordpress\/#\/schema\/logo\/image\/"}},{"@type":"Person","@id":"https:\/\/www.muensterschule-hof.de\/wordpress\/#\/schema\/person\/de58534e4cef400557500dff7aaa25b0","name":"wpadmin","image":{"@type":"ImageObject","inLanguage":"de","@id":"https:\/\/secure.gravatar.com\/avatar\/d9cd22045d4ad9ac54235e981c866f9317666429d45f49a3dc409314ab7be359?s=96&d=mm&r=g","url":"https:\/\/secure.gravatar.com\/avatar\/d9cd22045d4ad9ac54235e981c866f9317666429d45f49a3dc409314ab7be359?s=96&d=mm&r=g","contentUrl":"https:\/\/secure.gravatar.com\/avatar\/d9cd22045d4ad9ac54235e981c866f9317666429d45f49a3dc409314ab7be359?s=96&d=mm&r=g","caption":"wpadmin"},"url":"https:\/\/www.muensterschule-hof.de\/wordpress\/author\/wpadmin\/"}]}},"_links":{"self":[{"href":"https:\/\/www.muensterschule-hof.de\/wordpress\/wp-json\/wp\/v2\/posts\/4345","targetHints":{"allow":["GET"]}}],"collection":[{"href":"https:\/\/www.muensterschule-hof.de\/wordpress\/wp-json\/wp\/v2\/posts"}],"about":[{"href":"https:\/\/www.muensterschule-hof.de\/wordpress\/wp-json\/wp\/v2\/types\/post"}],"author":[{"embeddable":true,"href":"https:\/\/www.muensterschule-hof.de\/wordpress\/wp-json\/wp\/v2\/users\/1"}],"replies":[{"embeddable":true,"href":"https:\/\/www.muensterschule-hof.de\/wordpress\/wp-json\/wp\/v2\/comments?post=4345"}],"version-history":[{"count":1,"href":"https:\/\/www.muensterschule-hof.de\/wordpress\/wp-json\/wp\/v2\/posts\/4345\/revisions"}],"predecessor-version":[{"id":4347,"href":"https:\/\/www.muensterschule-hof.de\/wordpress\/wp-json\/wp\/v2\/posts\/4345\/revisions\/4347"}],"wp:featuredmedia":[{"embeddable":true,"href":"https:\/\/www.muensterschule-hof.de\/wordpress\/wp-json\/wp\/v2\/media\/4346"}],"wp:attachment":[{"href":"https:\/\/www.muensterschule-hof.de\/wordpress\/wp-json\/wp\/v2\/media?parent=4345"}],"wp:term":[{"taxonomy":"category","embeddable":true,"href":"https:\/\/www.muensterschule-hof.de\/wordpress\/wp-json\/wp\/v2\/categories?post=4345"},{"taxonomy":"post_tag","embeddable":true,"href":"https:\/\/www.muensterschule-hof.de\/wordpress\/wp-json\/wp\/v2\/tags?post=4345"}],"curies":[{"name":"wp","href":"https:\/\/api.w.org\/{rel}","templated":true}]}}