{"id":4352,"date":"2026-01-30T15:52:18","date_gmt":"2026-01-30T15:52:18","guid":{"rendered":"https:\/\/www.muensterschule-hof.de\/wordpress\/?p=4352"},"modified":"2026-01-30T15:52:20","modified_gmt":"2026-01-30T15:52:20","slug":"schraubertonne-des-azv-in-der-klasse-7b","status":"publish","type":"post","link":"https:\/\/www.muensterschule-hof.de\/wordpress\/schraubertonne-des-azv-in-der-klasse-7b\/","title":{"rendered":"Schraubertonne des AZV in der Klasse 7b"},"content":{"rendered":"\n<p>Am\u00a0<strong>30.01.2026<\/strong>\u00a0war die\u00a0<strong>Schraubertonne des AZV<\/strong>\u00a0zu Gast in der Klasse\u00a0<strong>7b<\/strong>. Durchgef\u00fchrt wurde das Angebot von\u00a0<strong>Frau Popp-K\u00f6hler<\/strong>\u00a0vom\u00a0<strong>Abfallzweckverband Stadt und Landkreis Hof<\/strong>.<\/p>\n\n\n\n<p>Die Sch\u00fclerinnen und Sch\u00fcler zerlegten alte Elektroger\u00e4te und bauten aus den einzelnen Teilen neue, kreative Dinge. Dabei lernten sie, welche Materialien in Elektroger\u00e4ten stecken und warum Recycling und eine fachgerechte Entsorgung wichtig sind.<\/p>\n\n\n\n<figure class=\"wp-block-image size-full\"><img loading=\"lazy\" decoding=\"async\" width=\"852\" height=\"536\" src=\"https:\/\/www.muensterschule-hof.de\/wordpress\/wp-content\/uploads\/2026\/01\/Bildschirmfoto-2026-01-30-um-16.50.04.png\" alt=\"\" class=\"wp-image-4354\"\/><\/figure>\n","protected":false},"excerpt":{"rendered":"<p>Am\u00a030.01.2026\u00a0war die\u00a0Schraubertonne des AZV\u00a0zu Gast in der Klasse\u00a07b. Durchgef\u00fchrt wurde das Angebot von\u00a0Frau Popp-K\u00f6hler\u00a0vom\u00a0Abfallzweckverband Stadt und Landkreis Hof. Die Sch\u00fclerinnen und Sch\u00fcler zerlegten alte Elektroger\u00e4te und bauten aus den einzelnen Teilen neue, kreative Dinge. Dabei lernten sie, welche Materialien in Elektroger\u00e4ten stecken und warum Recycling und eine fachgerechte Entsorgung wichtig sind.<\/p>\n","protected":false},"author":1,"featured_media":4353,"comment_status":"closed","ping_status":"closed","sticky":false,"template":"","format":"standard","meta":{"neve_meta_sidebar":"","neve_meta_container":"","neve_meta_enable_content_width":"","neve_meta_content_width":0,"neve_meta_title_alignment":"","neve_meta_author_avatar":"","neve_post_elements_order":"","neve_meta_disable_header":"","neve_meta_disable_footer":"","neve_meta_disable_title":"","footnotes":""},"categories":[1],"tags":[],"class_list":["post-4352","post","type-post","status-publish","format-standard","has-post-thumbnail","hentry","category-uncategorized"],"yoast_head":"<!-- This site is optimized with the Yoast SEO plugin v27.4 - https:\/\/yoast.com\/product\/yoast-seo-wordpress\/ -->\n<title>Schraubertonne des AZV in der Klasse 7b - M\u00fcnsterschule<\/title>\n<meta name=\"robots\" content=\"index, follow, max-snippet:-1, max-image-preview:large, max-video-preview:-1\" \/>\n<link rel=\"canonical\" href=\"https:\/\/www.muensterschule-hof.de\/wordpress\/schraubertonne-des-azv-in-der-klasse-7b\/\" \/>\n<meta property=\"og:locale\" content=\"de_DE\" \/>\n<meta property=\"og:type\" content=\"article\" \/>\n<meta property=\"og:title\" content=\"Schraubertonne des AZV in der Klasse 7b - M\u00fcnsterschule\" \/>\n<meta property=\"og:description\" content=\"Am\u00a030.01.2026\u00a0war die\u00a0Schraubertonne des AZV\u00a0zu Gast in der Klasse\u00a07b. Durchgef\u00fchrt wurde das Angebot von\u00a0Frau Popp-K\u00f6hler\u00a0vom\u00a0Abfallzweckverband Stadt und Landkreis Hof. Die Sch\u00fclerinnen und Sch\u00fcler zerlegten alte Elektroger\u00e4te und bauten aus den einzelnen Teilen neue, kreative Dinge. Dabei lernten sie, welche Materialien in Elektroger\u00e4ten stecken und warum Recycling und eine fachgerechte Entsorgung wichtig sind.\" \/>\n<meta property=\"og:url\" content=\"https:\/\/www.muensterschule-hof.de\/wordpress\/schraubertonne-des-azv-in-der-klasse-7b\/\" \/>\n<meta property=\"og:site_name\" content=\"M\u00fcnsterschule\" \/>\n<meta property=\"article:published_time\" content=\"2026-01-30T15:52:18+00:00\" \/>\n<meta property=\"article:modified_time\" content=\"2026-01-30T15:52:20+00:00\" \/>\n<meta property=\"og:image\" content=\"https:\/\/www.muensterschule-hof.de\/wordpress\/wp-content\/uploads\/2026\/01\/Bildschirmfoto-2026-01-30-um-16.49.53.png\" \/>\n\t<meta property=\"og:image:width\" content=\"756\" \/>\n\t<meta property=\"og:image:height\" content=\"524\" \/>\n\t<meta property=\"og:image:type\" content=\"image\/png\" \/>\n<meta name=\"author\" content=\"wpadmin\" \/>\n<meta name=\"twitter:card\" content=\"summary_large_image\" \/>\n<meta name=\"twitter:label1\" content=\"Verfasst von\" \/>\n\t<meta name=\"twitter:data1\" content=\"wpadmin\" \/>\n\t<meta name=\"twitter:label2\" content=\"Gesch\u00e4tzte Lesezeit\" \/>\n\t<meta name=\"twitter:data2\" content=\"1\u00a0Minute\" \/>\n<script type=\"application\/ld+json\" class=\"yoast-schema-graph\">{\"@context\":\"https:\\\/\\\/schema.org\",\"@graph\":[{\"@type\":\"Article\",\"@id\":\"https:\\\/\\\/www.muensterschule-hof.de\\\/wordpress\\\/schraubertonne-des-azv-in-der-klasse-7b\\\/#article\",\"isPartOf\":{\"@id\":\"https:\\\/\\\/www.muensterschule-hof.de\\\/wordpress\\\/schraubertonne-des-azv-in-der-klasse-7b\\\/\"},\"author\":{\"name\":\"wpadmin\",\"@id\":\"https:\\\/\\\/www.muensterschule-hof.de\\\/wordpress\\\/#\\\/schema\\\/person\\\/de58534e4cef400557500dff7aaa25b0\"},\"headline\":\"Schraubertonne des AZV in der Klasse 7b\",\"datePublished\":\"2026-01-30T15:52:18+00:00\",\"dateModified\":\"2026-01-30T15:52:20+00:00\",\"mainEntityOfPage\":{\"@id\":\"https:\\\/\\\/www.muensterschule-hof.de\\\/wordpress\\\/schraubertonne-des-azv-in-der-klasse-7b\\\/\"},\"wordCount\":71,\"publisher\":{\"@id\":\"https:\\\/\\\/www.muensterschule-hof.de\\\/wordpress\\\/#organization\"},\"image\":{\"@id\":\"https:\\\/\\\/www.muensterschule-hof.de\\\/wordpress\\\/schraubertonne-des-azv-in-der-klasse-7b\\\/#primaryimage\"},\"thumbnailUrl\":\"https:\\\/\\\/www.muensterschule-hof.de\\\/wordpress\\\/wp-content\\\/uploads\\\/2026\\\/01\\\/Bildschirmfoto-2026-01-30-um-16.49.53.png\",\"articleSection\":[\"Uncategorized\"],\"inLanguage\":\"de\"},{\"@type\":\"WebPage\",\"@id\":\"https:\\\/\\\/www.muensterschule-hof.de\\\/wordpress\\\/schraubertonne-des-azv-in-der-klasse-7b\\\/\",\"url\":\"https:\\\/\\\/www.muensterschule-hof.de\\\/wordpress\\\/schraubertonne-des-azv-in-der-klasse-7b\\\/\",\"name\":\"Schraubertonne des AZV in der Klasse 7b - M\u00fcnsterschule\",\"isPartOf\":{\"@id\":\"https:\\\/\\\/www.muensterschule-hof.de\\\/wordpress\\\/#website\"},\"primaryImageOfPage\":{\"@id\":\"https:\\\/\\\/www.muensterschule-hof.de\\\/wordpress\\\/schraubertonne-des-azv-in-der-klasse-7b\\\/#primaryimage\"},\"image\":{\"@id\":\"https:\\\/\\\/www.muensterschule-hof.de\\\/wordpress\\\/schraubertonne-des-azv-in-der-klasse-7b\\\/#primaryimage\"},\"thumbnailUrl\":\"https:\\\/\\\/www.muensterschule-hof.de\\\/wordpress\\\/wp-content\\\/uploads\\\/2026\\\/01\\\/Bildschirmfoto-2026-01-30-um-16.49.53.png\",\"datePublished\":\"2026-01-30T15:52:18+00:00\",\"dateModified\":\"2026-01-30T15:52:20+00:00\",\"breadcrumb\":{\"@id\":\"https:\\\/\\\/www.muensterschule-hof.de\\\/wordpress\\\/schraubertonne-des-azv-in-der-klasse-7b\\\/#breadcrumb\"},\"inLanguage\":\"de\",\"potentialAction\":[{\"@type\":\"ReadAction\",\"target\":[\"https:\\\/\\\/www.muensterschule-hof.de\\\/wordpress\\\/schraubertonne-des-azv-in-der-klasse-7b\\\/\"]}]},{\"@type\":\"ImageObject\",\"inLanguage\":\"de\",\"@id\":\"https:\\\/\\\/www.muensterschule-hof.de\\\/wordpress\\\/schraubertonne-des-azv-in-der-klasse-7b\\\/#primaryimage\",\"url\":\"https:\\\/\\\/www.muensterschule-hof.de\\\/wordpress\\\/wp-content\\\/uploads\\\/2026\\\/01\\\/Bildschirmfoto-2026-01-30-um-16.49.53.png\",\"contentUrl\":\"https:\\\/\\\/www.muensterschule-hof.de\\\/wordpress\\\/wp-content\\\/uploads\\\/2026\\\/01\\\/Bildschirmfoto-2026-01-30-um-16.49.53.png\",\"width\":756,\"height\":524},{\"@type\":\"BreadcrumbList\",\"@id\":\"https:\\\/\\\/www.muensterschule-hof.de\\\/wordpress\\\/schraubertonne-des-azv-in-der-klasse-7b\\\/#breadcrumb\",\"itemListElement\":[{\"@type\":\"ListItem\",\"position\":1,\"name\":\"Startseite\",\"item\":\"https:\\\/\\\/www.muensterschule-hof.de\\\/wordpress\\\/\"},{\"@type\":\"ListItem\",\"position\":2,\"name\":\"Schraubertonne des AZV in der Klasse 7b\"}]},{\"@type\":\"WebSite\",\"@id\":\"https:\\\/\\\/www.muensterschule-hof.de\\\/wordpress\\\/#website\",\"url\":\"https:\\\/\\\/www.muensterschule-hof.de\\\/wordpress\\\/\",\"name\":\"M\u00fcnsterschule\",\"description\":\"Deine Mittelschule in Hof\",\"publisher\":{\"@id\":\"https:\\\/\\\/www.muensterschule-hof.de\\\/wordpress\\\/#organization\"},\"alternateName\":\"MMS Hof\",\"potentialAction\":[{\"@type\":\"SearchAction\",\"target\":{\"@type\":\"EntryPoint\",\"urlTemplate\":\"https:\\\/\\\/www.muensterschule-hof.de\\\/wordpress\\\/?s={search_term_string}\"},\"query-input\":{\"@type\":\"PropertyValueSpecification\",\"valueRequired\":true,\"valueName\":\"search_term_string\"}}],\"inLanguage\":\"de\"},{\"@type\":\"Organization\",\"@id\":\"https:\\\/\\\/www.muensterschule-hof.de\\\/wordpress\\\/#organization\",\"name\":\"M\u00fcnster-Mittelschule Hof\",\"alternateName\":\"MMS Hof\",\"url\":\"https:\\\/\\\/www.muensterschule-hof.de\\\/wordpress\\\/\",\"logo\":{\"@type\":\"ImageObject\",\"inLanguage\":\"de\",\"@id\":\"https:\\\/\\\/www.muensterschule-hof.de\\\/wordpress\\\/#\\\/schema\\\/logo\\\/image\\\/\",\"url\":\"https:\\\/\\\/www.muensterschule-hof.de\\\/wordpress\\\/wp-content\\\/uploads\\\/2018\\\/05\\\/cropped-MMS-Hof-final-1.png\",\"contentUrl\":\"https:\\\/\\\/www.muensterschule-hof.de\\\/wordpress\\\/wp-content\\\/uploads\\\/2018\\\/05\\\/cropped-MMS-Hof-final-1.png\",\"width\":512,\"height\":512,\"caption\":\"M\u00fcnster-Mittelschule Hof\"},\"image\":{\"@id\":\"https:\\\/\\\/www.muensterschule-hof.de\\\/wordpress\\\/#\\\/schema\\\/logo\\\/image\\\/\"}},{\"@type\":\"Person\",\"@id\":\"https:\\\/\\\/www.muensterschule-hof.de\\\/wordpress\\\/#\\\/schema\\\/person\\\/de58534e4cef400557500dff7aaa25b0\",\"name\":\"wpadmin\",\"image\":{\"@type\":\"ImageObject\",\"inLanguage\":\"de\",\"@id\":\"https:\\\/\\\/secure.gravatar.com\\\/avatar\\\/d9cd22045d4ad9ac54235e981c866f9317666429d45f49a3dc409314ab7be359?s=96&d=mm&r=g\",\"url\":\"https:\\\/\\\/secure.gravatar.com\\\/avatar\\\/d9cd22045d4ad9ac54235e981c866f9317666429d45f49a3dc409314ab7be359?s=96&d=mm&r=g\",\"contentUrl\":\"https:\\\/\\\/secure.gravatar.com\\\/avatar\\\/d9cd22045d4ad9ac54235e981c866f9317666429d45f49a3dc409314ab7be359?s=96&d=mm&r=g\",\"caption\":\"wpadmin\"},\"url\":\"https:\\\/\\\/www.muensterschule-hof.de\\\/wordpress\\\/author\\\/wpadmin\\\/\"}]}<\/script>\n<!-- \/ Yoast SEO plugin. -->","yoast_head_json":{"title":"Schraubertonne des AZV in der Klasse 7b - M\u00fcnsterschule","robots":{"index":"index","follow":"follow","max-snippet":"max-snippet:-1","max-image-preview":"max-image-preview:large","max-video-preview":"max-video-preview:-1"},"canonical":"https:\/\/www.muensterschule-hof.de\/wordpress\/schraubertonne-des-azv-in-der-klasse-7b\/","og_locale":"de_DE","og_type":"article","og_title":"Schraubertonne des AZV in der Klasse 7b - M\u00fcnsterschule","og_description":"Am\u00a030.01.2026\u00a0war die\u00a0Schraubertonne des AZV\u00a0zu Gast in der Klasse\u00a07b. Durchgef\u00fchrt wurde das Angebot von\u00a0Frau Popp-K\u00f6hler\u00a0vom\u00a0Abfallzweckverband Stadt und Landkreis Hof. Die Sch\u00fclerinnen und Sch\u00fcler zerlegten alte Elektroger\u00e4te und bauten aus den einzelnen Teilen neue, kreative Dinge. Dabei lernten sie, welche Materialien in Elektroger\u00e4ten stecken und warum Recycling und eine fachgerechte Entsorgung wichtig sind.","og_url":"https:\/\/www.muensterschule-hof.de\/wordpress\/schraubertonne-des-azv-in-der-klasse-7b\/","og_site_name":"M\u00fcnsterschule","article_published_time":"2026-01-30T15:52:18+00:00","article_modified_time":"2026-01-30T15:52:20+00:00","og_image":[{"width":756,"height":524,"url":"https:\/\/www.muensterschule-hof.de\/wordpress\/wp-content\/uploads\/2026\/01\/Bildschirmfoto-2026-01-30-um-16.49.53.png","type":"image\/png"}],"author":"wpadmin","twitter_card":"summary_large_image","twitter_misc":{"Verfasst von":"wpadmin","Gesch\u00e4tzte Lesezeit":"1\u00a0Minute"},"schema":{"@context":"https:\/\/schema.org","@graph":[{"@type":"Article","@id":"https:\/\/www.muensterschule-hof.de\/wordpress\/schraubertonne-des-azv-in-der-klasse-7b\/#article","isPartOf":{"@id":"https:\/\/www.muensterschule-hof.de\/wordpress\/schraubertonne-des-azv-in-der-klasse-7b\/"},"author":{"name":"wpadmin","@id":"https:\/\/www.muensterschule-hof.de\/wordpress\/#\/schema\/person\/de58534e4cef400557500dff7aaa25b0"},"headline":"Schraubertonne des AZV in der Klasse 7b","datePublished":"2026-01-30T15:52:18+00:00","dateModified":"2026-01-30T15:52:20+00:00","mainEntityOfPage":{"@id":"https:\/\/www.muensterschule-hof.de\/wordpress\/schraubertonne-des-azv-in-der-klasse-7b\/"},"wordCount":71,"publisher":{"@id":"https:\/\/www.muensterschule-hof.de\/wordpress\/#organization"},"image":{"@id":"https:\/\/www.muensterschule-hof.de\/wordpress\/schraubertonne-des-azv-in-der-klasse-7b\/#primaryimage"},"thumbnailUrl":"https:\/\/www.muensterschule-hof.de\/wordpress\/wp-content\/uploads\/2026\/01\/Bildschirmfoto-2026-01-30-um-16.49.53.png","articleSection":["Uncategorized"],"inLanguage":"de"},{"@type":"WebPage","@id":"https:\/\/www.muensterschule-hof.de\/wordpress\/schraubertonne-des-azv-in-der-klasse-7b\/","url":"https:\/\/www.muensterschule-hof.de\/wordpress\/schraubertonne-des-azv-in-der-klasse-7b\/","name":"Schraubertonne des AZV in der Klasse 7b - M\u00fcnsterschule","isPartOf":{"@id":"https:\/\/www.muensterschule-hof.de\/wordpress\/#website"},"primaryImageOfPage":{"@id":"https:\/\/www.muensterschule-hof.de\/wordpress\/schraubertonne-des-azv-in-der-klasse-7b\/#primaryimage"},"image":{"@id":"https:\/\/www.muensterschule-hof.de\/wordpress\/schraubertonne-des-azv-in-der-klasse-7b\/#primaryimage"},"thumbnailUrl":"https:\/\/www.muensterschule-hof.de\/wordpress\/wp-content\/uploads\/2026\/01\/Bildschirmfoto-2026-01-30-um-16.49.53.png","datePublished":"2026-01-30T15:52:18+00:00","dateModified":"2026-01-30T15:52:20+00:00","breadcrumb":{"@id":"https:\/\/www.muensterschule-hof.de\/wordpress\/schraubertonne-des-azv-in-der-klasse-7b\/#breadcrumb"},"inLanguage":"de","potentialAction":[{"@type":"ReadAction","target":["https:\/\/www.muensterschule-hof.de\/wordpress\/schraubertonne-des-azv-in-der-klasse-7b\/"]}]},{"@type":"ImageObject","inLanguage":"de","@id":"https:\/\/www.muensterschule-hof.de\/wordpress\/schraubertonne-des-azv-in-der-klasse-7b\/#primaryimage","url":"https:\/\/www.muensterschule-hof.de\/wordpress\/wp-content\/uploads\/2026\/01\/Bildschirmfoto-2026-01-30-um-16.49.53.png","contentUrl":"https:\/\/www.muensterschule-hof.de\/wordpress\/wp-content\/uploads\/2026\/01\/Bildschirmfoto-2026-01-30-um-16.49.53.png","width":756,"height":524},{"@type":"BreadcrumbList","@id":"https:\/\/www.muensterschule-hof.de\/wordpress\/schraubertonne-des-azv-in-der-klasse-7b\/#breadcrumb","itemListElement":[{"@type":"ListItem","position":1,"name":"Startseite","item":"https:\/\/www.muensterschule-hof.de\/wordpress\/"},{"@type":"ListItem","position":2,"name":"Schraubertonne des AZV in der Klasse 7b"}]},{"@type":"WebSite","@id":"https:\/\/www.muensterschule-hof.de\/wordpress\/#website","url":"https:\/\/www.muensterschule-hof.de\/wordpress\/","name":"M\u00fcnsterschule","description":"Deine Mittelschule in Hof","publisher":{"@id":"https:\/\/www.muensterschule-hof.de\/wordpress\/#organization"},"alternateName":"MMS Hof","potentialAction":[{"@type":"SearchAction","target":{"@type":"EntryPoint","urlTemplate":"https:\/\/www.muensterschule-hof.de\/wordpress\/?s={search_term_string}"},"query-input":{"@type":"PropertyValueSpecification","valueRequired":true,"valueName":"search_term_string"}}],"inLanguage":"de"},{"@type":"Organization","@id":"https:\/\/www.muensterschule-hof.de\/wordpress\/#organization","name":"M\u00fcnster-Mittelschule Hof","alternateName":"MMS Hof","url":"https:\/\/www.muensterschule-hof.de\/wordpress\/","logo":{"@type":"ImageObject","inLanguage":"de","@id":"https:\/\/www.muensterschule-hof.de\/wordpress\/#\/schema\/logo\/image\/","url":"https:\/\/www.muensterschule-hof.de\/wordpress\/wp-content\/uploads\/2018\/05\/cropped-MMS-Hof-final-1.png","contentUrl":"https:\/\/www.muensterschule-hof.de\/wordpress\/wp-content\/uploads\/2018\/05\/cropped-MMS-Hof-final-1.png","width":512,"height":512,"caption":"M\u00fcnster-Mittelschule Hof"},"image":{"@id":"https:\/\/www.muensterschule-hof.de\/wordpress\/#\/schema\/logo\/image\/"}},{"@type":"Person","@id":"https:\/\/www.muensterschule-hof.de\/wordpress\/#\/schema\/person\/de58534e4cef400557500dff7aaa25b0","name":"wpadmin","image":{"@type":"ImageObject","inLanguage":"de","@id":"https:\/\/secure.gravatar.com\/avatar\/d9cd22045d4ad9ac54235e981c866f9317666429d45f49a3dc409314ab7be359?s=96&d=mm&r=g","url":"https:\/\/secure.gravatar.com\/avatar\/d9cd22045d4ad9ac54235e981c866f9317666429d45f49a3dc409314ab7be359?s=96&d=mm&r=g","contentUrl":"https:\/\/secure.gravatar.com\/avatar\/d9cd22045d4ad9ac54235e981c866f9317666429d45f49a3dc409314ab7be359?s=96&d=mm&r=g","caption":"wpadmin"},"url":"https:\/\/www.muensterschule-hof.de\/wordpress\/author\/wpadmin\/"}]}},"_links":{"self":[{"href":"https:\/\/www.muensterschule-hof.de\/wordpress\/wp-json\/wp\/v2\/posts\/4352","targetHints":{"allow":["GET"]}}],"collection":[{"href":"https:\/\/www.muensterschule-hof.de\/wordpress\/wp-json\/wp\/v2\/posts"}],"about":[{"href":"https:\/\/www.muensterschule-hof.de\/wordpress\/wp-json\/wp\/v2\/types\/post"}],"author":[{"embeddable":true,"href":"https:\/\/www.muensterschule-hof.de\/wordpress\/wp-json\/wp\/v2\/users\/1"}],"replies":[{"embeddable":true,"href":"https:\/\/www.muensterschule-hof.de\/wordpress\/wp-json\/wp\/v2\/comments?post=4352"}],"version-history":[{"count":1,"href":"https:\/\/www.muensterschule-hof.de\/wordpress\/wp-json\/wp\/v2\/posts\/4352\/revisions"}],"predecessor-version":[{"id":4355,"href":"https:\/\/www.muensterschule-hof.de\/wordpress\/wp-json\/wp\/v2\/posts\/4352\/revisions\/4355"}],"wp:featuredmedia":[{"embeddable":true,"href":"https:\/\/www.muensterschule-hof.de\/wordpress\/wp-json\/wp\/v2\/media\/4353"}],"wp:attachment":[{"href":"https:\/\/www.muensterschule-hof.de\/wordpress\/wp-json\/wp\/v2\/media?parent=4352"}],"wp:term":[{"taxonomy":"category","embeddable":true,"href":"https:\/\/www.muensterschule-hof.de\/wordpress\/wp-json\/wp\/v2\/categories?post=4352"},{"taxonomy":"post_tag","embeddable":true,"href":"https:\/\/www.muensterschule-hof.de\/wordpress\/wp-json\/wp\/v2\/tags?post=4352"}],"curies":[{"name":"wp","href":"https:\/\/api.w.org\/{rel}","templated":true}]}}