{"id":4371,"date":"2026-02-19T22:00:44","date_gmt":"2026-02-19T22:00:44","guid":{"rendered":"https:\/\/www.muensterschule-hof.de\/wordpress\/?p=4371"},"modified":"2026-02-19T22:00:48","modified_gmt":"2026-02-19T22:00:48","slug":"willkommenstag-nach-der-vorstellung-kommt-die-anstellung","status":"publish","type":"post","link":"https:\/\/www.muensterschule-hof.de\/wordpress\/willkommenstag-nach-der-vorstellung-kommt-die-anstellung\/","title":{"rendered":"Willkommenstag \u2013 Nach der Vorstellung kommt die Anstellung\u00a0"},"content":{"rendered":"\n<p><strong>Wie geht es nach dem Abschluss mit mir weiter? Was w\u00e4re der&nbsp;richtige Beruf f\u00fcr mich? Und worin bin ich eigentlich gut?&nbsp;<\/strong>&nbsp;<\/p>\n\n\n\n<p>Die Zukunft eines jeden Sch\u00fclers wirft noch viele Fragen auf. Einige davon konnten aber ganz gewiss&nbsp;beim Willkommenstag&nbsp;am 11. Februar gekl\u00e4rt werden. Denn die M\u00fcnsterschule lud insgesamt acht Betriebe aus der Region ein, die sich selbst, ihre T\u00e4tigkeitsfelder und den Weg durch die Ausbildung genauer vorstellten. Auch ehemalige M\u00fcnstersch\u00fcler, die bei ihnen mittlerweile eine Anstellung bekommen haben, wurden willkommen gehei\u00dfen und berichteten hautnah von ihren Erfahrungen im Berufsleben. Und so durften die Acht-, Neunt- und Zehntkl\u00e4ssler bei&nbsp;je zwei Betrieben, f\u00fcr die sie sich am meisten interessierten&nbsp;den&nbsp;Vortr\u00e4gen&nbsp;lauschen, Fragen stellen oder sich praktisch bet\u00e4tigen. Ausbildungsleiterin Claudia Gebauer von der B\u00e4ckerei Kutzer lie\u00df die Sch\u00fcler und Sch\u00fclerinnen zum Beispiel Butterbrezen schmieren und erkl\u00e4rte nebenbei Wichtiges \u00fcber Hygiene sowie Warenpr\u00e4sentation. Als Expertin f\u00fcr Marketing und Verkauf wei\u00df sie, dass sich die Jugendlichen bei solchen Aktionen wesentlich leichter tun im Bezug auf den Erstkontakt mit dem jeweiligen Beruf. \u201eSie kommen mir viel offener vor und weniger \u00e4ngstlich. Ganz anders, als in einem gew\u00f6hnlichen Bewerbungsgespr\u00e4ch\u201c, erkl\u00e4rt&nbsp;Gebauer.<\/p>\n\n\n\n<p>Aufgeschlossenheit sei \u00fcbrigens auch gefragt, wenn man \u2013 so wie unser ehemaliger Sch\u00fcler Dani \u2013 zuk\u00fcnftig als Kinderpfleger\/in oder Erzieher\/in die Karriereleiter in der Berufsfachschule f\u00fcr Ern\u00e4hrung und Versorgung in Ahornberg erklimmen m\u00f6chte. Und w\u00e4hrend die jungen Zuh\u00f6rer ein paar Klassenzimmer weiter gerade \u00fcberlegen, ob sie vielleicht auch das Zeug zum technischen Systemplaner oder Konstruktionsmechaniker bei der Firma Sommer h\u00e4tten, erlebte die 14-j\u00e4hrige Vanessa ein Stockwerk h\u00f6her folgendes: \u201eIch war in der Vorstellung vom Hochfr\u00e4nkischen Bildungszentrum f\u00fcr Pflege und Gesundheit und mir hat neben den ganzen Infos auch sehr gut gefallen, dass wir selbst etwas ausprobieren durften. Wir sollten uns vorstellen, dass unser Partner nicht mehr selbstst\u00e4ndig essen kann und mussten ihn dann f\u00fcttern\u201c, erz\u00e4hlt Vanessa, die dadurch erfahren hat, dass der Beruf als Pflegerin f\u00fcr sie eher nichts sei. Sie sehe sich eigentlich mehr als Lehrling beim Logistikunternehmen Dachser, wo sie beispielsweise Routen planen w\u00fcrde, um schnellstm\u00f6glich bei einem Ausladeplatz anzukommen. F\u00fcr den ein oder anderen Mitsch\u00fcler w\u00e4re sein Traumjob m\u00f6glicherweise gro\u00dfe Wasserpumpen bei der Firma Wilo herzustellen sowie zu installieren. Und gerade deshalb ist der Willkommenstag so wertvoll. N\u00e4mlich um herauszufinden, wof\u00fcr man geeignet w\u00e4re, was einem Spa\u00df machen, oder aber, was man sich weniger zutrauen w\u00fcrde. Bei einem so breit gef\u00e4cherten Angebot an Berufsfeldern hatten die Jugendlichen eine tolle Gelegenheit, die verschiedensten Eindr\u00fccke zu sammeln. Nun k\u00f6nnen sie sich \u00fcberlegen: Will ich sp\u00e4ter einmal nahe am Menschen arbeiten und beispielsweise zahnmedizinische Fachangestellte beim \u201eWei\u00dfwerk\u201c in Oberkotzau werden, oder ist handwerkliches Geschick meine Leidenschaft? \u201eUm bei uns anzuheuern, sollte man k\u00f6rperlich belastbar sowie schwindelfrei sein und nat\u00fcrlich Begeisterung f\u00fcr den Beruf als Anlagenmechaniker im Bereich Sanit\u00e4r, Heizung und Klima mitbringen\u201c, erkl\u00e4rt der Experte von der Firma Gemeinhard. Eines haben alle Unternehmen allerdings gemeinsam: Sie erwarten P\u00fcnktlichkeit, Flei\u00df und Teamf\u00e4higkeit. Alles Eigenschaften, die unsere M\u00fcnstersch\u00fcler f\u00fcr den Start ins Berufsleben gerne unter Beweis stellen wollen. Und so lautet das Motto eines jeden Ausbildungsbetriebs: \u201eWir freuen uns auf euch!\u201c<\/p>\n\n\n\n<figure class=\"wp-block-image size-large\"><img loading=\"lazy\" decoding=\"async\" width=\"1024\" height=\"375\" src=\"https:\/\/www.muensterschule-hof.de\/wordpress\/wp-content\/uploads\/2026\/02\/Bildschirmfoto-2026-02-19-um-23.12.08-1024x375.png\" alt=\"\" class=\"wp-image-4373\" srcset=\"https:\/\/www.muensterschule-hof.de\/wordpress\/wp-content\/uploads\/2026\/02\/Bildschirmfoto-2026-02-19-um-23.12.08-1024x375.png 1024w, https:\/\/www.muensterschule-hof.de\/wordpress\/wp-content\/uploads\/2026\/02\/Bildschirmfoto-2026-02-19-um-23.12.08.png 1378w\" sizes=\"auto, (max-width: 1024px) 100vw, 1024px\" \/><\/figure>\n","protected":false},"excerpt":{"rendered":"<p>Wie geht es nach dem Abschluss mit mir weiter? Was w\u00e4re der&nbsp;richtige Beruf f\u00fcr mich? Und worin bin ich eigentlich gut?&nbsp;&nbsp; Die Zukunft eines jeden Sch\u00fclers wirft noch viele Fragen auf. Einige davon konnten aber ganz gewiss&nbsp;beim Willkommenstag&nbsp;am 11. Februar gekl\u00e4rt werden. Denn die M\u00fcnsterschule lud insgesamt acht Betriebe aus der Region ein, die sich&hellip;&nbsp;<a href=\"https:\/\/www.muensterschule-hof.de\/wordpress\/willkommenstag-nach-der-vorstellung-kommt-die-anstellung\/\" rel=\"bookmark\">Weiterlesen &raquo;<span class=\"screen-reader-text\">Willkommenstag \u2013 Nach der Vorstellung kommt die Anstellung\u00a0<\/span><\/a><\/p>\n","protected":false},"author":1,"featured_media":4372,"comment_status":"closed","ping_status":"closed","sticky":false,"template":"","format":"standard","meta":{"neve_meta_sidebar":"","neve_meta_container":"","neve_meta_enable_content_width":"","neve_meta_content_width":0,"neve_meta_title_alignment":"","neve_meta_author_avatar":"","neve_post_elements_order":"","neve_meta_disable_header":"","neve_meta_disable_footer":"","neve_meta_disable_title":"","footnotes":""},"categories":[50],"tags":[],"class_list":["post-4371","post","type-post","status-publish","format-standard","has-post-thumbnail","hentry","category-aktuelles"],"yoast_head":"<!-- This site is optimized with the Yoast SEO plugin v27.5 - https:\/\/yoast.com\/product\/yoast-seo-wordpress\/ -->\n<title>Willkommenstag \u2013 Nach der Vorstellung kommt die Anstellung\u00a0 - M\u00fcnsterschule<\/title>\n<meta name=\"robots\" content=\"index, follow, max-snippet:-1, max-image-preview:large, max-video-preview:-1\" \/>\n<link rel=\"canonical\" href=\"https:\/\/www.muensterschule-hof.de\/wordpress\/willkommenstag-nach-der-vorstellung-kommt-die-anstellung\/\" \/>\n<meta property=\"og:locale\" content=\"de_DE\" \/>\n<meta property=\"og:type\" content=\"article\" \/>\n<meta property=\"og:title\" content=\"Willkommenstag \u2013 Nach der Vorstellung kommt die Anstellung\u00a0 - M\u00fcnsterschule\" \/>\n<meta property=\"og:description\" content=\"Wie geht es nach dem Abschluss mit mir weiter? Was w\u00e4re der&nbsp;richtige Beruf f\u00fcr mich? Und worin bin ich eigentlich gut?&nbsp;&nbsp; Die Zukunft eines jeden Sch\u00fclers wirft noch viele Fragen auf. Einige davon konnten aber ganz gewiss&nbsp;beim Willkommenstag&nbsp;am 11. Februar gekl\u00e4rt werden. Denn die M\u00fcnsterschule lud insgesamt acht Betriebe aus der Region ein, die sich&hellip;&nbsp;Weiterlesen &raquo;Willkommenstag \u2013 Nach der Vorstellung kommt die Anstellung\u00a0\" \/>\n<meta property=\"og:url\" content=\"https:\/\/www.muensterschule-hof.de\/wordpress\/willkommenstag-nach-der-vorstellung-kommt-die-anstellung\/\" \/>\n<meta property=\"og:site_name\" content=\"M\u00fcnsterschule\" \/>\n<meta property=\"article:published_time\" content=\"2026-02-19T22:00:44+00:00\" \/>\n<meta property=\"article:modified_time\" content=\"2026-02-19T22:00:48+00:00\" \/>\n<meta property=\"og:image\" content=\"https:\/\/www.muensterschule-hof.de\/wordpress\/wp-content\/uploads\/2026\/02\/Bildschirmfoto-2026-02-19-um-23.10.38.png\" \/>\n\t<meta property=\"og:image:width\" content=\"866\" \/>\n\t<meta property=\"og:image:height\" content=\"710\" \/>\n\t<meta property=\"og:image:type\" content=\"image\/png\" \/>\n<meta name=\"author\" content=\"wpadmin\" \/>\n<meta name=\"twitter:card\" content=\"summary_large_image\" \/>\n<meta name=\"twitter:label1\" content=\"Verfasst von\" \/>\n\t<meta name=\"twitter:data1\" content=\"wpadmin\" \/>\n\t<meta name=\"twitter:label2\" content=\"Gesch\u00e4tzte Lesezeit\" \/>\n\t<meta name=\"twitter:data2\" content=\"4\u00a0Minuten\" \/>\n<script type=\"application\/ld+json\" class=\"yoast-schema-graph\">{\"@context\":\"https:\\\/\\\/schema.org\",\"@graph\":[{\"@type\":\"Article\",\"@id\":\"https:\\\/\\\/www.muensterschule-hof.de\\\/wordpress\\\/willkommenstag-nach-der-vorstellung-kommt-die-anstellung\\\/#article\",\"isPartOf\":{\"@id\":\"https:\\\/\\\/www.muensterschule-hof.de\\\/wordpress\\\/willkommenstag-nach-der-vorstellung-kommt-die-anstellung\\\/\"},\"author\":{\"name\":\"wpadmin\",\"@id\":\"https:\\\/\\\/www.muensterschule-hof.de\\\/wordpress\\\/#\\\/schema\\\/person\\\/de58534e4cef400557500dff7aaa25b0\"},\"headline\":\"Willkommenstag \u2013 Nach der Vorstellung kommt die Anstellung\u00a0\",\"datePublished\":\"2026-02-19T22:00:44+00:00\",\"dateModified\":\"2026-02-19T22:00:48+00:00\",\"mainEntityOfPage\":{\"@id\":\"https:\\\/\\\/www.muensterschule-hof.de\\\/wordpress\\\/willkommenstag-nach-der-vorstellung-kommt-die-anstellung\\\/\"},\"wordCount\":587,\"publisher\":{\"@id\":\"https:\\\/\\\/www.muensterschule-hof.de\\\/wordpress\\\/#organization\"},\"image\":{\"@id\":\"https:\\\/\\\/www.muensterschule-hof.de\\\/wordpress\\\/willkommenstag-nach-der-vorstellung-kommt-die-anstellung\\\/#primaryimage\"},\"thumbnailUrl\":\"https:\\\/\\\/www.muensterschule-hof.de\\\/wordpress\\\/wp-content\\\/uploads\\\/2026\\\/02\\\/Bildschirmfoto-2026-02-19-um-23.10.38.png\",\"articleSection\":[\"Aktuelles\"],\"inLanguage\":\"de\"},{\"@type\":\"WebPage\",\"@id\":\"https:\\\/\\\/www.muensterschule-hof.de\\\/wordpress\\\/willkommenstag-nach-der-vorstellung-kommt-die-anstellung\\\/\",\"url\":\"https:\\\/\\\/www.muensterschule-hof.de\\\/wordpress\\\/willkommenstag-nach-der-vorstellung-kommt-die-anstellung\\\/\",\"name\":\"Willkommenstag \u2013 Nach der Vorstellung kommt die Anstellung\u00a0 - M\u00fcnsterschule\",\"isPartOf\":{\"@id\":\"https:\\\/\\\/www.muensterschule-hof.de\\\/wordpress\\\/#website\"},\"primaryImageOfPage\":{\"@id\":\"https:\\\/\\\/www.muensterschule-hof.de\\\/wordpress\\\/willkommenstag-nach-der-vorstellung-kommt-die-anstellung\\\/#primaryimage\"},\"image\":{\"@id\":\"https:\\\/\\\/www.muensterschule-hof.de\\\/wordpress\\\/willkommenstag-nach-der-vorstellung-kommt-die-anstellung\\\/#primaryimage\"},\"thumbnailUrl\":\"https:\\\/\\\/www.muensterschule-hof.de\\\/wordpress\\\/wp-content\\\/uploads\\\/2026\\\/02\\\/Bildschirmfoto-2026-02-19-um-23.10.38.png\",\"datePublished\":\"2026-02-19T22:00:44+00:00\",\"dateModified\":\"2026-02-19T22:00:48+00:00\",\"breadcrumb\":{\"@id\":\"https:\\\/\\\/www.muensterschule-hof.de\\\/wordpress\\\/willkommenstag-nach-der-vorstellung-kommt-die-anstellung\\\/#breadcrumb\"},\"inLanguage\":\"de\",\"potentialAction\":[{\"@type\":\"ReadAction\",\"target\":[\"https:\\\/\\\/www.muensterschule-hof.de\\\/wordpress\\\/willkommenstag-nach-der-vorstellung-kommt-die-anstellung\\\/\"]}]},{\"@type\":\"ImageObject\",\"inLanguage\":\"de\",\"@id\":\"https:\\\/\\\/www.muensterschule-hof.de\\\/wordpress\\\/willkommenstag-nach-der-vorstellung-kommt-die-anstellung\\\/#primaryimage\",\"url\":\"https:\\\/\\\/www.muensterschule-hof.de\\\/wordpress\\\/wp-content\\\/uploads\\\/2026\\\/02\\\/Bildschirmfoto-2026-02-19-um-23.10.38.png\",\"contentUrl\":\"https:\\\/\\\/www.muensterschule-hof.de\\\/wordpress\\\/wp-content\\\/uploads\\\/2026\\\/02\\\/Bildschirmfoto-2026-02-19-um-23.10.38.png\",\"width\":866,\"height\":710},{\"@type\":\"BreadcrumbList\",\"@id\":\"https:\\\/\\\/www.muensterschule-hof.de\\\/wordpress\\\/willkommenstag-nach-der-vorstellung-kommt-die-anstellung\\\/#breadcrumb\",\"itemListElement\":[{\"@type\":\"ListItem\",\"position\":1,\"name\":\"Startseite\",\"item\":\"https:\\\/\\\/www.muensterschule-hof.de\\\/wordpress\\\/\"},{\"@type\":\"ListItem\",\"position\":2,\"name\":\"Willkommenstag \u2013 Nach der Vorstellung kommt die Anstellung\u00a0\"}]},{\"@type\":\"WebSite\",\"@id\":\"https:\\\/\\\/www.muensterschule-hof.de\\\/wordpress\\\/#website\",\"url\":\"https:\\\/\\\/www.muensterschule-hof.de\\\/wordpress\\\/\",\"name\":\"M\u00fcnsterschule\",\"description\":\"Deine Mittelschule in Hof\",\"publisher\":{\"@id\":\"https:\\\/\\\/www.muensterschule-hof.de\\\/wordpress\\\/#organization\"},\"alternateName\":\"MMS Hof\",\"potentialAction\":[{\"@type\":\"SearchAction\",\"target\":{\"@type\":\"EntryPoint\",\"urlTemplate\":\"https:\\\/\\\/www.muensterschule-hof.de\\\/wordpress\\\/?s={search_term_string}\"},\"query-input\":{\"@type\":\"PropertyValueSpecification\",\"valueRequired\":true,\"valueName\":\"search_term_string\"}}],\"inLanguage\":\"de\"},{\"@type\":\"Organization\",\"@id\":\"https:\\\/\\\/www.muensterschule-hof.de\\\/wordpress\\\/#organization\",\"name\":\"M\u00fcnster-Mittelschule Hof\",\"alternateName\":\"MMS Hof\",\"url\":\"https:\\\/\\\/www.muensterschule-hof.de\\\/wordpress\\\/\",\"logo\":{\"@type\":\"ImageObject\",\"inLanguage\":\"de\",\"@id\":\"https:\\\/\\\/www.muensterschule-hof.de\\\/wordpress\\\/#\\\/schema\\\/logo\\\/image\\\/\",\"url\":\"https:\\\/\\\/www.muensterschule-hof.de\\\/wordpress\\\/wp-content\\\/uploads\\\/2018\\\/05\\\/cropped-MMS-Hof-final-1.png\",\"contentUrl\":\"https:\\\/\\\/www.muensterschule-hof.de\\\/wordpress\\\/wp-content\\\/uploads\\\/2018\\\/05\\\/cropped-MMS-Hof-final-1.png\",\"width\":512,\"height\":512,\"caption\":\"M\u00fcnster-Mittelschule Hof\"},\"image\":{\"@id\":\"https:\\\/\\\/www.muensterschule-hof.de\\\/wordpress\\\/#\\\/schema\\\/logo\\\/image\\\/\"}},{\"@type\":\"Person\",\"@id\":\"https:\\\/\\\/www.muensterschule-hof.de\\\/wordpress\\\/#\\\/schema\\\/person\\\/de58534e4cef400557500dff7aaa25b0\",\"name\":\"wpadmin\",\"image\":{\"@type\":\"ImageObject\",\"inLanguage\":\"de\",\"@id\":\"https:\\\/\\\/secure.gravatar.com\\\/avatar\\\/d9cd22045d4ad9ac54235e981c866f9317666429d45f49a3dc409314ab7be359?s=96&d=mm&r=g\",\"url\":\"https:\\\/\\\/secure.gravatar.com\\\/avatar\\\/d9cd22045d4ad9ac54235e981c866f9317666429d45f49a3dc409314ab7be359?s=96&d=mm&r=g\",\"contentUrl\":\"https:\\\/\\\/secure.gravatar.com\\\/avatar\\\/d9cd22045d4ad9ac54235e981c866f9317666429d45f49a3dc409314ab7be359?s=96&d=mm&r=g\",\"caption\":\"wpadmin\"},\"url\":\"https:\\\/\\\/www.muensterschule-hof.de\\\/wordpress\\\/author\\\/wpadmin\\\/\"}]}<\/script>\n<!-- \/ Yoast SEO plugin. -->","yoast_head_json":{"title":"Willkommenstag \u2013 Nach der Vorstellung kommt die Anstellung\u00a0 - M\u00fcnsterschule","robots":{"index":"index","follow":"follow","max-snippet":"max-snippet:-1","max-image-preview":"max-image-preview:large","max-video-preview":"max-video-preview:-1"},"canonical":"https:\/\/www.muensterschule-hof.de\/wordpress\/willkommenstag-nach-der-vorstellung-kommt-die-anstellung\/","og_locale":"de_DE","og_type":"article","og_title":"Willkommenstag \u2013 Nach der Vorstellung kommt die Anstellung\u00a0 - M\u00fcnsterschule","og_description":"Wie geht es nach dem Abschluss mit mir weiter? Was w\u00e4re der&nbsp;richtige Beruf f\u00fcr mich? Und worin bin ich eigentlich gut?&nbsp;&nbsp; Die Zukunft eines jeden Sch\u00fclers wirft noch viele Fragen auf. Einige davon konnten aber ganz gewiss&nbsp;beim Willkommenstag&nbsp;am 11. Februar gekl\u00e4rt werden. Denn die M\u00fcnsterschule lud insgesamt acht Betriebe aus der Region ein, die sich&hellip;&nbsp;Weiterlesen &raquo;Willkommenstag \u2013 Nach der Vorstellung kommt die Anstellung\u00a0","og_url":"https:\/\/www.muensterschule-hof.de\/wordpress\/willkommenstag-nach-der-vorstellung-kommt-die-anstellung\/","og_site_name":"M\u00fcnsterschule","article_published_time":"2026-02-19T22:00:44+00:00","article_modified_time":"2026-02-19T22:00:48+00:00","og_image":[{"width":866,"height":710,"url":"https:\/\/www.muensterschule-hof.de\/wordpress\/wp-content\/uploads\/2026\/02\/Bildschirmfoto-2026-02-19-um-23.10.38.png","type":"image\/png"}],"author":"wpadmin","twitter_card":"summary_large_image","twitter_misc":{"Verfasst von":"wpadmin","Gesch\u00e4tzte Lesezeit":"4\u00a0Minuten"},"schema":{"@context":"https:\/\/schema.org","@graph":[{"@type":"Article","@id":"https:\/\/www.muensterschule-hof.de\/wordpress\/willkommenstag-nach-der-vorstellung-kommt-die-anstellung\/#article","isPartOf":{"@id":"https:\/\/www.muensterschule-hof.de\/wordpress\/willkommenstag-nach-der-vorstellung-kommt-die-anstellung\/"},"author":{"name":"wpadmin","@id":"https:\/\/www.muensterschule-hof.de\/wordpress\/#\/schema\/person\/de58534e4cef400557500dff7aaa25b0"},"headline":"Willkommenstag \u2013 Nach der Vorstellung kommt die Anstellung\u00a0","datePublished":"2026-02-19T22:00:44+00:00","dateModified":"2026-02-19T22:00:48+00:00","mainEntityOfPage":{"@id":"https:\/\/www.muensterschule-hof.de\/wordpress\/willkommenstag-nach-der-vorstellung-kommt-die-anstellung\/"},"wordCount":587,"publisher":{"@id":"https:\/\/www.muensterschule-hof.de\/wordpress\/#organization"},"image":{"@id":"https:\/\/www.muensterschule-hof.de\/wordpress\/willkommenstag-nach-der-vorstellung-kommt-die-anstellung\/#primaryimage"},"thumbnailUrl":"https:\/\/www.muensterschule-hof.de\/wordpress\/wp-content\/uploads\/2026\/02\/Bildschirmfoto-2026-02-19-um-23.10.38.png","articleSection":["Aktuelles"],"inLanguage":"de"},{"@type":"WebPage","@id":"https:\/\/www.muensterschule-hof.de\/wordpress\/willkommenstag-nach-der-vorstellung-kommt-die-anstellung\/","url":"https:\/\/www.muensterschule-hof.de\/wordpress\/willkommenstag-nach-der-vorstellung-kommt-die-anstellung\/","name":"Willkommenstag \u2013 Nach der Vorstellung kommt die Anstellung\u00a0 - M\u00fcnsterschule","isPartOf":{"@id":"https:\/\/www.muensterschule-hof.de\/wordpress\/#website"},"primaryImageOfPage":{"@id":"https:\/\/www.muensterschule-hof.de\/wordpress\/willkommenstag-nach-der-vorstellung-kommt-die-anstellung\/#primaryimage"},"image":{"@id":"https:\/\/www.muensterschule-hof.de\/wordpress\/willkommenstag-nach-der-vorstellung-kommt-die-anstellung\/#primaryimage"},"thumbnailUrl":"https:\/\/www.muensterschule-hof.de\/wordpress\/wp-content\/uploads\/2026\/02\/Bildschirmfoto-2026-02-19-um-23.10.38.png","datePublished":"2026-02-19T22:00:44+00:00","dateModified":"2026-02-19T22:00:48+00:00","breadcrumb":{"@id":"https:\/\/www.muensterschule-hof.de\/wordpress\/willkommenstag-nach-der-vorstellung-kommt-die-anstellung\/#breadcrumb"},"inLanguage":"de","potentialAction":[{"@type":"ReadAction","target":["https:\/\/www.muensterschule-hof.de\/wordpress\/willkommenstag-nach-der-vorstellung-kommt-die-anstellung\/"]}]},{"@type":"ImageObject","inLanguage":"de","@id":"https:\/\/www.muensterschule-hof.de\/wordpress\/willkommenstag-nach-der-vorstellung-kommt-die-anstellung\/#primaryimage","url":"https:\/\/www.muensterschule-hof.de\/wordpress\/wp-content\/uploads\/2026\/02\/Bildschirmfoto-2026-02-19-um-23.10.38.png","contentUrl":"https:\/\/www.muensterschule-hof.de\/wordpress\/wp-content\/uploads\/2026\/02\/Bildschirmfoto-2026-02-19-um-23.10.38.png","width":866,"height":710},{"@type":"BreadcrumbList","@id":"https:\/\/www.muensterschule-hof.de\/wordpress\/willkommenstag-nach-der-vorstellung-kommt-die-anstellung\/#breadcrumb","itemListElement":[{"@type":"ListItem","position":1,"name":"Startseite","item":"https:\/\/www.muensterschule-hof.de\/wordpress\/"},{"@type":"ListItem","position":2,"name":"Willkommenstag \u2013 Nach der Vorstellung kommt die Anstellung\u00a0"}]},{"@type":"WebSite","@id":"https:\/\/www.muensterschule-hof.de\/wordpress\/#website","url":"https:\/\/www.muensterschule-hof.de\/wordpress\/","name":"M\u00fcnsterschule","description":"Deine Mittelschule in Hof","publisher":{"@id":"https:\/\/www.muensterschule-hof.de\/wordpress\/#organization"},"alternateName":"MMS Hof","potentialAction":[{"@type":"SearchAction","target":{"@type":"EntryPoint","urlTemplate":"https:\/\/www.muensterschule-hof.de\/wordpress\/?s={search_term_string}"},"query-input":{"@type":"PropertyValueSpecification","valueRequired":true,"valueName":"search_term_string"}}],"inLanguage":"de"},{"@type":"Organization","@id":"https:\/\/www.muensterschule-hof.de\/wordpress\/#organization","name":"M\u00fcnster-Mittelschule Hof","alternateName":"MMS Hof","url":"https:\/\/www.muensterschule-hof.de\/wordpress\/","logo":{"@type":"ImageObject","inLanguage":"de","@id":"https:\/\/www.muensterschule-hof.de\/wordpress\/#\/schema\/logo\/image\/","url":"https:\/\/www.muensterschule-hof.de\/wordpress\/wp-content\/uploads\/2018\/05\/cropped-MMS-Hof-final-1.png","contentUrl":"https:\/\/www.muensterschule-hof.de\/wordpress\/wp-content\/uploads\/2018\/05\/cropped-MMS-Hof-final-1.png","width":512,"height":512,"caption":"M\u00fcnster-Mittelschule Hof"},"image":{"@id":"https:\/\/www.muensterschule-hof.de\/wordpress\/#\/schema\/logo\/image\/"}},{"@type":"Person","@id":"https:\/\/www.muensterschule-hof.de\/wordpress\/#\/schema\/person\/de58534e4cef400557500dff7aaa25b0","name":"wpadmin","image":{"@type":"ImageObject","inLanguage":"de","@id":"https:\/\/secure.gravatar.com\/avatar\/d9cd22045d4ad9ac54235e981c866f9317666429d45f49a3dc409314ab7be359?s=96&d=mm&r=g","url":"https:\/\/secure.gravatar.com\/avatar\/d9cd22045d4ad9ac54235e981c866f9317666429d45f49a3dc409314ab7be359?s=96&d=mm&r=g","contentUrl":"https:\/\/secure.gravatar.com\/avatar\/d9cd22045d4ad9ac54235e981c866f9317666429d45f49a3dc409314ab7be359?s=96&d=mm&r=g","caption":"wpadmin"},"url":"https:\/\/www.muensterschule-hof.de\/wordpress\/author\/wpadmin\/"}]}},"_links":{"self":[{"href":"https:\/\/www.muensterschule-hof.de\/wordpress\/wp-json\/wp\/v2\/posts\/4371","targetHints":{"allow":["GET"]}}],"collection":[{"href":"https:\/\/www.muensterschule-hof.de\/wordpress\/wp-json\/wp\/v2\/posts"}],"about":[{"href":"https:\/\/www.muensterschule-hof.de\/wordpress\/wp-json\/wp\/v2\/types\/post"}],"author":[{"embeddable":true,"href":"https:\/\/www.muensterschule-hof.de\/wordpress\/wp-json\/wp\/v2\/users\/1"}],"replies":[{"embeddable":true,"href":"https:\/\/www.muensterschule-hof.de\/wordpress\/wp-json\/wp\/v2\/comments?post=4371"}],"version-history":[{"count":1,"href":"https:\/\/www.muensterschule-hof.de\/wordpress\/wp-json\/wp\/v2\/posts\/4371\/revisions"}],"predecessor-version":[{"id":4374,"href":"https:\/\/www.muensterschule-hof.de\/wordpress\/wp-json\/wp\/v2\/posts\/4371\/revisions\/4374"}],"wp:featuredmedia":[{"embeddable":true,"href":"https:\/\/www.muensterschule-hof.de\/wordpress\/wp-json\/wp\/v2\/media\/4372"}],"wp:attachment":[{"href":"https:\/\/www.muensterschule-hof.de\/wordpress\/wp-json\/wp\/v2\/media?parent=4371"}],"wp:term":[{"taxonomy":"category","embeddable":true,"href":"https:\/\/www.muensterschule-hof.de\/wordpress\/wp-json\/wp\/v2\/categories?post=4371"},{"taxonomy":"post_tag","embeddable":true,"href":"https:\/\/www.muensterschule-hof.de\/wordpress\/wp-json\/wp\/v2\/tags?post=4371"}],"curies":[{"name":"wp","href":"https:\/\/api.w.org\/{rel}","templated":true}]}}