{"id":4392,"date":"2026-03-09T11:39:53","date_gmt":"2026-03-09T11:39:53","guid":{"rendered":"https:\/\/www.muensterschule-hof.de\/wordpress\/?p=4392"},"modified":"2026-03-09T11:40:34","modified_gmt":"2026-03-09T11:40:34","slug":"spendenaktion-fuer-die-hofer-tafel","status":"publish","type":"post","link":"https:\/\/www.muensterschule-hof.de\/wordpress\/spendenaktion-fuer-die-hofer-tafel\/","title":{"rendered":"Spendenaktion f\u00fcr die Hofer Tafel"},"content":{"rendered":"\n<p>Liebe Eltern, liebe Sch\u00fclerinnen und Sch\u00fcler,<\/p>\n\n\n\n<p>auch in diesem Jahr m\u00f6chten wir als Schulgemeinschaft wieder eine Spendenaktion zugunsten der\u00a0<strong>Hofer Tafel<\/strong> durchf\u00fchren. Ziel der Aktion ist es, bed\u00fcrftige Menschen in unserer Region zu unterst\u00fctzen.<\/p>\n\n\n\n<p>Wir w\u00fcrden uns sehr freuen, wenn Sie sich an dieser Aktion beteiligen und Ihrem Kind Lebensmittel mit in die Schule geben, die Sie zu Hause entbehren k\u00f6nnen. Die Spenden werden\u00a0<strong>bis zum 23. M\u00e4rz im Klassenzimmer der 6b (Flachbau rechts 3)<\/strong>gesammelt und anschlie\u00dfend an die Hofer Tafel \u00fcbergeben.<\/p>\n\n\n\n<p>Besonders geeignet sind haltbare Lebensmittel, zum Beispiel:<\/p>\n\n\n\n<ul class=\"wp-block-list\">\n<li>P\u00e4ckchen Nudeln, Reis, Kartoffelp\u00fcree etc.<\/li>\n\n\n\n<li>Konservendosen aller Art<\/li>\n\n\n\n<li>T\u00fctenso\u00dfen, Puddingpulver, Milchreis, Teebeutel etc.<\/li>\n\n\n\n<li>S\u00fc\u00dfigkeiten aller Art (z. B. Schokohasen, Schokoeier, Gummib\u00e4rchen usw.)<\/li>\n\n\n\n<li>Tetrapaks und Getr\u00e4nkeflaschen (Milch, S\u00e4fte, Eistee, Wasser, Softdrinks \u2026)<\/li>\n\n\n\n<li>Knabberartikel (Kn\u00e4ckebrot, Chips, N\u00fcsse, Salzst\u00e4ngchen \u2026)<\/li>\n\n\n\n<li>und vieles mehr.<\/li>\n<\/ul>\n\n\n\n<p>Bitte achten Sie darauf, dass alle Lebensmittel&nbsp;<strong>unge\u00f6ffnet, haltbar und nicht verderblich<\/strong>&nbsp;sind.<\/p>\n\n\n\n<p>Wir bedanken uns schon jetzt herzlich f\u00fcr Ihre Unterst\u00fctzung und Ihr Engagement!<\/p>\n\n\n\n<p>Herzliche Gr\u00fc\u00dfe<br><strong>Frau Fichtner und die Klasse 6b<\/strong><\/p>\n\n\n\n<p>Image by <a href=\"https:\/\/safesearch.pixabay.com\/users\/giant_bilker0-632843\/?utm_source=link-attribution&amp;utm_medium=referral&amp;utm_campaign=image&amp;utm_content=559892\">giant_bilker0<\/a> from <a href=\"https:\/\/safesearch.pixabay.com\/\/?utm_source=link-attribution&amp;utm_medium=referral&amp;utm_campaign=image&amp;utm_content=559892\">Pixabay<\/a><\/p>\n\n\n\n<p><\/p>\n","protected":false},"excerpt":{"rendered":"<p>Liebe Eltern, liebe Sch\u00fclerinnen und Sch\u00fcler, auch in diesem Jahr m\u00f6chten wir als Schulgemeinschaft wieder eine Spendenaktion zugunsten der\u00a0Hofer Tafel durchf\u00fchren. Ziel der Aktion ist es, bed\u00fcrftige Menschen in unserer Region zu unterst\u00fctzen. Wir w\u00fcrden uns sehr freuen, wenn Sie sich an dieser Aktion beteiligen und Ihrem Kind Lebensmittel mit in die Schule geben, die&hellip;&nbsp;<a href=\"https:\/\/www.muensterschule-hof.de\/wordpress\/spendenaktion-fuer-die-hofer-tafel\/\" rel=\"bookmark\">Weiterlesen &raquo;<span class=\"screen-reader-text\">Spendenaktion f\u00fcr die Hofer Tafel<\/span><\/a><\/p>\n","protected":false},"author":1,"featured_media":4393,"comment_status":"closed","ping_status":"closed","sticky":false,"template":"","format":"standard","meta":{"neve_meta_sidebar":"","neve_meta_container":"","neve_meta_enable_content_width":"","neve_meta_content_width":0,"neve_meta_title_alignment":"","neve_meta_author_avatar":"","neve_post_elements_order":"","neve_meta_disable_header":"","neve_meta_disable_footer":"","neve_meta_disable_title":"","footnotes":""},"categories":[1],"tags":[],"class_list":["post-4392","post","type-post","status-publish","format-standard","has-post-thumbnail","hentry","category-uncategorized"],"yoast_head":"<!-- This site is optimized with the Yoast SEO plugin v27.4 - https:\/\/yoast.com\/product\/yoast-seo-wordpress\/ -->\n<title>Spendenaktion f\u00fcr die Hofer Tafel - M\u00fcnsterschule<\/title>\n<meta name=\"robots\" content=\"index, follow, max-snippet:-1, max-image-preview:large, max-video-preview:-1\" \/>\n<link rel=\"canonical\" href=\"https:\/\/www.muensterschule-hof.de\/wordpress\/spendenaktion-fuer-die-hofer-tafel\/\" \/>\n<meta property=\"og:locale\" content=\"de_DE\" \/>\n<meta property=\"og:type\" content=\"article\" \/>\n<meta property=\"og:title\" content=\"Spendenaktion f\u00fcr die Hofer Tafel - M\u00fcnsterschule\" \/>\n<meta property=\"og:description\" content=\"Liebe Eltern, liebe Sch\u00fclerinnen und Sch\u00fcler, auch in diesem Jahr m\u00f6chten wir als Schulgemeinschaft wieder eine Spendenaktion zugunsten der\u00a0Hofer Tafel durchf\u00fchren. Ziel der Aktion ist es, bed\u00fcrftige Menschen in unserer Region zu unterst\u00fctzen. Wir w\u00fcrden uns sehr freuen, wenn Sie sich an dieser Aktion beteiligen und Ihrem Kind Lebensmittel mit in die Schule geben, die&hellip;&nbsp;Weiterlesen &raquo;Spendenaktion f\u00fcr die Hofer Tafel\" \/>\n<meta property=\"og:url\" content=\"https:\/\/www.muensterschule-hof.de\/wordpress\/spendenaktion-fuer-die-hofer-tafel\/\" \/>\n<meta property=\"og:site_name\" content=\"M\u00fcnsterschule\" \/>\n<meta property=\"article:published_time\" content=\"2026-03-09T11:39:53+00:00\" \/>\n<meta property=\"article:modified_time\" content=\"2026-03-09T11:40:34+00:00\" \/>\n<meta property=\"og:image\" content=\"https:\/\/www.muensterschule-hof.de\/wordpress\/wp-content\/uploads\/2026\/03\/giant_bilker0-chicken-559892_640.png\" \/>\n\t<meta property=\"og:image:width\" content=\"640\" \/>\n\t<meta property=\"og:image:height\" content=\"375\" \/>\n\t<meta property=\"og:image:type\" content=\"image\/png\" \/>\n<meta name=\"author\" content=\"wpadmin\" \/>\n<meta name=\"twitter:card\" content=\"summary_large_image\" \/>\n<meta name=\"twitter:label1\" content=\"Verfasst von\" \/>\n\t<meta name=\"twitter:data1\" content=\"wpadmin\" \/>\n\t<meta name=\"twitter:label2\" content=\"Gesch\u00e4tzte Lesezeit\" \/>\n\t<meta name=\"twitter:data2\" content=\"2\u00a0Minuten\" \/>\n<script type=\"application\/ld+json\" class=\"yoast-schema-graph\">{\"@context\":\"https:\\\/\\\/schema.org\",\"@graph\":[{\"@type\":\"Article\",\"@id\":\"https:\\\/\\\/www.muensterschule-hof.de\\\/wordpress\\\/spendenaktion-fuer-die-hofer-tafel\\\/#article\",\"isPartOf\":{\"@id\":\"https:\\\/\\\/www.muensterschule-hof.de\\\/wordpress\\\/spendenaktion-fuer-die-hofer-tafel\\\/\"},\"author\":{\"name\":\"wpadmin\",\"@id\":\"https:\\\/\\\/www.muensterschule-hof.de\\\/wordpress\\\/#\\\/schema\\\/person\\\/de58534e4cef400557500dff7aaa25b0\"},\"headline\":\"Spendenaktion f\u00fcr die Hofer Tafel\",\"datePublished\":\"2026-03-09T11:39:53+00:00\",\"dateModified\":\"2026-03-09T11:40:34+00:00\",\"mainEntityOfPage\":{\"@id\":\"https:\\\/\\\/www.muensterschule-hof.de\\\/wordpress\\\/spendenaktion-fuer-die-hofer-tafel\\\/\"},\"wordCount\":198,\"publisher\":{\"@id\":\"https:\\\/\\\/www.muensterschule-hof.de\\\/wordpress\\\/#organization\"},\"image\":{\"@id\":\"https:\\\/\\\/www.muensterschule-hof.de\\\/wordpress\\\/spendenaktion-fuer-die-hofer-tafel\\\/#primaryimage\"},\"thumbnailUrl\":\"https:\\\/\\\/www.muensterschule-hof.de\\\/wordpress\\\/wp-content\\\/uploads\\\/2026\\\/03\\\/giant_bilker0-chicken-559892_640.png\",\"articleSection\":[\"Uncategorized\"],\"inLanguage\":\"de\"},{\"@type\":\"WebPage\",\"@id\":\"https:\\\/\\\/www.muensterschule-hof.de\\\/wordpress\\\/spendenaktion-fuer-die-hofer-tafel\\\/\",\"url\":\"https:\\\/\\\/www.muensterschule-hof.de\\\/wordpress\\\/spendenaktion-fuer-die-hofer-tafel\\\/\",\"name\":\"Spendenaktion f\u00fcr die Hofer Tafel - M\u00fcnsterschule\",\"isPartOf\":{\"@id\":\"https:\\\/\\\/www.muensterschule-hof.de\\\/wordpress\\\/#website\"},\"primaryImageOfPage\":{\"@id\":\"https:\\\/\\\/www.muensterschule-hof.de\\\/wordpress\\\/spendenaktion-fuer-die-hofer-tafel\\\/#primaryimage\"},\"image\":{\"@id\":\"https:\\\/\\\/www.muensterschule-hof.de\\\/wordpress\\\/spendenaktion-fuer-die-hofer-tafel\\\/#primaryimage\"},\"thumbnailUrl\":\"https:\\\/\\\/www.muensterschule-hof.de\\\/wordpress\\\/wp-content\\\/uploads\\\/2026\\\/03\\\/giant_bilker0-chicken-559892_640.png\",\"datePublished\":\"2026-03-09T11:39:53+00:00\",\"dateModified\":\"2026-03-09T11:40:34+00:00\",\"breadcrumb\":{\"@id\":\"https:\\\/\\\/www.muensterschule-hof.de\\\/wordpress\\\/spendenaktion-fuer-die-hofer-tafel\\\/#breadcrumb\"},\"inLanguage\":\"de\",\"potentialAction\":[{\"@type\":\"ReadAction\",\"target\":[\"https:\\\/\\\/www.muensterschule-hof.de\\\/wordpress\\\/spendenaktion-fuer-die-hofer-tafel\\\/\"]}]},{\"@type\":\"ImageObject\",\"inLanguage\":\"de\",\"@id\":\"https:\\\/\\\/www.muensterschule-hof.de\\\/wordpress\\\/spendenaktion-fuer-die-hofer-tafel\\\/#primaryimage\",\"url\":\"https:\\\/\\\/www.muensterschule-hof.de\\\/wordpress\\\/wp-content\\\/uploads\\\/2026\\\/03\\\/giant_bilker0-chicken-559892_640.png\",\"contentUrl\":\"https:\\\/\\\/www.muensterschule-hof.de\\\/wordpress\\\/wp-content\\\/uploads\\\/2026\\\/03\\\/giant_bilker0-chicken-559892_640.png\",\"width\":640,\"height\":375},{\"@type\":\"BreadcrumbList\",\"@id\":\"https:\\\/\\\/www.muensterschule-hof.de\\\/wordpress\\\/spendenaktion-fuer-die-hofer-tafel\\\/#breadcrumb\",\"itemListElement\":[{\"@type\":\"ListItem\",\"position\":1,\"name\":\"Startseite\",\"item\":\"https:\\\/\\\/www.muensterschule-hof.de\\\/wordpress\\\/\"},{\"@type\":\"ListItem\",\"position\":2,\"name\":\"Spendenaktion f\u00fcr die Hofer Tafel\"}]},{\"@type\":\"WebSite\",\"@id\":\"https:\\\/\\\/www.muensterschule-hof.de\\\/wordpress\\\/#website\",\"url\":\"https:\\\/\\\/www.muensterschule-hof.de\\\/wordpress\\\/\",\"name\":\"M\u00fcnsterschule\",\"description\":\"Deine Mittelschule in Hof\",\"publisher\":{\"@id\":\"https:\\\/\\\/www.muensterschule-hof.de\\\/wordpress\\\/#organization\"},\"alternateName\":\"MMS Hof\",\"potentialAction\":[{\"@type\":\"SearchAction\",\"target\":{\"@type\":\"EntryPoint\",\"urlTemplate\":\"https:\\\/\\\/www.muensterschule-hof.de\\\/wordpress\\\/?s={search_term_string}\"},\"query-input\":{\"@type\":\"PropertyValueSpecification\",\"valueRequired\":true,\"valueName\":\"search_term_string\"}}],\"inLanguage\":\"de\"},{\"@type\":\"Organization\",\"@id\":\"https:\\\/\\\/www.muensterschule-hof.de\\\/wordpress\\\/#organization\",\"name\":\"M\u00fcnster-Mittelschule Hof\",\"alternateName\":\"MMS Hof\",\"url\":\"https:\\\/\\\/www.muensterschule-hof.de\\\/wordpress\\\/\",\"logo\":{\"@type\":\"ImageObject\",\"inLanguage\":\"de\",\"@id\":\"https:\\\/\\\/www.muensterschule-hof.de\\\/wordpress\\\/#\\\/schema\\\/logo\\\/image\\\/\",\"url\":\"https:\\\/\\\/www.muensterschule-hof.de\\\/wordpress\\\/wp-content\\\/uploads\\\/2018\\\/05\\\/cropped-MMS-Hof-final-1.png\",\"contentUrl\":\"https:\\\/\\\/www.muensterschule-hof.de\\\/wordpress\\\/wp-content\\\/uploads\\\/2018\\\/05\\\/cropped-MMS-Hof-final-1.png\",\"width\":512,\"height\":512,\"caption\":\"M\u00fcnster-Mittelschule Hof\"},\"image\":{\"@id\":\"https:\\\/\\\/www.muensterschule-hof.de\\\/wordpress\\\/#\\\/schema\\\/logo\\\/image\\\/\"}},{\"@type\":\"Person\",\"@id\":\"https:\\\/\\\/www.muensterschule-hof.de\\\/wordpress\\\/#\\\/schema\\\/person\\\/de58534e4cef400557500dff7aaa25b0\",\"name\":\"wpadmin\",\"image\":{\"@type\":\"ImageObject\",\"inLanguage\":\"de\",\"@id\":\"https:\\\/\\\/secure.gravatar.com\\\/avatar\\\/d9cd22045d4ad9ac54235e981c866f9317666429d45f49a3dc409314ab7be359?s=96&d=mm&r=g\",\"url\":\"https:\\\/\\\/secure.gravatar.com\\\/avatar\\\/d9cd22045d4ad9ac54235e981c866f9317666429d45f49a3dc409314ab7be359?s=96&d=mm&r=g\",\"contentUrl\":\"https:\\\/\\\/secure.gravatar.com\\\/avatar\\\/d9cd22045d4ad9ac54235e981c866f9317666429d45f49a3dc409314ab7be359?s=96&d=mm&r=g\",\"caption\":\"wpadmin\"},\"url\":\"https:\\\/\\\/www.muensterschule-hof.de\\\/wordpress\\\/author\\\/wpadmin\\\/\"}]}<\/script>\n<!-- \/ Yoast SEO plugin. -->","yoast_head_json":{"title":"Spendenaktion f\u00fcr die Hofer Tafel - M\u00fcnsterschule","robots":{"index":"index","follow":"follow","max-snippet":"max-snippet:-1","max-image-preview":"max-image-preview:large","max-video-preview":"max-video-preview:-1"},"canonical":"https:\/\/www.muensterschule-hof.de\/wordpress\/spendenaktion-fuer-die-hofer-tafel\/","og_locale":"de_DE","og_type":"article","og_title":"Spendenaktion f\u00fcr die Hofer Tafel - M\u00fcnsterschule","og_description":"Liebe Eltern, liebe Sch\u00fclerinnen und Sch\u00fcler, auch in diesem Jahr m\u00f6chten wir als Schulgemeinschaft wieder eine Spendenaktion zugunsten der\u00a0Hofer Tafel durchf\u00fchren. Ziel der Aktion ist es, bed\u00fcrftige Menschen in unserer Region zu unterst\u00fctzen. Wir w\u00fcrden uns sehr freuen, wenn Sie sich an dieser Aktion beteiligen und Ihrem Kind Lebensmittel mit in die Schule geben, die&hellip;&nbsp;Weiterlesen &raquo;Spendenaktion f\u00fcr die Hofer Tafel","og_url":"https:\/\/www.muensterschule-hof.de\/wordpress\/spendenaktion-fuer-die-hofer-tafel\/","og_site_name":"M\u00fcnsterschule","article_published_time":"2026-03-09T11:39:53+00:00","article_modified_time":"2026-03-09T11:40:34+00:00","og_image":[{"width":640,"height":375,"url":"https:\/\/www.muensterschule-hof.de\/wordpress\/wp-content\/uploads\/2026\/03\/giant_bilker0-chicken-559892_640.png","type":"image\/png"}],"author":"wpadmin","twitter_card":"summary_large_image","twitter_misc":{"Verfasst von":"wpadmin","Gesch\u00e4tzte Lesezeit":"2\u00a0Minuten"},"schema":{"@context":"https:\/\/schema.org","@graph":[{"@type":"Article","@id":"https:\/\/www.muensterschule-hof.de\/wordpress\/spendenaktion-fuer-die-hofer-tafel\/#article","isPartOf":{"@id":"https:\/\/www.muensterschule-hof.de\/wordpress\/spendenaktion-fuer-die-hofer-tafel\/"},"author":{"name":"wpadmin","@id":"https:\/\/www.muensterschule-hof.de\/wordpress\/#\/schema\/person\/de58534e4cef400557500dff7aaa25b0"},"headline":"Spendenaktion f\u00fcr die Hofer Tafel","datePublished":"2026-03-09T11:39:53+00:00","dateModified":"2026-03-09T11:40:34+00:00","mainEntityOfPage":{"@id":"https:\/\/www.muensterschule-hof.de\/wordpress\/spendenaktion-fuer-die-hofer-tafel\/"},"wordCount":198,"publisher":{"@id":"https:\/\/www.muensterschule-hof.de\/wordpress\/#organization"},"image":{"@id":"https:\/\/www.muensterschule-hof.de\/wordpress\/spendenaktion-fuer-die-hofer-tafel\/#primaryimage"},"thumbnailUrl":"https:\/\/www.muensterschule-hof.de\/wordpress\/wp-content\/uploads\/2026\/03\/giant_bilker0-chicken-559892_640.png","articleSection":["Uncategorized"],"inLanguage":"de"},{"@type":"WebPage","@id":"https:\/\/www.muensterschule-hof.de\/wordpress\/spendenaktion-fuer-die-hofer-tafel\/","url":"https:\/\/www.muensterschule-hof.de\/wordpress\/spendenaktion-fuer-die-hofer-tafel\/","name":"Spendenaktion f\u00fcr die Hofer Tafel - M\u00fcnsterschule","isPartOf":{"@id":"https:\/\/www.muensterschule-hof.de\/wordpress\/#website"},"primaryImageOfPage":{"@id":"https:\/\/www.muensterschule-hof.de\/wordpress\/spendenaktion-fuer-die-hofer-tafel\/#primaryimage"},"image":{"@id":"https:\/\/www.muensterschule-hof.de\/wordpress\/spendenaktion-fuer-die-hofer-tafel\/#primaryimage"},"thumbnailUrl":"https:\/\/www.muensterschule-hof.de\/wordpress\/wp-content\/uploads\/2026\/03\/giant_bilker0-chicken-559892_640.png","datePublished":"2026-03-09T11:39:53+00:00","dateModified":"2026-03-09T11:40:34+00:00","breadcrumb":{"@id":"https:\/\/www.muensterschule-hof.de\/wordpress\/spendenaktion-fuer-die-hofer-tafel\/#breadcrumb"},"inLanguage":"de","potentialAction":[{"@type":"ReadAction","target":["https:\/\/www.muensterschule-hof.de\/wordpress\/spendenaktion-fuer-die-hofer-tafel\/"]}]},{"@type":"ImageObject","inLanguage":"de","@id":"https:\/\/www.muensterschule-hof.de\/wordpress\/spendenaktion-fuer-die-hofer-tafel\/#primaryimage","url":"https:\/\/www.muensterschule-hof.de\/wordpress\/wp-content\/uploads\/2026\/03\/giant_bilker0-chicken-559892_640.png","contentUrl":"https:\/\/www.muensterschule-hof.de\/wordpress\/wp-content\/uploads\/2026\/03\/giant_bilker0-chicken-559892_640.png","width":640,"height":375},{"@type":"BreadcrumbList","@id":"https:\/\/www.muensterschule-hof.de\/wordpress\/spendenaktion-fuer-die-hofer-tafel\/#breadcrumb","itemListElement":[{"@type":"ListItem","position":1,"name":"Startseite","item":"https:\/\/www.muensterschule-hof.de\/wordpress\/"},{"@type":"ListItem","position":2,"name":"Spendenaktion f\u00fcr die Hofer Tafel"}]},{"@type":"WebSite","@id":"https:\/\/www.muensterschule-hof.de\/wordpress\/#website","url":"https:\/\/www.muensterschule-hof.de\/wordpress\/","name":"M\u00fcnsterschule","description":"Deine Mittelschule in Hof","publisher":{"@id":"https:\/\/www.muensterschule-hof.de\/wordpress\/#organization"},"alternateName":"MMS Hof","potentialAction":[{"@type":"SearchAction","target":{"@type":"EntryPoint","urlTemplate":"https:\/\/www.muensterschule-hof.de\/wordpress\/?s={search_term_string}"},"query-input":{"@type":"PropertyValueSpecification","valueRequired":true,"valueName":"search_term_string"}}],"inLanguage":"de"},{"@type":"Organization","@id":"https:\/\/www.muensterschule-hof.de\/wordpress\/#organization","name":"M\u00fcnster-Mittelschule Hof","alternateName":"MMS Hof","url":"https:\/\/www.muensterschule-hof.de\/wordpress\/","logo":{"@type":"ImageObject","inLanguage":"de","@id":"https:\/\/www.muensterschule-hof.de\/wordpress\/#\/schema\/logo\/image\/","url":"https:\/\/www.muensterschule-hof.de\/wordpress\/wp-content\/uploads\/2018\/05\/cropped-MMS-Hof-final-1.png","contentUrl":"https:\/\/www.muensterschule-hof.de\/wordpress\/wp-content\/uploads\/2018\/05\/cropped-MMS-Hof-final-1.png","width":512,"height":512,"caption":"M\u00fcnster-Mittelschule Hof"},"image":{"@id":"https:\/\/www.muensterschule-hof.de\/wordpress\/#\/schema\/logo\/image\/"}},{"@type":"Person","@id":"https:\/\/www.muensterschule-hof.de\/wordpress\/#\/schema\/person\/de58534e4cef400557500dff7aaa25b0","name":"wpadmin","image":{"@type":"ImageObject","inLanguage":"de","@id":"https:\/\/secure.gravatar.com\/avatar\/d9cd22045d4ad9ac54235e981c866f9317666429d45f49a3dc409314ab7be359?s=96&d=mm&r=g","url":"https:\/\/secure.gravatar.com\/avatar\/d9cd22045d4ad9ac54235e981c866f9317666429d45f49a3dc409314ab7be359?s=96&d=mm&r=g","contentUrl":"https:\/\/secure.gravatar.com\/avatar\/d9cd22045d4ad9ac54235e981c866f9317666429d45f49a3dc409314ab7be359?s=96&d=mm&r=g","caption":"wpadmin"},"url":"https:\/\/www.muensterschule-hof.de\/wordpress\/author\/wpadmin\/"}]}},"_links":{"self":[{"href":"https:\/\/www.muensterschule-hof.de\/wordpress\/wp-json\/wp\/v2\/posts\/4392","targetHints":{"allow":["GET"]}}],"collection":[{"href":"https:\/\/www.muensterschule-hof.de\/wordpress\/wp-json\/wp\/v2\/posts"}],"about":[{"href":"https:\/\/www.muensterschule-hof.de\/wordpress\/wp-json\/wp\/v2\/types\/post"}],"author":[{"embeddable":true,"href":"https:\/\/www.muensterschule-hof.de\/wordpress\/wp-json\/wp\/v2\/users\/1"}],"replies":[{"embeddable":true,"href":"https:\/\/www.muensterschule-hof.de\/wordpress\/wp-json\/wp\/v2\/comments?post=4392"}],"version-history":[{"count":2,"href":"https:\/\/www.muensterschule-hof.de\/wordpress\/wp-json\/wp\/v2\/posts\/4392\/revisions"}],"predecessor-version":[{"id":4395,"href":"https:\/\/www.muensterschule-hof.de\/wordpress\/wp-json\/wp\/v2\/posts\/4392\/revisions\/4395"}],"wp:featuredmedia":[{"embeddable":true,"href":"https:\/\/www.muensterschule-hof.de\/wordpress\/wp-json\/wp\/v2\/media\/4393"}],"wp:attachment":[{"href":"https:\/\/www.muensterschule-hof.de\/wordpress\/wp-json\/wp\/v2\/media?parent=4392"}],"wp:term":[{"taxonomy":"category","embeddable":true,"href":"https:\/\/www.muensterschule-hof.de\/wordpress\/wp-json\/wp\/v2\/categories?post=4392"},{"taxonomy":"post_tag","embeddable":true,"href":"https:\/\/www.muensterschule-hof.de\/wordpress\/wp-json\/wp\/v2\/tags?post=4392"}],"curies":[{"name":"wp","href":"https:\/\/api.w.org\/{rel}","templated":true}]}}