{"id":4407,"date":"2026-03-11T08:01:53","date_gmt":"2026-03-11T08:01:53","guid":{"rendered":"https:\/\/www.muensterschule-hof.de\/wordpress\/?p=4407"},"modified":"2026-03-11T08:01:59","modified_gmt":"2026-03-11T08:01:59","slug":"vom-garagenschlaf-zum-schulprojekt","status":"publish","type":"post","link":"https:\/\/www.muensterschule-hof.de\/wordpress\/vom-garagenschlaf-zum-schulprojekt\/","title":{"rendered":"Vom Garagenschlaf zum Schulprojekt"},"content":{"rendered":"\n<p>Ein alter Traktor, der lange in einer Garage stand, hat nun ein neues Zuhause an unserer Schule gefunden. M\u00f6glich wurde das durch die Unterst\u00fctzung unseres Sponsors\u00a0<strong>Vie\u00dfmann<\/strong>.<\/p>\n\n\n\n<p>Sch\u00fclerinnen und Sch\u00fcler restaurieren den Traktor Schritt f\u00fcr Schritt und lernen dabei praktisch, wie Technik funktioniert.<\/p>\n\n\n\n<p>Der Traktor soll sp\u00e4ter bei unserem Schulprojekt&nbsp;<strong>Schulacker<\/strong>&nbsp;eingesetzt werden und die Arbeit auf dem Acker unterst\u00fctzen.<\/p>\n","protected":false},"excerpt":{"rendered":"<p>Ein alter Traktor, der lange in einer Garage stand, hat nun ein neues Zuhause an unserer Schule gefunden. M\u00f6glich wurde das durch die Unterst\u00fctzung unseres Sponsors\u00a0Vie\u00dfmann. Sch\u00fclerinnen und Sch\u00fcler restaurieren den Traktor Schritt f\u00fcr Schritt und lernen dabei praktisch, wie Technik funktioniert. Der Traktor soll sp\u00e4ter bei unserem Schulprojekt&nbsp;Schulacker&nbsp;eingesetzt werden und die Arbeit auf dem&hellip;&nbsp;<a href=\"https:\/\/www.muensterschule-hof.de\/wordpress\/vom-garagenschlaf-zum-schulprojekt\/\" rel=\"bookmark\">Weiterlesen &raquo;<span class=\"screen-reader-text\">Vom Garagenschlaf zum Schulprojekt<\/span><\/a><\/p>\n","protected":false},"author":1,"featured_media":4408,"comment_status":"closed","ping_status":"closed","sticky":false,"template":"","format":"standard","meta":{"neve_meta_sidebar":"","neve_meta_container":"","neve_meta_enable_content_width":"","neve_meta_content_width":0,"neve_meta_title_alignment":"","neve_meta_author_avatar":"","neve_post_elements_order":"","neve_meta_disable_header":"","neve_meta_disable_footer":"","neve_meta_disable_title":"","footnotes":""},"categories":[1],"tags":[],"class_list":["post-4407","post","type-post","status-publish","format-standard","has-post-thumbnail","hentry","category-uncategorized"],"yoast_head":"<!-- This site is optimized with the Yoast SEO plugin v27.4 - https:\/\/yoast.com\/product\/yoast-seo-wordpress\/ -->\n<title>Vom Garagenschlaf zum Schulprojekt - M\u00fcnsterschule<\/title>\n<meta name=\"robots\" content=\"index, follow, max-snippet:-1, max-image-preview:large, max-video-preview:-1\" \/>\n<link rel=\"canonical\" href=\"https:\/\/www.muensterschule-hof.de\/wordpress\/vom-garagenschlaf-zum-schulprojekt\/\" \/>\n<meta property=\"og:locale\" content=\"de_DE\" \/>\n<meta property=\"og:type\" content=\"article\" \/>\n<meta property=\"og:title\" content=\"Vom Garagenschlaf zum Schulprojekt - M\u00fcnsterschule\" \/>\n<meta property=\"og:description\" content=\"Ein alter Traktor, der lange in einer Garage stand, hat nun ein neues Zuhause an unserer Schule gefunden. M\u00f6glich wurde das durch die Unterst\u00fctzung unseres Sponsors\u00a0Vie\u00dfmann. Sch\u00fclerinnen und Sch\u00fcler restaurieren den Traktor Schritt f\u00fcr Schritt und lernen dabei praktisch, wie Technik funktioniert. Der Traktor soll sp\u00e4ter bei unserem Schulprojekt&nbsp;Schulacker&nbsp;eingesetzt werden und die Arbeit auf dem&hellip;&nbsp;Weiterlesen &raquo;Vom Garagenschlaf zum Schulprojekt\" \/>\n<meta property=\"og:url\" content=\"https:\/\/www.muensterschule-hof.de\/wordpress\/vom-garagenschlaf-zum-schulprojekt\/\" \/>\n<meta property=\"og:site_name\" content=\"M\u00fcnsterschule\" \/>\n<meta property=\"article:published_time\" content=\"2026-03-11T08:01:53+00:00\" \/>\n<meta property=\"article:modified_time\" content=\"2026-03-11T08:01:59+00:00\" \/>\n<meta property=\"og:image\" content=\"https:\/\/www.muensterschule-hof.de\/wordpress\/wp-content\/uploads\/2026\/03\/IMG_1374.jpeg\" \/>\n\t<meta property=\"og:image:width\" content=\"603\" \/>\n\t<meta property=\"og:image:height\" content=\"609\" \/>\n\t<meta property=\"og:image:type\" content=\"image\/jpeg\" \/>\n<meta name=\"author\" content=\"wpadmin\" \/>\n<meta name=\"twitter:card\" content=\"summary_large_image\" \/>\n<meta name=\"twitter:label1\" content=\"Verfasst von\" \/>\n\t<meta name=\"twitter:data1\" content=\"wpadmin\" \/>\n\t<meta name=\"twitter:label2\" content=\"Gesch\u00e4tzte Lesezeit\" \/>\n\t<meta name=\"twitter:data2\" content=\"1\u00a0Minute\" \/>\n<script type=\"application\/ld+json\" class=\"yoast-schema-graph\">{\"@context\":\"https:\\\/\\\/schema.org\",\"@graph\":[{\"@type\":\"Article\",\"@id\":\"https:\\\/\\\/www.muensterschule-hof.de\\\/wordpress\\\/vom-garagenschlaf-zum-schulprojekt\\\/#article\",\"isPartOf\":{\"@id\":\"https:\\\/\\\/www.muensterschule-hof.de\\\/wordpress\\\/vom-garagenschlaf-zum-schulprojekt\\\/\"},\"author\":{\"name\":\"wpadmin\",\"@id\":\"https:\\\/\\\/www.muensterschule-hof.de\\\/wordpress\\\/#\\\/schema\\\/person\\\/de58534e4cef400557500dff7aaa25b0\"},\"headline\":\"Vom Garagenschlaf zum Schulprojekt\",\"datePublished\":\"2026-03-11T08:01:53+00:00\",\"dateModified\":\"2026-03-11T08:01:59+00:00\",\"mainEntityOfPage\":{\"@id\":\"https:\\\/\\\/www.muensterschule-hof.de\\\/wordpress\\\/vom-garagenschlaf-zum-schulprojekt\\\/\"},\"wordCount\":74,\"publisher\":{\"@id\":\"https:\\\/\\\/www.muensterschule-hof.de\\\/wordpress\\\/#organization\"},\"image\":{\"@id\":\"https:\\\/\\\/www.muensterschule-hof.de\\\/wordpress\\\/vom-garagenschlaf-zum-schulprojekt\\\/#primaryimage\"},\"thumbnailUrl\":\"https:\\\/\\\/www.muensterschule-hof.de\\\/wordpress\\\/wp-content\\\/uploads\\\/2026\\\/03\\\/IMG_1374.jpeg\",\"articleSection\":[\"Uncategorized\"],\"inLanguage\":\"de\"},{\"@type\":\"WebPage\",\"@id\":\"https:\\\/\\\/www.muensterschule-hof.de\\\/wordpress\\\/vom-garagenschlaf-zum-schulprojekt\\\/\",\"url\":\"https:\\\/\\\/www.muensterschule-hof.de\\\/wordpress\\\/vom-garagenschlaf-zum-schulprojekt\\\/\",\"name\":\"Vom Garagenschlaf zum Schulprojekt - M\u00fcnsterschule\",\"isPartOf\":{\"@id\":\"https:\\\/\\\/www.muensterschule-hof.de\\\/wordpress\\\/#website\"},\"primaryImageOfPage\":{\"@id\":\"https:\\\/\\\/www.muensterschule-hof.de\\\/wordpress\\\/vom-garagenschlaf-zum-schulprojekt\\\/#primaryimage\"},\"image\":{\"@id\":\"https:\\\/\\\/www.muensterschule-hof.de\\\/wordpress\\\/vom-garagenschlaf-zum-schulprojekt\\\/#primaryimage\"},\"thumbnailUrl\":\"https:\\\/\\\/www.muensterschule-hof.de\\\/wordpress\\\/wp-content\\\/uploads\\\/2026\\\/03\\\/IMG_1374.jpeg\",\"datePublished\":\"2026-03-11T08:01:53+00:00\",\"dateModified\":\"2026-03-11T08:01:59+00:00\",\"breadcrumb\":{\"@id\":\"https:\\\/\\\/www.muensterschule-hof.de\\\/wordpress\\\/vom-garagenschlaf-zum-schulprojekt\\\/#breadcrumb\"},\"inLanguage\":\"de\",\"potentialAction\":[{\"@type\":\"ReadAction\",\"target\":[\"https:\\\/\\\/www.muensterschule-hof.de\\\/wordpress\\\/vom-garagenschlaf-zum-schulprojekt\\\/\"]}]},{\"@type\":\"ImageObject\",\"inLanguage\":\"de\",\"@id\":\"https:\\\/\\\/www.muensterschule-hof.de\\\/wordpress\\\/vom-garagenschlaf-zum-schulprojekt\\\/#primaryimage\",\"url\":\"https:\\\/\\\/www.muensterschule-hof.de\\\/wordpress\\\/wp-content\\\/uploads\\\/2026\\\/03\\\/IMG_1374.jpeg\",\"contentUrl\":\"https:\\\/\\\/www.muensterschule-hof.de\\\/wordpress\\\/wp-content\\\/uploads\\\/2026\\\/03\\\/IMG_1374.jpeg\",\"width\":603,\"height\":609,\"caption\":\"Screenshot\"},{\"@type\":\"BreadcrumbList\",\"@id\":\"https:\\\/\\\/www.muensterschule-hof.de\\\/wordpress\\\/vom-garagenschlaf-zum-schulprojekt\\\/#breadcrumb\",\"itemListElement\":[{\"@type\":\"ListItem\",\"position\":1,\"name\":\"Startseite\",\"item\":\"https:\\\/\\\/www.muensterschule-hof.de\\\/wordpress\\\/\"},{\"@type\":\"ListItem\",\"position\":2,\"name\":\"Vom Garagenschlaf zum Schulprojekt\"}]},{\"@type\":\"WebSite\",\"@id\":\"https:\\\/\\\/www.muensterschule-hof.de\\\/wordpress\\\/#website\",\"url\":\"https:\\\/\\\/www.muensterschule-hof.de\\\/wordpress\\\/\",\"name\":\"M\u00fcnsterschule\",\"description\":\"Deine Mittelschule in Hof\",\"publisher\":{\"@id\":\"https:\\\/\\\/www.muensterschule-hof.de\\\/wordpress\\\/#organization\"},\"alternateName\":\"MMS Hof\",\"potentialAction\":[{\"@type\":\"SearchAction\",\"target\":{\"@type\":\"EntryPoint\",\"urlTemplate\":\"https:\\\/\\\/www.muensterschule-hof.de\\\/wordpress\\\/?s={search_term_string}\"},\"query-input\":{\"@type\":\"PropertyValueSpecification\",\"valueRequired\":true,\"valueName\":\"search_term_string\"}}],\"inLanguage\":\"de\"},{\"@type\":\"Organization\",\"@id\":\"https:\\\/\\\/www.muensterschule-hof.de\\\/wordpress\\\/#organization\",\"name\":\"M\u00fcnster-Mittelschule Hof\",\"alternateName\":\"MMS Hof\",\"url\":\"https:\\\/\\\/www.muensterschule-hof.de\\\/wordpress\\\/\",\"logo\":{\"@type\":\"ImageObject\",\"inLanguage\":\"de\",\"@id\":\"https:\\\/\\\/www.muensterschule-hof.de\\\/wordpress\\\/#\\\/schema\\\/logo\\\/image\\\/\",\"url\":\"https:\\\/\\\/www.muensterschule-hof.de\\\/wordpress\\\/wp-content\\\/uploads\\\/2018\\\/05\\\/cropped-MMS-Hof-final-1.png\",\"contentUrl\":\"https:\\\/\\\/www.muensterschule-hof.de\\\/wordpress\\\/wp-content\\\/uploads\\\/2018\\\/05\\\/cropped-MMS-Hof-final-1.png\",\"width\":512,\"height\":512,\"caption\":\"M\u00fcnster-Mittelschule Hof\"},\"image\":{\"@id\":\"https:\\\/\\\/www.muensterschule-hof.de\\\/wordpress\\\/#\\\/schema\\\/logo\\\/image\\\/\"}},{\"@type\":\"Person\",\"@id\":\"https:\\\/\\\/www.muensterschule-hof.de\\\/wordpress\\\/#\\\/schema\\\/person\\\/de58534e4cef400557500dff7aaa25b0\",\"name\":\"wpadmin\",\"image\":{\"@type\":\"ImageObject\",\"inLanguage\":\"de\",\"@id\":\"https:\\\/\\\/secure.gravatar.com\\\/avatar\\\/d9cd22045d4ad9ac54235e981c866f9317666429d45f49a3dc409314ab7be359?s=96&d=mm&r=g\",\"url\":\"https:\\\/\\\/secure.gravatar.com\\\/avatar\\\/d9cd22045d4ad9ac54235e981c866f9317666429d45f49a3dc409314ab7be359?s=96&d=mm&r=g\",\"contentUrl\":\"https:\\\/\\\/secure.gravatar.com\\\/avatar\\\/d9cd22045d4ad9ac54235e981c866f9317666429d45f49a3dc409314ab7be359?s=96&d=mm&r=g\",\"caption\":\"wpadmin\"},\"url\":\"https:\\\/\\\/www.muensterschule-hof.de\\\/wordpress\\\/author\\\/wpadmin\\\/\"}]}<\/script>\n<!-- \/ Yoast SEO plugin. -->","yoast_head_json":{"title":"Vom Garagenschlaf zum Schulprojekt - M\u00fcnsterschule","robots":{"index":"index","follow":"follow","max-snippet":"max-snippet:-1","max-image-preview":"max-image-preview:large","max-video-preview":"max-video-preview:-1"},"canonical":"https:\/\/www.muensterschule-hof.de\/wordpress\/vom-garagenschlaf-zum-schulprojekt\/","og_locale":"de_DE","og_type":"article","og_title":"Vom Garagenschlaf zum Schulprojekt - M\u00fcnsterschule","og_description":"Ein alter Traktor, der lange in einer Garage stand, hat nun ein neues Zuhause an unserer Schule gefunden. M\u00f6glich wurde das durch die Unterst\u00fctzung unseres Sponsors\u00a0Vie\u00dfmann. Sch\u00fclerinnen und Sch\u00fcler restaurieren den Traktor Schritt f\u00fcr Schritt und lernen dabei praktisch, wie Technik funktioniert. Der Traktor soll sp\u00e4ter bei unserem Schulprojekt&nbsp;Schulacker&nbsp;eingesetzt werden und die Arbeit auf dem&hellip;&nbsp;Weiterlesen &raquo;Vom Garagenschlaf zum Schulprojekt","og_url":"https:\/\/www.muensterschule-hof.de\/wordpress\/vom-garagenschlaf-zum-schulprojekt\/","og_site_name":"M\u00fcnsterschule","article_published_time":"2026-03-11T08:01:53+00:00","article_modified_time":"2026-03-11T08:01:59+00:00","og_image":[{"width":603,"height":609,"url":"https:\/\/www.muensterschule-hof.de\/wordpress\/wp-content\/uploads\/2026\/03\/IMG_1374.jpeg","type":"image\/jpeg"}],"author":"wpadmin","twitter_card":"summary_large_image","twitter_misc":{"Verfasst von":"wpadmin","Gesch\u00e4tzte Lesezeit":"1\u00a0Minute"},"schema":{"@context":"https:\/\/schema.org","@graph":[{"@type":"Article","@id":"https:\/\/www.muensterschule-hof.de\/wordpress\/vom-garagenschlaf-zum-schulprojekt\/#article","isPartOf":{"@id":"https:\/\/www.muensterschule-hof.de\/wordpress\/vom-garagenschlaf-zum-schulprojekt\/"},"author":{"name":"wpadmin","@id":"https:\/\/www.muensterschule-hof.de\/wordpress\/#\/schema\/person\/de58534e4cef400557500dff7aaa25b0"},"headline":"Vom Garagenschlaf zum Schulprojekt","datePublished":"2026-03-11T08:01:53+00:00","dateModified":"2026-03-11T08:01:59+00:00","mainEntityOfPage":{"@id":"https:\/\/www.muensterschule-hof.de\/wordpress\/vom-garagenschlaf-zum-schulprojekt\/"},"wordCount":74,"publisher":{"@id":"https:\/\/www.muensterschule-hof.de\/wordpress\/#organization"},"image":{"@id":"https:\/\/www.muensterschule-hof.de\/wordpress\/vom-garagenschlaf-zum-schulprojekt\/#primaryimage"},"thumbnailUrl":"https:\/\/www.muensterschule-hof.de\/wordpress\/wp-content\/uploads\/2026\/03\/IMG_1374.jpeg","articleSection":["Uncategorized"],"inLanguage":"de"},{"@type":"WebPage","@id":"https:\/\/www.muensterschule-hof.de\/wordpress\/vom-garagenschlaf-zum-schulprojekt\/","url":"https:\/\/www.muensterschule-hof.de\/wordpress\/vom-garagenschlaf-zum-schulprojekt\/","name":"Vom Garagenschlaf zum Schulprojekt - M\u00fcnsterschule","isPartOf":{"@id":"https:\/\/www.muensterschule-hof.de\/wordpress\/#website"},"primaryImageOfPage":{"@id":"https:\/\/www.muensterschule-hof.de\/wordpress\/vom-garagenschlaf-zum-schulprojekt\/#primaryimage"},"image":{"@id":"https:\/\/www.muensterschule-hof.de\/wordpress\/vom-garagenschlaf-zum-schulprojekt\/#primaryimage"},"thumbnailUrl":"https:\/\/www.muensterschule-hof.de\/wordpress\/wp-content\/uploads\/2026\/03\/IMG_1374.jpeg","datePublished":"2026-03-11T08:01:53+00:00","dateModified":"2026-03-11T08:01:59+00:00","breadcrumb":{"@id":"https:\/\/www.muensterschule-hof.de\/wordpress\/vom-garagenschlaf-zum-schulprojekt\/#breadcrumb"},"inLanguage":"de","potentialAction":[{"@type":"ReadAction","target":["https:\/\/www.muensterschule-hof.de\/wordpress\/vom-garagenschlaf-zum-schulprojekt\/"]}]},{"@type":"ImageObject","inLanguage":"de","@id":"https:\/\/www.muensterschule-hof.de\/wordpress\/vom-garagenschlaf-zum-schulprojekt\/#primaryimage","url":"https:\/\/www.muensterschule-hof.de\/wordpress\/wp-content\/uploads\/2026\/03\/IMG_1374.jpeg","contentUrl":"https:\/\/www.muensterschule-hof.de\/wordpress\/wp-content\/uploads\/2026\/03\/IMG_1374.jpeg","width":603,"height":609,"caption":"Screenshot"},{"@type":"BreadcrumbList","@id":"https:\/\/www.muensterschule-hof.de\/wordpress\/vom-garagenschlaf-zum-schulprojekt\/#breadcrumb","itemListElement":[{"@type":"ListItem","position":1,"name":"Startseite","item":"https:\/\/www.muensterschule-hof.de\/wordpress\/"},{"@type":"ListItem","position":2,"name":"Vom Garagenschlaf zum Schulprojekt"}]},{"@type":"WebSite","@id":"https:\/\/www.muensterschule-hof.de\/wordpress\/#website","url":"https:\/\/www.muensterschule-hof.de\/wordpress\/","name":"M\u00fcnsterschule","description":"Deine Mittelschule in Hof","publisher":{"@id":"https:\/\/www.muensterschule-hof.de\/wordpress\/#organization"},"alternateName":"MMS Hof","potentialAction":[{"@type":"SearchAction","target":{"@type":"EntryPoint","urlTemplate":"https:\/\/www.muensterschule-hof.de\/wordpress\/?s={search_term_string}"},"query-input":{"@type":"PropertyValueSpecification","valueRequired":true,"valueName":"search_term_string"}}],"inLanguage":"de"},{"@type":"Organization","@id":"https:\/\/www.muensterschule-hof.de\/wordpress\/#organization","name":"M\u00fcnster-Mittelschule Hof","alternateName":"MMS Hof","url":"https:\/\/www.muensterschule-hof.de\/wordpress\/","logo":{"@type":"ImageObject","inLanguage":"de","@id":"https:\/\/www.muensterschule-hof.de\/wordpress\/#\/schema\/logo\/image\/","url":"https:\/\/www.muensterschule-hof.de\/wordpress\/wp-content\/uploads\/2018\/05\/cropped-MMS-Hof-final-1.png","contentUrl":"https:\/\/www.muensterschule-hof.de\/wordpress\/wp-content\/uploads\/2018\/05\/cropped-MMS-Hof-final-1.png","width":512,"height":512,"caption":"M\u00fcnster-Mittelschule Hof"},"image":{"@id":"https:\/\/www.muensterschule-hof.de\/wordpress\/#\/schema\/logo\/image\/"}},{"@type":"Person","@id":"https:\/\/www.muensterschule-hof.de\/wordpress\/#\/schema\/person\/de58534e4cef400557500dff7aaa25b0","name":"wpadmin","image":{"@type":"ImageObject","inLanguage":"de","@id":"https:\/\/secure.gravatar.com\/avatar\/d9cd22045d4ad9ac54235e981c866f9317666429d45f49a3dc409314ab7be359?s=96&d=mm&r=g","url":"https:\/\/secure.gravatar.com\/avatar\/d9cd22045d4ad9ac54235e981c866f9317666429d45f49a3dc409314ab7be359?s=96&d=mm&r=g","contentUrl":"https:\/\/secure.gravatar.com\/avatar\/d9cd22045d4ad9ac54235e981c866f9317666429d45f49a3dc409314ab7be359?s=96&d=mm&r=g","caption":"wpadmin"},"url":"https:\/\/www.muensterschule-hof.de\/wordpress\/author\/wpadmin\/"}]}},"_links":{"self":[{"href":"https:\/\/www.muensterschule-hof.de\/wordpress\/wp-json\/wp\/v2\/posts\/4407","targetHints":{"allow":["GET"]}}],"collection":[{"href":"https:\/\/www.muensterschule-hof.de\/wordpress\/wp-json\/wp\/v2\/posts"}],"about":[{"href":"https:\/\/www.muensterschule-hof.de\/wordpress\/wp-json\/wp\/v2\/types\/post"}],"author":[{"embeddable":true,"href":"https:\/\/www.muensterschule-hof.de\/wordpress\/wp-json\/wp\/v2\/users\/1"}],"replies":[{"embeddable":true,"href":"https:\/\/www.muensterschule-hof.de\/wordpress\/wp-json\/wp\/v2\/comments?post=4407"}],"version-history":[{"count":1,"href":"https:\/\/www.muensterschule-hof.de\/wordpress\/wp-json\/wp\/v2\/posts\/4407\/revisions"}],"predecessor-version":[{"id":4409,"href":"https:\/\/www.muensterschule-hof.de\/wordpress\/wp-json\/wp\/v2\/posts\/4407\/revisions\/4409"}],"wp:featuredmedia":[{"embeddable":true,"href":"https:\/\/www.muensterschule-hof.de\/wordpress\/wp-json\/wp\/v2\/media\/4408"}],"wp:attachment":[{"href":"https:\/\/www.muensterschule-hof.de\/wordpress\/wp-json\/wp\/v2\/media?parent=4407"}],"wp:term":[{"taxonomy":"category","embeddable":true,"href":"https:\/\/www.muensterschule-hof.de\/wordpress\/wp-json\/wp\/v2\/categories?post=4407"},{"taxonomy":"post_tag","embeddable":true,"href":"https:\/\/www.muensterschule-hof.de\/wordpress\/wp-json\/wp\/v2\/tags?post=4407"}],"curies":[{"name":"wp","href":"https:\/\/api.w.org\/{rel}","templated":true}]}}